{"id":413546,"date":"2026-03-17T14:06:00","date_gmt":"2026-03-17T17:06:00","guid":{"rendered":"https:\/\/portaltela.pt\/noticias\/2026\/03\/17\/luciana-abreu-canta-os-parabens-em-direto-a-cmtv\/"},"modified":"2026-03-17T14:06:00","modified_gmt":"2026-03-17T17:06:00","slug":"luciana-abreu-canta-os-parabens-em-direto-a-cmtv","status":"publish","type":"post","link":"https:\/\/portaltela.pt\/entretenimento\/2026\/03\/17\/luciana-abreu-canta-os-parabens-em-direto-a-cmtv\/","title":{"rendered":"Luciana Abreu canta os parab\u00e9ns em direto \u00e0 CMTV"},"content":{"rendered":"<p>A CMTV celebrou 13 anos de exist\u00eancia na ter\u00e7a-feira, 17 de mar\u00e7o, com uma celebra\u00e7\u00e3o interna entre a equipa. O momento enquadrou-se na homenagem ao anivers\u00e1rio da esta\u00e7\u00e3o de televis\u00e3o.<\/p>\n<p>Luciana Abreu, apresentadora do novo programa Ol\u00e1, Bom dia, participou na iniciativa ao cantar os parab\u00e9ns em direto durante a concentra\u00e7\u00e3o de equipa. A presen\u00e7a da apresentadora ficou marcada pela atua\u00e7\u00e3o musical.<\/p>\n<p>A celebra\u00e7\u00e3o surgiu como parte das festividades associadas ao anivers\u00e1rio da CMTV, mantendo a linha de comunica\u00e7\u00e3o da esta\u00e7\u00e3o com conte\u00fados ao vivo e momentos de partilha entre colaboradores.<\/p>\n<p>O evento manteve o foco na neutralidade e na informa\u00e7\u00e3o objetiva, sem divulga\u00e7\u00f5es adicionais de detalhes log\u00edsticos ou organizacionais. Mant\u00e9m-se o apelo informativo em rela\u00e7\u00e3o ao marco institucional.<\/p>\n","protected":false},"excerpt":{"rendered":"<ul>\n<li>A CMTV completou 13 anos na ter\u00e7a-feira, 17 de mar\u00e7o.<\/li>\n<li>A equipa celebrou a data com a participa\u00e7\u00e3o de Luciana Abreu.<\/li>\n<li>A apresentadora do novo programa Ol\u00e1, Bom dia, cantou os parab\u00e9ns.<\/li>\n<li>A homenagem decorreu durante as celebra\u00e7\u00f5es dos 13 anos da esta\u00e7\u00e3o.<\/li>\n<\/ul>\n","protected":false},"author":2,"featured_media":413550,"comment_status":"closed","ping_status":"closed","sticky":false,"template":"","format":"standard","meta":{"footnotes":""},"categories":[6675,12],"tags":[76,2778,195,6597,41],"class_list":["post-413546","post","type-post","status-publish","format-standard","has-post-thumbnail","hentry","category-celebridades","category-entretenimento","tag-celebridades","tag-cmtv","tag-informacao","tag-luciana-abreu","tag-noticia"],"yoast_head":"<!-- This site is optimized with the Yoast SEO plugin v27.2 - https:\/\/yoast.com\/product\/yoast-seo-wordpress\/ -->\n<title>Luciana Abreu canta os parab\u00e9ns em direto \u00e0 CMTV - Portal Tela Portugal<\/title>\n<meta name=\"robots\" content=\"index, follow, max-snippet:-1, max-image-preview:large, max-video-preview:-1\" \/>\n<meta property=\"og:locale\" content=\"pt_PT\" \/>\n<meta property=\"og:type\" content=\"article\" \/>\n<meta property=\"og:title\" content=\"Luciana Abreu canta os parab\u00e9ns em direto \u00e0 CMTV - Portal Tela Portugal\" \/>\n<meta property=\"og:description\" content=\"A CMTV completou 13 anos na ter\u00e7a-feira, 17 de mar\u00e7o. A equipa celebrou a data com a participa\u00e7\u00e3o de Luciana Abreu. A apresentadora do novo programa Ol\u00e1, Bom dia, cantou os parab\u00e9ns. A homenagem decorreu durante as celebra\u00e7\u00f5es dos 13 anos da esta\u00e7\u00e3o.\" \/>\n<meta property=\"og:url\" content=\"https:\/\/portaltela.pt\/noticias\/2026\/03\/17\/luciana-abreu-canta-os-parabens-em-direto-a-cmtv\/\" \/>\n<meta property=\"og:site_name\" content=\"Portal Tela Portugal\" \/>\n<meta property=\"article:published_time\" content=\"2026-03-17T17:06:00+00:00\" \/>\n<meta name=\"author\" content=\"Telinha\" \/>\n<meta name=\"twitter:card\" content=\"summary_large_image\" \/>\n<meta name=\"twitter:label1\" content=\"Escrito por\" \/>\n\t<meta name=\"twitter:data1\" content=\"Telinha\" \/>\n\t<meta name=\"twitter:label2\" content=\"Tempo estimado de leitura\" \/>\n\t<meta name=\"twitter:data2\" content=\"1 minuto\" \/>\n<script type=\"application\/ld+json\" class=\"yoast-schema-graph\">{\"@context\":\"https:\/\/schema.org\",\"@graph\":[{\"@type\":\"Article\",\"@id\":\"https:\/\/portaltela.pt\/noticias\/2026\/03\/17\/luciana-abreu-canta-os-parabens-em-direto-a-cmtv\/#article\",\"isPartOf\":{\"@id\":\"https:\/\/portaltela.pt\/noticias\/2026\/03\/17\/luciana-abreu-canta-os-parabens-em-direto-a-cmtv\/\"},\"author\":{\"name\":\"Telinha\",\"@id\":\"https:\/\/portaltela.pt\/#\/schema\/person\/c4278d4a6028830caff9ee44b42d32ed\"},\"headline\":\"Luciana Abreu canta os parab\u00e9ns em direto \u00e0 CMTV\",\"datePublished\":\"2026-03-17T17:06:00+00:00\",\"mainEntityOfPage\":{\"@id\":\"https:\/\/portaltela.pt\/noticias\/2026\/03\/17\/luciana-abreu-canta-os-parabens-em-direto-a-cmtv\/\"},\"wordCount\":147,\"image\":{\"@id\":\"https:\/\/portaltela.pt\/noticias\/2026\/03\/17\/luciana-abreu-canta-os-parabens-em-direto-a-cmtv\/#primaryimage\"},\"thumbnailUrl\":\"https:\/\/portaltela.pt\/s.01k8rhncp4jt1\/2026\/03\/img_1280x722uu2026-03-17-16-52-47-2272994.jpg\",\"keywords\":[\"celebridades\",\"CMTV\",\"informa\u00e7\u00e3o\",\"Luciana Abreu\",\"not\u00edcia\"],\"articleSection\":[\"Celebridades\",\"Entretenimento\"],\"inLanguage\":\"pt-PT\"},{\"@type\":\"WebPage\",\"@id\":\"https:\/\/portaltela.pt\/noticias\/2026\/03\/17\/luciana-abreu-canta-os-parabens-em-direto-a-cmtv\/\",\"url\":\"https:\/\/portaltela.pt\/noticias\/2026\/03\/17\/luciana-abreu-canta-os-parabens-em-direto-a-cmtv\/\",\"name\":\"Luciana Abreu canta os parab\u00e9ns em direto \u00e0 CMTV - Portal Tela Portugal\",\"isPartOf\":{\"@id\":\"https:\/\/portaltela.pt\/#website\"},\"primaryImageOfPage\":{\"@id\":\"https:\/\/portaltela.pt\/noticias\/2026\/03\/17\/luciana-abreu-canta-os-parabens-em-direto-a-cmtv\/#primaryimage\"},\"image\":{\"@id\":\"https:\/\/portaltela.pt\/noticias\/2026\/03\/17\/luciana-abreu-canta-os-parabens-em-direto-a-cmtv\/#primaryimage\"},\"thumbnailUrl\":\"https:\/\/portaltela.pt\/s.01k8rhncp4jt1\/2026\/03\/img_1280x722uu2026-03-17-16-52-47-2272994.jpg\",\"datePublished\":\"2026-03-17T17:06:00+00:00\",\"author\":{\"@id\":\"https:\/\/portaltela.pt\/#\/schema\/person\/c4278d4a6028830caff9ee44b42d32ed\"},\"breadcrumb\":{\"@id\":\"https:\/\/portaltela.pt\/noticias\/2026\/03\/17\/luciana-abreu-canta-os-parabens-em-direto-a-cmtv\/#breadcrumb\"},\"inLanguage\":\"pt-PT\",\"potentialAction\":[{\"@type\":\"ReadAction\",\"target\":[\"https:\/\/portaltela.pt\/noticias\/2026\/03\/17\/luciana-abreu-canta-os-parabens-em-direto-a-cmtv\/\"]}]},{\"@type\":\"ImageObject\",\"inLanguage\":\"pt-PT\",\"@id\":\"https:\/\/portaltela.pt\/noticias\/2026\/03\/17\/luciana-abreu-canta-os-parabens-em-direto-a-cmtv\/#primaryimage\",\"url\":\"https:\/\/portaltela.pt\/s.01k8rhncp4jt1\/2026\/03\/img_1280x722uu2026-03-17-16-52-47-2272994.jpg\",\"contentUrl\":\"https:\/\/portaltela.pt\/s.01k8rhncp4jt1\/2026\/03\/img_1280x722uu2026-03-17-16-52-47-2272994.jpg\",\"width\":796,\"height\":448,\"caption\":\"Photo\"},{\"@type\":\"BreadcrumbList\",\"@id\":\"https:\/\/portaltela.pt\/noticias\/2026\/03\/17\/luciana-abreu-canta-os-parabens-em-direto-a-cmtv\/#breadcrumb\",\"itemListElement\":[{\"@type\":\"ListItem\",\"position\":1,\"name\":\"In\u00edcio\",\"item\":\"https:\/\/portaltela.pt\/\"},{\"@type\":\"ListItem\",\"position\":2,\"name\":\"Luciana Abreu canta os parab\u00e9ns em direto \u00e0 CMTV\"}]},{\"@type\":\"WebSite\",\"@id\":\"https:\/\/portaltela.pt\/#website\",\"url\":\"https:\/\/portaltela.pt\/\",\"name\":\"Portal Tela Portugal\",\"description\":\"\",\"potentialAction\":[{\"@type\":\"SearchAction\",\"target\":{\"@type\":\"EntryPoint\",\"urlTemplate\":\"https:\/\/portaltela.pt\/?s={search_term_string}\"},\"query-input\":{\"@type\":\"PropertyValueSpecification\",\"valueRequired\":true,\"valueName\":\"search_term_string\"}}],\"inLanguage\":\"pt-PT\"},{\"@type\":\"Person\",\"@id\":\"https:\/\/portaltela.pt\/#\/schema\/person\/c4278d4a6028830caff9ee44b42d32ed\",\"name\":\"Telinha\",\"image\":{\"@type\":\"ImageObject\",\"inLanguage\":\"pt-PT\",\"@id\":\"https:\/\/portaltela.pt\/s.01k8rhncp4jt1\/2025\/11\/talking-bot-125x125.png\",\"url\":\"https:\/\/portaltela.pt\/s.01k8rhncp4jt1\/2025\/11\/talking-bot-125x125.png\",\"contentUrl\":\"https:\/\/portaltela.pt\/s.01k8rhncp4jt1\/2025\/11\/talking-bot-125x125.png\",\"caption\":\"Telinha\"},\"sameAs\":[\"https:\/\/portaltela.pt\/\"],\"url\":\"https:\/\/portaltela.pt\/por\/367410592786\/\"}]}<\/script>\n<!-- \/ Yoast SEO plugin. -->","yoast_head_json":{"title":"Luciana Abreu canta os parab\u00e9ns em direto \u00e0 CMTV - Portal Tela Portugal","robots":{"index":"index","follow":"follow","max-snippet":"max-snippet:-1","max-image-preview":"max-image-preview:large","max-video-preview":"max-video-preview:-1"},"og_locale":"pt_PT","og_type":"article","og_title":"Luciana Abreu canta os parab\u00e9ns em direto \u00e0 CMTV - Portal Tela Portugal","og_description":"A CMTV completou 13 anos na ter\u00e7a-feira, 17 de mar\u00e7o. A equipa celebrou a data com a participa\u00e7\u00e3o de Luciana Abreu. A apresentadora do novo programa Ol\u00e1, Bom dia, cantou os parab\u00e9ns. A homenagem decorreu durante as celebra\u00e7\u00f5es dos 13 anos da esta\u00e7\u00e3o.","og_url":"https:\/\/portaltela.pt\/noticias\/2026\/03\/17\/luciana-abreu-canta-os-parabens-em-direto-a-cmtv\/","og_site_name":"Portal Tela Portugal","article_published_time":"2026-03-17T17:06:00+00:00","author":"Telinha","twitter_card":"summary_large_image","twitter_misc":{"Escrito por":"Telinha","Tempo estimado de leitura":"1 minuto"},"schema":{"@context":"https:\/\/schema.org","@graph":[{"@type":"Article","@id":"https:\/\/portaltela.pt\/noticias\/2026\/03\/17\/luciana-abreu-canta-os-parabens-em-direto-a-cmtv\/#article","isPartOf":{"@id":"https:\/\/portaltela.pt\/noticias\/2026\/03\/17\/luciana-abreu-canta-os-parabens-em-direto-a-cmtv\/"},"author":{"name":"Telinha","@id":"https:\/\/portaltela.pt\/#\/schema\/person\/c4278d4a6028830caff9ee44b42d32ed"},"headline":"Luciana Abreu canta os parab\u00e9ns em direto \u00e0 CMTV","datePublished":"2026-03-17T17:06:00+00:00","mainEntityOfPage":{"@id":"https:\/\/portaltela.pt\/noticias\/2026\/03\/17\/luciana-abreu-canta-os-parabens-em-direto-a-cmtv\/"},"wordCount":147,"image":{"@id":"https:\/\/portaltela.pt\/noticias\/2026\/03\/17\/luciana-abreu-canta-os-parabens-em-direto-a-cmtv\/#primaryimage"},"thumbnailUrl":"https:\/\/portaltela.pt\/s.01k8rhncp4jt1\/2026\/03\/img_1280x722uu2026-03-17-16-52-47-2272994.jpg","keywords":["celebridades","CMTV","informa\u00e7\u00e3o","Luciana Abreu","not\u00edcia"],"articleSection":["Celebridades","Entretenimento"],"inLanguage":"pt-PT"},{"@type":"WebPage","@id":"https:\/\/portaltela.pt\/noticias\/2026\/03\/17\/luciana-abreu-canta-os-parabens-em-direto-a-cmtv\/","url":"https:\/\/portaltela.pt\/noticias\/2026\/03\/17\/luciana-abreu-canta-os-parabens-em-direto-a-cmtv\/","name":"Luciana Abreu canta os parab\u00e9ns em direto \u00e0 CMTV - Portal Tela Portugal","isPartOf":{"@id":"https:\/\/portaltela.pt\/#website"},"primaryImageOfPage":{"@id":"https:\/\/portaltela.pt\/noticias\/2026\/03\/17\/luciana-abreu-canta-os-parabens-em-direto-a-cmtv\/#primaryimage"},"image":{"@id":"https:\/\/portaltela.pt\/noticias\/2026\/03\/17\/luciana-abreu-canta-os-parabens-em-direto-a-cmtv\/#primaryimage"},"thumbnailUrl":"https:\/\/portaltela.pt\/s.01k8rhncp4jt1\/2026\/03\/img_1280x722uu2026-03-17-16-52-47-2272994.jpg","datePublished":"2026-03-17T17:06:00+00:00","author":{"@id":"https:\/\/portaltela.pt\/#\/schema\/person\/c4278d4a6028830caff9ee44b42d32ed"},"breadcrumb":{"@id":"https:\/\/portaltela.pt\/noticias\/2026\/03\/17\/luciana-abreu-canta-os-parabens-em-direto-a-cmtv\/#breadcrumb"},"inLanguage":"pt-PT","potentialAction":[{"@type":"ReadAction","target":["https:\/\/portaltela.pt\/noticias\/2026\/03\/17\/luciana-abreu-canta-os-parabens-em-direto-a-cmtv\/"]}]},{"@type":"ImageObject","inLanguage":"pt-PT","@id":"https:\/\/portaltela.pt\/noticias\/2026\/03\/17\/luciana-abreu-canta-os-parabens-em-direto-a-cmtv\/#primaryimage","url":"https:\/\/portaltela.pt\/s.01k8rhncp4jt1\/2026\/03\/img_1280x722uu2026-03-17-16-52-47-2272994.jpg","contentUrl":"https:\/\/portaltela.pt\/s.01k8rhncp4jt1\/2026\/03\/img_1280x722uu2026-03-17-16-52-47-2272994.jpg","width":796,"height":448,"caption":"Photo"},{"@type":"BreadcrumbList","@id":"https:\/\/portaltela.pt\/noticias\/2026\/03\/17\/luciana-abreu-canta-os-parabens-em-direto-a-cmtv\/#breadcrumb","itemListElement":[{"@type":"ListItem","position":1,"name":"In\u00edcio","item":"https:\/\/portaltela.pt\/"},{"@type":"ListItem","position":2,"name":"Luciana Abreu canta os parab\u00e9ns em direto \u00e0 CMTV"}]},{"@type":"WebSite","@id":"https:\/\/portaltela.pt\/#website","url":"https:\/\/portaltela.pt\/","name":"Portal Tela Portugal","description":"","potentialAction":[{"@type":"SearchAction","target":{"@type":"EntryPoint","urlTemplate":"https:\/\/portaltela.pt\/?s={search_term_string}"},"query-input":{"@type":"PropertyValueSpecification","valueRequired":true,"valueName":"search_term_string"}}],"inLanguage":"pt-PT"},{"@type":"Person","@id":"https:\/\/portaltela.pt\/#\/schema\/person\/c4278d4a6028830caff9ee44b42d32ed","name":"Telinha","image":{"@type":"ImageObject","inLanguage":"pt-PT","@id":"https:\/\/portaltela.pt\/s.01k8rhncp4jt1\/2025\/11\/talking-bot-125x125.png","url":"https:\/\/portaltela.pt\/s.01k8rhncp4jt1\/2025\/11\/talking-bot-125x125.png","contentUrl":"https:\/\/portaltela.pt\/s.01k8rhncp4jt1\/2025\/11\/talking-bot-125x125.png","caption":"Telinha"},"sameAs":["https:\/\/portaltela.pt\/"],"url":"https:\/\/portaltela.pt\/por\/367410592786\/"}]}},"_links":{"self":[{"href":"https:\/\/portaltela.pt\/api\/wp\/v2\/posts\/413546","targetHints":{"allow":["GET"]}}],"collection":[{"href":"https:\/\/portaltela.pt\/api\/wp\/v2\/posts"}],"about":[{"href":"https:\/\/portaltela.pt\/api\/wp\/v2\/types\/post"}],"author":[{"embeddable":true,"href":"https:\/\/portaltela.pt\/api\/wp\/v2\/users\/2"}],"replies":[{"embeddable":true,"href":"https:\/\/portaltela.pt\/api\/wp\/v2\/comments?post=413546"}],"version-history":[{"count":0,"href":"https:\/\/portaltela.pt\/api\/wp\/v2\/posts\/413546\/revisions"}],"wp:featuredmedia":[{"embeddable":true,"href":"https:\/\/portaltela.pt\/api\/wp\/v2\/media\/413550"}],"wp:attachment":[{"href":"https:\/\/portaltela.pt\/api\/wp\/v2\/media?parent=413546"}],"wp:term":[{"taxonomy":"category","embeddable":true,"href":"https:\/\/portaltela.pt\/api\/wp\/v2\/categories?post=413546"},{"taxonomy":"post_tag","embeddable":true,"href":"https:\/\/portaltela.pt\/api\/wp\/v2\/tags?post=413546"}],"curies":[{"name":"wp","href":"https:\/\/api.w.org\/{rel}","templated":true}]}}