{"id":413542,"date":"2026-03-17T14:15:01","date_gmt":"2026-03-17T17:15:01","guid":{"rendered":"https:\/\/portaltela.pt\/noticias\/2026\/03\/17\/princesa-de-gales-comemora-dia-de-sao-patricio-com-a-guarda-irlandesa\/"},"modified":"2026-03-17T14:15:01","modified_gmt":"2026-03-17T17:15:01","slug":"princesa-de-gales-comemora-dia-de-sao-patricio-com-a-guarda-irlandesa","status":"publish","type":"post","link":"https:\/\/portaltela.pt\/celebridades\/2026\/03\/17\/princesa-de-gales-comemora-dia-de-sao-patricio-com-a-guarda-irlandesa\/","title":{"rendered":"Princesa de Gales comemora Dia de S\u00e3o Patr\u00edcio com a Guarda Irlandesa"},"content":{"rendered":"<p>A princesa de Gales, Kate Middleton, visitou o Quartel de Mons, em Hampshire, Inglaterra, para assistir ao desfile do Dia de S\u00e3o Patr\u00edcio com a Guarda Irlandesa. A desloca\u00e7\u00e3o ocorreu na manh\u00e3 de 17 de mar\u00e7o de 2026, num evento tradicional de celebra\u00e7\u00e3o da cultura irlandesa. A presen\u00e7a da realeza refor\u00e7ou os la\u00e7os entre o Reino Unido e a Irlanda.<\/p>\n<p>Durante a cerim\u00f4nia, Kate Middleton participou de atividades culturais, ouviu discursos e conheceu membros da Guarda Irlandesa. A princesa foi fotografada a interagir com oficiais e a seguir o desfile das tropas, em ambiente de respeito e solenidade.<\/p>\n<p>A Guarda Irlandesa recebeu a visita com acolhimento e demonstrou abertura para apresenta\u00e7\u00f5es culturais e hist\u00f3rias da unidade. O desfile incluiu forma\u00e7\u00f5es militares e momentos de homenagem, com participa\u00e7\u00e3o prevista de v\u00e1rias autoridades.<\/p>\n<p>Al\u00e9m das intera\u00e7\u00f5es com os militares, a princesa tirou fotografias com membros da Guarda e integrou-se em atividades tradicionais irlandesas promovidas no interior do quartel. A cerim\u00f4nia encerrou-se com uma rece\u00e7\u00e3o oficial ao redor de uma sauda\u00e7\u00e3o de agradecimento aos presentes.<\/p>\n<p>A visita de Kate Middleton ao Quartel de Mons ocorreu num contexto de celebra\u00e7\u00e3o do Dia de S\u00e3o Patr\u00edcio e refor\u00e7ou, segundo assessores, o interc\u00e2mbio cultural entre o Reino Unido e a Irlanda. A ocasi\u00e3o foi apresentada como um evento de protocolo e amizade entre povos.<\/p>\n","protected":false},"excerpt":{"rendered":"<ul>\n<li>A princesa de Gales, Kate Middleton, visitou a Guarda Irlandesa no Quartel de Mons, em Hampshire, Inglaterra, para assistir ao desfile do Dia de S\u00e3o Patr\u00edcio na manh\u00e3 de 17 de mar\u00e7o de 2026.<\/li>\n<li>Durante a cerim\u00f3nia, Kate interagiu com oficiais, sorriu e acompanhou o desfile das tropas e as apresenta\u00e7\u00f5es culturais.<\/li>\n<li>A visita incluiu atividades tradicionais irlandesas e momentos para fotografias com membros da Guarda Irlandesa.<\/li>\n<li>O evento refor\u00e7ou os la\u00e7os entre a fam\u00edlia real brit\u00e2nica e a Irlanda, destacando cultura, tradi\u00e7\u00e3o e amizade entre os povos.<\/li>\n<li>A cerim\u00f3nia terminou com uma homenagem aos soldados e uma recep\u00e7\u00e3o oficial no quartel, com acolhimento entusi\u00e1stico.<\/li>\n<\/ul>\n","protected":false},"author":2,"featured_media":413547,"comment_status":"closed","ping_status":"closed","sticky":false,"template":"","format":"standard","meta":{"footnotes":""},"categories":[6675],"tags":[5163,145,3500,2290,5230,2111],"class_list":["post-413542","post","type-post","status-publish","format-standard","has-post-thumbnail","hentry","category-celebridades","tag-a-guarda","tag-cultura","tag-desfiles-internacionais","tag-intercambios-internacionais","tag-irlanda","tag-reino-unido"],"yoast_head":"<!-- This site is optimized with the Yoast SEO plugin v27.2 - https:\/\/yoast.com\/product\/yoast-seo-wordpress\/ -->\n<title>Princesa de Gales comemora Dia de S\u00e3o Patr\u00edcio com a Guarda Irlandesa - Portal Tela Portugal<\/title>\n<meta name=\"robots\" content=\"index, follow, max-snippet:-1, max-image-preview:large, max-video-preview:-1\" \/>\n<meta property=\"og:locale\" content=\"pt_PT\" \/>\n<meta property=\"og:type\" content=\"article\" \/>\n<meta property=\"og:title\" content=\"Princesa de Gales comemora Dia de S\u00e3o Patr\u00edcio com a Guarda Irlandesa - Portal Tela Portugal\" \/>\n<meta property=\"og:description\" content=\"A princesa de Gales, Kate Middleton, visitou a Guarda Irlandesa no Quartel de Mons, em Hampshire, Inglaterra, para assistir ao desfile do Dia de S\u00e3o Patr\u00edcio na manh\u00e3 de 17 de mar\u00e7o de 2026. Durante a cerim\u00f3nia, Kate interagiu com oficiais, sorriu e acompanhou o desfile das tropas e as apresenta\u00e7\u00f5es culturais. A visita incluiu atividades tradicionais irlandesas e momentos para fotografias com membros da Guarda Irlandesa. O evento refor\u00e7ou os la\u00e7os entre a fam\u00edlia real brit\u00e2nica e a Irlanda, destacando cultura, tradi\u00e7\u00e3o e amizade entre os povos. A cerim\u00f3nia terminou com uma homenagem aos soldados e uma recep\u00e7\u00e3o oficial no quartel, com acolhimento entusi\u00e1stico.\" \/>\n<meta property=\"og:url\" content=\"https:\/\/portaltela.pt\/noticias\/2026\/03\/17\/princesa-de-gales-comemora-dia-de-sao-patricio-com-a-guarda-irlandesa\/\" \/>\n<meta property=\"og:site_name\" content=\"Portal Tela Portugal\" \/>\n<meta property=\"article:published_time\" content=\"2026-03-17T17:15:01+00:00\" \/>\n<meta name=\"author\" content=\"Telinha\" \/>\n<meta name=\"twitter:card\" content=\"summary_large_image\" \/>\n<meta name=\"twitter:label1\" content=\"Escrito por\" \/>\n\t<meta name=\"twitter:data1\" content=\"Telinha\" \/>\n\t<meta name=\"twitter:label2\" content=\"Tempo estimado de leitura\" \/>\n\t<meta name=\"twitter:data2\" content=\"1 minuto\" \/>\n<script type=\"application\/ld+json\" class=\"yoast-schema-graph\">{\"@context\":\"https:\/\/schema.org\",\"@graph\":[{\"@type\":\"Article\",\"@id\":\"https:\/\/portaltela.pt\/noticias\/2026\/03\/17\/princesa-de-gales-comemora-dia-de-sao-patricio-com-a-guarda-irlandesa\/#article\",\"isPartOf\":{\"@id\":\"https:\/\/portaltela.pt\/noticias\/2026\/03\/17\/princesa-de-gales-comemora-dia-de-sao-patricio-com-a-guarda-irlandesa\/\"},\"author\":{\"name\":\"Telinha\",\"@id\":\"https:\/\/portaltela.pt\/#\/schema\/person\/c4278d4a6028830caff9ee44b42d32ed\"},\"headline\":\"Princesa de Gales comemora Dia de S\u00e3o Patr\u00edcio com a Guarda Irlandesa\",\"datePublished\":\"2026-03-17T17:15:01+00:00\",\"mainEntityOfPage\":{\"@id\":\"https:\/\/portaltela.pt\/noticias\/2026\/03\/17\/princesa-de-gales-comemora-dia-de-sao-patricio-com-a-guarda-irlandesa\/\"},\"wordCount\":255,\"image\":{\"@id\":\"https:\/\/portaltela.pt\/noticias\/2026\/03\/17\/princesa-de-gales-comemora-dia-de-sao-patricio-com-a-guarda-irlandesa\/#primaryimage\"},\"thumbnailUrl\":\"https:\/\/portaltela.pt\/s.01k8rhncp4jt1\/2026\/03\/img_1280x722uu2026-03-17-17-12-37-2272996.jpg\",\"keywords\":[\"A Guarda\",\"cultura\",\"desfiles internacionais\",\"interc\u00e2mbios internacionais\",\"Irlanda\",\"Reino Unido\"],\"articleSection\":[\"Celebridades\"],\"inLanguage\":\"pt-PT\"},{\"@type\":\"WebPage\",\"@id\":\"https:\/\/portaltela.pt\/noticias\/2026\/03\/17\/princesa-de-gales-comemora-dia-de-sao-patricio-com-a-guarda-irlandesa\/\",\"url\":\"https:\/\/portaltela.pt\/noticias\/2026\/03\/17\/princesa-de-gales-comemora-dia-de-sao-patricio-com-a-guarda-irlandesa\/\",\"name\":\"Princesa de Gales comemora Dia de S\u00e3o Patr\u00edcio com a Guarda Irlandesa - Portal Tela Portugal\",\"isPartOf\":{\"@id\":\"https:\/\/portaltela.pt\/#website\"},\"primaryImageOfPage\":{\"@id\":\"https:\/\/portaltela.pt\/noticias\/2026\/03\/17\/princesa-de-gales-comemora-dia-de-sao-patricio-com-a-guarda-irlandesa\/#primaryimage\"},\"image\":{\"@id\":\"https:\/\/portaltela.pt\/noticias\/2026\/03\/17\/princesa-de-gales-comemora-dia-de-sao-patricio-com-a-guarda-irlandesa\/#primaryimage\"},\"thumbnailUrl\":\"https:\/\/portaltela.pt\/s.01k8rhncp4jt1\/2026\/03\/img_1280x722uu2026-03-17-17-12-37-2272996.jpg\",\"datePublished\":\"2026-03-17T17:15:01+00:00\",\"author\":{\"@id\":\"https:\/\/portaltela.pt\/#\/schema\/person\/c4278d4a6028830caff9ee44b42d32ed\"},\"breadcrumb\":{\"@id\":\"https:\/\/portaltela.pt\/noticias\/2026\/03\/17\/princesa-de-gales-comemora-dia-de-sao-patricio-com-a-guarda-irlandesa\/#breadcrumb\"},\"inLanguage\":\"pt-PT\",\"potentialAction\":[{\"@type\":\"ReadAction\",\"target\":[\"https:\/\/portaltela.pt\/noticias\/2026\/03\/17\/princesa-de-gales-comemora-dia-de-sao-patricio-com-a-guarda-irlandesa\/\"]}]},{\"@type\":\"ImageObject\",\"inLanguage\":\"pt-PT\",\"@id\":\"https:\/\/portaltela.pt\/noticias\/2026\/03\/17\/princesa-de-gales-comemora-dia-de-sao-patricio-com-a-guarda-irlandesa\/#primaryimage\",\"url\":\"https:\/\/portaltela.pt\/s.01k8rhncp4jt1\/2026\/03\/img_1280x722uu2026-03-17-17-12-37-2272996.jpg\",\"contentUrl\":\"https:\/\/portaltela.pt\/s.01k8rhncp4jt1\/2026\/03\/img_1280x722uu2026-03-17-17-12-37-2272996.jpg\",\"width\":796,\"height\":448,\"caption\":\"Photo\"},{\"@type\":\"BreadcrumbList\",\"@id\":\"https:\/\/portaltela.pt\/noticias\/2026\/03\/17\/princesa-de-gales-comemora-dia-de-sao-patricio-com-a-guarda-irlandesa\/#breadcrumb\",\"itemListElement\":[{\"@type\":\"ListItem\",\"position\":1,\"name\":\"In\u00edcio\",\"item\":\"https:\/\/portaltela.pt\/\"},{\"@type\":\"ListItem\",\"position\":2,\"name\":\"Princesa de Gales comemora Dia de S\u00e3o Patr\u00edcio com a Guarda Irlandesa\"}]},{\"@type\":\"WebSite\",\"@id\":\"https:\/\/portaltela.pt\/#website\",\"url\":\"https:\/\/portaltela.pt\/\",\"name\":\"Portal Tela Portugal\",\"description\":\"\",\"potentialAction\":[{\"@type\":\"SearchAction\",\"target\":{\"@type\":\"EntryPoint\",\"urlTemplate\":\"https:\/\/portaltela.pt\/?s={search_term_string}\"},\"query-input\":{\"@type\":\"PropertyValueSpecification\",\"valueRequired\":true,\"valueName\":\"search_term_string\"}}],\"inLanguage\":\"pt-PT\"},{\"@type\":\"Person\",\"@id\":\"https:\/\/portaltela.pt\/#\/schema\/person\/c4278d4a6028830caff9ee44b42d32ed\",\"name\":\"Telinha\",\"image\":{\"@type\":\"ImageObject\",\"inLanguage\":\"pt-PT\",\"@id\":\"https:\/\/portaltela.pt\/s.01k8rhncp4jt1\/2025\/11\/talking-bot-125x125.png\",\"url\":\"https:\/\/portaltela.pt\/s.01k8rhncp4jt1\/2025\/11\/talking-bot-125x125.png\",\"contentUrl\":\"https:\/\/portaltela.pt\/s.01k8rhncp4jt1\/2025\/11\/talking-bot-125x125.png\",\"caption\":\"Telinha\"},\"sameAs\":[\"https:\/\/portaltela.pt\/\"],\"url\":\"https:\/\/portaltela.pt\/por\/367410592786\/\"}]}<\/script>\n<!-- \/ Yoast SEO plugin. -->","yoast_head_json":{"title":"Princesa de Gales comemora Dia de S\u00e3o Patr\u00edcio com a Guarda Irlandesa - Portal Tela Portugal","robots":{"index":"index","follow":"follow","max-snippet":"max-snippet:-1","max-image-preview":"max-image-preview:large","max-video-preview":"max-video-preview:-1"},"og_locale":"pt_PT","og_type":"article","og_title":"Princesa de Gales comemora Dia de S\u00e3o Patr\u00edcio com a Guarda Irlandesa - Portal Tela Portugal","og_description":"A princesa de Gales, Kate Middleton, visitou a Guarda Irlandesa no Quartel de Mons, em Hampshire, Inglaterra, para assistir ao desfile do Dia de S\u00e3o Patr\u00edcio na manh\u00e3 de 17 de mar\u00e7o de 2026. Durante a cerim\u00f3nia, Kate interagiu com oficiais, sorriu e acompanhou o desfile das tropas e as apresenta\u00e7\u00f5es culturais. A visita incluiu atividades tradicionais irlandesas e momentos para fotografias com membros da Guarda Irlandesa. O evento refor\u00e7ou os la\u00e7os entre a fam\u00edlia real brit\u00e2nica e a Irlanda, destacando cultura, tradi\u00e7\u00e3o e amizade entre os povos. A cerim\u00f3nia terminou com uma homenagem aos soldados e uma recep\u00e7\u00e3o oficial no quartel, com acolhimento entusi\u00e1stico.","og_url":"https:\/\/portaltela.pt\/noticias\/2026\/03\/17\/princesa-de-gales-comemora-dia-de-sao-patricio-com-a-guarda-irlandesa\/","og_site_name":"Portal Tela Portugal","article_published_time":"2026-03-17T17:15:01+00:00","author":"Telinha","twitter_card":"summary_large_image","twitter_misc":{"Escrito por":"Telinha","Tempo estimado de leitura":"1 minuto"},"schema":{"@context":"https:\/\/schema.org","@graph":[{"@type":"Article","@id":"https:\/\/portaltela.pt\/noticias\/2026\/03\/17\/princesa-de-gales-comemora-dia-de-sao-patricio-com-a-guarda-irlandesa\/#article","isPartOf":{"@id":"https:\/\/portaltela.pt\/noticias\/2026\/03\/17\/princesa-de-gales-comemora-dia-de-sao-patricio-com-a-guarda-irlandesa\/"},"author":{"name":"Telinha","@id":"https:\/\/portaltela.pt\/#\/schema\/person\/c4278d4a6028830caff9ee44b42d32ed"},"headline":"Princesa de Gales comemora Dia de S\u00e3o Patr\u00edcio com a Guarda Irlandesa","datePublished":"2026-03-17T17:15:01+00:00","mainEntityOfPage":{"@id":"https:\/\/portaltela.pt\/noticias\/2026\/03\/17\/princesa-de-gales-comemora-dia-de-sao-patricio-com-a-guarda-irlandesa\/"},"wordCount":255,"image":{"@id":"https:\/\/portaltela.pt\/noticias\/2026\/03\/17\/princesa-de-gales-comemora-dia-de-sao-patricio-com-a-guarda-irlandesa\/#primaryimage"},"thumbnailUrl":"https:\/\/portaltela.pt\/s.01k8rhncp4jt1\/2026\/03\/img_1280x722uu2026-03-17-17-12-37-2272996.jpg","keywords":["A Guarda","cultura","desfiles internacionais","interc\u00e2mbios internacionais","Irlanda","Reino Unido"],"articleSection":["Celebridades"],"inLanguage":"pt-PT"},{"@type":"WebPage","@id":"https:\/\/portaltela.pt\/noticias\/2026\/03\/17\/princesa-de-gales-comemora-dia-de-sao-patricio-com-a-guarda-irlandesa\/","url":"https:\/\/portaltela.pt\/noticias\/2026\/03\/17\/princesa-de-gales-comemora-dia-de-sao-patricio-com-a-guarda-irlandesa\/","name":"Princesa de Gales comemora Dia de S\u00e3o Patr\u00edcio com a Guarda Irlandesa - Portal Tela Portugal","isPartOf":{"@id":"https:\/\/portaltela.pt\/#website"},"primaryImageOfPage":{"@id":"https:\/\/portaltela.pt\/noticias\/2026\/03\/17\/princesa-de-gales-comemora-dia-de-sao-patricio-com-a-guarda-irlandesa\/#primaryimage"},"image":{"@id":"https:\/\/portaltela.pt\/noticias\/2026\/03\/17\/princesa-de-gales-comemora-dia-de-sao-patricio-com-a-guarda-irlandesa\/#primaryimage"},"thumbnailUrl":"https:\/\/portaltela.pt\/s.01k8rhncp4jt1\/2026\/03\/img_1280x722uu2026-03-17-17-12-37-2272996.jpg","datePublished":"2026-03-17T17:15:01+00:00","author":{"@id":"https:\/\/portaltela.pt\/#\/schema\/person\/c4278d4a6028830caff9ee44b42d32ed"},"breadcrumb":{"@id":"https:\/\/portaltela.pt\/noticias\/2026\/03\/17\/princesa-de-gales-comemora-dia-de-sao-patricio-com-a-guarda-irlandesa\/#breadcrumb"},"inLanguage":"pt-PT","potentialAction":[{"@type":"ReadAction","target":["https:\/\/portaltela.pt\/noticias\/2026\/03\/17\/princesa-de-gales-comemora-dia-de-sao-patricio-com-a-guarda-irlandesa\/"]}]},{"@type":"ImageObject","inLanguage":"pt-PT","@id":"https:\/\/portaltela.pt\/noticias\/2026\/03\/17\/princesa-de-gales-comemora-dia-de-sao-patricio-com-a-guarda-irlandesa\/#primaryimage","url":"https:\/\/portaltela.pt\/s.01k8rhncp4jt1\/2026\/03\/img_1280x722uu2026-03-17-17-12-37-2272996.jpg","contentUrl":"https:\/\/portaltela.pt\/s.01k8rhncp4jt1\/2026\/03\/img_1280x722uu2026-03-17-17-12-37-2272996.jpg","width":796,"height":448,"caption":"Photo"},{"@type":"BreadcrumbList","@id":"https:\/\/portaltela.pt\/noticias\/2026\/03\/17\/princesa-de-gales-comemora-dia-de-sao-patricio-com-a-guarda-irlandesa\/#breadcrumb","itemListElement":[{"@type":"ListItem","position":1,"name":"In\u00edcio","item":"https:\/\/portaltela.pt\/"},{"@type":"ListItem","position":2,"name":"Princesa de Gales comemora Dia de S\u00e3o Patr\u00edcio com a Guarda Irlandesa"}]},{"@type":"WebSite","@id":"https:\/\/portaltela.pt\/#website","url":"https:\/\/portaltela.pt\/","name":"Portal Tela Portugal","description":"","potentialAction":[{"@type":"SearchAction","target":{"@type":"EntryPoint","urlTemplate":"https:\/\/portaltela.pt\/?s={search_term_string}"},"query-input":{"@type":"PropertyValueSpecification","valueRequired":true,"valueName":"search_term_string"}}],"inLanguage":"pt-PT"},{"@type":"Person","@id":"https:\/\/portaltela.pt\/#\/schema\/person\/c4278d4a6028830caff9ee44b42d32ed","name":"Telinha","image":{"@type":"ImageObject","inLanguage":"pt-PT","@id":"https:\/\/portaltela.pt\/s.01k8rhncp4jt1\/2025\/11\/talking-bot-125x125.png","url":"https:\/\/portaltela.pt\/s.01k8rhncp4jt1\/2025\/11\/talking-bot-125x125.png","contentUrl":"https:\/\/portaltela.pt\/s.01k8rhncp4jt1\/2025\/11\/talking-bot-125x125.png","caption":"Telinha"},"sameAs":["https:\/\/portaltela.pt\/"],"url":"https:\/\/portaltela.pt\/por\/367410592786\/"}]}},"_links":{"self":[{"href":"https:\/\/portaltela.pt\/api\/wp\/v2\/posts\/413542","targetHints":{"allow":["GET"]}}],"collection":[{"href":"https:\/\/portaltela.pt\/api\/wp\/v2\/posts"}],"about":[{"href":"https:\/\/portaltela.pt\/api\/wp\/v2\/types\/post"}],"author":[{"embeddable":true,"href":"https:\/\/portaltela.pt\/api\/wp\/v2\/users\/2"}],"replies":[{"embeddable":true,"href":"https:\/\/portaltela.pt\/api\/wp\/v2\/comments?post=413542"}],"version-history":[{"count":0,"href":"https:\/\/portaltela.pt\/api\/wp\/v2\/posts\/413542\/revisions"}],"wp:featuredmedia":[{"embeddable":true,"href":"https:\/\/portaltela.pt\/api\/wp\/v2\/media\/413547"}],"wp:attachment":[{"href":"https:\/\/portaltela.pt\/api\/wp\/v2\/media?parent=413542"}],"wp:term":[{"taxonomy":"category","embeddable":true,"href":"https:\/\/portaltela.pt\/api\/wp\/v2\/categories?post=413542"},{"taxonomy":"post_tag","embeddable":true,"href":"https:\/\/portaltela.pt\/api\/wp\/v2\/tags?post=413542"}],"curies":[{"name":"wp","href":"https:\/\/api.w.org\/{rel}","templated":true}]}}