{"id":413537,"date":"2026-03-17T13:50:38","date_gmt":"2026-03-17T16:50:38","guid":{"rendered":"https:\/\/portaltela.pt\/noticias\/2026\/03\/17\/camara-de-lisboa-diz-que-familia-com-caravana-confiscada-rejeitou-apoio-de-emergencia\/"},"modified":"2026-03-17T13:50:38","modified_gmt":"2026-03-17T16:50:38","slug":"camara-de-lisboa-diz-que-familia-com-caravana-confiscada-rejeitou-apoio-de-emergencia","status":"publish","type":"post","link":"https:\/\/portaltela.pt\/noticias\/2026\/03\/17\/camara-de-lisboa-diz-que-familia-com-caravana-confiscada-rejeitou-apoio-de-emergencia\/","title":{"rendered":"C\u00e2mara de Lisboa diz que fam\u00edlia com caravana confiscada rejeitou apoio de emerg\u00eancia"},"content":{"rendered":"<p>A C\u00e2mara de Lisboa informou que a caravana que servia de habita\u00e7\u00e3o a uma fam\u00edlia no Bairro Portugal Novo foi removida pela Pol\u00edcia Municipal, ap\u00f3s sucessivas notifica\u00e7\u00f5es de ilegalidade. Foi tamb\u00e9m assegurado apoio de emerg\u00eancia habitacional, que foi rejeitado pela fam\u00edlia.<\/p>\n<p>Segundo a autarquia, os residentes puderam retirar os bens pessoais do interior da caravana. O apoio foi disponibilizado via Santa Casa da Miseric\u00f3rdia de Lisboa, mas n\u00e3o chegou a ser aceite.<\/p>\n<p>A fam\u00edlia \u00e9 composta por seis pessoas: um casal e quatro filhos menores. Viviam no ve\u00edculo h\u00e1 dois anos, numa \u00e1rea que j\u00e1 tinha sido alvo de demoli\u00e7\u00e3o em outros bairros, conforme a pr\u00f3pria C\u00e2mara.<\/p>\n<p>A C\u00e2mara esclarece que a fam\u00edlia se candidatou ao Programa de Arrendamento Apoiado, destinado a agregados com baixos rendimentos. A atribui\u00e7\u00e3o de habita\u00e7\u00e3o depende de uma classifica\u00e7\u00e3o de car\u00eancia, o que ainda n\u00e3o ocorreu.<\/p>\n<p>O PCP denunciou que a apreens\u00e3o ocorreu sem aviso pr\u00e9vio e que n\u00e3o houve acompanhamento social nem garantia de uma alternativa condigna. O partido questiona a justifica\u00e7\u00e3o para o confisco sem solu\u00e7\u00e3o habitacional.<\/p>\n<p>O presidente da Junta de Freguesia do Areeiro, Pedro Jesus, afirmou que a caravana estava estacionada na via p\u00fablica e que as respostas sociais foram oferecidas, incluindo pernoita em abrigos, mas n\u00e3o aceites pela fam\u00edlia. Os quatro menores dever\u00e3o ficar com a av\u00f3, enquanto o casal pode ficar numa tenda existente no local.<\/p>\n","protected":false},"excerpt":{"rendered":"<ul>\n<li>A caravana que servia de habita\u00e7\u00e3o a uma fam\u00edlia de seis pessoas no Bairro Portugal Novo foi removida pela Pol\u00edcia Municipal, ap\u00f3s sucessivas notifica\u00e7\u00f5es de ilegalidade.<\/li>\n<li>A C\u00e2mara de Lisboa informou ter disponibilizado apoio de emerg\u00eancia habitacional via Santa Casa da Miseric\u00f3rdia de Lisboa, que foi rejeitado pela fam\u00edlia.<\/li>\n<li>A fam\u00edlia vive na caravana h\u00e1 cerca de dois anos e fixou-se em Lisboa no Largo Roque Laia, depois de itiner\u00e2ncia por bairros em demoli\u00e7\u00e3o.<\/li>\n<li>A fam\u00edlia candidatou-se ao Programa de Arrendamento Apoiado, n\u00e3o tendo ainda sido atribu\u00edda habita\u00e7\u00e3o municipal devido \u00e0 pontua\u00e7\u00e3o no processo; as regras seguem regulamentos municipais.<\/li>\n<li>O PCP critica a a\u00e7\u00e3o, dizendo que a retirada sem acompanhamento social agravou a situa\u00e7\u00e3o; a Junta de Freguesia do Areeiro afirma que os quatro menores ficar\u00e3o com a av\u00f3 e o casal numa tenda junto \u00e0 caravana.<\/li>\n<\/ul>\n","protected":false},"author":2,"featured_media":413541,"comment_status":"closed","ping_status":"closed","sticky":false,"template":"","format":"standard","meta":{"footnotes":""},"categories":[1],"tags":[7176,3014,2310,150,1167,981],"class_list":["post-413537","post","type-post","status-publish","format-standard","has-post-thumbnail","hentry","category-noticias","tag-areeiro","tag-arrendamento","tag-arrendamento-apoiado","tag-habitacao","tag-habitacao-social","tag-lisboa"],"yoast_head":"<!-- This site is optimized with the Yoast SEO plugin v27.2 - https:\/\/yoast.com\/product\/yoast-seo-wordpress\/ -->\n<title>C\u00e2mara de Lisboa diz que fam\u00edlia com caravana confiscada rejeitou apoio de emerg\u00eancia - Portal Tela Portugal<\/title>\n<meta name=\"robots\" content=\"index, follow, max-snippet:-1, max-image-preview:large, max-video-preview:-1\" \/>\n<meta property=\"og:locale\" content=\"pt_PT\" \/>\n<meta property=\"og:type\" content=\"article\" \/>\n<meta property=\"og:title\" content=\"C\u00e2mara de Lisboa diz que fam\u00edlia com caravana confiscada rejeitou apoio de emerg\u00eancia - Portal Tela Portugal\" \/>\n<meta property=\"og:description\" content=\"A caravana que servia de habita\u00e7\u00e3o a uma fam\u00edlia de seis pessoas no Bairro Portugal Novo foi removida pela Pol\u00edcia Municipal, ap\u00f3s sucessivas notifica\u00e7\u00f5es de ilegalidade. A C\u00e2mara de Lisboa informou ter disponibilizado apoio de emerg\u00eancia habitacional via Santa Casa da Miseric\u00f3rdia de Lisboa, que foi rejeitado pela fam\u00edlia. A fam\u00edlia vive na caravana h\u00e1 cerca de dois anos e fixou-se em Lisboa no Largo Roque Laia, depois de itiner\u00e2ncia por bairros em demoli\u00e7\u00e3o. A fam\u00edlia candidatou-se ao Programa de Arrendamento Apoiado, n\u00e3o tendo ainda sido atribu\u00edda habita\u00e7\u00e3o municipal devido \u00e0 pontua\u00e7\u00e3o no processo; as regras seguem regulamentos municipais. O PCP critica a a\u00e7\u00e3o, dizendo que a retirada sem acompanhamento social agravou a situa\u00e7\u00e3o; a Junta de Freguesia do Areeiro afirma que os quatro menores ficar\u00e3o com a av\u00f3 e o casal numa tenda junto \u00e0 caravana.\" \/>\n<meta property=\"og:url\" content=\"https:\/\/portaltela.pt\/noticias\/2026\/03\/17\/camara-de-lisboa-diz-que-familia-com-caravana-confiscada-rejeitou-apoio-de-emergencia\/\" \/>\n<meta property=\"og:site_name\" content=\"Portal Tela Portugal\" \/>\n<meta property=\"article:published_time\" content=\"2026-03-17T16:50:38+00:00\" \/>\n<meta name=\"author\" content=\"Telinha\" \/>\n<meta name=\"twitter:card\" content=\"summary_large_image\" \/>\n<meta name=\"twitter:label1\" content=\"Escrito por\" \/>\n\t<meta name=\"twitter:data1\" content=\"Telinha\" \/>\n\t<meta name=\"twitter:label2\" content=\"Tempo estimado de leitura\" \/>\n\t<meta name=\"twitter:data2\" content=\"1 minuto\" \/>\n<script type=\"application\/ld+json\" class=\"yoast-schema-graph\">{\"@context\":\"https:\/\/schema.org\",\"@graph\":[{\"@type\":\"Article\",\"@id\":\"https:\/\/portaltela.pt\/noticias\/2026\/03\/17\/camara-de-lisboa-diz-que-familia-com-caravana-confiscada-rejeitou-apoio-de-emergencia\/#article\",\"isPartOf\":{\"@id\":\"https:\/\/portaltela.pt\/noticias\/2026\/03\/17\/camara-de-lisboa-diz-que-familia-com-caravana-confiscada-rejeitou-apoio-de-emergencia\/\"},\"author\":{\"name\":\"Telinha\",\"@id\":\"https:\/\/portaltela.pt\/#\/schema\/person\/c4278d4a6028830caff9ee44b42d32ed\"},\"headline\":\"C\u00e2mara de Lisboa diz que fam\u00edlia com caravana confiscada rejeitou apoio de emerg\u00eancia\",\"datePublished\":\"2026-03-17T16:50:38+00:00\",\"mainEntityOfPage\":{\"@id\":\"https:\/\/portaltela.pt\/noticias\/2026\/03\/17\/camara-de-lisboa-diz-que-familia-com-caravana-confiscada-rejeitou-apoio-de-emergencia\/\"},\"wordCount\":274,\"image\":{\"@id\":\"https:\/\/portaltela.pt\/noticias\/2026\/03\/17\/camara-de-lisboa-diz-que-familia-com-caravana-confiscada-rejeitou-apoio-de-emergencia\/#primaryimage\"},\"thumbnailUrl\":\"https:\/\/portaltela.pt\/s.01k8rhncp4jt1\/2026\/03\/img_1280x721uu2021-08-30-19-53-43-1075765.jpg\",\"keywords\":[\"Areeiro\",\"arrendamento\",\"arrendamento apoiado\",\"habita\u00e7\u00e3o\",\"habita\u00e7\u00e3o social\",\"Lisboa\"],\"articleSection\":[\"Not\u00edcias\"],\"inLanguage\":\"pt-PT\"},{\"@type\":\"WebPage\",\"@id\":\"https:\/\/portaltela.pt\/noticias\/2026\/03\/17\/camara-de-lisboa-diz-que-familia-com-caravana-confiscada-rejeitou-apoio-de-emergencia\/\",\"url\":\"https:\/\/portaltela.pt\/noticias\/2026\/03\/17\/camara-de-lisboa-diz-que-familia-com-caravana-confiscada-rejeitou-apoio-de-emergencia\/\",\"name\":\"C\u00e2mara de Lisboa diz que fam\u00edlia com caravana confiscada rejeitou apoio de emerg\u00eancia - Portal Tela Portugal\",\"isPartOf\":{\"@id\":\"https:\/\/portaltela.pt\/#website\"},\"primaryImageOfPage\":{\"@id\":\"https:\/\/portaltela.pt\/noticias\/2026\/03\/17\/camara-de-lisboa-diz-que-familia-com-caravana-confiscada-rejeitou-apoio-de-emergencia\/#primaryimage\"},\"image\":{\"@id\":\"https:\/\/portaltela.pt\/noticias\/2026\/03\/17\/camara-de-lisboa-diz-que-familia-com-caravana-confiscada-rejeitou-apoio-de-emergencia\/#primaryimage\"},\"thumbnailUrl\":\"https:\/\/portaltela.pt\/s.01k8rhncp4jt1\/2026\/03\/img_1280x721uu2021-08-30-19-53-43-1075765.jpg\",\"datePublished\":\"2026-03-17T16:50:38+00:00\",\"author\":{\"@id\":\"https:\/\/portaltela.pt\/#\/schema\/person\/c4278d4a6028830caff9ee44b42d32ed\"},\"breadcrumb\":{\"@id\":\"https:\/\/portaltela.pt\/noticias\/2026\/03\/17\/camara-de-lisboa-diz-que-familia-com-caravana-confiscada-rejeitou-apoio-de-emergencia\/#breadcrumb\"},\"inLanguage\":\"pt-PT\",\"potentialAction\":[{\"@type\":\"ReadAction\",\"target\":[\"https:\/\/portaltela.pt\/noticias\/2026\/03\/17\/camara-de-lisboa-diz-que-familia-com-caravana-confiscada-rejeitou-apoio-de-emergencia\/\"]}]},{\"@type\":\"ImageObject\",\"inLanguage\":\"pt-PT\",\"@id\":\"https:\/\/portaltela.pt\/noticias\/2026\/03\/17\/camara-de-lisboa-diz-que-familia-com-caravana-confiscada-rejeitou-apoio-de-emergencia\/#primaryimage\",\"url\":\"https:\/\/portaltela.pt\/s.01k8rhncp4jt1\/2026\/03\/img_1280x721uu2021-08-30-19-53-43-1075765.jpg\",\"contentUrl\":\"https:\/\/portaltela.pt\/s.01k8rhncp4jt1\/2026\/03\/img_1280x721uu2021-08-30-19-53-43-1075765.jpg\",\"width\":1280,\"height\":721,\"caption\":\"Autocaravana\"},{\"@type\":\"BreadcrumbList\",\"@id\":\"https:\/\/portaltela.pt\/noticias\/2026\/03\/17\/camara-de-lisboa-diz-que-familia-com-caravana-confiscada-rejeitou-apoio-de-emergencia\/#breadcrumb\",\"itemListElement\":[{\"@type\":\"ListItem\",\"position\":1,\"name\":\"In\u00edcio\",\"item\":\"https:\/\/portaltela.pt\/\"},{\"@type\":\"ListItem\",\"position\":2,\"name\":\"C\u00e2mara de Lisboa diz que fam\u00edlia com caravana confiscada rejeitou apoio de emerg\u00eancia\"}]},{\"@type\":\"WebSite\",\"@id\":\"https:\/\/portaltela.pt\/#website\",\"url\":\"https:\/\/portaltela.pt\/\",\"name\":\"Portal Tela Portugal\",\"description\":\"\",\"potentialAction\":[{\"@type\":\"SearchAction\",\"target\":{\"@type\":\"EntryPoint\",\"urlTemplate\":\"https:\/\/portaltela.pt\/?s={search_term_string}\"},\"query-input\":{\"@type\":\"PropertyValueSpecification\",\"valueRequired\":true,\"valueName\":\"search_term_string\"}}],\"inLanguage\":\"pt-PT\"},{\"@type\":\"Person\",\"@id\":\"https:\/\/portaltela.pt\/#\/schema\/person\/c4278d4a6028830caff9ee44b42d32ed\",\"name\":\"Telinha\",\"image\":{\"@type\":\"ImageObject\",\"inLanguage\":\"pt-PT\",\"@id\":\"https:\/\/portaltela.pt\/s.01k8rhncp4jt1\/2025\/11\/talking-bot-125x125.png\",\"url\":\"https:\/\/portaltela.pt\/s.01k8rhncp4jt1\/2025\/11\/talking-bot-125x125.png\",\"contentUrl\":\"https:\/\/portaltela.pt\/s.01k8rhncp4jt1\/2025\/11\/talking-bot-125x125.png\",\"caption\":\"Telinha\"},\"sameAs\":[\"https:\/\/portaltela.pt\/\"],\"url\":\"https:\/\/portaltela.pt\/por\/367410592786\/\"}]}<\/script>\n<!-- \/ Yoast SEO plugin. -->","yoast_head_json":{"title":"C\u00e2mara de Lisboa diz que fam\u00edlia com caravana confiscada rejeitou apoio de emerg\u00eancia - Portal Tela Portugal","robots":{"index":"index","follow":"follow","max-snippet":"max-snippet:-1","max-image-preview":"max-image-preview:large","max-video-preview":"max-video-preview:-1"},"og_locale":"pt_PT","og_type":"article","og_title":"C\u00e2mara de Lisboa diz que fam\u00edlia com caravana confiscada rejeitou apoio de emerg\u00eancia - Portal Tela Portugal","og_description":"A caravana que servia de habita\u00e7\u00e3o a uma fam\u00edlia de seis pessoas no Bairro Portugal Novo foi removida pela Pol\u00edcia Municipal, ap\u00f3s sucessivas notifica\u00e7\u00f5es de ilegalidade. A C\u00e2mara de Lisboa informou ter disponibilizado apoio de emerg\u00eancia habitacional via Santa Casa da Miseric\u00f3rdia de Lisboa, que foi rejeitado pela fam\u00edlia. A fam\u00edlia vive na caravana h\u00e1 cerca de dois anos e fixou-se em Lisboa no Largo Roque Laia, depois de itiner\u00e2ncia por bairros em demoli\u00e7\u00e3o. A fam\u00edlia candidatou-se ao Programa de Arrendamento Apoiado, n\u00e3o tendo ainda sido atribu\u00edda habita\u00e7\u00e3o municipal devido \u00e0 pontua\u00e7\u00e3o no processo; as regras seguem regulamentos municipais. O PCP critica a a\u00e7\u00e3o, dizendo que a retirada sem acompanhamento social agravou a situa\u00e7\u00e3o; a Junta de Freguesia do Areeiro afirma que os quatro menores ficar\u00e3o com a av\u00f3 e o casal numa tenda junto \u00e0 caravana.","og_url":"https:\/\/portaltela.pt\/noticias\/2026\/03\/17\/camara-de-lisboa-diz-que-familia-com-caravana-confiscada-rejeitou-apoio-de-emergencia\/","og_site_name":"Portal Tela Portugal","article_published_time":"2026-03-17T16:50:38+00:00","author":"Telinha","twitter_card":"summary_large_image","twitter_misc":{"Escrito por":"Telinha","Tempo estimado de leitura":"1 minuto"},"schema":{"@context":"https:\/\/schema.org","@graph":[{"@type":"Article","@id":"https:\/\/portaltela.pt\/noticias\/2026\/03\/17\/camara-de-lisboa-diz-que-familia-com-caravana-confiscada-rejeitou-apoio-de-emergencia\/#article","isPartOf":{"@id":"https:\/\/portaltela.pt\/noticias\/2026\/03\/17\/camara-de-lisboa-diz-que-familia-com-caravana-confiscada-rejeitou-apoio-de-emergencia\/"},"author":{"name":"Telinha","@id":"https:\/\/portaltela.pt\/#\/schema\/person\/c4278d4a6028830caff9ee44b42d32ed"},"headline":"C\u00e2mara de Lisboa diz que fam\u00edlia com caravana confiscada rejeitou apoio de emerg\u00eancia","datePublished":"2026-03-17T16:50:38+00:00","mainEntityOfPage":{"@id":"https:\/\/portaltela.pt\/noticias\/2026\/03\/17\/camara-de-lisboa-diz-que-familia-com-caravana-confiscada-rejeitou-apoio-de-emergencia\/"},"wordCount":274,"image":{"@id":"https:\/\/portaltela.pt\/noticias\/2026\/03\/17\/camara-de-lisboa-diz-que-familia-com-caravana-confiscada-rejeitou-apoio-de-emergencia\/#primaryimage"},"thumbnailUrl":"https:\/\/portaltela.pt\/s.01k8rhncp4jt1\/2026\/03\/img_1280x721uu2021-08-30-19-53-43-1075765.jpg","keywords":["Areeiro","arrendamento","arrendamento apoiado","habita\u00e7\u00e3o","habita\u00e7\u00e3o social","Lisboa"],"articleSection":["Not\u00edcias"],"inLanguage":"pt-PT"},{"@type":"WebPage","@id":"https:\/\/portaltela.pt\/noticias\/2026\/03\/17\/camara-de-lisboa-diz-que-familia-com-caravana-confiscada-rejeitou-apoio-de-emergencia\/","url":"https:\/\/portaltela.pt\/noticias\/2026\/03\/17\/camara-de-lisboa-diz-que-familia-com-caravana-confiscada-rejeitou-apoio-de-emergencia\/","name":"C\u00e2mara de Lisboa diz que fam\u00edlia com caravana confiscada rejeitou apoio de emerg\u00eancia - Portal Tela Portugal","isPartOf":{"@id":"https:\/\/portaltela.pt\/#website"},"primaryImageOfPage":{"@id":"https:\/\/portaltela.pt\/noticias\/2026\/03\/17\/camara-de-lisboa-diz-que-familia-com-caravana-confiscada-rejeitou-apoio-de-emergencia\/#primaryimage"},"image":{"@id":"https:\/\/portaltela.pt\/noticias\/2026\/03\/17\/camara-de-lisboa-diz-que-familia-com-caravana-confiscada-rejeitou-apoio-de-emergencia\/#primaryimage"},"thumbnailUrl":"https:\/\/portaltela.pt\/s.01k8rhncp4jt1\/2026\/03\/img_1280x721uu2021-08-30-19-53-43-1075765.jpg","datePublished":"2026-03-17T16:50:38+00:00","author":{"@id":"https:\/\/portaltela.pt\/#\/schema\/person\/c4278d4a6028830caff9ee44b42d32ed"},"breadcrumb":{"@id":"https:\/\/portaltela.pt\/noticias\/2026\/03\/17\/camara-de-lisboa-diz-que-familia-com-caravana-confiscada-rejeitou-apoio-de-emergencia\/#breadcrumb"},"inLanguage":"pt-PT","potentialAction":[{"@type":"ReadAction","target":["https:\/\/portaltela.pt\/noticias\/2026\/03\/17\/camara-de-lisboa-diz-que-familia-com-caravana-confiscada-rejeitou-apoio-de-emergencia\/"]}]},{"@type":"ImageObject","inLanguage":"pt-PT","@id":"https:\/\/portaltela.pt\/noticias\/2026\/03\/17\/camara-de-lisboa-diz-que-familia-com-caravana-confiscada-rejeitou-apoio-de-emergencia\/#primaryimage","url":"https:\/\/portaltela.pt\/s.01k8rhncp4jt1\/2026\/03\/img_1280x721uu2021-08-30-19-53-43-1075765.jpg","contentUrl":"https:\/\/portaltela.pt\/s.01k8rhncp4jt1\/2026\/03\/img_1280x721uu2021-08-30-19-53-43-1075765.jpg","width":1280,"height":721,"caption":"Autocaravana"},{"@type":"BreadcrumbList","@id":"https:\/\/portaltela.pt\/noticias\/2026\/03\/17\/camara-de-lisboa-diz-que-familia-com-caravana-confiscada-rejeitou-apoio-de-emergencia\/#breadcrumb","itemListElement":[{"@type":"ListItem","position":1,"name":"In\u00edcio","item":"https:\/\/portaltela.pt\/"},{"@type":"ListItem","position":2,"name":"C\u00e2mara de Lisboa diz que fam\u00edlia com caravana confiscada rejeitou apoio de emerg\u00eancia"}]},{"@type":"WebSite","@id":"https:\/\/portaltela.pt\/#website","url":"https:\/\/portaltela.pt\/","name":"Portal Tela Portugal","description":"","potentialAction":[{"@type":"SearchAction","target":{"@type":"EntryPoint","urlTemplate":"https:\/\/portaltela.pt\/?s={search_term_string}"},"query-input":{"@type":"PropertyValueSpecification","valueRequired":true,"valueName":"search_term_string"}}],"inLanguage":"pt-PT"},{"@type":"Person","@id":"https:\/\/portaltela.pt\/#\/schema\/person\/c4278d4a6028830caff9ee44b42d32ed","name":"Telinha","image":{"@type":"ImageObject","inLanguage":"pt-PT","@id":"https:\/\/portaltela.pt\/s.01k8rhncp4jt1\/2025\/11\/talking-bot-125x125.png","url":"https:\/\/portaltela.pt\/s.01k8rhncp4jt1\/2025\/11\/talking-bot-125x125.png","contentUrl":"https:\/\/portaltela.pt\/s.01k8rhncp4jt1\/2025\/11\/talking-bot-125x125.png","caption":"Telinha"},"sameAs":["https:\/\/portaltela.pt\/"],"url":"https:\/\/portaltela.pt\/por\/367410592786\/"}]}},"_links":{"self":[{"href":"https:\/\/portaltela.pt\/api\/wp\/v2\/posts\/413537","targetHints":{"allow":["GET"]}}],"collection":[{"href":"https:\/\/portaltela.pt\/api\/wp\/v2\/posts"}],"about":[{"href":"https:\/\/portaltela.pt\/api\/wp\/v2\/types\/post"}],"author":[{"embeddable":true,"href":"https:\/\/portaltela.pt\/api\/wp\/v2\/users\/2"}],"replies":[{"embeddable":true,"href":"https:\/\/portaltela.pt\/api\/wp\/v2\/comments?post=413537"}],"version-history":[{"count":0,"href":"https:\/\/portaltela.pt\/api\/wp\/v2\/posts\/413537\/revisions"}],"wp:featuredmedia":[{"embeddable":true,"href":"https:\/\/portaltela.pt\/api\/wp\/v2\/media\/413541"}],"wp:attachment":[{"href":"https:\/\/portaltela.pt\/api\/wp\/v2\/media?parent=413537"}],"wp:term":[{"taxonomy":"category","embeddable":true,"href":"https:\/\/portaltela.pt\/api\/wp\/v2\/categories?post=413537"},{"taxonomy":"post_tag","embeddable":true,"href":"https:\/\/portaltela.pt\/api\/wp\/v2\/tags?post=413537"}],"curies":[{"name":"wp","href":"https:\/\/api.w.org\/{rel}","templated":true}]}}