{"id":413531,"date":"2026-03-17T13:59:00","date_gmt":"2026-03-17T16:59:00","guid":{"rendered":"https:\/\/portaltela.pt\/noticias\/2026\/03\/17\/governo-dos-acores-confirma-buscas-em-investigacao-sobre-promocao-turistica\/"},"modified":"2026-03-17T13:59:00","modified_gmt":"2026-03-17T16:59:00","slug":"governo-dos-acores-confirma-buscas-em-investigacao-sobre-promocao-turistica","status":"publish","type":"post","link":"https:\/\/portaltela.pt\/noticias\/2026\/03\/17\/governo-dos-acores-confirma-buscas-em-investigacao-sobre-promocao-turistica\/","title":{"rendered":"Governo dos A\u00e7ores confirma buscas em investiga\u00e7\u00e3o sobre promo\u00e7\u00e3o tur\u00edstica"},"content":{"rendered":"<p>O Governo dos A\u00e7ores confirmou a realiza\u00e7\u00e3o de buscas na Dire\u00e7\u00e3o Regional do Planeamento e Fundos Estruturais, na ilha Terceira. A opera\u00e7\u00e3o ocorre no \u00e2mbito de uma investiga\u00e7\u00e3o da Pol\u00edcia Judici\u00e1ria (PJ) relacionada com uma \u00e1rea da promo\u00e7\u00e3o tur\u00edstica.<\/p>\n<p>Nuno Melo Alves, diretor regional, disse que a PJ esteve nas instala\u00e7\u00f5es desde a manh\u00e3 e que est\u00e1 a ser prestada total colabora\u00e7\u00e3o. A consulta de documenta\u00e7\u00e3o relacionada com a promo\u00e7\u00e3o tur\u00edstica est\u00e1 em curso.<\/p>\n<p>A PJ iniciou a opera\u00e7\u00e3o policial denominada Last Call, envolvendo buscas em S\u00e3o Miguel, Terceira, Faial e Lisboa. Cinco arguidos foram constitu\u00eddos at\u00e9 ao momento.<\/p>\n<p>Segundo a PJ, foram cumpridos 14 mandados de busca e apreens\u00e3o em domic\u00edlios, \u00f3rg\u00e3os p\u00fablicos, entidades privadas e escrit\u00f3rios de advogados. Os crimes em investiga\u00e7\u00e3o incluem fraude na obten\u00e7\u00e3o de subs\u00eddio, prevarica\u00e7\u00e3o e abuso de poderes.<\/p>\n<p>A investiga\u00e7\u00e3o foca-se no suposto favorecimento de uma companhia a\u00e9rea por parte de uma entidade p\u00fablica, com alegado financiamento irregular na adjudica\u00e7\u00e3o de contratos financiados pelo Programa Operacional dos A\u00e7ores 2030.<\/p>\n<p>A opera\u00e7\u00e3o contou com a participa\u00e7\u00e3o de 65 elementos da PJ, dois ju\u00edzes de instru\u00e7\u00e3o criminal, magistrados do Minist\u00e9rio P\u00fablico, membros da Ordem dos Advogados e do N\u00facleo de Assessoria T\u00e9cnica do MP. O inqu\u00e9rito decorre no DIAP Regional de Lisboa.<\/p>\n<h3>Contexto operacional e fases futuras<\/h3>\n<p>A PJ indicou que vai dar continuidade \u00e0s dilig\u00eancias, com an\u00e1lise dos elementos recolhidos para apurar responsabilidades criminais. O objetivo \u00e9 assegurar a conclus\u00e3o c\u00e9lere da investiga\u00e7\u00e3o sem preju\u00edzo de averigua\u00e7\u00f5es adicionais.<\/p>\n","protected":false},"excerpt":{"rendered":"<ul>\n<li>A Pol\u00edcia Judici\u00e1ria realizou buscas na Dire\u00e7\u00e3o Regional do Planeamento e Fundos Estruturais, na ilha Terceira, no \u00e2mbito de uma investiga\u00e7\u00e3o relacionada com a promo\u00e7\u00e3o tur\u00edstica.<\/li>\n<li>O diretor regional, Nuno Melo Alves, confirmou a atua\u00e7\u00e3o da PJ e afirmou que est\u00e1 a ser prestada toda a colabora\u00e7\u00e3o para a transpar\u00eancia do processo.<\/li>\n<li>A opera\u00e7\u00e3o, designada Last Call, decorre tamb\u00e9m em Lisboa e j\u00e1 permitiu a constitui\u00e7\u00e3o de cinco arguidos, com 14 mandados de busca e apreens\u00e3o.<\/li>\n<li>As dilig\u00eancias incluiram buscas em domic\u00edlios, organismos p\u00fablicos, entidades privadas e escrit\u00f3rios de advogados, no \u00e2mbito de crimes como fraude, prevarica\u00e7\u00e3o e abuso de poder.<\/li>\n<li>O inqu\u00e9rito est\u00e1 a cargo do Departamento de Investiga\u00e7\u00e3o e A\u00e7\u00e3o Penal de Lisboa, com a Unidade Nacional de Combate \u00e0 Corrup\u00e7\u00e3o a acompanhar as provas.<\/li>\n<\/ul>\n","protected":false},"author":2,"featured_media":413539,"comment_status":"closed","ping_status":"closed","sticky":false,"template":"","format":"standard","meta":{"footnotes":""},"categories":[1],"tags":[212,822,6318,1802,261,1251],"class_list":["post-413531","post","type-post","status-publish","format-standard","has-post-thumbnail","hentry","category-noticias","tag-abuso-de-poder","tag-acores","tag-fraude","tag-policia-judiciaria","tag-prevaricacao","tag-subsidios"],"yoast_head":"<!-- This site is optimized with the Yoast SEO plugin v27.2 - https:\/\/yoast.com\/product\/yoast-seo-wordpress\/ -->\n<title>Governo dos A\u00e7ores confirma buscas em investiga\u00e7\u00e3o sobre promo\u00e7\u00e3o tur\u00edstica - Portal Tela Portugal<\/title>\n<meta name=\"robots\" content=\"index, follow, max-snippet:-1, max-image-preview:large, max-video-preview:-1\" \/>\n<meta property=\"og:locale\" content=\"pt_PT\" \/>\n<meta property=\"og:type\" content=\"article\" \/>\n<meta property=\"og:title\" content=\"Governo dos A\u00e7ores confirma buscas em investiga\u00e7\u00e3o sobre promo\u00e7\u00e3o tur\u00edstica - Portal Tela Portugal\" \/>\n<meta property=\"og:description\" content=\"A Pol\u00edcia Judici\u00e1ria realizou buscas na Dire\u00e7\u00e3o Regional do Planeamento e Fundos Estruturais, na ilha Terceira, no \u00e2mbito de uma investiga\u00e7\u00e3o relacionada com a promo\u00e7\u00e3o tur\u00edstica. O diretor regional, Nuno Melo Alves, confirmou a atua\u00e7\u00e3o da PJ e afirmou que est\u00e1 a ser prestada toda a colabora\u00e7\u00e3o para a transpar\u00eancia do processo. A opera\u00e7\u00e3o, designada Last Call, decorre tamb\u00e9m em Lisboa e j\u00e1 permitiu a constitui\u00e7\u00e3o de cinco arguidos, com 14 mandados de busca e apreens\u00e3o. As dilig\u00eancias incluiram buscas em domic\u00edlios, organismos p\u00fablicos, entidades privadas e escrit\u00f3rios de advogados, no \u00e2mbito de crimes como fraude, prevarica\u00e7\u00e3o e abuso de poder. O inqu\u00e9rito est\u00e1 a cargo do Departamento de Investiga\u00e7\u00e3o e A\u00e7\u00e3o Penal de Lisboa, com a Unidade Nacional de Combate \u00e0 Corrup\u00e7\u00e3o a acompanhar as provas.\" \/>\n<meta property=\"og:url\" content=\"https:\/\/portaltela.pt\/noticias\/2026\/03\/17\/governo-dos-acores-confirma-buscas-em-investigacao-sobre-promocao-turistica\/\" \/>\n<meta property=\"og:site_name\" content=\"Portal Tela Portugal\" \/>\n<meta property=\"article:published_time\" content=\"2026-03-17T16:59:00+00:00\" \/>\n<meta name=\"author\" content=\"Telinha\" \/>\n<meta name=\"twitter:card\" content=\"summary_large_image\" \/>\n<meta name=\"twitter:label1\" content=\"Escrito por\" \/>\n\t<meta name=\"twitter:data1\" content=\"Telinha\" \/>\n\t<meta name=\"twitter:label2\" content=\"Tempo estimado de leitura\" \/>\n\t<meta name=\"twitter:data2\" content=\"1 minuto\" \/>\n<script type=\"application\/ld+json\" class=\"yoast-schema-graph\">{\"@context\":\"https:\/\/schema.org\",\"@graph\":[{\"@type\":\"Article\",\"@id\":\"https:\/\/portaltela.pt\/noticias\/2026\/03\/17\/governo-dos-acores-confirma-buscas-em-investigacao-sobre-promocao-turistica\/#article\",\"isPartOf\":{\"@id\":\"https:\/\/portaltela.pt\/noticias\/2026\/03\/17\/governo-dos-acores-confirma-buscas-em-investigacao-sobre-promocao-turistica\/\"},\"author\":{\"name\":\"Telinha\",\"@id\":\"https:\/\/portaltela.pt\/#\/schema\/person\/c4278d4a6028830caff9ee44b42d32ed\"},\"headline\":\"Governo dos A\u00e7ores confirma buscas em investiga\u00e7\u00e3o sobre promo\u00e7\u00e3o tur\u00edstica\",\"datePublished\":\"2026-03-17T16:59:00+00:00\",\"mainEntityOfPage\":{\"@id\":\"https:\/\/portaltela.pt\/noticias\/2026\/03\/17\/governo-dos-acores-confirma-buscas-em-investigacao-sobre-promocao-turistica\/\"},\"wordCount\":301,\"image\":{\"@id\":\"https:\/\/portaltela.pt\/noticias\/2026\/03\/17\/governo-dos-acores-confirma-buscas-em-investigacao-sobre-promocao-turistica\/#primaryimage\"},\"thumbnailUrl\":\"https:\/\/portaltela.pt\/s.01k8rhncp4jt1\/2026\/03\/img_1500x1000uu2014-10-11-14-06-00-410515.jpg\",\"keywords\":[\"abuso de poder\",\"A\u00e7ores\",\"fraude\",\"Pol\u00edcia Judici\u00e1ria\",\"prevarica\u00e7\u00e3o\",\"subs\u00eddios\"],\"articleSection\":[\"Not\u00edcias\"],\"inLanguage\":\"pt-PT\"},{\"@type\":\"WebPage\",\"@id\":\"https:\/\/portaltela.pt\/noticias\/2026\/03\/17\/governo-dos-acores-confirma-buscas-em-investigacao-sobre-promocao-turistica\/\",\"url\":\"https:\/\/portaltela.pt\/noticias\/2026\/03\/17\/governo-dos-acores-confirma-buscas-em-investigacao-sobre-promocao-turistica\/\",\"name\":\"Governo dos A\u00e7ores confirma buscas em investiga\u00e7\u00e3o sobre promo\u00e7\u00e3o tur\u00edstica - Portal Tela Portugal\",\"isPartOf\":{\"@id\":\"https:\/\/portaltela.pt\/#website\"},\"primaryImageOfPage\":{\"@id\":\"https:\/\/portaltela.pt\/noticias\/2026\/03\/17\/governo-dos-acores-confirma-buscas-em-investigacao-sobre-promocao-turistica\/#primaryimage\"},\"image\":{\"@id\":\"https:\/\/portaltela.pt\/noticias\/2026\/03\/17\/governo-dos-acores-confirma-buscas-em-investigacao-sobre-promocao-turistica\/#primaryimage\"},\"thumbnailUrl\":\"https:\/\/portaltela.pt\/s.01k8rhncp4jt1\/2026\/03\/img_1500x1000uu2014-10-11-14-06-00-410515.jpg\",\"datePublished\":\"2026-03-17T16:59:00+00:00\",\"author\":{\"@id\":\"https:\/\/portaltela.pt\/#\/schema\/person\/c4278d4a6028830caff9ee44b42d32ed\"},\"breadcrumb\":{\"@id\":\"https:\/\/portaltela.pt\/noticias\/2026\/03\/17\/governo-dos-acores-confirma-buscas-em-investigacao-sobre-promocao-turistica\/#breadcrumb\"},\"inLanguage\":\"pt-PT\",\"potentialAction\":[{\"@type\":\"ReadAction\",\"target\":[\"https:\/\/portaltela.pt\/noticias\/2026\/03\/17\/governo-dos-acores-confirma-buscas-em-investigacao-sobre-promocao-turistica\/\"]}]},{\"@type\":\"ImageObject\",\"inLanguage\":\"pt-PT\",\"@id\":\"https:\/\/portaltela.pt\/noticias\/2026\/03\/17\/governo-dos-acores-confirma-buscas-em-investigacao-sobre-promocao-turistica\/#primaryimage\",\"url\":\"https:\/\/portaltela.pt\/s.01k8rhncp4jt1\/2026\/03\/img_1500x1000uu2014-10-11-14-06-00-410515.jpg\",\"contentUrl\":\"https:\/\/portaltela.pt\/s.01k8rhncp4jt1\/2026\/03\/img_1500x1000uu2014-10-11-14-06-00-410515.jpg\",\"width\":1500,\"height\":1000,\"caption\":\"C\u00e2mara Ponta Delgada, A\u00e7ores\"},{\"@type\":\"BreadcrumbList\",\"@id\":\"https:\/\/portaltela.pt\/noticias\/2026\/03\/17\/governo-dos-acores-confirma-buscas-em-investigacao-sobre-promocao-turistica\/#breadcrumb\",\"itemListElement\":[{\"@type\":\"ListItem\",\"position\":1,\"name\":\"In\u00edcio\",\"item\":\"https:\/\/portaltela.pt\/\"},{\"@type\":\"ListItem\",\"position\":2,\"name\":\"Governo dos A\u00e7ores confirma buscas em investiga\u00e7\u00e3o sobre promo\u00e7\u00e3o tur\u00edstica\"}]},{\"@type\":\"WebSite\",\"@id\":\"https:\/\/portaltela.pt\/#website\",\"url\":\"https:\/\/portaltela.pt\/\",\"name\":\"Portal Tela Portugal\",\"description\":\"\",\"potentialAction\":[{\"@type\":\"SearchAction\",\"target\":{\"@type\":\"EntryPoint\",\"urlTemplate\":\"https:\/\/portaltela.pt\/?s={search_term_string}\"},\"query-input\":{\"@type\":\"PropertyValueSpecification\",\"valueRequired\":true,\"valueName\":\"search_term_string\"}}],\"inLanguage\":\"pt-PT\"},{\"@type\":\"Person\",\"@id\":\"https:\/\/portaltela.pt\/#\/schema\/person\/c4278d4a6028830caff9ee44b42d32ed\",\"name\":\"Telinha\",\"image\":{\"@type\":\"ImageObject\",\"inLanguage\":\"pt-PT\",\"@id\":\"https:\/\/portaltela.pt\/s.01k8rhncp4jt1\/2025\/11\/talking-bot-125x125.png\",\"url\":\"https:\/\/portaltela.pt\/s.01k8rhncp4jt1\/2025\/11\/talking-bot-125x125.png\",\"contentUrl\":\"https:\/\/portaltela.pt\/s.01k8rhncp4jt1\/2025\/11\/talking-bot-125x125.png\",\"caption\":\"Telinha\"},\"sameAs\":[\"https:\/\/portaltela.pt\/\"],\"url\":\"https:\/\/portaltela.pt\/por\/367410592786\/\"}]}<\/script>\n<!-- \/ Yoast SEO plugin. -->","yoast_head_json":{"title":"Governo dos A\u00e7ores confirma buscas em investiga\u00e7\u00e3o sobre promo\u00e7\u00e3o tur\u00edstica - Portal Tela Portugal","robots":{"index":"index","follow":"follow","max-snippet":"max-snippet:-1","max-image-preview":"max-image-preview:large","max-video-preview":"max-video-preview:-1"},"og_locale":"pt_PT","og_type":"article","og_title":"Governo dos A\u00e7ores confirma buscas em investiga\u00e7\u00e3o sobre promo\u00e7\u00e3o tur\u00edstica - Portal Tela Portugal","og_description":"A Pol\u00edcia Judici\u00e1ria realizou buscas na Dire\u00e7\u00e3o Regional do Planeamento e Fundos Estruturais, na ilha Terceira, no \u00e2mbito de uma investiga\u00e7\u00e3o relacionada com a promo\u00e7\u00e3o tur\u00edstica. O diretor regional, Nuno Melo Alves, confirmou a atua\u00e7\u00e3o da PJ e afirmou que est\u00e1 a ser prestada toda a colabora\u00e7\u00e3o para a transpar\u00eancia do processo. A opera\u00e7\u00e3o, designada Last Call, decorre tamb\u00e9m em Lisboa e j\u00e1 permitiu a constitui\u00e7\u00e3o de cinco arguidos, com 14 mandados de busca e apreens\u00e3o. As dilig\u00eancias incluiram buscas em domic\u00edlios, organismos p\u00fablicos, entidades privadas e escrit\u00f3rios de advogados, no \u00e2mbito de crimes como fraude, prevarica\u00e7\u00e3o e abuso de poder. O inqu\u00e9rito est\u00e1 a cargo do Departamento de Investiga\u00e7\u00e3o e A\u00e7\u00e3o Penal de Lisboa, com a Unidade Nacional de Combate \u00e0 Corrup\u00e7\u00e3o a acompanhar as provas.","og_url":"https:\/\/portaltela.pt\/noticias\/2026\/03\/17\/governo-dos-acores-confirma-buscas-em-investigacao-sobre-promocao-turistica\/","og_site_name":"Portal Tela Portugal","article_published_time":"2026-03-17T16:59:00+00:00","author":"Telinha","twitter_card":"summary_large_image","twitter_misc":{"Escrito por":"Telinha","Tempo estimado de leitura":"1 minuto"},"schema":{"@context":"https:\/\/schema.org","@graph":[{"@type":"Article","@id":"https:\/\/portaltela.pt\/noticias\/2026\/03\/17\/governo-dos-acores-confirma-buscas-em-investigacao-sobre-promocao-turistica\/#article","isPartOf":{"@id":"https:\/\/portaltela.pt\/noticias\/2026\/03\/17\/governo-dos-acores-confirma-buscas-em-investigacao-sobre-promocao-turistica\/"},"author":{"name":"Telinha","@id":"https:\/\/portaltela.pt\/#\/schema\/person\/c4278d4a6028830caff9ee44b42d32ed"},"headline":"Governo dos A\u00e7ores confirma buscas em investiga\u00e7\u00e3o sobre promo\u00e7\u00e3o tur\u00edstica","datePublished":"2026-03-17T16:59:00+00:00","mainEntityOfPage":{"@id":"https:\/\/portaltela.pt\/noticias\/2026\/03\/17\/governo-dos-acores-confirma-buscas-em-investigacao-sobre-promocao-turistica\/"},"wordCount":301,"image":{"@id":"https:\/\/portaltela.pt\/noticias\/2026\/03\/17\/governo-dos-acores-confirma-buscas-em-investigacao-sobre-promocao-turistica\/#primaryimage"},"thumbnailUrl":"https:\/\/portaltela.pt\/s.01k8rhncp4jt1\/2026\/03\/img_1500x1000uu2014-10-11-14-06-00-410515.jpg","keywords":["abuso de poder","A\u00e7ores","fraude","Pol\u00edcia Judici\u00e1ria","prevarica\u00e7\u00e3o","subs\u00eddios"],"articleSection":["Not\u00edcias"],"inLanguage":"pt-PT"},{"@type":"WebPage","@id":"https:\/\/portaltela.pt\/noticias\/2026\/03\/17\/governo-dos-acores-confirma-buscas-em-investigacao-sobre-promocao-turistica\/","url":"https:\/\/portaltela.pt\/noticias\/2026\/03\/17\/governo-dos-acores-confirma-buscas-em-investigacao-sobre-promocao-turistica\/","name":"Governo dos A\u00e7ores confirma buscas em investiga\u00e7\u00e3o sobre promo\u00e7\u00e3o tur\u00edstica - Portal Tela Portugal","isPartOf":{"@id":"https:\/\/portaltela.pt\/#website"},"primaryImageOfPage":{"@id":"https:\/\/portaltela.pt\/noticias\/2026\/03\/17\/governo-dos-acores-confirma-buscas-em-investigacao-sobre-promocao-turistica\/#primaryimage"},"image":{"@id":"https:\/\/portaltela.pt\/noticias\/2026\/03\/17\/governo-dos-acores-confirma-buscas-em-investigacao-sobre-promocao-turistica\/#primaryimage"},"thumbnailUrl":"https:\/\/portaltela.pt\/s.01k8rhncp4jt1\/2026\/03\/img_1500x1000uu2014-10-11-14-06-00-410515.jpg","datePublished":"2026-03-17T16:59:00+00:00","author":{"@id":"https:\/\/portaltela.pt\/#\/schema\/person\/c4278d4a6028830caff9ee44b42d32ed"},"breadcrumb":{"@id":"https:\/\/portaltela.pt\/noticias\/2026\/03\/17\/governo-dos-acores-confirma-buscas-em-investigacao-sobre-promocao-turistica\/#breadcrumb"},"inLanguage":"pt-PT","potentialAction":[{"@type":"ReadAction","target":["https:\/\/portaltela.pt\/noticias\/2026\/03\/17\/governo-dos-acores-confirma-buscas-em-investigacao-sobre-promocao-turistica\/"]}]},{"@type":"ImageObject","inLanguage":"pt-PT","@id":"https:\/\/portaltela.pt\/noticias\/2026\/03\/17\/governo-dos-acores-confirma-buscas-em-investigacao-sobre-promocao-turistica\/#primaryimage","url":"https:\/\/portaltela.pt\/s.01k8rhncp4jt1\/2026\/03\/img_1500x1000uu2014-10-11-14-06-00-410515.jpg","contentUrl":"https:\/\/portaltela.pt\/s.01k8rhncp4jt1\/2026\/03\/img_1500x1000uu2014-10-11-14-06-00-410515.jpg","width":1500,"height":1000,"caption":"C\u00e2mara Ponta Delgada, A\u00e7ores"},{"@type":"BreadcrumbList","@id":"https:\/\/portaltela.pt\/noticias\/2026\/03\/17\/governo-dos-acores-confirma-buscas-em-investigacao-sobre-promocao-turistica\/#breadcrumb","itemListElement":[{"@type":"ListItem","position":1,"name":"In\u00edcio","item":"https:\/\/portaltela.pt\/"},{"@type":"ListItem","position":2,"name":"Governo dos A\u00e7ores confirma buscas em investiga\u00e7\u00e3o sobre promo\u00e7\u00e3o tur\u00edstica"}]},{"@type":"WebSite","@id":"https:\/\/portaltela.pt\/#website","url":"https:\/\/portaltela.pt\/","name":"Portal Tela Portugal","description":"","potentialAction":[{"@type":"SearchAction","target":{"@type":"EntryPoint","urlTemplate":"https:\/\/portaltela.pt\/?s={search_term_string}"},"query-input":{"@type":"PropertyValueSpecification","valueRequired":true,"valueName":"search_term_string"}}],"inLanguage":"pt-PT"},{"@type":"Person","@id":"https:\/\/portaltela.pt\/#\/schema\/person\/c4278d4a6028830caff9ee44b42d32ed","name":"Telinha","image":{"@type":"ImageObject","inLanguage":"pt-PT","@id":"https:\/\/portaltela.pt\/s.01k8rhncp4jt1\/2025\/11\/talking-bot-125x125.png","url":"https:\/\/portaltela.pt\/s.01k8rhncp4jt1\/2025\/11\/talking-bot-125x125.png","contentUrl":"https:\/\/portaltela.pt\/s.01k8rhncp4jt1\/2025\/11\/talking-bot-125x125.png","caption":"Telinha"},"sameAs":["https:\/\/portaltela.pt\/"],"url":"https:\/\/portaltela.pt\/por\/367410592786\/"}]}},"_links":{"self":[{"href":"https:\/\/portaltela.pt\/api\/wp\/v2\/posts\/413531","targetHints":{"allow":["GET"]}}],"collection":[{"href":"https:\/\/portaltela.pt\/api\/wp\/v2\/posts"}],"about":[{"href":"https:\/\/portaltela.pt\/api\/wp\/v2\/types\/post"}],"author":[{"embeddable":true,"href":"https:\/\/portaltela.pt\/api\/wp\/v2\/users\/2"}],"replies":[{"embeddable":true,"href":"https:\/\/portaltela.pt\/api\/wp\/v2\/comments?post=413531"}],"version-history":[{"count":0,"href":"https:\/\/portaltela.pt\/api\/wp\/v2\/posts\/413531\/revisions"}],"wp:featuredmedia":[{"embeddable":true,"href":"https:\/\/portaltela.pt\/api\/wp\/v2\/media\/413539"}],"wp:attachment":[{"href":"https:\/\/portaltela.pt\/api\/wp\/v2\/media?parent=413531"}],"wp:term":[{"taxonomy":"category","embeddable":true,"href":"https:\/\/portaltela.pt\/api\/wp\/v2\/categories?post=413531"},{"taxonomy":"post_tag","embeddable":true,"href":"https:\/\/portaltela.pt\/api\/wp\/v2\/tags?post=413531"}],"curies":[{"name":"wp","href":"https:\/\/api.w.org\/{rel}","templated":true}]}}