{"id":413528,"date":"2026-03-17T13:52:00","date_gmt":"2026-03-17T16:52:00","guid":{"rendered":"https:\/\/portaltela.pt\/noticias\/2026\/03\/17\/ricardo-ribeiro-a-voz-que-abre-a-janela-para-a-vastidao-do-mundo\/"},"modified":"2026-03-17T13:52:00","modified_gmt":"2026-03-17T16:52:00","slug":"ricardo-ribeiro-a-voz-que-abre-a-janela-para-a-vastidao-do-mundo","status":"publish","type":"post","link":"https:\/\/portaltela.pt\/noticias\/2026\/03\/17\/ricardo-ribeiro-a-voz-que-abre-a-janela-para-a-vastidao-do-mundo\/","title":{"rendered":"Ricardo Ribeiro: a voz que abre a janela para a vastid\u00e3o do mundo"},"content":{"rendered":"<p>Ricardo Ribeiro volta a ser o centro de uma an\u00e1lise sobre a sua voz fadista na cr\u00edtica especializada. O texto discute o \u00e1lbum A Alma S\u00f3 Est\u00e1 Bem Onde N\u00e3o Cabe, apresentado como voz que atravessa v\u00e1rias tradi\u00e7\u00f5es de cantares.<\/p>\n<p>A pe\u00e7a nota que o trabalho n\u00e3o se fixa apenas no fado tradicional, mas insere refer\u00eancias de outras culturas e estilos. O enfoque \u00e9 descritivo, sem ju\u00edzos de valor, centrando-se no que o m\u00fasico transmite e nas escolhas sonoras.<\/p>\n<p>S\u00e3o lembrados dois trabalhos anteriores: Terra que Vale o C\u00e9u, de 2023, e Respeitosa Mente, de 2019, que contou com Jo\u00e3o Paulo Esteves da Silva e Jarrod Cagwin. A an\u00e1lise destaca que n\u00e3o houve, segundo o texto, um afastamento do fado, mas um recentramento do percurso art\u00edstico.<\/p>\n","protected":false},"excerpt":{"rendered":"<ul>\n<li>O texto analisa o \u00e1lbum A Alma S\u00f3 Est\u00e1 Bem Onde N\u00e3o Cabe, de Ricardo Ribeiro, descrevendo a voz como fadista, enorme e carregada de emo\u00e7\u00e3o.<\/li>\n<li>O artigo explica que Terra que Vale o C\u00e9u (2023) n\u00e3o foi apenas reencontro com as ra\u00edzes nem fuga do fado, mantendo a b\u00fassola da identidade do artista.<\/li>\n<li>O \u00e1lbum anterior Respeitosa Mente (2019) \u00e9 citado, gravado com Jo\u00e3o Paulo Esteves da Silva e Jarrod Cagwin, refor\u00e7ando a liga\u00e7\u00e3o do fado a outras sonoridades.<\/li>\n<li>O relato recorda a ideia de continuidade entre o fado e influ\u00eancias diversas, citando a frase Hoje \u00c9 Assim, Amanh\u00e3 n\u00e3o Sei, de 2016, associada ao repert\u00f3rio do artista.<\/li>\n<li>O texto sublinha a presen\u00e7a de uma consci\u00eancia emocional latente, com refer\u00eancias a ra\u00edzes magrebinas, alentejanas e andaluzas, sem abandonar o fado.<\/li>\n<\/ul>\n","protected":false},"author":2,"featured_media":413535,"comment_status":"closed","ping_status":"closed","sticky":false,"template":"","format":"standard","meta":{"footnotes":""},"categories":[6676,1],"tags":[762,6163,145,2586,122,5375],"class_list":["post-413528","post","type-post","status-publish","format-standard","has-post-thumbnail","hentry","category-musica","category-noticias","tag-artistas","tag-cantores","tag-cultura","tag-fado-jazz-ensemble","tag-musica","tag-terra"],"yoast_head":"<!-- This site is optimized with the Yoast SEO plugin v27.2 - https:\/\/yoast.com\/product\/yoast-seo-wordpress\/ -->\n<title>Ricardo Ribeiro: a voz que abre a janela para a vastid\u00e3o do mundo - Portal Tela Portugal<\/title>\n<meta name=\"robots\" content=\"index, follow, max-snippet:-1, max-image-preview:large, max-video-preview:-1\" \/>\n<meta property=\"og:locale\" content=\"pt_PT\" \/>\n<meta property=\"og:type\" content=\"article\" \/>\n<meta property=\"og:title\" content=\"Ricardo Ribeiro: a voz que abre a janela para a vastid\u00e3o do mundo - Portal Tela Portugal\" \/>\n<meta property=\"og:description\" content=\"O texto analisa o \u00e1lbum A Alma S\u00f3 Est\u00e1 Bem Onde N\u00e3o Cabe, de Ricardo Ribeiro, descrevendo a voz como fadista, enorme e carregada de emo\u00e7\u00e3o. O artigo explica que Terra que Vale o C\u00e9u (2023) n\u00e3o foi apenas reencontro com as ra\u00edzes nem fuga do fado, mantendo a b\u00fassola da identidade do artista. O \u00e1lbum anterior Respeitosa Mente (2019) \u00e9 citado, gravado com Jo\u00e3o Paulo Esteves da Silva e Jarrod Cagwin, refor\u00e7ando a liga\u00e7\u00e3o do fado a outras sonoridades. O relato recorda a ideia de continuidade entre o fado e influ\u00eancias diversas, citando a frase Hoje \u00c9 Assim, Amanh\u00e3 n\u00e3o Sei, de 2016, associada ao repert\u00f3rio do artista. O texto sublinha a presen\u00e7a de uma consci\u00eancia emocional latente, com refer\u00eancias a ra\u00edzes magrebinas, alentejanas e andaluzas, sem abandonar o fado.\" \/>\n<meta property=\"og:url\" content=\"https:\/\/portaltela.pt\/noticias\/2026\/03\/17\/ricardo-ribeiro-a-voz-que-abre-a-janela-para-a-vastidao-do-mundo\/\" \/>\n<meta property=\"og:site_name\" content=\"Portal Tela Portugal\" \/>\n<meta property=\"article:published_time\" content=\"2026-03-17T16:52:00+00:00\" \/>\n<meta name=\"author\" content=\"Telinha\" \/>\n<meta name=\"twitter:card\" content=\"summary_large_image\" \/>\n<meta name=\"twitter:label1\" content=\"Escrito por\" \/>\n\t<meta name=\"twitter:data1\" content=\"Telinha\" \/>\n\t<meta name=\"twitter:label2\" content=\"Tempo estimado de leitura\" \/>\n\t<meta name=\"twitter:data2\" content=\"1 minuto\" \/>\n<script type=\"application\/ld+json\" class=\"yoast-schema-graph\">{\"@context\":\"https:\/\/schema.org\",\"@graph\":[{\"@type\":\"Article\",\"@id\":\"https:\/\/portaltela.pt\/noticias\/2026\/03\/17\/ricardo-ribeiro-a-voz-que-abre-a-janela-para-a-vastidao-do-mundo\/#article\",\"isPartOf\":{\"@id\":\"https:\/\/portaltela.pt\/noticias\/2026\/03\/17\/ricardo-ribeiro-a-voz-que-abre-a-janela-para-a-vastidao-do-mundo\/\"},\"author\":{\"name\":\"Telinha\",\"@id\":\"https:\/\/portaltela.pt\/#\/schema\/person\/c4278d4a6028830caff9ee44b42d32ed\"},\"headline\":\"Ricardo Ribeiro: a voz que abre a janela para a vastid\u00e3o do mundo\",\"datePublished\":\"2026-03-17T16:52:00+00:00\",\"mainEntityOfPage\":{\"@id\":\"https:\/\/portaltela.pt\/noticias\/2026\/03\/17\/ricardo-ribeiro-a-voz-que-abre-a-janela-para-a-vastidao-do-mundo\/\"},\"wordCount\":153,\"image\":{\"@id\":\"https:\/\/portaltela.pt\/noticias\/2026\/03\/17\/ricardo-ribeiro-a-voz-que-abre-a-janela-para-a-vastidao-do-mundo\/#primaryimage\"},\"thumbnailUrl\":\"https:\/\/portaltela.pt\/s.01k8rhncp4jt1\/2026\/03\/tpUHdbIMAGENStypeJPGshare1oBarraFacebook_Ipsilon-6.jpg\",\"keywords\":[\"artistas\",\"cantores\",\"cultura\",\"Fado Jazz Ensemble\",\"m\u00fasica\",\"Terra\"],\"articleSection\":[\"M\u00fasica\",\"Not\u00edcias\"],\"inLanguage\":\"pt-PT\"},{\"@type\":\"WebPage\",\"@id\":\"https:\/\/portaltela.pt\/noticias\/2026\/03\/17\/ricardo-ribeiro-a-voz-que-abre-a-janela-para-a-vastidao-do-mundo\/\",\"url\":\"https:\/\/portaltela.pt\/noticias\/2026\/03\/17\/ricardo-ribeiro-a-voz-que-abre-a-janela-para-a-vastidao-do-mundo\/\",\"name\":\"Ricardo Ribeiro: a voz que abre a janela para a vastid\u00e3o do mundo - Portal Tela Portugal\",\"isPartOf\":{\"@id\":\"https:\/\/portaltela.pt\/#website\"},\"primaryImageOfPage\":{\"@id\":\"https:\/\/portaltela.pt\/noticias\/2026\/03\/17\/ricardo-ribeiro-a-voz-que-abre-a-janela-para-a-vastidao-do-mundo\/#primaryimage\"},\"image\":{\"@id\":\"https:\/\/portaltela.pt\/noticias\/2026\/03\/17\/ricardo-ribeiro-a-voz-que-abre-a-janela-para-a-vastidao-do-mundo\/#primaryimage\"},\"thumbnailUrl\":\"https:\/\/portaltela.pt\/s.01k8rhncp4jt1\/2026\/03\/tpUHdbIMAGENStypeJPGshare1oBarraFacebook_Ipsilon-6.jpg\",\"datePublished\":\"2026-03-17T16:52:00+00:00\",\"author\":{\"@id\":\"https:\/\/portaltela.pt\/#\/schema\/person\/c4278d4a6028830caff9ee44b42d32ed\"},\"breadcrumb\":{\"@id\":\"https:\/\/portaltela.pt\/noticias\/2026\/03\/17\/ricardo-ribeiro-a-voz-que-abre-a-janela-para-a-vastidao-do-mundo\/#breadcrumb\"},\"inLanguage\":\"pt-PT\",\"potentialAction\":[{\"@type\":\"ReadAction\",\"target\":[\"https:\/\/portaltela.pt\/noticias\/2026\/03\/17\/ricardo-ribeiro-a-voz-que-abre-a-janela-para-a-vastidao-do-mundo\/\"]}]},{\"@type\":\"ImageObject\",\"inLanguage\":\"pt-PT\",\"@id\":\"https:\/\/portaltela.pt\/noticias\/2026\/03\/17\/ricardo-ribeiro-a-voz-que-abre-a-janela-para-a-vastidao-do-mundo\/#primaryimage\",\"url\":\"https:\/\/portaltela.pt\/s.01k8rhncp4jt1\/2026\/03\/tpUHdbIMAGENStypeJPGshare1oBarraFacebook_Ipsilon-6.jpg\",\"contentUrl\":\"https:\/\/portaltela.pt\/s.01k8rhncp4jt1\/2026\/03\/tpUHdbIMAGENStypeJPGshare1oBarraFacebook_Ipsilon-6.jpg\",\"width\":1200,\"height\":630,\"caption\":\"Ricardo Ribeiro, fadista, voz imensa: *A Alma S\u00f3 Est\u00e1 Bem Onde N\u00e3o Cabe*\"},{\"@type\":\"BreadcrumbList\",\"@id\":\"https:\/\/portaltela.pt\/noticias\/2026\/03\/17\/ricardo-ribeiro-a-voz-que-abre-a-janela-para-a-vastidao-do-mundo\/#breadcrumb\",\"itemListElement\":[{\"@type\":\"ListItem\",\"position\":1,\"name\":\"In\u00edcio\",\"item\":\"https:\/\/portaltela.pt\/\"},{\"@type\":\"ListItem\",\"position\":2,\"name\":\"Ricardo Ribeiro: a voz que abre a janela para a vastid\u00e3o do mundo\"}]},{\"@type\":\"WebSite\",\"@id\":\"https:\/\/portaltela.pt\/#website\",\"url\":\"https:\/\/portaltela.pt\/\",\"name\":\"Portal Tela Portugal\",\"description\":\"\",\"potentialAction\":[{\"@type\":\"SearchAction\",\"target\":{\"@type\":\"EntryPoint\",\"urlTemplate\":\"https:\/\/portaltela.pt\/?s={search_term_string}\"},\"query-input\":{\"@type\":\"PropertyValueSpecification\",\"valueRequired\":true,\"valueName\":\"search_term_string\"}}],\"inLanguage\":\"pt-PT\"},{\"@type\":\"Person\",\"@id\":\"https:\/\/portaltela.pt\/#\/schema\/person\/c4278d4a6028830caff9ee44b42d32ed\",\"name\":\"Telinha\",\"image\":{\"@type\":\"ImageObject\",\"inLanguage\":\"pt-PT\",\"@id\":\"https:\/\/portaltela.pt\/s.01k8rhncp4jt1\/2025\/11\/talking-bot-125x125.png\",\"url\":\"https:\/\/portaltela.pt\/s.01k8rhncp4jt1\/2025\/11\/talking-bot-125x125.png\",\"contentUrl\":\"https:\/\/portaltela.pt\/s.01k8rhncp4jt1\/2025\/11\/talking-bot-125x125.png\",\"caption\":\"Telinha\"},\"sameAs\":[\"https:\/\/portaltela.pt\/\"],\"url\":\"https:\/\/portaltela.pt\/por\/367410592786\/\"}]}<\/script>\n<!-- \/ Yoast SEO plugin. -->","yoast_head_json":{"title":"Ricardo Ribeiro: a voz que abre a janela para a vastid\u00e3o do mundo - Portal Tela Portugal","robots":{"index":"index","follow":"follow","max-snippet":"max-snippet:-1","max-image-preview":"max-image-preview:large","max-video-preview":"max-video-preview:-1"},"og_locale":"pt_PT","og_type":"article","og_title":"Ricardo Ribeiro: a voz que abre a janela para a vastid\u00e3o do mundo - Portal Tela Portugal","og_description":"O texto analisa o \u00e1lbum A Alma S\u00f3 Est\u00e1 Bem Onde N\u00e3o Cabe, de Ricardo Ribeiro, descrevendo a voz como fadista, enorme e carregada de emo\u00e7\u00e3o. O artigo explica que Terra que Vale o C\u00e9u (2023) n\u00e3o foi apenas reencontro com as ra\u00edzes nem fuga do fado, mantendo a b\u00fassola da identidade do artista. O \u00e1lbum anterior Respeitosa Mente (2019) \u00e9 citado, gravado com Jo\u00e3o Paulo Esteves da Silva e Jarrod Cagwin, refor\u00e7ando a liga\u00e7\u00e3o do fado a outras sonoridades. O relato recorda a ideia de continuidade entre o fado e influ\u00eancias diversas, citando a frase Hoje \u00c9 Assim, Amanh\u00e3 n\u00e3o Sei, de 2016, associada ao repert\u00f3rio do artista. O texto sublinha a presen\u00e7a de uma consci\u00eancia emocional latente, com refer\u00eancias a ra\u00edzes magrebinas, alentejanas e andaluzas, sem abandonar o fado.","og_url":"https:\/\/portaltela.pt\/noticias\/2026\/03\/17\/ricardo-ribeiro-a-voz-que-abre-a-janela-para-a-vastidao-do-mundo\/","og_site_name":"Portal Tela Portugal","article_published_time":"2026-03-17T16:52:00+00:00","author":"Telinha","twitter_card":"summary_large_image","twitter_misc":{"Escrito por":"Telinha","Tempo estimado de leitura":"1 minuto"},"schema":{"@context":"https:\/\/schema.org","@graph":[{"@type":"Article","@id":"https:\/\/portaltela.pt\/noticias\/2026\/03\/17\/ricardo-ribeiro-a-voz-que-abre-a-janela-para-a-vastidao-do-mundo\/#article","isPartOf":{"@id":"https:\/\/portaltela.pt\/noticias\/2026\/03\/17\/ricardo-ribeiro-a-voz-que-abre-a-janela-para-a-vastidao-do-mundo\/"},"author":{"name":"Telinha","@id":"https:\/\/portaltela.pt\/#\/schema\/person\/c4278d4a6028830caff9ee44b42d32ed"},"headline":"Ricardo Ribeiro: a voz que abre a janela para a vastid\u00e3o do mundo","datePublished":"2026-03-17T16:52:00+00:00","mainEntityOfPage":{"@id":"https:\/\/portaltela.pt\/noticias\/2026\/03\/17\/ricardo-ribeiro-a-voz-que-abre-a-janela-para-a-vastidao-do-mundo\/"},"wordCount":153,"image":{"@id":"https:\/\/portaltela.pt\/noticias\/2026\/03\/17\/ricardo-ribeiro-a-voz-que-abre-a-janela-para-a-vastidao-do-mundo\/#primaryimage"},"thumbnailUrl":"https:\/\/portaltela.pt\/s.01k8rhncp4jt1\/2026\/03\/tpUHdbIMAGENStypeJPGshare1oBarraFacebook_Ipsilon-6.jpg","keywords":["artistas","cantores","cultura","Fado Jazz Ensemble","m\u00fasica","Terra"],"articleSection":["M\u00fasica","Not\u00edcias"],"inLanguage":"pt-PT"},{"@type":"WebPage","@id":"https:\/\/portaltela.pt\/noticias\/2026\/03\/17\/ricardo-ribeiro-a-voz-que-abre-a-janela-para-a-vastidao-do-mundo\/","url":"https:\/\/portaltela.pt\/noticias\/2026\/03\/17\/ricardo-ribeiro-a-voz-que-abre-a-janela-para-a-vastidao-do-mundo\/","name":"Ricardo Ribeiro: a voz que abre a janela para a vastid\u00e3o do mundo - Portal Tela Portugal","isPartOf":{"@id":"https:\/\/portaltela.pt\/#website"},"primaryImageOfPage":{"@id":"https:\/\/portaltela.pt\/noticias\/2026\/03\/17\/ricardo-ribeiro-a-voz-que-abre-a-janela-para-a-vastidao-do-mundo\/#primaryimage"},"image":{"@id":"https:\/\/portaltela.pt\/noticias\/2026\/03\/17\/ricardo-ribeiro-a-voz-que-abre-a-janela-para-a-vastidao-do-mundo\/#primaryimage"},"thumbnailUrl":"https:\/\/portaltela.pt\/s.01k8rhncp4jt1\/2026\/03\/tpUHdbIMAGENStypeJPGshare1oBarraFacebook_Ipsilon-6.jpg","datePublished":"2026-03-17T16:52:00+00:00","author":{"@id":"https:\/\/portaltela.pt\/#\/schema\/person\/c4278d4a6028830caff9ee44b42d32ed"},"breadcrumb":{"@id":"https:\/\/portaltela.pt\/noticias\/2026\/03\/17\/ricardo-ribeiro-a-voz-que-abre-a-janela-para-a-vastidao-do-mundo\/#breadcrumb"},"inLanguage":"pt-PT","potentialAction":[{"@type":"ReadAction","target":["https:\/\/portaltela.pt\/noticias\/2026\/03\/17\/ricardo-ribeiro-a-voz-que-abre-a-janela-para-a-vastidao-do-mundo\/"]}]},{"@type":"ImageObject","inLanguage":"pt-PT","@id":"https:\/\/portaltela.pt\/noticias\/2026\/03\/17\/ricardo-ribeiro-a-voz-que-abre-a-janela-para-a-vastidao-do-mundo\/#primaryimage","url":"https:\/\/portaltela.pt\/s.01k8rhncp4jt1\/2026\/03\/tpUHdbIMAGENStypeJPGshare1oBarraFacebook_Ipsilon-6.jpg","contentUrl":"https:\/\/portaltela.pt\/s.01k8rhncp4jt1\/2026\/03\/tpUHdbIMAGENStypeJPGshare1oBarraFacebook_Ipsilon-6.jpg","width":1200,"height":630,"caption":"Ricardo Ribeiro, fadista, voz imensa: *A Alma S\u00f3 Est\u00e1 Bem Onde N\u00e3o Cabe*"},{"@type":"BreadcrumbList","@id":"https:\/\/portaltela.pt\/noticias\/2026\/03\/17\/ricardo-ribeiro-a-voz-que-abre-a-janela-para-a-vastidao-do-mundo\/#breadcrumb","itemListElement":[{"@type":"ListItem","position":1,"name":"In\u00edcio","item":"https:\/\/portaltela.pt\/"},{"@type":"ListItem","position":2,"name":"Ricardo Ribeiro: a voz que abre a janela para a vastid\u00e3o do mundo"}]},{"@type":"WebSite","@id":"https:\/\/portaltela.pt\/#website","url":"https:\/\/portaltela.pt\/","name":"Portal Tela Portugal","description":"","potentialAction":[{"@type":"SearchAction","target":{"@type":"EntryPoint","urlTemplate":"https:\/\/portaltela.pt\/?s={search_term_string}"},"query-input":{"@type":"PropertyValueSpecification","valueRequired":true,"valueName":"search_term_string"}}],"inLanguage":"pt-PT"},{"@type":"Person","@id":"https:\/\/portaltela.pt\/#\/schema\/person\/c4278d4a6028830caff9ee44b42d32ed","name":"Telinha","image":{"@type":"ImageObject","inLanguage":"pt-PT","@id":"https:\/\/portaltela.pt\/s.01k8rhncp4jt1\/2025\/11\/talking-bot-125x125.png","url":"https:\/\/portaltela.pt\/s.01k8rhncp4jt1\/2025\/11\/talking-bot-125x125.png","contentUrl":"https:\/\/portaltela.pt\/s.01k8rhncp4jt1\/2025\/11\/talking-bot-125x125.png","caption":"Telinha"},"sameAs":["https:\/\/portaltela.pt\/"],"url":"https:\/\/portaltela.pt\/por\/367410592786\/"}]}},"_links":{"self":[{"href":"https:\/\/portaltela.pt\/api\/wp\/v2\/posts\/413528","targetHints":{"allow":["GET"]}}],"collection":[{"href":"https:\/\/portaltela.pt\/api\/wp\/v2\/posts"}],"about":[{"href":"https:\/\/portaltela.pt\/api\/wp\/v2\/types\/post"}],"author":[{"embeddable":true,"href":"https:\/\/portaltela.pt\/api\/wp\/v2\/users\/2"}],"replies":[{"embeddable":true,"href":"https:\/\/portaltela.pt\/api\/wp\/v2\/comments?post=413528"}],"version-history":[{"count":0,"href":"https:\/\/portaltela.pt\/api\/wp\/v2\/posts\/413528\/revisions"}],"wp:featuredmedia":[{"embeddable":true,"href":"https:\/\/portaltela.pt\/api\/wp\/v2\/media\/413535"}],"wp:attachment":[{"href":"https:\/\/portaltela.pt\/api\/wp\/v2\/media?parent=413528"}],"wp:term":[{"taxonomy":"category","embeddable":true,"href":"https:\/\/portaltela.pt\/api\/wp\/v2\/categories?post=413528"},{"taxonomy":"post_tag","embeddable":true,"href":"https:\/\/portaltela.pt\/api\/wp\/v2\/tags?post=413528"}],"curies":[{"name":"wp","href":"https:\/\/api.w.org\/{rel}","templated":true}]}}