{"id":413421,"date":"2026-03-17T12:48:19","date_gmt":"2026-03-17T15:48:19","guid":{"rendered":"https:\/\/portaltela.pt\/noticias\/2026\/03\/17\/rafael-leao-partilha-story-com-citacao-biblica-apos-polemica\/"},"modified":"2026-03-17T12:48:19","modified_gmt":"2026-03-17T15:48:19","slug":"rafael-leao-partilha-story-com-citacao-biblica-apos-polemica","status":"publish","type":"post","link":"https:\/\/portaltela.pt\/desporto\/futebol\/2026\/03\/17\/rafael-leao-partilha-story-com-citacao-biblica-apos-polemica\/","title":{"rendered":"Rafael Le\u00e3o partilha story com cita\u00e7\u00e3o b\u00edblica ap\u00f3s pol\u00e9mica"},"content":{"rendered":"<p>Rafael Le\u00e3o entrou no centro da controv\u00e9rsia ap\u00f3s o \u00faltimo jogo do AC Milan, uma derrota por 1-0 frente \u00e0 Lazio. O extremo saiu do terreno visivelmente irritado e acabou por empurrar o treinador Massimiliano Allegri, quando este tentou abra\u00e7\u00e1-lo ap\u00f3s a substitui\u00e7\u00e3o aos 67 minutos.<\/p>\n<p>O epis\u00f3dio ocupou as primeiras p\u00e1ginas da imprensa italiana, intensificando o debate sobre o futuro de Le\u00e3o no clube. A cobertura aponta para a hip\u00f3tese de que o Milan pode estar dispon\u00edvel para negocia\u00e7\u00f5es futuras envolvendo o jogador.<\/p>\n<p>Dois dias depois do incidente, Le\u00e3o publicou uma hist\u00f3ria no Instagram com uma refer\u00eancia b\u00edblica, que gerou ainda mais discuss\u00e3o entre adeptos e especialistas. A publica\u00e7\u00e3o parece ter consistido numa mensagem de motiva\u00e7\u00e3o e supera\u00e7\u00e3o.<\/p>\n<p>O clube n\u00e3o fez declara\u00e7\u00f5es p\u00fablicas adicionais sobre o epis\u00f3dio, mantendo o foco no pr\u00f3ximo compromisso. A situa\u00e7\u00e3o surge numa altura em que o Milan tem de lidar com aspetos contratuais e desportivos do seu plantel.<\/p>\n<p>N\u00e3o \u00e9 ainda conhecida a posi\u00e7\u00e3o oficial do Milan sobre uma eventual venda ou sobre medidas internas a serem tomadas. A imprensa assume que o tema continuar\u00e1 a dominar as not\u00edcias relacionadas com o clube nos pr\u00f3ximos dias.<\/p>\n","protected":false},"excerpt":{"rendered":"<ul>\n<li>O AC Milan perdeu por 1-0 com a Lazio, com Rafael Le\u00e3o substitu\u00eddo aos 67 minutos depois de ficar muito irritado.<\/li>\n<li>O extremo empurrou o treinador Massimiliano Allegri quando este o tentou abra\u00e7ar.<\/li>\n<li>O incidente, que ocorreu no \u00faltimo jogo, gerou ampla cobertura na imprensa italiana e alimentou rumores sobre uma poss\u00edvel sa\u00edda de Le\u00e3o.<\/li>\n<li>Dois dias depois, Le\u00e3o publicou no Instagram uma story com a cita\u00e7\u00e3o b\u00edblica Lucas 1:37: &#8220;Faz o que est\u00e1 ao teu alcance. O imposs\u00edvel \u00e9 o meu papel.&#8221;<\/li>\n<li>A not\u00edcia n\u00e3o confirma a venda, apenas menciona especula\u00e7\u00f5es de negocia\u00e7\u00f5es em torno do jogador.<\/li>\n<\/ul>\n","protected":false},"author":2,"featured_media":413426,"comment_status":"closed","ping_status":"closed","sticky":false,"template":"","format":"standard","meta":{"footnotes":""},"categories":[21,24],"tags":[32,4337,6566,2673,88,2050],"class_list":["post-413421","post","type-post","status-publish","format-standard","has-post-thumbnail","hentry","category-desporto","category-futebol","tag-futebol","tag-lazio","tag-negociacao","tag-rafael-leao","tag-redes-sociais","tag-transferencias"],"yoast_head":"<!-- This site is optimized with the Yoast SEO plugin v27.2 - https:\/\/yoast.com\/product\/yoast-seo-wordpress\/ -->\n<title>Rafael Le\u00e3o partilha story com cita\u00e7\u00e3o b\u00edblica ap\u00f3s pol\u00e9mica - Portal Tela Portugal<\/title>\n<meta name=\"robots\" content=\"index, follow, max-snippet:-1, max-image-preview:large, max-video-preview:-1\" \/>\n<meta property=\"og:locale\" content=\"pt_PT\" \/>\n<meta property=\"og:type\" content=\"article\" \/>\n<meta property=\"og:title\" content=\"Rafael Le\u00e3o partilha story com cita\u00e7\u00e3o b\u00edblica ap\u00f3s pol\u00e9mica - Portal Tela Portugal\" \/>\n<meta property=\"og:description\" content=\"O AC Milan perdeu por 1-0 com a Lazio, com Rafael Le\u00e3o substitu\u00eddo aos 67 minutos depois de ficar muito irritado. O extremo empurrou o treinador Massimiliano Allegri quando este o tentou abra\u00e7ar. O incidente, que ocorreu no \u00faltimo jogo, gerou ampla cobertura na imprensa italiana e alimentou rumores sobre uma poss\u00edvel sa\u00edda de Le\u00e3o. Dois dias depois, Le\u00e3o publicou no Instagram uma story com a cita\u00e7\u00e3o b\u00edblica Lucas 1:37: &quot;Faz o que est\u00e1 ao teu alcance. O imposs\u00edvel \u00e9 o meu papel.&quot; A not\u00edcia n\u00e3o confirma a venda, apenas menciona especula\u00e7\u00f5es de negocia\u00e7\u00f5es em torno do jogador.\" \/>\n<meta property=\"og:url\" content=\"https:\/\/portaltela.pt\/noticias\/2026\/03\/17\/rafael-leao-partilha-story-com-citacao-biblica-apos-polemica\/\" \/>\n<meta property=\"og:site_name\" content=\"Portal Tela Portugal\" \/>\n<meta property=\"article:published_time\" content=\"2026-03-17T15:48:19+00:00\" \/>\n<meta name=\"author\" content=\"Telinha\" \/>\n<meta name=\"twitter:card\" content=\"summary_large_image\" \/>\n<meta name=\"twitter:label1\" content=\"Escrito por\" \/>\n\t<meta name=\"twitter:data1\" content=\"Telinha\" \/>\n\t<meta name=\"twitter:label2\" content=\"Tempo estimado de leitura\" \/>\n\t<meta name=\"twitter:data2\" content=\"1 minuto\" \/>\n<script type=\"application\/ld+json\" class=\"yoast-schema-graph\">{\"@context\":\"https:\/\/schema.org\",\"@graph\":[{\"@type\":\"Article\",\"@id\":\"https:\/\/portaltela.pt\/noticias\/2026\/03\/17\/rafael-leao-partilha-story-com-citacao-biblica-apos-polemica\/#article\",\"isPartOf\":{\"@id\":\"https:\/\/portaltela.pt\/noticias\/2026\/03\/17\/rafael-leao-partilha-story-com-citacao-biblica-apos-polemica\/\"},\"author\":{\"name\":\"Telinha\",\"@id\":\"https:\/\/portaltela.pt\/#\/schema\/person\/c4278d4a6028830caff9ee44b42d32ed\"},\"headline\":\"Rafael Le\u00e3o partilha story com cita\u00e7\u00e3o b\u00edblica ap\u00f3s pol\u00e9mica\",\"datePublished\":\"2026-03-17T15:48:19+00:00\",\"mainEntityOfPage\":{\"@id\":\"https:\/\/portaltela.pt\/noticias\/2026\/03\/17\/rafael-leao-partilha-story-com-citacao-biblica-apos-polemica\/\"},\"wordCount\":234,\"image\":{\"@id\":\"https:\/\/portaltela.pt\/noticias\/2026\/03\/17\/rafael-leao-partilha-story-com-citacao-biblica-apos-polemica\/#primaryimage\"},\"thumbnailUrl\":\"https:\/\/portaltela.pt\/s.01k8rhncp4jt1\/2026\/03\/img_920x518uu2026-01-17-12-35-13-2415314-im-639093584253603896.jpg\",\"keywords\":[\"futebol\",\"Lazio\",\"negocia\u00e7\u00e3o\",\"Rafael Le\u00e3o\",\"redes sociais\",\"transfer\u00eancias\"],\"articleSection\":[\"Desporto\",\"Futebol\"],\"inLanguage\":\"pt-PT\"},{\"@type\":\"WebPage\",\"@id\":\"https:\/\/portaltela.pt\/noticias\/2026\/03\/17\/rafael-leao-partilha-story-com-citacao-biblica-apos-polemica\/\",\"url\":\"https:\/\/portaltela.pt\/noticias\/2026\/03\/17\/rafael-leao-partilha-story-com-citacao-biblica-apos-polemica\/\",\"name\":\"Rafael Le\u00e3o partilha story com cita\u00e7\u00e3o b\u00edblica ap\u00f3s pol\u00e9mica - Portal Tela Portugal\",\"isPartOf\":{\"@id\":\"https:\/\/portaltela.pt\/#website\"},\"primaryImageOfPage\":{\"@id\":\"https:\/\/portaltela.pt\/noticias\/2026\/03\/17\/rafael-leao-partilha-story-com-citacao-biblica-apos-polemica\/#primaryimage\"},\"image\":{\"@id\":\"https:\/\/portaltela.pt\/noticias\/2026\/03\/17\/rafael-leao-partilha-story-com-citacao-biblica-apos-polemica\/#primaryimage\"},\"thumbnailUrl\":\"https:\/\/portaltela.pt\/s.01k8rhncp4jt1\/2026\/03\/img_920x518uu2026-01-17-12-35-13-2415314-im-639093584253603896.jpg\",\"datePublished\":\"2026-03-17T15:48:19+00:00\",\"author\":{\"@id\":\"https:\/\/portaltela.pt\/#\/schema\/person\/c4278d4a6028830caff9ee44b42d32ed\"},\"breadcrumb\":{\"@id\":\"https:\/\/portaltela.pt\/noticias\/2026\/03\/17\/rafael-leao-partilha-story-com-citacao-biblica-apos-polemica\/#breadcrumb\"},\"inLanguage\":\"pt-PT\",\"potentialAction\":[{\"@type\":\"ReadAction\",\"target\":[\"https:\/\/portaltela.pt\/noticias\/2026\/03\/17\/rafael-leao-partilha-story-com-citacao-biblica-apos-polemica\/\"]}]},{\"@type\":\"ImageObject\",\"inLanguage\":\"pt-PT\",\"@id\":\"https:\/\/portaltela.pt\/noticias\/2026\/03\/17\/rafael-leao-partilha-story-com-citacao-biblica-apos-polemica\/#primaryimage\",\"url\":\"https:\/\/portaltela.pt\/s.01k8rhncp4jt1\/2026\/03\/img_920x518uu2026-01-17-12-35-13-2415314-im-639093584253603896.jpg\",\"contentUrl\":\"https:\/\/portaltela.pt\/s.01k8rhncp4jt1\/2026\/03\/img_920x518uu2026-01-17-12-35-13-2415314-im-639093584253603896.jpg\",\"width\":796,\"height\":448,\"caption\":\"Rafael Le\u00e3o no centro da pol\u00e9mica\"},{\"@type\":\"BreadcrumbList\",\"@id\":\"https:\/\/portaltela.pt\/noticias\/2026\/03\/17\/rafael-leao-partilha-story-com-citacao-biblica-apos-polemica\/#breadcrumb\",\"itemListElement\":[{\"@type\":\"ListItem\",\"position\":1,\"name\":\"In\u00edcio\",\"item\":\"https:\/\/portaltela.pt\/\"},{\"@type\":\"ListItem\",\"position\":2,\"name\":\"Rafael Le\u00e3o partilha story com cita\u00e7\u00e3o b\u00edblica ap\u00f3s pol\u00e9mica\"}]},{\"@type\":\"WebSite\",\"@id\":\"https:\/\/portaltela.pt\/#website\",\"url\":\"https:\/\/portaltela.pt\/\",\"name\":\"Portal Tela Portugal\",\"description\":\"\",\"potentialAction\":[{\"@type\":\"SearchAction\",\"target\":{\"@type\":\"EntryPoint\",\"urlTemplate\":\"https:\/\/portaltela.pt\/?s={search_term_string}\"},\"query-input\":{\"@type\":\"PropertyValueSpecification\",\"valueRequired\":true,\"valueName\":\"search_term_string\"}}],\"inLanguage\":\"pt-PT\"},{\"@type\":\"Person\",\"@id\":\"https:\/\/portaltela.pt\/#\/schema\/person\/c4278d4a6028830caff9ee44b42d32ed\",\"name\":\"Telinha\",\"image\":{\"@type\":\"ImageObject\",\"inLanguage\":\"pt-PT\",\"@id\":\"https:\/\/portaltela.pt\/s.01k8rhncp4jt1\/2025\/11\/talking-bot-125x125.png\",\"url\":\"https:\/\/portaltela.pt\/s.01k8rhncp4jt1\/2025\/11\/talking-bot-125x125.png\",\"contentUrl\":\"https:\/\/portaltela.pt\/s.01k8rhncp4jt1\/2025\/11\/talking-bot-125x125.png\",\"caption\":\"Telinha\"},\"sameAs\":[\"https:\/\/portaltela.pt\/\"],\"url\":\"https:\/\/portaltela.pt\/por\/367410592786\/\"}]}<\/script>\n<!-- \/ Yoast SEO plugin. -->","yoast_head_json":{"title":"Rafael Le\u00e3o partilha story com cita\u00e7\u00e3o b\u00edblica ap\u00f3s pol\u00e9mica - Portal Tela Portugal","robots":{"index":"index","follow":"follow","max-snippet":"max-snippet:-1","max-image-preview":"max-image-preview:large","max-video-preview":"max-video-preview:-1"},"og_locale":"pt_PT","og_type":"article","og_title":"Rafael Le\u00e3o partilha story com cita\u00e7\u00e3o b\u00edblica ap\u00f3s pol\u00e9mica - Portal Tela Portugal","og_description":"O AC Milan perdeu por 1-0 com a Lazio, com Rafael Le\u00e3o substitu\u00eddo aos 67 minutos depois de ficar muito irritado. O extremo empurrou o treinador Massimiliano Allegri quando este o tentou abra\u00e7ar. O incidente, que ocorreu no \u00faltimo jogo, gerou ampla cobertura na imprensa italiana e alimentou rumores sobre uma poss\u00edvel sa\u00edda de Le\u00e3o. Dois dias depois, Le\u00e3o publicou no Instagram uma story com a cita\u00e7\u00e3o b\u00edblica Lucas 1:37: \"Faz o que est\u00e1 ao teu alcance. O imposs\u00edvel \u00e9 o meu papel.\" A not\u00edcia n\u00e3o confirma a venda, apenas menciona especula\u00e7\u00f5es de negocia\u00e7\u00f5es em torno do jogador.","og_url":"https:\/\/portaltela.pt\/noticias\/2026\/03\/17\/rafael-leao-partilha-story-com-citacao-biblica-apos-polemica\/","og_site_name":"Portal Tela Portugal","article_published_time":"2026-03-17T15:48:19+00:00","author":"Telinha","twitter_card":"summary_large_image","twitter_misc":{"Escrito por":"Telinha","Tempo estimado de leitura":"1 minuto"},"schema":{"@context":"https:\/\/schema.org","@graph":[{"@type":"Article","@id":"https:\/\/portaltela.pt\/noticias\/2026\/03\/17\/rafael-leao-partilha-story-com-citacao-biblica-apos-polemica\/#article","isPartOf":{"@id":"https:\/\/portaltela.pt\/noticias\/2026\/03\/17\/rafael-leao-partilha-story-com-citacao-biblica-apos-polemica\/"},"author":{"name":"Telinha","@id":"https:\/\/portaltela.pt\/#\/schema\/person\/c4278d4a6028830caff9ee44b42d32ed"},"headline":"Rafael Le\u00e3o partilha story com cita\u00e7\u00e3o b\u00edblica ap\u00f3s pol\u00e9mica","datePublished":"2026-03-17T15:48:19+00:00","mainEntityOfPage":{"@id":"https:\/\/portaltela.pt\/noticias\/2026\/03\/17\/rafael-leao-partilha-story-com-citacao-biblica-apos-polemica\/"},"wordCount":234,"image":{"@id":"https:\/\/portaltela.pt\/noticias\/2026\/03\/17\/rafael-leao-partilha-story-com-citacao-biblica-apos-polemica\/#primaryimage"},"thumbnailUrl":"https:\/\/portaltela.pt\/s.01k8rhncp4jt1\/2026\/03\/img_920x518uu2026-01-17-12-35-13-2415314-im-639093584253603896.jpg","keywords":["futebol","Lazio","negocia\u00e7\u00e3o","Rafael Le\u00e3o","redes sociais","transfer\u00eancias"],"articleSection":["Desporto","Futebol"],"inLanguage":"pt-PT"},{"@type":"WebPage","@id":"https:\/\/portaltela.pt\/noticias\/2026\/03\/17\/rafael-leao-partilha-story-com-citacao-biblica-apos-polemica\/","url":"https:\/\/portaltela.pt\/noticias\/2026\/03\/17\/rafael-leao-partilha-story-com-citacao-biblica-apos-polemica\/","name":"Rafael Le\u00e3o partilha story com cita\u00e7\u00e3o b\u00edblica ap\u00f3s pol\u00e9mica - Portal Tela Portugal","isPartOf":{"@id":"https:\/\/portaltela.pt\/#website"},"primaryImageOfPage":{"@id":"https:\/\/portaltela.pt\/noticias\/2026\/03\/17\/rafael-leao-partilha-story-com-citacao-biblica-apos-polemica\/#primaryimage"},"image":{"@id":"https:\/\/portaltela.pt\/noticias\/2026\/03\/17\/rafael-leao-partilha-story-com-citacao-biblica-apos-polemica\/#primaryimage"},"thumbnailUrl":"https:\/\/portaltela.pt\/s.01k8rhncp4jt1\/2026\/03\/img_920x518uu2026-01-17-12-35-13-2415314-im-639093584253603896.jpg","datePublished":"2026-03-17T15:48:19+00:00","author":{"@id":"https:\/\/portaltela.pt\/#\/schema\/person\/c4278d4a6028830caff9ee44b42d32ed"},"breadcrumb":{"@id":"https:\/\/portaltela.pt\/noticias\/2026\/03\/17\/rafael-leao-partilha-story-com-citacao-biblica-apos-polemica\/#breadcrumb"},"inLanguage":"pt-PT","potentialAction":[{"@type":"ReadAction","target":["https:\/\/portaltela.pt\/noticias\/2026\/03\/17\/rafael-leao-partilha-story-com-citacao-biblica-apos-polemica\/"]}]},{"@type":"ImageObject","inLanguage":"pt-PT","@id":"https:\/\/portaltela.pt\/noticias\/2026\/03\/17\/rafael-leao-partilha-story-com-citacao-biblica-apos-polemica\/#primaryimage","url":"https:\/\/portaltela.pt\/s.01k8rhncp4jt1\/2026\/03\/img_920x518uu2026-01-17-12-35-13-2415314-im-639093584253603896.jpg","contentUrl":"https:\/\/portaltela.pt\/s.01k8rhncp4jt1\/2026\/03\/img_920x518uu2026-01-17-12-35-13-2415314-im-639093584253603896.jpg","width":796,"height":448,"caption":"Rafael Le\u00e3o no centro da pol\u00e9mica"},{"@type":"BreadcrumbList","@id":"https:\/\/portaltela.pt\/noticias\/2026\/03\/17\/rafael-leao-partilha-story-com-citacao-biblica-apos-polemica\/#breadcrumb","itemListElement":[{"@type":"ListItem","position":1,"name":"In\u00edcio","item":"https:\/\/portaltela.pt\/"},{"@type":"ListItem","position":2,"name":"Rafael Le\u00e3o partilha story com cita\u00e7\u00e3o b\u00edblica ap\u00f3s pol\u00e9mica"}]},{"@type":"WebSite","@id":"https:\/\/portaltela.pt\/#website","url":"https:\/\/portaltela.pt\/","name":"Portal Tela Portugal","description":"","potentialAction":[{"@type":"SearchAction","target":{"@type":"EntryPoint","urlTemplate":"https:\/\/portaltela.pt\/?s={search_term_string}"},"query-input":{"@type":"PropertyValueSpecification","valueRequired":true,"valueName":"search_term_string"}}],"inLanguage":"pt-PT"},{"@type":"Person","@id":"https:\/\/portaltela.pt\/#\/schema\/person\/c4278d4a6028830caff9ee44b42d32ed","name":"Telinha","image":{"@type":"ImageObject","inLanguage":"pt-PT","@id":"https:\/\/portaltela.pt\/s.01k8rhncp4jt1\/2025\/11\/talking-bot-125x125.png","url":"https:\/\/portaltela.pt\/s.01k8rhncp4jt1\/2025\/11\/talking-bot-125x125.png","contentUrl":"https:\/\/portaltela.pt\/s.01k8rhncp4jt1\/2025\/11\/talking-bot-125x125.png","caption":"Telinha"},"sameAs":["https:\/\/portaltela.pt\/"],"url":"https:\/\/portaltela.pt\/por\/367410592786\/"}]}},"_links":{"self":[{"href":"https:\/\/portaltela.pt\/api\/wp\/v2\/posts\/413421","targetHints":{"allow":["GET"]}}],"collection":[{"href":"https:\/\/portaltela.pt\/api\/wp\/v2\/posts"}],"about":[{"href":"https:\/\/portaltela.pt\/api\/wp\/v2\/types\/post"}],"author":[{"embeddable":true,"href":"https:\/\/portaltela.pt\/api\/wp\/v2\/users\/2"}],"replies":[{"embeddable":true,"href":"https:\/\/portaltela.pt\/api\/wp\/v2\/comments?post=413421"}],"version-history":[{"count":0,"href":"https:\/\/portaltela.pt\/api\/wp\/v2\/posts\/413421\/revisions"}],"wp:featuredmedia":[{"embeddable":true,"href":"https:\/\/portaltela.pt\/api\/wp\/v2\/media\/413426"}],"wp:attachment":[{"href":"https:\/\/portaltela.pt\/api\/wp\/v2\/media?parent=413421"}],"wp:term":[{"taxonomy":"category","embeddable":true,"href":"https:\/\/portaltela.pt\/api\/wp\/v2\/categories?post=413421"},{"taxonomy":"post_tag","embeddable":true,"href":"https:\/\/portaltela.pt\/api\/wp\/v2\/tags?post=413421"}],"curies":[{"name":"wp","href":"https:\/\/api.w.org\/{rel}","templated":true}]}}