{"id":413364,"date":"2026-03-17T12:09:29","date_gmt":"2026-03-17T15:09:29","guid":{"rendered":"https:\/\/portaltela.pt\/noticias\/2026\/03\/17\/bombeiros-de-sever-do-vouga-afastam-se-em-discordancia-com-a-direcao\/"},"modified":"2026-03-17T12:09:29","modified_gmt":"2026-03-17T15:09:29","slug":"bombeiros-de-sever-do-vouga-afastam-se-em-discordancia-com-a-direcao","status":"publish","type":"post","link":"https:\/\/portaltela.pt\/noticias\/2026\/03\/17\/bombeiros-de-sever-do-vouga-afastam-se-em-discordancia-com-a-direcao\/","title":{"rendered":"Bombeiros de Sever do Vouga afastam-se em discord\u00e2ncia com a dire\u00e7\u00e3o"},"content":{"rendered":"<p>Mais de 80% dos bombeiros de Sever do Vouga, no distrito de Aveiro, passaram \u00e0 inatividade em desacordo com a dire\u00e7\u00e3o da Associa\u00e7\u00e3o Humanit\u00e1ria. A conclus\u00e3o ocorreu na segunda-feira, segundo a C\u00e2mara Municipal de Sever do Vouga.<\/p>\n<p>Fonte da corpora\u00e7\u00e3o informou \u00e0 Lusa que 62 bombeiros entraram em inatividade, incluindo o comandante Telmo Asensio e o adjunto de comando Jos\u00e9 Pereira. Cerca de 15 elementos mantiveram-se em servi\u00e7o.<\/p>\n<p>O conflito com a dire\u00e7\u00e3o da associa\u00e7\u00e3o, liderada por Joaquim Macedo, arrasta-se h\u00e1 meses, com cr\u00edticas sobre decis\u00f5es e interfer\u00eancia em opera\u00e7\u00f5es. O corpo agradeceu publicamente aos dois oficiais pela dedica\u00e7\u00e3o.<\/p>\n<p>A C\u00e2mara tem atuado como mediadora, mantendo reuni\u00f5es com as duas partes para evitar problemas no socorro \u00e0 popula\u00e7\u00e3o. Paula Coutinho, vice-presidente da c\u00e2mara, garantiu que o apoio \u00e0 popula\u00e7\u00e3o est\u00e1 assegurado.<\/p>\n<p>De forma pr\u00e1tica, o comandante sub-regional de Emerg\u00eancia e Prote\u00e7\u00e3o Civil de Aveiro explicou que a primeira interven\u00e7\u00e3o deve ficar a cargo do corpo local. Em caso de inc\u00eandio, podem entrar refor\u00e7os de cidades vizinhas, como Albergaria.<\/p>\n<p>No in\u00edcio deste ano, cerca de sete dezenas de bombeiros assinaram uma carta aberta a exigir a substitui\u00e7\u00e3o da atual dire\u00e7\u00e3o, citando decis\u00f5es consideradas prejudiciais \u00e0s din\u00e2micas da corpora\u00e7\u00e3o.<\/p>\n<p>Al\u00e9m de falhas apontadas em equipamentos de prote\u00e7\u00e3o individual, os bombeiros mencionaram car\u00eancias em viaturas e m\u00e1s condi\u00e7\u00f5es no quartel, bem como inger\u00eancia na gest\u00e3o e nas respostas de socorro.<\/p>\n","protected":false},"excerpt":{"rendered":"<ul>\n<li>Mais de oitenta por cento dos bombeiros de Sever do Vouga passaram \u00e0 inatividade, incluindo o comandante Telmo Asensio e o adjunto de comando Jos\u00e9 Pereira, mantendo-se apenas cerca de quinze elementos em atividade.<\/li>\n<li>O movimento resulta de meses de conflito entre a dire\u00e7\u00e3o da Associa\u00e7\u00e3o Humanit\u00e1ria e o corpo de bombeiros, liderada por Joaquim Macedo.<\/li>\n<li>A C\u00e2mara Municipal de Sever do Vouga, atrav\u00e9s da vice-presidente Paula Coutinho, afirmou que o socorro \u00e0 popula\u00e7\u00e3o est\u00e1 assegurado e que a autarquia tem desempenhado o papel de mediadora.<\/li>\n<li>A dire\u00e7\u00e3o da associa\u00e7\u00e3o n\u00e3o foi contactada pela Lusa com resposta at\u00e9 ao momento; os bombeiros acusam falta de investimento em equipamentos de prote\u00e7\u00e3o, viaturas e m\u00e1s condi\u00e7\u00f5es no quartel, bem como interfer\u00eancia operacional.<\/li>\n<li>No in\u00edcio deste ano, cerca de setenta bombeiros assinaram uma carta aberta a exigir a substitui\u00e7\u00e3o da atual dire\u00e7\u00e3o, alegando decis\u00f5es que afetaram as din\u00e2micas do corpo.<\/li>\n<\/ul>\n","protected":false},"author":2,"featured_media":413369,"comment_status":"closed","ping_status":"closed","sticky":false,"template":"","format":"standard","meta":{"footnotes":""},"categories":[1],"tags":[1059,4351,6331,5928,5099,5025],"class_list":["post-413364","post","type-post","status-publish","format-standard","has-post-thumbnail","hentry","category-noticias","tag-aveiro","tag-bombeiros-voluntarios","tag-condicoes-de-trabalho","tag-emergencia","tag-protecao-civil-municipal","tag-sever-do-vouga"],"yoast_head":"<!-- This site is optimized with the Yoast SEO plugin v27.2 - https:\/\/yoast.com\/product\/yoast-seo-wordpress\/ -->\n<title>Bombeiros de Sever do Vouga afastam-se em discord\u00e2ncia com a dire\u00e7\u00e3o - Portal Tela Portugal<\/title>\n<meta name=\"robots\" content=\"index, follow, max-snippet:-1, max-image-preview:large, max-video-preview:-1\" \/>\n<meta property=\"og:locale\" content=\"pt_PT\" \/>\n<meta property=\"og:type\" content=\"article\" \/>\n<meta property=\"og:title\" content=\"Bombeiros de Sever do Vouga afastam-se em discord\u00e2ncia com a dire\u00e7\u00e3o - Portal Tela Portugal\" \/>\n<meta property=\"og:description\" content=\"Mais de oitenta por cento dos bombeiros de Sever do Vouga passaram \u00e0 inatividade, incluindo o comandante Telmo Asensio e o adjunto de comando Jos\u00e9 Pereira, mantendo-se apenas cerca de quinze elementos em atividade. O movimento resulta de meses de conflito entre a dire\u00e7\u00e3o da Associa\u00e7\u00e3o Humanit\u00e1ria e o corpo de bombeiros, liderada por Joaquim Macedo. A C\u00e2mara Municipal de Sever do Vouga, atrav\u00e9s da vice-presidente Paula Coutinho, afirmou que o socorro \u00e0 popula\u00e7\u00e3o est\u00e1 assegurado e que a autarquia tem desempenhado o papel de mediadora. A dire\u00e7\u00e3o da associa\u00e7\u00e3o n\u00e3o foi contactada pela Lusa com resposta at\u00e9 ao momento; os bombeiros acusam falta de investimento em equipamentos de prote\u00e7\u00e3o, viaturas e m\u00e1s condi\u00e7\u00f5es no quartel, bem como interfer\u00eancia operacional. No in\u00edcio deste ano, cerca de setenta bombeiros assinaram uma carta aberta a exigir a substitui\u00e7\u00e3o da atual dire\u00e7\u00e3o, alegando decis\u00f5es que afetaram as din\u00e2micas do corpo.\" \/>\n<meta property=\"og:url\" content=\"https:\/\/portaltela.pt\/noticias\/2026\/03\/17\/bombeiros-de-sever-do-vouga-afastam-se-em-discordancia-com-a-direcao\/\" \/>\n<meta property=\"og:site_name\" content=\"Portal Tela Portugal\" \/>\n<meta property=\"article:published_time\" content=\"2026-03-17T15:09:29+00:00\" \/>\n<meta name=\"author\" content=\"Telinha\" \/>\n<meta name=\"twitter:card\" content=\"summary_large_image\" \/>\n<meta name=\"twitter:label1\" content=\"Escrito por\" \/>\n\t<meta name=\"twitter:data1\" content=\"Telinha\" \/>\n\t<meta name=\"twitter:label2\" content=\"Tempo estimado de leitura\" \/>\n\t<meta name=\"twitter:data2\" content=\"1 minuto\" \/>\n<script type=\"application\/ld+json\" class=\"yoast-schema-graph\">{\"@context\":\"https:\/\/schema.org\",\"@graph\":[{\"@type\":\"Article\",\"@id\":\"https:\/\/portaltela.pt\/noticias\/2026\/03\/17\/bombeiros-de-sever-do-vouga-afastam-se-em-discordancia-com-a-direcao\/#article\",\"isPartOf\":{\"@id\":\"https:\/\/portaltela.pt\/noticias\/2026\/03\/17\/bombeiros-de-sever-do-vouga-afastam-se-em-discordancia-com-a-direcao\/\"},\"author\":{\"name\":\"Telinha\",\"@id\":\"https:\/\/portaltela.pt\/#\/schema\/person\/c4278d4a6028830caff9ee44b42d32ed\"},\"headline\":\"Bombeiros de Sever do Vouga afastam-se em discord\u00e2ncia com a dire\u00e7\u00e3o\",\"datePublished\":\"2026-03-17T15:09:29+00:00\",\"mainEntityOfPage\":{\"@id\":\"https:\/\/portaltela.pt\/noticias\/2026\/03\/17\/bombeiros-de-sever-do-vouga-afastam-se-em-discordancia-com-a-direcao\/\"},\"wordCount\":271,\"image\":{\"@id\":\"https:\/\/portaltela.pt\/noticias\/2026\/03\/17\/bombeiros-de-sever-do-vouga-afastam-se-em-discordancia-com-a-direcao\/#primaryimage\"},\"thumbnailUrl\":\"https:\/\/portaltela.pt\/s.01k8rhncp4jt1\/2026\/03\/img_1500x1000uu2025-10-16-12-03-27-2242001.jpg\",\"keywords\":[\"Aveiro\",\"Bombeiros Volunt\u00e1rios\",\"condi\u00e7\u00f5es de trabalho\",\"emerg\u00eancia\",\"Prote\u00e7\u00e3o Civil Municipal\",\"Sever do Vouga\"],\"articleSection\":[\"Not\u00edcias\"],\"inLanguage\":\"pt-PT\"},{\"@type\":\"WebPage\",\"@id\":\"https:\/\/portaltela.pt\/noticias\/2026\/03\/17\/bombeiros-de-sever-do-vouga-afastam-se-em-discordancia-com-a-direcao\/\",\"url\":\"https:\/\/portaltela.pt\/noticias\/2026\/03\/17\/bombeiros-de-sever-do-vouga-afastam-se-em-discordancia-com-a-direcao\/\",\"name\":\"Bombeiros de Sever do Vouga afastam-se em discord\u00e2ncia com a dire\u00e7\u00e3o - Portal Tela Portugal\",\"isPartOf\":{\"@id\":\"https:\/\/portaltela.pt\/#website\"},\"primaryImageOfPage\":{\"@id\":\"https:\/\/portaltela.pt\/noticias\/2026\/03\/17\/bombeiros-de-sever-do-vouga-afastam-se-em-discordancia-com-a-direcao\/#primaryimage\"},\"image\":{\"@id\":\"https:\/\/portaltela.pt\/noticias\/2026\/03\/17\/bombeiros-de-sever-do-vouga-afastam-se-em-discordancia-com-a-direcao\/#primaryimage\"},\"thumbnailUrl\":\"https:\/\/portaltela.pt\/s.01k8rhncp4jt1\/2026\/03\/img_1500x1000uu2025-10-16-12-03-27-2242001.jpg\",\"datePublished\":\"2026-03-17T15:09:29+00:00\",\"author\":{\"@id\":\"https:\/\/portaltela.pt\/#\/schema\/person\/c4278d4a6028830caff9ee44b42d32ed\"},\"breadcrumb\":{\"@id\":\"https:\/\/portaltela.pt\/noticias\/2026\/03\/17\/bombeiros-de-sever-do-vouga-afastam-se-em-discordancia-com-a-direcao\/#breadcrumb\"},\"inLanguage\":\"pt-PT\",\"potentialAction\":[{\"@type\":\"ReadAction\",\"target\":[\"https:\/\/portaltela.pt\/noticias\/2026\/03\/17\/bombeiros-de-sever-do-vouga-afastam-se-em-discordancia-com-a-direcao\/\"]}]},{\"@type\":\"ImageObject\",\"inLanguage\":\"pt-PT\",\"@id\":\"https:\/\/portaltela.pt\/noticias\/2026\/03\/17\/bombeiros-de-sever-do-vouga-afastam-se-em-discordancia-com-a-direcao\/#primaryimage\",\"url\":\"https:\/\/portaltela.pt\/s.01k8rhncp4jt1\/2026\/03\/img_1500x1000uu2025-10-16-12-03-27-2242001.jpg\",\"contentUrl\":\"https:\/\/portaltela.pt\/s.01k8rhncp4jt1\/2026\/03\/img_1500x1000uu2025-10-16-12-03-27-2242001.jpg\",\"width\":796,\"height\":448,\"caption\":\"Mais de 80% dos Bombeiros de Sever do Vouga afastam-se em discord\u00e2ncia com dire\u00e7\u00e3o\"},{\"@type\":\"BreadcrumbList\",\"@id\":\"https:\/\/portaltela.pt\/noticias\/2026\/03\/17\/bombeiros-de-sever-do-vouga-afastam-se-em-discordancia-com-a-direcao\/#breadcrumb\",\"itemListElement\":[{\"@type\":\"ListItem\",\"position\":1,\"name\":\"In\u00edcio\",\"item\":\"https:\/\/portaltela.pt\/\"},{\"@type\":\"ListItem\",\"position\":2,\"name\":\"Bombeiros de Sever do Vouga afastam-se em discord\u00e2ncia com a dire\u00e7\u00e3o\"}]},{\"@type\":\"WebSite\",\"@id\":\"https:\/\/portaltela.pt\/#website\",\"url\":\"https:\/\/portaltela.pt\/\",\"name\":\"Portal Tela Portugal\",\"description\":\"\",\"potentialAction\":[{\"@type\":\"SearchAction\",\"target\":{\"@type\":\"EntryPoint\",\"urlTemplate\":\"https:\/\/portaltela.pt\/?s={search_term_string}\"},\"query-input\":{\"@type\":\"PropertyValueSpecification\",\"valueRequired\":true,\"valueName\":\"search_term_string\"}}],\"inLanguage\":\"pt-PT\"},{\"@type\":\"Person\",\"@id\":\"https:\/\/portaltela.pt\/#\/schema\/person\/c4278d4a6028830caff9ee44b42d32ed\",\"name\":\"Telinha\",\"image\":{\"@type\":\"ImageObject\",\"inLanguage\":\"pt-PT\",\"@id\":\"https:\/\/portaltela.pt\/s.01k8rhncp4jt1\/2025\/11\/talking-bot-125x125.png\",\"url\":\"https:\/\/portaltela.pt\/s.01k8rhncp4jt1\/2025\/11\/talking-bot-125x125.png\",\"contentUrl\":\"https:\/\/portaltela.pt\/s.01k8rhncp4jt1\/2025\/11\/talking-bot-125x125.png\",\"caption\":\"Telinha\"},\"sameAs\":[\"https:\/\/portaltela.pt\/\"],\"url\":\"https:\/\/portaltela.pt\/por\/367410592786\/\"}]}<\/script>\n<!-- \/ Yoast SEO plugin. -->","yoast_head_json":{"title":"Bombeiros de Sever do Vouga afastam-se em discord\u00e2ncia com a dire\u00e7\u00e3o - Portal Tela Portugal","robots":{"index":"index","follow":"follow","max-snippet":"max-snippet:-1","max-image-preview":"max-image-preview:large","max-video-preview":"max-video-preview:-1"},"og_locale":"pt_PT","og_type":"article","og_title":"Bombeiros de Sever do Vouga afastam-se em discord\u00e2ncia com a dire\u00e7\u00e3o - Portal Tela Portugal","og_description":"Mais de oitenta por cento dos bombeiros de Sever do Vouga passaram \u00e0 inatividade, incluindo o comandante Telmo Asensio e o adjunto de comando Jos\u00e9 Pereira, mantendo-se apenas cerca de quinze elementos em atividade. O movimento resulta de meses de conflito entre a dire\u00e7\u00e3o da Associa\u00e7\u00e3o Humanit\u00e1ria e o corpo de bombeiros, liderada por Joaquim Macedo. A C\u00e2mara Municipal de Sever do Vouga, atrav\u00e9s da vice-presidente Paula Coutinho, afirmou que o socorro \u00e0 popula\u00e7\u00e3o est\u00e1 assegurado e que a autarquia tem desempenhado o papel de mediadora. A dire\u00e7\u00e3o da associa\u00e7\u00e3o n\u00e3o foi contactada pela Lusa com resposta at\u00e9 ao momento; os bombeiros acusam falta de investimento em equipamentos de prote\u00e7\u00e3o, viaturas e m\u00e1s condi\u00e7\u00f5es no quartel, bem como interfer\u00eancia operacional. No in\u00edcio deste ano, cerca de setenta bombeiros assinaram uma carta aberta a exigir a substitui\u00e7\u00e3o da atual dire\u00e7\u00e3o, alegando decis\u00f5es que afetaram as din\u00e2micas do corpo.","og_url":"https:\/\/portaltela.pt\/noticias\/2026\/03\/17\/bombeiros-de-sever-do-vouga-afastam-se-em-discordancia-com-a-direcao\/","og_site_name":"Portal Tela Portugal","article_published_time":"2026-03-17T15:09:29+00:00","author":"Telinha","twitter_card":"summary_large_image","twitter_misc":{"Escrito por":"Telinha","Tempo estimado de leitura":"1 minuto"},"schema":{"@context":"https:\/\/schema.org","@graph":[{"@type":"Article","@id":"https:\/\/portaltela.pt\/noticias\/2026\/03\/17\/bombeiros-de-sever-do-vouga-afastam-se-em-discordancia-com-a-direcao\/#article","isPartOf":{"@id":"https:\/\/portaltela.pt\/noticias\/2026\/03\/17\/bombeiros-de-sever-do-vouga-afastam-se-em-discordancia-com-a-direcao\/"},"author":{"name":"Telinha","@id":"https:\/\/portaltela.pt\/#\/schema\/person\/c4278d4a6028830caff9ee44b42d32ed"},"headline":"Bombeiros de Sever do Vouga afastam-se em discord\u00e2ncia com a dire\u00e7\u00e3o","datePublished":"2026-03-17T15:09:29+00:00","mainEntityOfPage":{"@id":"https:\/\/portaltela.pt\/noticias\/2026\/03\/17\/bombeiros-de-sever-do-vouga-afastam-se-em-discordancia-com-a-direcao\/"},"wordCount":271,"image":{"@id":"https:\/\/portaltela.pt\/noticias\/2026\/03\/17\/bombeiros-de-sever-do-vouga-afastam-se-em-discordancia-com-a-direcao\/#primaryimage"},"thumbnailUrl":"https:\/\/portaltela.pt\/s.01k8rhncp4jt1\/2026\/03\/img_1500x1000uu2025-10-16-12-03-27-2242001.jpg","keywords":["Aveiro","Bombeiros Volunt\u00e1rios","condi\u00e7\u00f5es de trabalho","emerg\u00eancia","Prote\u00e7\u00e3o Civil Municipal","Sever do Vouga"],"articleSection":["Not\u00edcias"],"inLanguage":"pt-PT"},{"@type":"WebPage","@id":"https:\/\/portaltela.pt\/noticias\/2026\/03\/17\/bombeiros-de-sever-do-vouga-afastam-se-em-discordancia-com-a-direcao\/","url":"https:\/\/portaltela.pt\/noticias\/2026\/03\/17\/bombeiros-de-sever-do-vouga-afastam-se-em-discordancia-com-a-direcao\/","name":"Bombeiros de Sever do Vouga afastam-se em discord\u00e2ncia com a dire\u00e7\u00e3o - Portal Tela Portugal","isPartOf":{"@id":"https:\/\/portaltela.pt\/#website"},"primaryImageOfPage":{"@id":"https:\/\/portaltela.pt\/noticias\/2026\/03\/17\/bombeiros-de-sever-do-vouga-afastam-se-em-discordancia-com-a-direcao\/#primaryimage"},"image":{"@id":"https:\/\/portaltela.pt\/noticias\/2026\/03\/17\/bombeiros-de-sever-do-vouga-afastam-se-em-discordancia-com-a-direcao\/#primaryimage"},"thumbnailUrl":"https:\/\/portaltela.pt\/s.01k8rhncp4jt1\/2026\/03\/img_1500x1000uu2025-10-16-12-03-27-2242001.jpg","datePublished":"2026-03-17T15:09:29+00:00","author":{"@id":"https:\/\/portaltela.pt\/#\/schema\/person\/c4278d4a6028830caff9ee44b42d32ed"},"breadcrumb":{"@id":"https:\/\/portaltela.pt\/noticias\/2026\/03\/17\/bombeiros-de-sever-do-vouga-afastam-se-em-discordancia-com-a-direcao\/#breadcrumb"},"inLanguage":"pt-PT","potentialAction":[{"@type":"ReadAction","target":["https:\/\/portaltela.pt\/noticias\/2026\/03\/17\/bombeiros-de-sever-do-vouga-afastam-se-em-discordancia-com-a-direcao\/"]}]},{"@type":"ImageObject","inLanguage":"pt-PT","@id":"https:\/\/portaltela.pt\/noticias\/2026\/03\/17\/bombeiros-de-sever-do-vouga-afastam-se-em-discordancia-com-a-direcao\/#primaryimage","url":"https:\/\/portaltela.pt\/s.01k8rhncp4jt1\/2026\/03\/img_1500x1000uu2025-10-16-12-03-27-2242001.jpg","contentUrl":"https:\/\/portaltela.pt\/s.01k8rhncp4jt1\/2026\/03\/img_1500x1000uu2025-10-16-12-03-27-2242001.jpg","width":796,"height":448,"caption":"Mais de 80% dos Bombeiros de Sever do Vouga afastam-se em discord\u00e2ncia com dire\u00e7\u00e3o"},{"@type":"BreadcrumbList","@id":"https:\/\/portaltela.pt\/noticias\/2026\/03\/17\/bombeiros-de-sever-do-vouga-afastam-se-em-discordancia-com-a-direcao\/#breadcrumb","itemListElement":[{"@type":"ListItem","position":1,"name":"In\u00edcio","item":"https:\/\/portaltela.pt\/"},{"@type":"ListItem","position":2,"name":"Bombeiros de Sever do Vouga afastam-se em discord\u00e2ncia com a dire\u00e7\u00e3o"}]},{"@type":"WebSite","@id":"https:\/\/portaltela.pt\/#website","url":"https:\/\/portaltela.pt\/","name":"Portal Tela Portugal","description":"","potentialAction":[{"@type":"SearchAction","target":{"@type":"EntryPoint","urlTemplate":"https:\/\/portaltela.pt\/?s={search_term_string}"},"query-input":{"@type":"PropertyValueSpecification","valueRequired":true,"valueName":"search_term_string"}}],"inLanguage":"pt-PT"},{"@type":"Person","@id":"https:\/\/portaltela.pt\/#\/schema\/person\/c4278d4a6028830caff9ee44b42d32ed","name":"Telinha","image":{"@type":"ImageObject","inLanguage":"pt-PT","@id":"https:\/\/portaltela.pt\/s.01k8rhncp4jt1\/2025\/11\/talking-bot-125x125.png","url":"https:\/\/portaltela.pt\/s.01k8rhncp4jt1\/2025\/11\/talking-bot-125x125.png","contentUrl":"https:\/\/portaltela.pt\/s.01k8rhncp4jt1\/2025\/11\/talking-bot-125x125.png","caption":"Telinha"},"sameAs":["https:\/\/portaltela.pt\/"],"url":"https:\/\/portaltela.pt\/por\/367410592786\/"}]}},"_links":{"self":[{"href":"https:\/\/portaltela.pt\/api\/wp\/v2\/posts\/413364","targetHints":{"allow":["GET"]}}],"collection":[{"href":"https:\/\/portaltela.pt\/api\/wp\/v2\/posts"}],"about":[{"href":"https:\/\/portaltela.pt\/api\/wp\/v2\/types\/post"}],"author":[{"embeddable":true,"href":"https:\/\/portaltela.pt\/api\/wp\/v2\/users\/2"}],"replies":[{"embeddable":true,"href":"https:\/\/portaltela.pt\/api\/wp\/v2\/comments?post=413364"}],"version-history":[{"count":0,"href":"https:\/\/portaltela.pt\/api\/wp\/v2\/posts\/413364\/revisions"}],"wp:featuredmedia":[{"embeddable":true,"href":"https:\/\/portaltela.pt\/api\/wp\/v2\/media\/413369"}],"wp:attachment":[{"href":"https:\/\/portaltela.pt\/api\/wp\/v2\/media?parent=413364"}],"wp:term":[{"taxonomy":"category","embeddable":true,"href":"https:\/\/portaltela.pt\/api\/wp\/v2\/categories?post=413364"},{"taxonomy":"post_tag","embeddable":true,"href":"https:\/\/portaltela.pt\/api\/wp\/v2\/tags?post=413364"}],"curies":[{"name":"wp","href":"https:\/\/api.w.org\/{rel}","templated":true}]}}