{"id":413343,"date":"2026-03-17T11:43:00","date_gmt":"2026-03-17T14:43:00","guid":{"rendered":"https:\/\/portaltela.pt\/noticias\/2026\/03\/17\/empregos-mais-ameacados-pela-ia-e-quem-pode-adaptar-se\/"},"modified":"2026-03-17T11:43:00","modified_gmt":"2026-03-17T14:43:00","slug":"empregos-mais-ameacados-pela-ia-e-quem-pode-adaptar-se","status":"publish","type":"post","link":"https:\/\/portaltela.pt\/noticias\/2026\/03\/17\/empregos-mais-ameacados-pela-ia-e-quem-pode-adaptar-se\/","title":{"rendered":"Empregos mais amea\u00e7ados pela IA e quem pode adaptar-se"},"content":{"rendered":"<p>A intelig\u00eancia artificial (IA) est\u00e1 a alterar a procura de m\u00e3o de obra em v\u00e1rias \u00e1reas. Um estudo recente analisa quais empregos correm maior risco de redu\u00e7\u00e3o de demanda com o avan\u00e7o tecnol\u00f3gico.<\/p>\n<p>Os resultados indicam que a maioria dos web designers pode manter uma posi\u00e7\u00e3o est\u00e1vel no mercado. Em contraste, muitos profissionais do secretariado e da administra\u00e7\u00e3o enfrentam maior vulnerabilidade. As profiss\u00f5es consideradas mais vulner\u00e1veis s\u00e3o predominantemente femininas.<\/p>\n<p>O estudo analisa o impacto conforme o tipo de tarefa e o n\u00edvel de automatiza\u00e7\u00e3o, destacando que fun\u00e7\u00f5es repetitivas e de organiza\u00e7\u00e3o tendem a ser mais suscet\u00edveis. Com o aumento da capacidade da IA, surgem desafios para adapta\u00e7\u00e3o e requalifica\u00e7\u00e3o.<\/p>\n<h3>O que diz o estudo<\/h3>\n<p>Entre as \u00e1reas analisadas, o segredo e a administra\u00e7\u00e3o aparecem como mais expostos, enquanto \u00e1reas criativas com componentes de decis\u00e3o mant\u00eam melhor perspetiva de procura. A pesquisa recomenda programas de forma\u00e7\u00e3o para facilitar a transi\u00e7\u00e3o profissional.<\/p>\n<h3>Implica\u00e7\u00f5es para o mercado de trabalho<\/h3>\n<p>Especialistas destacam a import\u00e2ncia de pol\u00edticas p\u00fablicas que apoiem a requalifica\u00e7\u00e3o. O relat\u00f3rio sublinha tamb\u00e9m que a adapta\u00e7\u00e3o depende de investimentos em forma\u00e7\u00e3o e de oportunidades de transi\u00e7\u00e3o entre setores.<\/p>\n","protected":false},"excerpt":{"rendered":"<ul>\n<li>O estudo mostra que, com IA, alguns empregos podem declinar, enquanto outros mant\u00eam procura.<\/li>\n<li>A maioria dos web designers ficar\u00e1 bem, com perspetivas est\u00e1veis.<\/li>\n<li>Profissionais do secretariado e da administra\u00e7\u00e3o s\u00e3o mais vulner\u00e1veis.<\/li>\n<li>As profiss\u00f5es mais expostas s\u00e3o predominantemente femininas.<\/li>\n<li>O foco \u00e9 entender quais empregos podem sofrer com o avan\u00e7o da IA e quem pode adaptar\u2011se.<\/li>\n<\/ul>\n","protected":false},"author":2,"featured_media":413347,"comment_status":"closed","ping_status":"closed","sticky":false,"template":"","format":"standard","meta":{"footnotes":""},"categories":[1],"tags":[2935,820,28,1006,1290,51],"class_list":["post-413343","post","type-post","status-publish","format-standard","has-post-thumbnail","hentry","category-noticias","tag-automatizacao","tag-desemprego","tag-economia","tag-emprego","tag-formacao","tag-inteligencia-artificial"],"yoast_head":"<!-- This site is optimized with the Yoast SEO plugin v27.2 - https:\/\/yoast.com\/product\/yoast-seo-wordpress\/ -->\n<title>Empregos mais amea\u00e7ados pela IA e quem pode adaptar-se - Portal Tela Portugal<\/title>\n<meta name=\"robots\" content=\"index, follow, max-snippet:-1, max-image-preview:large, max-video-preview:-1\" \/>\n<meta property=\"og:locale\" content=\"pt_PT\" \/>\n<meta property=\"og:type\" content=\"article\" \/>\n<meta property=\"og:title\" content=\"Empregos mais amea\u00e7ados pela IA e quem pode adaptar-se - Portal Tela Portugal\" \/>\n<meta property=\"og:description\" content=\"O estudo mostra que, com IA, alguns empregos podem declinar, enquanto outros mant\u00eam procura. A maioria dos web designers ficar\u00e1 bem, com perspetivas est\u00e1veis. Profissionais do secretariado e da administra\u00e7\u00e3o s\u00e3o mais vulner\u00e1veis. As profiss\u00f5es mais expostas s\u00e3o predominantemente femininas. O foco \u00e9 entender quais empregos podem sofrer com o avan\u00e7o da IA e quem pode adaptar\u2011se.\" \/>\n<meta property=\"og:url\" content=\"https:\/\/portaltela.pt\/noticias\/2026\/03\/17\/empregos-mais-ameacados-pela-ia-e-quem-pode-adaptar-se\/\" \/>\n<meta property=\"og:site_name\" content=\"Portal Tela Portugal\" \/>\n<meta property=\"article:published_time\" content=\"2026-03-17T14:43:00+00:00\" \/>\n<meta name=\"author\" content=\"Telinha\" \/>\n<meta name=\"twitter:card\" content=\"summary_large_image\" \/>\n<meta name=\"twitter:label1\" content=\"Escrito por\" \/>\n\t<meta name=\"twitter:data1\" content=\"Telinha\" \/>\n\t<meta name=\"twitter:label2\" content=\"Tempo estimado de leitura\" \/>\n\t<meta name=\"twitter:data2\" content=\"1 minuto\" \/>\n<script type=\"application\/ld+json\" class=\"yoast-schema-graph\">{\"@context\":\"https:\/\/schema.org\",\"@graph\":[{\"@type\":\"Article\",\"@id\":\"https:\/\/portaltela.pt\/noticias\/2026\/03\/17\/empregos-mais-ameacados-pela-ia-e-quem-pode-adaptar-se\/#article\",\"isPartOf\":{\"@id\":\"https:\/\/portaltela.pt\/noticias\/2026\/03\/17\/empregos-mais-ameacados-pela-ia-e-quem-pode-adaptar-se\/\"},\"author\":{\"name\":\"Telinha\",\"@id\":\"https:\/\/portaltela.pt\/#\/schema\/person\/c4278d4a6028830caff9ee44b42d32ed\"},\"headline\":\"Empregos mais amea\u00e7ados pela IA e quem pode adaptar-se\",\"datePublished\":\"2026-03-17T14:43:00+00:00\",\"mainEntityOfPage\":{\"@id\":\"https:\/\/portaltela.pt\/noticias\/2026\/03\/17\/empregos-mais-ameacados-pela-ia-e-quem-pode-adaptar-se\/\"},\"wordCount\":230,\"image\":{\"@id\":\"https:\/\/portaltela.pt\/noticias\/2026\/03\/17\/empregos-mais-ameacados-pela-ia-e-quem-pode-adaptar-se\/#primaryimage\"},\"thumbnailUrl\":\"https:\/\/portaltela.pt\/s.01k8rhncp4jt1\/2026\/03\/2074902.jpg\",\"keywords\":[\"automatiza\u00e7\u00e3o\",\"desemprego\",\"economia\",\"emprego\",\"forma\u00e7\u00e3o\",\"intelig\u00eancia artificial\"],\"articleSection\":[\"Not\u00edcias\"],\"inLanguage\":\"pt-PT\"},{\"@type\":\"WebPage\",\"@id\":\"https:\/\/portaltela.pt\/noticias\/2026\/03\/17\/empregos-mais-ameacados-pela-ia-e-quem-pode-adaptar-se\/\",\"url\":\"https:\/\/portaltela.pt\/noticias\/2026\/03\/17\/empregos-mais-ameacados-pela-ia-e-quem-pode-adaptar-se\/\",\"name\":\"Empregos mais amea\u00e7ados pela IA e quem pode adaptar-se - Portal Tela Portugal\",\"isPartOf\":{\"@id\":\"https:\/\/portaltela.pt\/#website\"},\"primaryImageOfPage\":{\"@id\":\"https:\/\/portaltela.pt\/noticias\/2026\/03\/17\/empregos-mais-ameacados-pela-ia-e-quem-pode-adaptar-se\/#primaryimage\"},\"image\":{\"@id\":\"https:\/\/portaltela.pt\/noticias\/2026\/03\/17\/empregos-mais-ameacados-pela-ia-e-quem-pode-adaptar-se\/#primaryimage\"},\"thumbnailUrl\":\"https:\/\/portaltela.pt\/s.01k8rhncp4jt1\/2026\/03\/2074902.jpg\",\"datePublished\":\"2026-03-17T14:43:00+00:00\",\"author\":{\"@id\":\"https:\/\/portaltela.pt\/#\/schema\/person\/c4278d4a6028830caff9ee44b42d32ed\"},\"breadcrumb\":{\"@id\":\"https:\/\/portaltela.pt\/noticias\/2026\/03\/17\/empregos-mais-ameacados-pela-ia-e-quem-pode-adaptar-se\/#breadcrumb\"},\"inLanguage\":\"pt-PT\",\"potentialAction\":[{\"@type\":\"ReadAction\",\"target\":[\"https:\/\/portaltela.pt\/noticias\/2026\/03\/17\/empregos-mais-ameacados-pela-ia-e-quem-pode-adaptar-se\/\"]}]},{\"@type\":\"ImageObject\",\"inLanguage\":\"pt-PT\",\"@id\":\"https:\/\/portaltela.pt\/noticias\/2026\/03\/17\/empregos-mais-ameacados-pela-ia-e-quem-pode-adaptar-se\/#primaryimage\",\"url\":\"https:\/\/portaltela.pt\/s.01k8rhncp4jt1\/2026\/03\/2074902.jpg\",\"contentUrl\":\"https:\/\/portaltela.pt\/s.01k8rhncp4jt1\/2026\/03\/2074902.jpg\",\"width\":796,\"height\":448,\"caption\":\"As conclus\u00f5es mostraram que os profissionais sob maior risco com a transforma\u00e7\u00e3o da IA s\u00e3o tamb\u00e9m os mais aptos para encontrar novos empregos\"},{\"@type\":\"BreadcrumbList\",\"@id\":\"https:\/\/portaltela.pt\/noticias\/2026\/03\/17\/empregos-mais-ameacados-pela-ia-e-quem-pode-adaptar-se\/#breadcrumb\",\"itemListElement\":[{\"@type\":\"ListItem\",\"position\":1,\"name\":\"In\u00edcio\",\"item\":\"https:\/\/portaltela.pt\/\"},{\"@type\":\"ListItem\",\"position\":2,\"name\":\"Empregos mais amea\u00e7ados pela IA e quem pode adaptar-se\"}]},{\"@type\":\"WebSite\",\"@id\":\"https:\/\/portaltela.pt\/#website\",\"url\":\"https:\/\/portaltela.pt\/\",\"name\":\"Portal Tela Portugal\",\"description\":\"\",\"potentialAction\":[{\"@type\":\"SearchAction\",\"target\":{\"@type\":\"EntryPoint\",\"urlTemplate\":\"https:\/\/portaltela.pt\/?s={search_term_string}\"},\"query-input\":{\"@type\":\"PropertyValueSpecification\",\"valueRequired\":true,\"valueName\":\"search_term_string\"}}],\"inLanguage\":\"pt-PT\"},{\"@type\":\"Person\",\"@id\":\"https:\/\/portaltela.pt\/#\/schema\/person\/c4278d4a6028830caff9ee44b42d32ed\",\"name\":\"Telinha\",\"image\":{\"@type\":\"ImageObject\",\"inLanguage\":\"pt-PT\",\"@id\":\"https:\/\/portaltela.pt\/s.01k8rhncp4jt1\/2025\/11\/talking-bot-125x125.png\",\"url\":\"https:\/\/portaltela.pt\/s.01k8rhncp4jt1\/2025\/11\/talking-bot-125x125.png\",\"contentUrl\":\"https:\/\/portaltela.pt\/s.01k8rhncp4jt1\/2025\/11\/talking-bot-125x125.png\",\"caption\":\"Telinha\"},\"sameAs\":[\"https:\/\/portaltela.pt\/\"],\"url\":\"https:\/\/portaltela.pt\/por\/367410592786\/\"}]}<\/script>\n<!-- \/ Yoast SEO plugin. -->","yoast_head_json":{"title":"Empregos mais amea\u00e7ados pela IA e quem pode adaptar-se - Portal Tela Portugal","robots":{"index":"index","follow":"follow","max-snippet":"max-snippet:-1","max-image-preview":"max-image-preview:large","max-video-preview":"max-video-preview:-1"},"og_locale":"pt_PT","og_type":"article","og_title":"Empregos mais amea\u00e7ados pela IA e quem pode adaptar-se - Portal Tela Portugal","og_description":"O estudo mostra que, com IA, alguns empregos podem declinar, enquanto outros mant\u00eam procura. A maioria dos web designers ficar\u00e1 bem, com perspetivas est\u00e1veis. Profissionais do secretariado e da administra\u00e7\u00e3o s\u00e3o mais vulner\u00e1veis. As profiss\u00f5es mais expostas s\u00e3o predominantemente femininas. O foco \u00e9 entender quais empregos podem sofrer com o avan\u00e7o da IA e quem pode adaptar\u2011se.","og_url":"https:\/\/portaltela.pt\/noticias\/2026\/03\/17\/empregos-mais-ameacados-pela-ia-e-quem-pode-adaptar-se\/","og_site_name":"Portal Tela Portugal","article_published_time":"2026-03-17T14:43:00+00:00","author":"Telinha","twitter_card":"summary_large_image","twitter_misc":{"Escrito por":"Telinha","Tempo estimado de leitura":"1 minuto"},"schema":{"@context":"https:\/\/schema.org","@graph":[{"@type":"Article","@id":"https:\/\/portaltela.pt\/noticias\/2026\/03\/17\/empregos-mais-ameacados-pela-ia-e-quem-pode-adaptar-se\/#article","isPartOf":{"@id":"https:\/\/portaltela.pt\/noticias\/2026\/03\/17\/empregos-mais-ameacados-pela-ia-e-quem-pode-adaptar-se\/"},"author":{"name":"Telinha","@id":"https:\/\/portaltela.pt\/#\/schema\/person\/c4278d4a6028830caff9ee44b42d32ed"},"headline":"Empregos mais amea\u00e7ados pela IA e quem pode adaptar-se","datePublished":"2026-03-17T14:43:00+00:00","mainEntityOfPage":{"@id":"https:\/\/portaltela.pt\/noticias\/2026\/03\/17\/empregos-mais-ameacados-pela-ia-e-quem-pode-adaptar-se\/"},"wordCount":230,"image":{"@id":"https:\/\/portaltela.pt\/noticias\/2026\/03\/17\/empregos-mais-ameacados-pela-ia-e-quem-pode-adaptar-se\/#primaryimage"},"thumbnailUrl":"https:\/\/portaltela.pt\/s.01k8rhncp4jt1\/2026\/03\/2074902.jpg","keywords":["automatiza\u00e7\u00e3o","desemprego","economia","emprego","forma\u00e7\u00e3o","intelig\u00eancia artificial"],"articleSection":["Not\u00edcias"],"inLanguage":"pt-PT"},{"@type":"WebPage","@id":"https:\/\/portaltela.pt\/noticias\/2026\/03\/17\/empregos-mais-ameacados-pela-ia-e-quem-pode-adaptar-se\/","url":"https:\/\/portaltela.pt\/noticias\/2026\/03\/17\/empregos-mais-ameacados-pela-ia-e-quem-pode-adaptar-se\/","name":"Empregos mais amea\u00e7ados pela IA e quem pode adaptar-se - Portal Tela Portugal","isPartOf":{"@id":"https:\/\/portaltela.pt\/#website"},"primaryImageOfPage":{"@id":"https:\/\/portaltela.pt\/noticias\/2026\/03\/17\/empregos-mais-ameacados-pela-ia-e-quem-pode-adaptar-se\/#primaryimage"},"image":{"@id":"https:\/\/portaltela.pt\/noticias\/2026\/03\/17\/empregos-mais-ameacados-pela-ia-e-quem-pode-adaptar-se\/#primaryimage"},"thumbnailUrl":"https:\/\/portaltela.pt\/s.01k8rhncp4jt1\/2026\/03\/2074902.jpg","datePublished":"2026-03-17T14:43:00+00:00","author":{"@id":"https:\/\/portaltela.pt\/#\/schema\/person\/c4278d4a6028830caff9ee44b42d32ed"},"breadcrumb":{"@id":"https:\/\/portaltela.pt\/noticias\/2026\/03\/17\/empregos-mais-ameacados-pela-ia-e-quem-pode-adaptar-se\/#breadcrumb"},"inLanguage":"pt-PT","potentialAction":[{"@type":"ReadAction","target":["https:\/\/portaltela.pt\/noticias\/2026\/03\/17\/empregos-mais-ameacados-pela-ia-e-quem-pode-adaptar-se\/"]}]},{"@type":"ImageObject","inLanguage":"pt-PT","@id":"https:\/\/portaltela.pt\/noticias\/2026\/03\/17\/empregos-mais-ameacados-pela-ia-e-quem-pode-adaptar-se\/#primaryimage","url":"https:\/\/portaltela.pt\/s.01k8rhncp4jt1\/2026\/03\/2074902.jpg","contentUrl":"https:\/\/portaltela.pt\/s.01k8rhncp4jt1\/2026\/03\/2074902.jpg","width":796,"height":448,"caption":"As conclus\u00f5es mostraram que os profissionais sob maior risco com a transforma\u00e7\u00e3o da IA s\u00e3o tamb\u00e9m os mais aptos para encontrar novos empregos"},{"@type":"BreadcrumbList","@id":"https:\/\/portaltela.pt\/noticias\/2026\/03\/17\/empregos-mais-ameacados-pela-ia-e-quem-pode-adaptar-se\/#breadcrumb","itemListElement":[{"@type":"ListItem","position":1,"name":"In\u00edcio","item":"https:\/\/portaltela.pt\/"},{"@type":"ListItem","position":2,"name":"Empregos mais amea\u00e7ados pela IA e quem pode adaptar-se"}]},{"@type":"WebSite","@id":"https:\/\/portaltela.pt\/#website","url":"https:\/\/portaltela.pt\/","name":"Portal Tela Portugal","description":"","potentialAction":[{"@type":"SearchAction","target":{"@type":"EntryPoint","urlTemplate":"https:\/\/portaltela.pt\/?s={search_term_string}"},"query-input":{"@type":"PropertyValueSpecification","valueRequired":true,"valueName":"search_term_string"}}],"inLanguage":"pt-PT"},{"@type":"Person","@id":"https:\/\/portaltela.pt\/#\/schema\/person\/c4278d4a6028830caff9ee44b42d32ed","name":"Telinha","image":{"@type":"ImageObject","inLanguage":"pt-PT","@id":"https:\/\/portaltela.pt\/s.01k8rhncp4jt1\/2025\/11\/talking-bot-125x125.png","url":"https:\/\/portaltela.pt\/s.01k8rhncp4jt1\/2025\/11\/talking-bot-125x125.png","contentUrl":"https:\/\/portaltela.pt\/s.01k8rhncp4jt1\/2025\/11\/talking-bot-125x125.png","caption":"Telinha"},"sameAs":["https:\/\/portaltela.pt\/"],"url":"https:\/\/portaltela.pt\/por\/367410592786\/"}]}},"_links":{"self":[{"href":"https:\/\/portaltela.pt\/api\/wp\/v2\/posts\/413343","targetHints":{"allow":["GET"]}}],"collection":[{"href":"https:\/\/portaltela.pt\/api\/wp\/v2\/posts"}],"about":[{"href":"https:\/\/portaltela.pt\/api\/wp\/v2\/types\/post"}],"author":[{"embeddable":true,"href":"https:\/\/portaltela.pt\/api\/wp\/v2\/users\/2"}],"replies":[{"embeddable":true,"href":"https:\/\/portaltela.pt\/api\/wp\/v2\/comments?post=413343"}],"version-history":[{"count":0,"href":"https:\/\/portaltela.pt\/api\/wp\/v2\/posts\/413343\/revisions"}],"wp:featuredmedia":[{"embeddable":true,"href":"https:\/\/portaltela.pt\/api\/wp\/v2\/media\/413347"}],"wp:attachment":[{"href":"https:\/\/portaltela.pt\/api\/wp\/v2\/media?parent=413343"}],"wp:term":[{"taxonomy":"category","embeddable":true,"href":"https:\/\/portaltela.pt\/api\/wp\/v2\/categories?post=413343"},{"taxonomy":"post_tag","embeddable":true,"href":"https:\/\/portaltela.pt\/api\/wp\/v2\/tags?post=413343"}],"curies":[{"name":"wp","href":"https:\/\/api.w.org\/{rel}","templated":true}]}}