{"id":413342,"date":"2026-03-17T11:52:00","date_gmt":"2026-03-17T14:52:00","guid":{"rendered":"https:\/\/portaltela.pt\/noticias\/2026\/03\/17\/estilista-john-galliano-assina-parceria-criativa-de-dois-anos-com-a-zara\/"},"modified":"2026-03-17T11:52:00","modified_gmt":"2026-03-17T14:52:00","slug":"estilista-john-galliano-assina-parceria-criativa-de-dois-anos-com-a-zara","status":"publish","type":"post","link":"https:\/\/portaltela.pt\/noticias\/2026\/03\/17\/estilista-john-galliano-assina-parceria-criativa-de-dois-anos-com-a-zara\/","title":{"rendered":"Estilista John Galliano assina parceria criativa de dois anos com a Zara"},"content":{"rendered":"<p>A Zara anunciou uma parceria criativa com o designer John Galliano, por dois anos. A iniciativa foi revelada a 17 de mar\u00e7o e tem in\u00edcio planeado para setembro de 2026. A proposta combina a identidade da marca com a vis\u00e3o criativa de Galliano, reconhecido pela alta costura e por tra\u00e7os de vanguarda.<\/p>\n<p>Segundo a marca, o trabalho envolve a reinterpreta\u00e7\u00e3o de pe\u00e7as de temporadas passadas da Zara. Galliano vai desconstruir e reconfigurar esses artigos, criando novas express\u00f5es e propostas sazonais para a parceria.<\/p>\n<p>As cole\u00e7\u00f5es resultantes devem marcar, ao longo do acordo, uma linha de produ\u00e7\u00e3o com enfoque em alta costura e uma abordagem autoral. O lan\u00e7amento das pe\u00e7as est\u00e1 previsto para ocorrer de forma sazonal, a come\u00e7ar em setembro de 2026.<\/p>\n<h3>Percurso profissional de Galliano<\/h3>\n<p>John Galliano, de 65 anos, esteve \u00e0 frente da Maison Margiela at\u00e9 2024, ap\u00f3s um per\u00edodo de sucesso no grupo. Anteriormente, ficou conhecido por trabalhos com a Dior, onde manteve uma liga\u00e7\u00e3o criativa de 15 anos.<\/p>\n<p>Em 2011, Galliano foi demitido pela Dior ap\u00f3s incidentes envolvendo coment\u00e1rios racistas e antissemitas. O designer manteve, desde ent\u00e3o, uma trajet\u00f3ria independente, ganhando reconhecimento no mundo da moda com iniciativas pr\u00f3prias.<\/p>\n","protected":false},"excerpt":{"rendered":"<ul>\n<li>A Zara assinou uma parceria criativa de dois anos com o designer John Galliano, com in\u00edcio prevista para setembro de 2026.<\/li>\n<li>O acordo prev\u00ea a reinterpretation de pe\u00e7as de temporadas passadas da Zara, desconstruindo-as e reconfigurando-as em novas propostas sazonais.<\/li>\n<li>Galliano, de 65 anos, vai trabalhar diretamente com os arquivos da marca, criando uma s\u00e9rie de cole\u00e7\u00f5es que combinam alta costura e uma abordagem autoral.<\/li>\n<li>As cole\u00e7\u00f5es ser\u00e3o lan\u00e7adas sazonalmente ao longo da parceria, ainda sem muitos detalhes, segundo a Zara.<\/li>\n<li>O hist\u00f3rico de Galliano inclui passagem pela Maison Margiela at\u00e9 2024, depois de passagens pela Dior, onde foi demitido em 2011 ap\u00f3s controv\u00e9rsias.<\/li>\n<\/ul>\n","protected":false},"author":2,"featured_media":413344,"comment_status":"closed","ping_status":"closed","sticky":false,"template":"","format":"standard","meta":{"footnotes":""},"categories":[1],"tags":[143,2406,135,1996,4680,239],"class_list":["post-413342","post","type-post","status-publish","format-standard","has-post-thumbnail","hentry","category-noticias","tag-design","tag-design-de-producao","tag-moda","tag-parcerias-internacionais","tag-producao-internacional","tag-vestuario"],"yoast_head":"<!-- This site is optimized with the Yoast SEO plugin v27.2 - https:\/\/yoast.com\/product\/yoast-seo-wordpress\/ -->\n<title>Estilista John Galliano assina parceria criativa de dois anos com a Zara - Portal Tela Portugal<\/title>\n<meta name=\"robots\" content=\"index, follow, max-snippet:-1, max-image-preview:large, max-video-preview:-1\" \/>\n<meta property=\"og:locale\" content=\"pt_PT\" \/>\n<meta property=\"og:type\" content=\"article\" \/>\n<meta property=\"og:title\" content=\"Estilista John Galliano assina parceria criativa de dois anos com a Zara - Portal Tela Portugal\" \/>\n<meta property=\"og:description\" content=\"A Zara assinou uma parceria criativa de dois anos com o designer John Galliano, com in\u00edcio prevista para setembro de 2026. O acordo prev\u00ea a reinterpretation de pe\u00e7as de temporadas passadas da Zara, desconstruindo-as e reconfigurando-as em novas propostas sazonais. Galliano, de 65 anos, vai trabalhar diretamente com os arquivos da marca, criando uma s\u00e9rie de cole\u00e7\u00f5es que combinam alta costura e uma abordagem autoral. As cole\u00e7\u00f5es ser\u00e3o lan\u00e7adas sazonalmente ao longo da parceria, ainda sem muitos detalhes, segundo a Zara. O hist\u00f3rico de Galliano inclui passagem pela Maison Margiela at\u00e9 2024, depois de passagens pela Dior, onde foi demitido em 2011 ap\u00f3s controv\u00e9rsias.\" \/>\n<meta property=\"og:url\" content=\"https:\/\/portaltela.pt\/noticias\/2026\/03\/17\/estilista-john-galliano-assina-parceria-criativa-de-dois-anos-com-a-zara\/\" \/>\n<meta property=\"og:site_name\" content=\"Portal Tela Portugal\" \/>\n<meta property=\"article:published_time\" content=\"2026-03-17T14:52:00+00:00\" \/>\n<meta name=\"author\" content=\"Telinha\" \/>\n<meta name=\"twitter:card\" content=\"summary_large_image\" \/>\n<meta name=\"twitter:label1\" content=\"Escrito por\" \/>\n\t<meta name=\"twitter:data1\" content=\"Telinha\" \/>\n\t<meta name=\"twitter:label2\" content=\"Tempo estimado de leitura\" \/>\n\t<meta name=\"twitter:data2\" content=\"1 minuto\" \/>\n<script type=\"application\/ld+json\" class=\"yoast-schema-graph\">{\"@context\":\"https:\/\/schema.org\",\"@graph\":[{\"@type\":\"Article\",\"@id\":\"https:\/\/portaltela.pt\/noticias\/2026\/03\/17\/estilista-john-galliano-assina-parceria-criativa-de-dois-anos-com-a-zara\/#article\",\"isPartOf\":{\"@id\":\"https:\/\/portaltela.pt\/noticias\/2026\/03\/17\/estilista-john-galliano-assina-parceria-criativa-de-dois-anos-com-a-zara\/\"},\"author\":{\"name\":\"Telinha\",\"@id\":\"https:\/\/portaltela.pt\/#\/schema\/person\/c4278d4a6028830caff9ee44b42d32ed\"},\"headline\":\"Estilista John Galliano assina parceria criativa de dois anos com a Zara\",\"datePublished\":\"2026-03-17T14:52:00+00:00\",\"mainEntityOfPage\":{\"@id\":\"https:\/\/portaltela.pt\/noticias\/2026\/03\/17\/estilista-john-galliano-assina-parceria-criativa-de-dois-anos-com-a-zara\/\"},\"wordCount\":217,\"image\":{\"@id\":\"https:\/\/portaltela.pt\/noticias\/2026\/03\/17\/estilista-john-galliano-assina-parceria-criativa-de-dois-anos-com-a-zara\/#primaryimage\"},\"thumbnailUrl\":\"https:\/\/portaltela.pt\/s.01k8rhncp4jt1\/2026\/03\/image-1137.jpg\",\"keywords\":[\"design\",\"Design de Produ\u00e7\u00e3o\",\"moda\",\"parcerias internacionais\",\"produ\u00e7\u00e3o internacional\",\"vestu\u00e1rio\"],\"articleSection\":[\"Not\u00edcias\"],\"inLanguage\":\"pt-PT\"},{\"@type\":\"WebPage\",\"@id\":\"https:\/\/portaltela.pt\/noticias\/2026\/03\/17\/estilista-john-galliano-assina-parceria-criativa-de-dois-anos-com-a-zara\/\",\"url\":\"https:\/\/portaltela.pt\/noticias\/2026\/03\/17\/estilista-john-galliano-assina-parceria-criativa-de-dois-anos-com-a-zara\/\",\"name\":\"Estilista John Galliano assina parceria criativa de dois anos com a Zara - Portal Tela Portugal\",\"isPartOf\":{\"@id\":\"https:\/\/portaltela.pt\/#website\"},\"primaryImageOfPage\":{\"@id\":\"https:\/\/portaltela.pt\/noticias\/2026\/03\/17\/estilista-john-galliano-assina-parceria-criativa-de-dois-anos-com-a-zara\/#primaryimage\"},\"image\":{\"@id\":\"https:\/\/portaltela.pt\/noticias\/2026\/03\/17\/estilista-john-galliano-assina-parceria-criativa-de-dois-anos-com-a-zara\/#primaryimage\"},\"thumbnailUrl\":\"https:\/\/portaltela.pt\/s.01k8rhncp4jt1\/2026\/03\/image-1137.jpg\",\"datePublished\":\"2026-03-17T14:52:00+00:00\",\"author\":{\"@id\":\"https:\/\/portaltela.pt\/#\/schema\/person\/c4278d4a6028830caff9ee44b42d32ed\"},\"breadcrumb\":{\"@id\":\"https:\/\/portaltela.pt\/noticias\/2026\/03\/17\/estilista-john-galliano-assina-parceria-criativa-de-dois-anos-com-a-zara\/#breadcrumb\"},\"inLanguage\":\"pt-PT\",\"potentialAction\":[{\"@type\":\"ReadAction\",\"target\":[\"https:\/\/portaltela.pt\/noticias\/2026\/03\/17\/estilista-john-galliano-assina-parceria-criativa-de-dois-anos-com-a-zara\/\"]}]},{\"@type\":\"ImageObject\",\"inLanguage\":\"pt-PT\",\"@id\":\"https:\/\/portaltela.pt\/noticias\/2026\/03\/17\/estilista-john-galliano-assina-parceria-criativa-de-dois-anos-com-a-zara\/#primaryimage\",\"url\":\"https:\/\/portaltela.pt\/s.01k8rhncp4jt1\/2026\/03\/image-1137.jpg\",\"contentUrl\":\"https:\/\/portaltela.pt\/s.01k8rhncp4jt1\/2026\/03\/image-1137.jpg\",\"width\":796,\"height\":448,\"caption\":\"Imagem de contexto do artigo Estilista John Galliano assina \\\"parceria criativa\\\" por dois anos com a Zara\"},{\"@type\":\"BreadcrumbList\",\"@id\":\"https:\/\/portaltela.pt\/noticias\/2026\/03\/17\/estilista-john-galliano-assina-parceria-criativa-de-dois-anos-com-a-zara\/#breadcrumb\",\"itemListElement\":[{\"@type\":\"ListItem\",\"position\":1,\"name\":\"In\u00edcio\",\"item\":\"https:\/\/portaltela.pt\/\"},{\"@type\":\"ListItem\",\"position\":2,\"name\":\"Estilista John Galliano assina parceria criativa de dois anos com a Zara\"}]},{\"@type\":\"WebSite\",\"@id\":\"https:\/\/portaltela.pt\/#website\",\"url\":\"https:\/\/portaltela.pt\/\",\"name\":\"Portal Tela Portugal\",\"description\":\"\",\"potentialAction\":[{\"@type\":\"SearchAction\",\"target\":{\"@type\":\"EntryPoint\",\"urlTemplate\":\"https:\/\/portaltela.pt\/?s={search_term_string}\"},\"query-input\":{\"@type\":\"PropertyValueSpecification\",\"valueRequired\":true,\"valueName\":\"search_term_string\"}}],\"inLanguage\":\"pt-PT\"},{\"@type\":\"Person\",\"@id\":\"https:\/\/portaltela.pt\/#\/schema\/person\/c4278d4a6028830caff9ee44b42d32ed\",\"name\":\"Telinha\",\"image\":{\"@type\":\"ImageObject\",\"inLanguage\":\"pt-PT\",\"@id\":\"https:\/\/portaltela.pt\/s.01k8rhncp4jt1\/2025\/11\/talking-bot-125x125.png\",\"url\":\"https:\/\/portaltela.pt\/s.01k8rhncp4jt1\/2025\/11\/talking-bot-125x125.png\",\"contentUrl\":\"https:\/\/portaltela.pt\/s.01k8rhncp4jt1\/2025\/11\/talking-bot-125x125.png\",\"caption\":\"Telinha\"},\"sameAs\":[\"https:\/\/portaltela.pt\/\"],\"url\":\"https:\/\/portaltela.pt\/por\/367410592786\/\"}]}<\/script>\n<!-- \/ Yoast SEO plugin. -->","yoast_head_json":{"title":"Estilista John Galliano assina parceria criativa de dois anos com a Zara - Portal Tela Portugal","robots":{"index":"index","follow":"follow","max-snippet":"max-snippet:-1","max-image-preview":"max-image-preview:large","max-video-preview":"max-video-preview:-1"},"og_locale":"pt_PT","og_type":"article","og_title":"Estilista John Galliano assina parceria criativa de dois anos com a Zara - Portal Tela Portugal","og_description":"A Zara assinou uma parceria criativa de dois anos com o designer John Galliano, com in\u00edcio prevista para setembro de 2026. O acordo prev\u00ea a reinterpretation de pe\u00e7as de temporadas passadas da Zara, desconstruindo-as e reconfigurando-as em novas propostas sazonais. Galliano, de 65 anos, vai trabalhar diretamente com os arquivos da marca, criando uma s\u00e9rie de cole\u00e7\u00f5es que combinam alta costura e uma abordagem autoral. As cole\u00e7\u00f5es ser\u00e3o lan\u00e7adas sazonalmente ao longo da parceria, ainda sem muitos detalhes, segundo a Zara. O hist\u00f3rico de Galliano inclui passagem pela Maison Margiela at\u00e9 2024, depois de passagens pela Dior, onde foi demitido em 2011 ap\u00f3s controv\u00e9rsias.","og_url":"https:\/\/portaltela.pt\/noticias\/2026\/03\/17\/estilista-john-galliano-assina-parceria-criativa-de-dois-anos-com-a-zara\/","og_site_name":"Portal Tela Portugal","article_published_time":"2026-03-17T14:52:00+00:00","author":"Telinha","twitter_card":"summary_large_image","twitter_misc":{"Escrito por":"Telinha","Tempo estimado de leitura":"1 minuto"},"schema":{"@context":"https:\/\/schema.org","@graph":[{"@type":"Article","@id":"https:\/\/portaltela.pt\/noticias\/2026\/03\/17\/estilista-john-galliano-assina-parceria-criativa-de-dois-anos-com-a-zara\/#article","isPartOf":{"@id":"https:\/\/portaltela.pt\/noticias\/2026\/03\/17\/estilista-john-galliano-assina-parceria-criativa-de-dois-anos-com-a-zara\/"},"author":{"name":"Telinha","@id":"https:\/\/portaltela.pt\/#\/schema\/person\/c4278d4a6028830caff9ee44b42d32ed"},"headline":"Estilista John Galliano assina parceria criativa de dois anos com a Zara","datePublished":"2026-03-17T14:52:00+00:00","mainEntityOfPage":{"@id":"https:\/\/portaltela.pt\/noticias\/2026\/03\/17\/estilista-john-galliano-assina-parceria-criativa-de-dois-anos-com-a-zara\/"},"wordCount":217,"image":{"@id":"https:\/\/portaltela.pt\/noticias\/2026\/03\/17\/estilista-john-galliano-assina-parceria-criativa-de-dois-anos-com-a-zara\/#primaryimage"},"thumbnailUrl":"https:\/\/portaltela.pt\/s.01k8rhncp4jt1\/2026\/03\/image-1137.jpg","keywords":["design","Design de Produ\u00e7\u00e3o","moda","parcerias internacionais","produ\u00e7\u00e3o internacional","vestu\u00e1rio"],"articleSection":["Not\u00edcias"],"inLanguage":"pt-PT"},{"@type":"WebPage","@id":"https:\/\/portaltela.pt\/noticias\/2026\/03\/17\/estilista-john-galliano-assina-parceria-criativa-de-dois-anos-com-a-zara\/","url":"https:\/\/portaltela.pt\/noticias\/2026\/03\/17\/estilista-john-galliano-assina-parceria-criativa-de-dois-anos-com-a-zara\/","name":"Estilista John Galliano assina parceria criativa de dois anos com a Zara - Portal Tela Portugal","isPartOf":{"@id":"https:\/\/portaltela.pt\/#website"},"primaryImageOfPage":{"@id":"https:\/\/portaltela.pt\/noticias\/2026\/03\/17\/estilista-john-galliano-assina-parceria-criativa-de-dois-anos-com-a-zara\/#primaryimage"},"image":{"@id":"https:\/\/portaltela.pt\/noticias\/2026\/03\/17\/estilista-john-galliano-assina-parceria-criativa-de-dois-anos-com-a-zara\/#primaryimage"},"thumbnailUrl":"https:\/\/portaltela.pt\/s.01k8rhncp4jt1\/2026\/03\/image-1137.jpg","datePublished":"2026-03-17T14:52:00+00:00","author":{"@id":"https:\/\/portaltela.pt\/#\/schema\/person\/c4278d4a6028830caff9ee44b42d32ed"},"breadcrumb":{"@id":"https:\/\/portaltela.pt\/noticias\/2026\/03\/17\/estilista-john-galliano-assina-parceria-criativa-de-dois-anos-com-a-zara\/#breadcrumb"},"inLanguage":"pt-PT","potentialAction":[{"@type":"ReadAction","target":["https:\/\/portaltela.pt\/noticias\/2026\/03\/17\/estilista-john-galliano-assina-parceria-criativa-de-dois-anos-com-a-zara\/"]}]},{"@type":"ImageObject","inLanguage":"pt-PT","@id":"https:\/\/portaltela.pt\/noticias\/2026\/03\/17\/estilista-john-galliano-assina-parceria-criativa-de-dois-anos-com-a-zara\/#primaryimage","url":"https:\/\/portaltela.pt\/s.01k8rhncp4jt1\/2026\/03\/image-1137.jpg","contentUrl":"https:\/\/portaltela.pt\/s.01k8rhncp4jt1\/2026\/03\/image-1137.jpg","width":796,"height":448,"caption":"Imagem de contexto do artigo Estilista John Galliano assina \"parceria criativa\" por dois anos com a Zara"},{"@type":"BreadcrumbList","@id":"https:\/\/portaltela.pt\/noticias\/2026\/03\/17\/estilista-john-galliano-assina-parceria-criativa-de-dois-anos-com-a-zara\/#breadcrumb","itemListElement":[{"@type":"ListItem","position":1,"name":"In\u00edcio","item":"https:\/\/portaltela.pt\/"},{"@type":"ListItem","position":2,"name":"Estilista John Galliano assina parceria criativa de dois anos com a Zara"}]},{"@type":"WebSite","@id":"https:\/\/portaltela.pt\/#website","url":"https:\/\/portaltela.pt\/","name":"Portal Tela Portugal","description":"","potentialAction":[{"@type":"SearchAction","target":{"@type":"EntryPoint","urlTemplate":"https:\/\/portaltela.pt\/?s={search_term_string}"},"query-input":{"@type":"PropertyValueSpecification","valueRequired":true,"valueName":"search_term_string"}}],"inLanguage":"pt-PT"},{"@type":"Person","@id":"https:\/\/portaltela.pt\/#\/schema\/person\/c4278d4a6028830caff9ee44b42d32ed","name":"Telinha","image":{"@type":"ImageObject","inLanguage":"pt-PT","@id":"https:\/\/portaltela.pt\/s.01k8rhncp4jt1\/2025\/11\/talking-bot-125x125.png","url":"https:\/\/portaltela.pt\/s.01k8rhncp4jt1\/2025\/11\/talking-bot-125x125.png","contentUrl":"https:\/\/portaltela.pt\/s.01k8rhncp4jt1\/2025\/11\/talking-bot-125x125.png","caption":"Telinha"},"sameAs":["https:\/\/portaltela.pt\/"],"url":"https:\/\/portaltela.pt\/por\/367410592786\/"}]}},"_links":{"self":[{"href":"https:\/\/portaltela.pt\/api\/wp\/v2\/posts\/413342","targetHints":{"allow":["GET"]}}],"collection":[{"href":"https:\/\/portaltela.pt\/api\/wp\/v2\/posts"}],"about":[{"href":"https:\/\/portaltela.pt\/api\/wp\/v2\/types\/post"}],"author":[{"embeddable":true,"href":"https:\/\/portaltela.pt\/api\/wp\/v2\/users\/2"}],"replies":[{"embeddable":true,"href":"https:\/\/portaltela.pt\/api\/wp\/v2\/comments?post=413342"}],"version-history":[{"count":0,"href":"https:\/\/portaltela.pt\/api\/wp\/v2\/posts\/413342\/revisions"}],"wp:featuredmedia":[{"embeddable":true,"href":"https:\/\/portaltela.pt\/api\/wp\/v2\/media\/413344"}],"wp:attachment":[{"href":"https:\/\/portaltela.pt\/api\/wp\/v2\/media?parent=413342"}],"wp:term":[{"taxonomy":"category","embeddable":true,"href":"https:\/\/portaltela.pt\/api\/wp\/v2\/categories?post=413342"},{"taxonomy":"post_tag","embeddable":true,"href":"https:\/\/portaltela.pt\/api\/wp\/v2\/tags?post=413342"}],"curies":[{"name":"wp","href":"https:\/\/api.w.org\/{rel}","templated":true}]}}