{"id":413313,"date":"2026-03-17T11:46:51","date_gmt":"2026-03-17T14:46:51","guid":{"rendered":"https:\/\/portaltela.pt\/noticias\/2026\/03\/17\/reformas-do-mercado-de-trabalho-aceleram-num-contexto-de-crescimento-demografico\/"},"modified":"2026-03-17T11:46:51","modified_gmt":"2026-03-17T14:46:51","slug":"reformas-do-mercado-de-trabalho-aceleram-num-contexto-de-crescimento-demografico","status":"publish","type":"post","link":"https:\/\/portaltela.pt\/noticias\/2026\/03\/17\/reformas-do-mercado-de-trabalho-aceleram-num-contexto-de-crescimento-demografico\/","title":{"rendered":"Reformas do mercado de trabalho aceleram num contexto de crescimento demogr\u00e1fico"},"content":{"rendered":"<p>O Uzbequist\u00e3o est\u00e1 a reduzir o desemprego e a fortalecer as compet\u00eancias dos jovens atrav\u00e9s de forma\u00e7\u00e3o profissional, empreendedorismo e parcerias internacionais. O desempenho do mercado de trabalho evolui numa altura de crescimento demogr\u00e1fico.<\/p>\n<p>No terceiro trimestre de 2025, o desemprego situou-se em 4,9%. O ganho de emprego concentra-se nos servi\u00e7os, TIC e ind\u00fastria transformadora, enquanto a mobilidade laboral para o estrangeiro permanece elevada.<\/p>\n<p>O governo aposta na educa\u00e7\u00e3o profissional como motor de desenvolvimento, promovendo forma\u00e7\u00e3o de compet\u00eancias e programas de empreendedorismo para reduzir a falta de m\u00e3o de obra qualificada.<\/p>\n<h3>Forma\u00e7\u00e3o profissional e parcerias<\/h3>\n<p>Mais de 643 escolas t\u00e9cnicas combinam ensino em sala com pr\u00e1tica, potenciando a liga\u00e7\u00e3o ao mundo laboral. Parcerias com institui\u00e7\u00f5es internacionais exp\u00f5em estudantes a padr\u00f5es globais de qualidade.<\/p>\n<p>Programas como Hamroh, Hardworking Women e Towards the Future visam capacitar jovens e mulheres, conectando a forma\u00e7\u00e3o a oportunidades de emprego e de carreira est\u00e1vel.<\/p>\n<p>Ao incentivar compet\u00eancias pr\u00e1ticas, empreendedorismo e prepara\u00e7\u00e3o digital, o Uzbequist\u00e3o pretende responder \u00e0s exig\u00eancias do mercado local e internacional, assegurando crescimento econ\u00f3mico sustent\u00e1vel.<\/p>\n","protected":false},"excerpt":{"rendered":"<ul>\n<li>O desemprego no Uzbequist\u00e3o caiu para 4,9% no terceiro trimestre de 2025, com o emprego a crescer principalmente nos servi\u00e7os, TI e ind\u00fastria transformadora.<\/li>\n<li>O governo refor\u00e7a a forma\u00e7\u00e3o profissional, o empreendedorismo e parcerias internacionais para desenvolver a m\u00e3o de obra.<\/li>\n<li>Mais de 643 escolas t\u00e9cnicas combinam ensino em sala de aula com pr\u00e1tica, com acordos internacionais a expor os alunos a pr\u00e1ticas globais.<\/li>\n<li>Programas como Hamroh, Hardworking Women e Towards the Future capacitam jovens e mulheres, ligando forma\u00e7\u00e3o a oportunidades de emprego.<\/li>\n<li>A aposta em compet\u00eancias pr\u00e1ticas, empreendedorismo e forma\u00e7\u00e3o digital visa atender \u00e0s exig\u00eancias do mercado local e internacional, promovendo crescimento econ\u00f3mico sustent\u00e1vel.<\/li>\n<\/ul>\n","protected":false},"author":2,"featured_media":413321,"comment_status":"closed","ping_status":"closed","sticky":false,"template":"","format":"standard","meta":{"footnotes":""},"categories":[1],"tags":[28,163,6213,1006,1290,1996],"class_list":["post-413313","post","type-post","status-publish","format-standard","has-post-thumbnail","hentry","category-noticias","tag-economia","tag-educacao","tag-empreendedorismo","tag-emprego","tag-formacao","tag-parcerias-internacionais"],"yoast_head":"<!-- This site is optimized with the Yoast SEO plugin v27.2 - https:\/\/yoast.com\/product\/yoast-seo-wordpress\/ -->\n<title>Reformas do mercado de trabalho aceleram num contexto de crescimento demogr\u00e1fico - Portal Tela Portugal<\/title>\n<meta name=\"robots\" content=\"index, follow, max-snippet:-1, max-image-preview:large, max-video-preview:-1\" \/>\n<meta property=\"og:locale\" content=\"pt_PT\" \/>\n<meta property=\"og:type\" content=\"article\" \/>\n<meta property=\"og:title\" content=\"Reformas do mercado de trabalho aceleram num contexto de crescimento demogr\u00e1fico - Portal Tela Portugal\" \/>\n<meta property=\"og:description\" content=\"O desemprego no Uzbequist\u00e3o caiu para 4,9% no terceiro trimestre de 2025, com o emprego a crescer principalmente nos servi\u00e7os, TI e ind\u00fastria transformadora. O governo refor\u00e7a a forma\u00e7\u00e3o profissional, o empreendedorismo e parcerias internacionais para desenvolver a m\u00e3o de obra. Mais de 643 escolas t\u00e9cnicas combinam ensino em sala de aula com pr\u00e1tica, com acordos internacionais a expor os alunos a pr\u00e1ticas globais. Programas como Hamroh, Hardworking Women e Towards the Future capacitam jovens e mulheres, ligando forma\u00e7\u00e3o a oportunidades de emprego. A aposta em compet\u00eancias pr\u00e1ticas, empreendedorismo e forma\u00e7\u00e3o digital visa atender \u00e0s exig\u00eancias do mercado local e internacional, promovendo crescimento econ\u00f3mico sustent\u00e1vel.\" \/>\n<meta property=\"og:url\" content=\"https:\/\/portaltela.pt\/noticias\/2026\/03\/17\/reformas-do-mercado-de-trabalho-aceleram-num-contexto-de-crescimento-demografico\/\" \/>\n<meta property=\"og:site_name\" content=\"Portal Tela Portugal\" \/>\n<meta property=\"article:published_time\" content=\"2026-03-17T14:46:51+00:00\" \/>\n<meta name=\"author\" content=\"Telinha\" \/>\n<meta name=\"twitter:card\" content=\"summary_large_image\" \/>\n<meta name=\"twitter:label1\" content=\"Escrito por\" \/>\n\t<meta name=\"twitter:data1\" content=\"Telinha\" \/>\n\t<meta name=\"twitter:label2\" content=\"Tempo estimado de leitura\" \/>\n\t<meta name=\"twitter:data2\" content=\"1 minuto\" \/>\n<script type=\"application\/ld+json\" class=\"yoast-schema-graph\">{\"@context\":\"https:\/\/schema.org\",\"@graph\":[{\"@type\":\"Article\",\"@id\":\"https:\/\/portaltela.pt\/noticias\/2026\/03\/17\/reformas-do-mercado-de-trabalho-aceleram-num-contexto-de-crescimento-demografico\/#article\",\"isPartOf\":{\"@id\":\"https:\/\/portaltela.pt\/noticias\/2026\/03\/17\/reformas-do-mercado-de-trabalho-aceleram-num-contexto-de-crescimento-demografico\/\"},\"author\":{\"name\":\"Telinha\",\"@id\":\"https:\/\/portaltela.pt\/#\/schema\/person\/c4278d4a6028830caff9ee44b42d32ed\"},\"headline\":\"Reformas do mercado de trabalho aceleram num contexto de crescimento demogr\u00e1fico\",\"datePublished\":\"2026-03-17T14:46:51+00:00\",\"mainEntityOfPage\":{\"@id\":\"https:\/\/portaltela.pt\/noticias\/2026\/03\/17\/reformas-do-mercado-de-trabalho-aceleram-num-contexto-de-crescimento-demografico\/\"},\"wordCount\":207,\"image\":{\"@id\":\"https:\/\/portaltela.pt\/noticias\/2026\/03\/17\/reformas-do-mercado-de-trabalho-aceleram-num-contexto-de-crescimento-demografico\/#primaryimage\"},\"thumbnailUrl\":\"https:\/\/portaltela.pt\/s.01k8rhncp4jt1\/2026\/03\/1536x864_cmsv2_1e72711a-c472-564b-b65f-27c8794899b3-9637924.jpg\",\"keywords\":[\"economia\",\"educa\u00e7\u00e3o\",\"empreendedorismo\",\"emprego\",\"forma\u00e7\u00e3o\",\"parcerias internacionais\"],\"articleSection\":[\"Not\u00edcias\"],\"inLanguage\":\"pt-PT\"},{\"@type\":\"WebPage\",\"@id\":\"https:\/\/portaltela.pt\/noticias\/2026\/03\/17\/reformas-do-mercado-de-trabalho-aceleram-num-contexto-de-crescimento-demografico\/\",\"url\":\"https:\/\/portaltela.pt\/noticias\/2026\/03\/17\/reformas-do-mercado-de-trabalho-aceleram-num-contexto-de-crescimento-demografico\/\",\"name\":\"Reformas do mercado de trabalho aceleram num contexto de crescimento demogr\u00e1fico - Portal Tela Portugal\",\"isPartOf\":{\"@id\":\"https:\/\/portaltela.pt\/#website\"},\"primaryImageOfPage\":{\"@id\":\"https:\/\/portaltela.pt\/noticias\/2026\/03\/17\/reformas-do-mercado-de-trabalho-aceleram-num-contexto-de-crescimento-demografico\/#primaryimage\"},\"image\":{\"@id\":\"https:\/\/portaltela.pt\/noticias\/2026\/03\/17\/reformas-do-mercado-de-trabalho-aceleram-num-contexto-de-crescimento-demografico\/#primaryimage\"},\"thumbnailUrl\":\"https:\/\/portaltela.pt\/s.01k8rhncp4jt1\/2026\/03\/1536x864_cmsv2_1e72711a-c472-564b-b65f-27c8794899b3-9637924.jpg\",\"datePublished\":\"2026-03-17T14:46:51+00:00\",\"author\":{\"@id\":\"https:\/\/portaltela.pt\/#\/schema\/person\/c4278d4a6028830caff9ee44b42d32ed\"},\"breadcrumb\":{\"@id\":\"https:\/\/portaltela.pt\/noticias\/2026\/03\/17\/reformas-do-mercado-de-trabalho-aceleram-num-contexto-de-crescimento-demografico\/#breadcrumb\"},\"inLanguage\":\"pt-PT\",\"potentialAction\":[{\"@type\":\"ReadAction\",\"target\":[\"https:\/\/portaltela.pt\/noticias\/2026\/03\/17\/reformas-do-mercado-de-trabalho-aceleram-num-contexto-de-crescimento-demografico\/\"]}]},{\"@type\":\"ImageObject\",\"inLanguage\":\"pt-PT\",\"@id\":\"https:\/\/portaltela.pt\/noticias\/2026\/03\/17\/reformas-do-mercado-de-trabalho-aceleram-num-contexto-de-crescimento-demografico\/#primaryimage\",\"url\":\"https:\/\/portaltela.pt\/s.01k8rhncp4jt1\/2026\/03\/1536x864_cmsv2_1e72711a-c472-564b-b65f-27c8794899b3-9637924.jpg\",\"contentUrl\":\"https:\/\/portaltela.pt\/s.01k8rhncp4jt1\/2026\/03\/1536x864_cmsv2_1e72711a-c472-564b-b65f-27c8794899b3-9637924.jpg\",\"width\":796,\"height\":448,\"caption\":\"As reformas do mercado de trabalho aceleram num contexto de crescimento demogr\u00e1fico\"},{\"@type\":\"BreadcrumbList\",\"@id\":\"https:\/\/portaltela.pt\/noticias\/2026\/03\/17\/reformas-do-mercado-de-trabalho-aceleram-num-contexto-de-crescimento-demografico\/#breadcrumb\",\"itemListElement\":[{\"@type\":\"ListItem\",\"position\":1,\"name\":\"In\u00edcio\",\"item\":\"https:\/\/portaltela.pt\/\"},{\"@type\":\"ListItem\",\"position\":2,\"name\":\"Reformas do mercado de trabalho aceleram num contexto de crescimento demogr\u00e1fico\"}]},{\"@type\":\"WebSite\",\"@id\":\"https:\/\/portaltela.pt\/#website\",\"url\":\"https:\/\/portaltela.pt\/\",\"name\":\"Portal Tela Portugal\",\"description\":\"\",\"potentialAction\":[{\"@type\":\"SearchAction\",\"target\":{\"@type\":\"EntryPoint\",\"urlTemplate\":\"https:\/\/portaltela.pt\/?s={search_term_string}\"},\"query-input\":{\"@type\":\"PropertyValueSpecification\",\"valueRequired\":true,\"valueName\":\"search_term_string\"}}],\"inLanguage\":\"pt-PT\"},{\"@type\":\"Person\",\"@id\":\"https:\/\/portaltela.pt\/#\/schema\/person\/c4278d4a6028830caff9ee44b42d32ed\",\"name\":\"Telinha\",\"image\":{\"@type\":\"ImageObject\",\"inLanguage\":\"pt-PT\",\"@id\":\"https:\/\/portaltela.pt\/s.01k8rhncp4jt1\/2025\/11\/talking-bot-125x125.png\",\"url\":\"https:\/\/portaltela.pt\/s.01k8rhncp4jt1\/2025\/11\/talking-bot-125x125.png\",\"contentUrl\":\"https:\/\/portaltela.pt\/s.01k8rhncp4jt1\/2025\/11\/talking-bot-125x125.png\",\"caption\":\"Telinha\"},\"sameAs\":[\"https:\/\/portaltela.pt\/\"],\"url\":\"https:\/\/portaltela.pt\/por\/367410592786\/\"}]}<\/script>\n<!-- \/ Yoast SEO plugin. -->","yoast_head_json":{"title":"Reformas do mercado de trabalho aceleram num contexto de crescimento demogr\u00e1fico - Portal Tela Portugal","robots":{"index":"index","follow":"follow","max-snippet":"max-snippet:-1","max-image-preview":"max-image-preview:large","max-video-preview":"max-video-preview:-1"},"og_locale":"pt_PT","og_type":"article","og_title":"Reformas do mercado de trabalho aceleram num contexto de crescimento demogr\u00e1fico - Portal Tela Portugal","og_description":"O desemprego no Uzbequist\u00e3o caiu para 4,9% no terceiro trimestre de 2025, com o emprego a crescer principalmente nos servi\u00e7os, TI e ind\u00fastria transformadora. O governo refor\u00e7a a forma\u00e7\u00e3o profissional, o empreendedorismo e parcerias internacionais para desenvolver a m\u00e3o de obra. Mais de 643 escolas t\u00e9cnicas combinam ensino em sala de aula com pr\u00e1tica, com acordos internacionais a expor os alunos a pr\u00e1ticas globais. Programas como Hamroh, Hardworking Women e Towards the Future capacitam jovens e mulheres, ligando forma\u00e7\u00e3o a oportunidades de emprego. A aposta em compet\u00eancias pr\u00e1ticas, empreendedorismo e forma\u00e7\u00e3o digital visa atender \u00e0s exig\u00eancias do mercado local e internacional, promovendo crescimento econ\u00f3mico sustent\u00e1vel.","og_url":"https:\/\/portaltela.pt\/noticias\/2026\/03\/17\/reformas-do-mercado-de-trabalho-aceleram-num-contexto-de-crescimento-demografico\/","og_site_name":"Portal Tela Portugal","article_published_time":"2026-03-17T14:46:51+00:00","author":"Telinha","twitter_card":"summary_large_image","twitter_misc":{"Escrito por":"Telinha","Tempo estimado de leitura":"1 minuto"},"schema":{"@context":"https:\/\/schema.org","@graph":[{"@type":"Article","@id":"https:\/\/portaltela.pt\/noticias\/2026\/03\/17\/reformas-do-mercado-de-trabalho-aceleram-num-contexto-de-crescimento-demografico\/#article","isPartOf":{"@id":"https:\/\/portaltela.pt\/noticias\/2026\/03\/17\/reformas-do-mercado-de-trabalho-aceleram-num-contexto-de-crescimento-demografico\/"},"author":{"name":"Telinha","@id":"https:\/\/portaltela.pt\/#\/schema\/person\/c4278d4a6028830caff9ee44b42d32ed"},"headline":"Reformas do mercado de trabalho aceleram num contexto de crescimento demogr\u00e1fico","datePublished":"2026-03-17T14:46:51+00:00","mainEntityOfPage":{"@id":"https:\/\/portaltela.pt\/noticias\/2026\/03\/17\/reformas-do-mercado-de-trabalho-aceleram-num-contexto-de-crescimento-demografico\/"},"wordCount":207,"image":{"@id":"https:\/\/portaltela.pt\/noticias\/2026\/03\/17\/reformas-do-mercado-de-trabalho-aceleram-num-contexto-de-crescimento-demografico\/#primaryimage"},"thumbnailUrl":"https:\/\/portaltela.pt\/s.01k8rhncp4jt1\/2026\/03\/1536x864_cmsv2_1e72711a-c472-564b-b65f-27c8794899b3-9637924.jpg","keywords":["economia","educa\u00e7\u00e3o","empreendedorismo","emprego","forma\u00e7\u00e3o","parcerias internacionais"],"articleSection":["Not\u00edcias"],"inLanguage":"pt-PT"},{"@type":"WebPage","@id":"https:\/\/portaltela.pt\/noticias\/2026\/03\/17\/reformas-do-mercado-de-trabalho-aceleram-num-contexto-de-crescimento-demografico\/","url":"https:\/\/portaltela.pt\/noticias\/2026\/03\/17\/reformas-do-mercado-de-trabalho-aceleram-num-contexto-de-crescimento-demografico\/","name":"Reformas do mercado de trabalho aceleram num contexto de crescimento demogr\u00e1fico - Portal Tela Portugal","isPartOf":{"@id":"https:\/\/portaltela.pt\/#website"},"primaryImageOfPage":{"@id":"https:\/\/portaltela.pt\/noticias\/2026\/03\/17\/reformas-do-mercado-de-trabalho-aceleram-num-contexto-de-crescimento-demografico\/#primaryimage"},"image":{"@id":"https:\/\/portaltela.pt\/noticias\/2026\/03\/17\/reformas-do-mercado-de-trabalho-aceleram-num-contexto-de-crescimento-demografico\/#primaryimage"},"thumbnailUrl":"https:\/\/portaltela.pt\/s.01k8rhncp4jt1\/2026\/03\/1536x864_cmsv2_1e72711a-c472-564b-b65f-27c8794899b3-9637924.jpg","datePublished":"2026-03-17T14:46:51+00:00","author":{"@id":"https:\/\/portaltela.pt\/#\/schema\/person\/c4278d4a6028830caff9ee44b42d32ed"},"breadcrumb":{"@id":"https:\/\/portaltela.pt\/noticias\/2026\/03\/17\/reformas-do-mercado-de-trabalho-aceleram-num-contexto-de-crescimento-demografico\/#breadcrumb"},"inLanguage":"pt-PT","potentialAction":[{"@type":"ReadAction","target":["https:\/\/portaltela.pt\/noticias\/2026\/03\/17\/reformas-do-mercado-de-trabalho-aceleram-num-contexto-de-crescimento-demografico\/"]}]},{"@type":"ImageObject","inLanguage":"pt-PT","@id":"https:\/\/portaltela.pt\/noticias\/2026\/03\/17\/reformas-do-mercado-de-trabalho-aceleram-num-contexto-de-crescimento-demografico\/#primaryimage","url":"https:\/\/portaltela.pt\/s.01k8rhncp4jt1\/2026\/03\/1536x864_cmsv2_1e72711a-c472-564b-b65f-27c8794899b3-9637924.jpg","contentUrl":"https:\/\/portaltela.pt\/s.01k8rhncp4jt1\/2026\/03\/1536x864_cmsv2_1e72711a-c472-564b-b65f-27c8794899b3-9637924.jpg","width":796,"height":448,"caption":"As reformas do mercado de trabalho aceleram num contexto de crescimento demogr\u00e1fico"},{"@type":"BreadcrumbList","@id":"https:\/\/portaltela.pt\/noticias\/2026\/03\/17\/reformas-do-mercado-de-trabalho-aceleram-num-contexto-de-crescimento-demografico\/#breadcrumb","itemListElement":[{"@type":"ListItem","position":1,"name":"In\u00edcio","item":"https:\/\/portaltela.pt\/"},{"@type":"ListItem","position":2,"name":"Reformas do mercado de trabalho aceleram num contexto de crescimento demogr\u00e1fico"}]},{"@type":"WebSite","@id":"https:\/\/portaltela.pt\/#website","url":"https:\/\/portaltela.pt\/","name":"Portal Tela Portugal","description":"","potentialAction":[{"@type":"SearchAction","target":{"@type":"EntryPoint","urlTemplate":"https:\/\/portaltela.pt\/?s={search_term_string}"},"query-input":{"@type":"PropertyValueSpecification","valueRequired":true,"valueName":"search_term_string"}}],"inLanguage":"pt-PT"},{"@type":"Person","@id":"https:\/\/portaltela.pt\/#\/schema\/person\/c4278d4a6028830caff9ee44b42d32ed","name":"Telinha","image":{"@type":"ImageObject","inLanguage":"pt-PT","@id":"https:\/\/portaltela.pt\/s.01k8rhncp4jt1\/2025\/11\/talking-bot-125x125.png","url":"https:\/\/portaltela.pt\/s.01k8rhncp4jt1\/2025\/11\/talking-bot-125x125.png","contentUrl":"https:\/\/portaltela.pt\/s.01k8rhncp4jt1\/2025\/11\/talking-bot-125x125.png","caption":"Telinha"},"sameAs":["https:\/\/portaltela.pt\/"],"url":"https:\/\/portaltela.pt\/por\/367410592786\/"}]}},"_links":{"self":[{"href":"https:\/\/portaltela.pt\/api\/wp\/v2\/posts\/413313","targetHints":{"allow":["GET"]}}],"collection":[{"href":"https:\/\/portaltela.pt\/api\/wp\/v2\/posts"}],"about":[{"href":"https:\/\/portaltela.pt\/api\/wp\/v2\/types\/post"}],"author":[{"embeddable":true,"href":"https:\/\/portaltela.pt\/api\/wp\/v2\/users\/2"}],"replies":[{"embeddable":true,"href":"https:\/\/portaltela.pt\/api\/wp\/v2\/comments?post=413313"}],"version-history":[{"count":0,"href":"https:\/\/portaltela.pt\/api\/wp\/v2\/posts\/413313\/revisions"}],"wp:featuredmedia":[{"embeddable":true,"href":"https:\/\/portaltela.pt\/api\/wp\/v2\/media\/413321"}],"wp:attachment":[{"href":"https:\/\/portaltela.pt\/api\/wp\/v2\/media?parent=413313"}],"wp:term":[{"taxonomy":"category","embeddable":true,"href":"https:\/\/portaltela.pt\/api\/wp\/v2\/categories?post=413313"},{"taxonomy":"post_tag","embeddable":true,"href":"https:\/\/portaltela.pt\/api\/wp\/v2\/tags?post=413313"}],"curies":[{"name":"wp","href":"https:\/\/api.w.org\/{rel}","templated":true}]}}