{"id":413288,"date":"2026-03-17T11:19:00","date_gmt":"2026-03-17T14:19:00","guid":{"rendered":"https:\/\/portaltela.pt\/noticias\/2026\/03\/17\/retrospetiva-da-obra-de-jorge-molder-no-centro-das-artes-jose-de-guimaraes\/"},"modified":"2026-03-17T11:19:00","modified_gmt":"2026-03-17T14:19:00","slug":"retrospetiva-da-obra-de-jorge-molder-no-centro-das-artes-jose-de-guimaraes","status":"publish","type":"post","link":"https:\/\/portaltela.pt\/noticias\/2026\/03\/17\/retrospetiva-da-obra-de-jorge-molder-no-centro-das-artes-jose-de-guimaraes\/","title":{"rendered":"Retrospetiva da obra de Jorge Molder no Centro das Artes Jos\u00e9 de Guimar\u00e3es"},"content":{"rendered":"<p>Uma retrospetiva da obra de Jorge Molder est\u00e1 patente no Centro das Artes Jos\u00e9 de Guimar\u00e3es, reunindo pe\u00e7as que percorrem v\u00e1rias fases da produ\u00e7\u00e3o do artista portugu\u00eas. A mostra oferece uma vis\u00e3o panor\u00e2mica do modo de trabalhar de Molder, com \u00eanfase na rela\u00e7\u00e3o entre imagem, espa\u00e7o e tempo.<\/p>\n<p>O Centro das Artes Jos\u00e9 de Guimar\u00e3es recebe a exposi\u00e7\u00e3o, destacando a import\u00e2ncia de Molder no panorama da arte contempor\u00e2nea nacional. A curadoria procura contextualizar a evolu\u00e7\u00e3o do trabalho do artista ao longo dos anos, atrav\u00e9s de m\u00faltiplas leituras da sua pr\u00e1tica.<\/p>\n<p>A apresenta\u00e7\u00e3o centra-se na multiplicidade de suportes utilizados por Molder, desde a fotografia at\u00e9 \u00e0 instala\u00e7\u00e3o, evidenciando a cont\u00ednua experimenta\u00e7\u00e3o. N\u00e3o foram divulgadas informa\u00e7\u00f5es espec\u00edficas sobre datas de abertura ou encerramento desta retrospetiva.<\/p>\n","protected":false},"excerpt":{"rendered":"<ul>\n<li>Est\u00e1 em exibi\u00e7\u00e3o no Centro das Artes Jos\u00e9 de Guimar\u00e3es uma retrospetiva da obra de Jorge Molder.<\/li>\n<li>A exposi\u00e7\u00e3o apresenta obras do artista Jorge Molder.<\/li>\n<li>O Centro das Artes Jos\u00e9 de Guimar\u00e3es acolhe a mostra.<\/li>\n<\/ul>\n","protected":false},"author":2,"featured_media":413289,"comment_status":"closed","ping_status":"closed","sticky":false,"template":"","format":"standard","meta":{"footnotes":""},"categories":[1],"tags":[70,4653,145,6708,1397,1014],"class_list":["post-413288","post","type-post","status-publish","format-standard","has-post-thumbnail","hentry","category-noticias","tag-arte","tag-artes-plasticas","tag-cultura","tag-exposicao","tag-exposicoes","tag-portugal"],"yoast_head":"<!-- This site is optimized with the Yoast SEO plugin v27.2 - https:\/\/yoast.com\/product\/yoast-seo-wordpress\/ -->\n<title>Retrospetiva da obra de Jorge Molder no Centro das Artes Jos\u00e9 de Guimar\u00e3es - Portal Tela Portugal<\/title>\n<meta name=\"robots\" content=\"index, follow, max-snippet:-1, max-image-preview:large, max-video-preview:-1\" \/>\n<meta property=\"og:locale\" content=\"pt_PT\" \/>\n<meta property=\"og:type\" content=\"article\" \/>\n<meta property=\"og:title\" content=\"Retrospetiva da obra de Jorge Molder no Centro das Artes Jos\u00e9 de Guimar\u00e3es - Portal Tela Portugal\" \/>\n<meta property=\"og:description\" content=\"Est\u00e1 em exibi\u00e7\u00e3o no Centro das Artes Jos\u00e9 de Guimar\u00e3es uma retrospetiva da obra de Jorge Molder. A exposi\u00e7\u00e3o apresenta obras do artista Jorge Molder. O Centro das Artes Jos\u00e9 de Guimar\u00e3es acolhe a mostra.\" \/>\n<meta property=\"og:url\" content=\"https:\/\/portaltela.pt\/noticias\/2026\/03\/17\/retrospetiva-da-obra-de-jorge-molder-no-centro-das-artes-jose-de-guimaraes\/\" \/>\n<meta property=\"og:site_name\" content=\"Portal Tela Portugal\" \/>\n<meta property=\"article:published_time\" content=\"2026-03-17T14:19:00+00:00\" \/>\n<meta name=\"author\" content=\"Telinha\" \/>\n<meta name=\"twitter:card\" content=\"summary_large_image\" \/>\n<meta name=\"twitter:label1\" content=\"Escrito por\" \/>\n\t<meta name=\"twitter:data1\" content=\"Telinha\" \/>\n\t<meta name=\"twitter:label2\" content=\"Tempo estimado de leitura\" \/>\n\t<meta name=\"twitter:data2\" content=\"1 minuto\" \/>\n<script type=\"application\/ld+json\" class=\"yoast-schema-graph\">{\"@context\":\"https:\/\/schema.org\",\"@graph\":[{\"@type\":\"Article\",\"@id\":\"https:\/\/portaltela.pt\/noticias\/2026\/03\/17\/retrospetiva-da-obra-de-jorge-molder-no-centro-das-artes-jose-de-guimaraes\/#article\",\"isPartOf\":{\"@id\":\"https:\/\/portaltela.pt\/noticias\/2026\/03\/17\/retrospetiva-da-obra-de-jorge-molder-no-centro-das-artes-jose-de-guimaraes\/\"},\"author\":{\"name\":\"Telinha\",\"@id\":\"https:\/\/portaltela.pt\/#\/schema\/person\/c4278d4a6028830caff9ee44b42d32ed\"},\"headline\":\"Retrospetiva da obra de Jorge Molder no Centro das Artes Jos\u00e9 de Guimar\u00e3es\",\"datePublished\":\"2026-03-17T14:19:00+00:00\",\"mainEntityOfPage\":{\"@id\":\"https:\/\/portaltela.pt\/noticias\/2026\/03\/17\/retrospetiva-da-obra-de-jorge-molder-no-centro-das-artes-jose-de-guimaraes\/\"},\"wordCount\":160,\"image\":{\"@id\":\"https:\/\/portaltela.pt\/noticias\/2026\/03\/17\/retrospetiva-da-obra-de-jorge-molder-no-centro-das-artes-jose-de-guimaraes\/#primaryimage\"},\"thumbnailUrl\":\"https:\/\/portaltela.pt\/s.01k8rhncp4jt1\/2026\/03\/CACHE_780X1200_ANALOG_WATERMARKED_20510770_2085872_17032019093055.jpg\",\"keywords\":[\"arte\",\"Artes Pl\u00e1sticas\",\"cultura\",\"exposi\u00e7\u00e3o\",\"exposi\u00e7\u00f5es\",\"Portugal\"],\"articleSection\":[\"Not\u00edcias\"],\"inLanguage\":\"pt-PT\"},{\"@type\":\"WebPage\",\"@id\":\"https:\/\/portaltela.pt\/noticias\/2026\/03\/17\/retrospetiva-da-obra-de-jorge-molder-no-centro-das-artes-jose-de-guimaraes\/\",\"url\":\"https:\/\/portaltela.pt\/noticias\/2026\/03\/17\/retrospetiva-da-obra-de-jorge-molder-no-centro-das-artes-jose-de-guimaraes\/\",\"name\":\"Retrospetiva da obra de Jorge Molder no Centro das Artes Jos\u00e9 de Guimar\u00e3es - Portal Tela Portugal\",\"isPartOf\":{\"@id\":\"https:\/\/portaltela.pt\/#website\"},\"primaryImageOfPage\":{\"@id\":\"https:\/\/portaltela.pt\/noticias\/2026\/03\/17\/retrospetiva-da-obra-de-jorge-molder-no-centro-das-artes-jose-de-guimaraes\/#primaryimage\"},\"image\":{\"@id\":\"https:\/\/portaltela.pt\/noticias\/2026\/03\/17\/retrospetiva-da-obra-de-jorge-molder-no-centro-das-artes-jose-de-guimaraes\/#primaryimage\"},\"thumbnailUrl\":\"https:\/\/portaltela.pt\/s.01k8rhncp4jt1\/2026\/03\/CACHE_780X1200_ANALOG_WATERMARKED_20510770_2085872_17032019093055.jpg\",\"datePublished\":\"2026-03-17T14:19:00+00:00\",\"author\":{\"@id\":\"https:\/\/portaltela.pt\/#\/schema\/person\/c4278d4a6028830caff9ee44b42d32ed\"},\"breadcrumb\":{\"@id\":\"https:\/\/portaltela.pt\/noticias\/2026\/03\/17\/retrospetiva-da-obra-de-jorge-molder-no-centro-das-artes-jose-de-guimaraes\/#breadcrumb\"},\"inLanguage\":\"pt-PT\",\"potentialAction\":[{\"@type\":\"ReadAction\",\"target\":[\"https:\/\/portaltela.pt\/noticias\/2026\/03\/17\/retrospetiva-da-obra-de-jorge-molder-no-centro-das-artes-jose-de-guimaraes\/\"]}]},{\"@type\":\"ImageObject\",\"inLanguage\":\"pt-PT\",\"@id\":\"https:\/\/portaltela.pt\/noticias\/2026\/03\/17\/retrospetiva-da-obra-de-jorge-molder-no-centro-das-artes-jose-de-guimaraes\/#primaryimage\",\"url\":\"https:\/\/portaltela.pt\/s.01k8rhncp4jt1\/2026\/03\/CACHE_780X1200_ANALOG_WATERMARKED_20510770_2085872_17032019093055.jpg\",\"contentUrl\":\"https:\/\/portaltela.pt\/s.01k8rhncp4jt1\/2026\/03\/CACHE_780X1200_ANALOG_WATERMARKED_20510770_2085872_17032019093055.jpg\",\"width\":768,\"height\":515,\"caption\":\"Retrospetiva da obra de Jorge Molder exposta no Centro das Artes Jos\u00e9 de Guimar\u00e3es\"},{\"@type\":\"BreadcrumbList\",\"@id\":\"https:\/\/portaltela.pt\/noticias\/2026\/03\/17\/retrospetiva-da-obra-de-jorge-molder-no-centro-das-artes-jose-de-guimaraes\/#breadcrumb\",\"itemListElement\":[{\"@type\":\"ListItem\",\"position\":1,\"name\":\"In\u00edcio\",\"item\":\"https:\/\/portaltela.pt\/\"},{\"@type\":\"ListItem\",\"position\":2,\"name\":\"Retrospetiva da obra de Jorge Molder no Centro das Artes Jos\u00e9 de Guimar\u00e3es\"}]},{\"@type\":\"WebSite\",\"@id\":\"https:\/\/portaltela.pt\/#website\",\"url\":\"https:\/\/portaltela.pt\/\",\"name\":\"Portal Tela Portugal\",\"description\":\"\",\"potentialAction\":[{\"@type\":\"SearchAction\",\"target\":{\"@type\":\"EntryPoint\",\"urlTemplate\":\"https:\/\/portaltela.pt\/?s={search_term_string}\"},\"query-input\":{\"@type\":\"PropertyValueSpecification\",\"valueRequired\":true,\"valueName\":\"search_term_string\"}}],\"inLanguage\":\"pt-PT\"},{\"@type\":\"Person\",\"@id\":\"https:\/\/portaltela.pt\/#\/schema\/person\/c4278d4a6028830caff9ee44b42d32ed\",\"name\":\"Telinha\",\"image\":{\"@type\":\"ImageObject\",\"inLanguage\":\"pt-PT\",\"@id\":\"https:\/\/portaltela.pt\/s.01k8rhncp4jt1\/2025\/11\/talking-bot-125x125.png\",\"url\":\"https:\/\/portaltela.pt\/s.01k8rhncp4jt1\/2025\/11\/talking-bot-125x125.png\",\"contentUrl\":\"https:\/\/portaltela.pt\/s.01k8rhncp4jt1\/2025\/11\/talking-bot-125x125.png\",\"caption\":\"Telinha\"},\"sameAs\":[\"https:\/\/portaltela.pt\/\"],\"url\":\"https:\/\/portaltela.pt\/por\/367410592786\/\"}]}<\/script>\n<!-- \/ Yoast SEO plugin. -->","yoast_head_json":{"title":"Retrospetiva da obra de Jorge Molder no Centro das Artes Jos\u00e9 de Guimar\u00e3es - Portal Tela Portugal","robots":{"index":"index","follow":"follow","max-snippet":"max-snippet:-1","max-image-preview":"max-image-preview:large","max-video-preview":"max-video-preview:-1"},"og_locale":"pt_PT","og_type":"article","og_title":"Retrospetiva da obra de Jorge Molder no Centro das Artes Jos\u00e9 de Guimar\u00e3es - Portal Tela Portugal","og_description":"Est\u00e1 em exibi\u00e7\u00e3o no Centro das Artes Jos\u00e9 de Guimar\u00e3es uma retrospetiva da obra de Jorge Molder. A exposi\u00e7\u00e3o apresenta obras do artista Jorge Molder. O Centro das Artes Jos\u00e9 de Guimar\u00e3es acolhe a mostra.","og_url":"https:\/\/portaltela.pt\/noticias\/2026\/03\/17\/retrospetiva-da-obra-de-jorge-molder-no-centro-das-artes-jose-de-guimaraes\/","og_site_name":"Portal Tela Portugal","article_published_time":"2026-03-17T14:19:00+00:00","author":"Telinha","twitter_card":"summary_large_image","twitter_misc":{"Escrito por":"Telinha","Tempo estimado de leitura":"1 minuto"},"schema":{"@context":"https:\/\/schema.org","@graph":[{"@type":"Article","@id":"https:\/\/portaltela.pt\/noticias\/2026\/03\/17\/retrospetiva-da-obra-de-jorge-molder-no-centro-das-artes-jose-de-guimaraes\/#article","isPartOf":{"@id":"https:\/\/portaltela.pt\/noticias\/2026\/03\/17\/retrospetiva-da-obra-de-jorge-molder-no-centro-das-artes-jose-de-guimaraes\/"},"author":{"name":"Telinha","@id":"https:\/\/portaltela.pt\/#\/schema\/person\/c4278d4a6028830caff9ee44b42d32ed"},"headline":"Retrospetiva da obra de Jorge Molder no Centro das Artes Jos\u00e9 de Guimar\u00e3es","datePublished":"2026-03-17T14:19:00+00:00","mainEntityOfPage":{"@id":"https:\/\/portaltela.pt\/noticias\/2026\/03\/17\/retrospetiva-da-obra-de-jorge-molder-no-centro-das-artes-jose-de-guimaraes\/"},"wordCount":160,"image":{"@id":"https:\/\/portaltela.pt\/noticias\/2026\/03\/17\/retrospetiva-da-obra-de-jorge-molder-no-centro-das-artes-jose-de-guimaraes\/#primaryimage"},"thumbnailUrl":"https:\/\/portaltela.pt\/s.01k8rhncp4jt1\/2026\/03\/CACHE_780X1200_ANALOG_WATERMARKED_20510770_2085872_17032019093055.jpg","keywords":["arte","Artes Pl\u00e1sticas","cultura","exposi\u00e7\u00e3o","exposi\u00e7\u00f5es","Portugal"],"articleSection":["Not\u00edcias"],"inLanguage":"pt-PT"},{"@type":"WebPage","@id":"https:\/\/portaltela.pt\/noticias\/2026\/03\/17\/retrospetiva-da-obra-de-jorge-molder-no-centro-das-artes-jose-de-guimaraes\/","url":"https:\/\/portaltela.pt\/noticias\/2026\/03\/17\/retrospetiva-da-obra-de-jorge-molder-no-centro-das-artes-jose-de-guimaraes\/","name":"Retrospetiva da obra de Jorge Molder no Centro das Artes Jos\u00e9 de Guimar\u00e3es - Portal Tela Portugal","isPartOf":{"@id":"https:\/\/portaltela.pt\/#website"},"primaryImageOfPage":{"@id":"https:\/\/portaltela.pt\/noticias\/2026\/03\/17\/retrospetiva-da-obra-de-jorge-molder-no-centro-das-artes-jose-de-guimaraes\/#primaryimage"},"image":{"@id":"https:\/\/portaltela.pt\/noticias\/2026\/03\/17\/retrospetiva-da-obra-de-jorge-molder-no-centro-das-artes-jose-de-guimaraes\/#primaryimage"},"thumbnailUrl":"https:\/\/portaltela.pt\/s.01k8rhncp4jt1\/2026\/03\/CACHE_780X1200_ANALOG_WATERMARKED_20510770_2085872_17032019093055.jpg","datePublished":"2026-03-17T14:19:00+00:00","author":{"@id":"https:\/\/portaltela.pt\/#\/schema\/person\/c4278d4a6028830caff9ee44b42d32ed"},"breadcrumb":{"@id":"https:\/\/portaltela.pt\/noticias\/2026\/03\/17\/retrospetiva-da-obra-de-jorge-molder-no-centro-das-artes-jose-de-guimaraes\/#breadcrumb"},"inLanguage":"pt-PT","potentialAction":[{"@type":"ReadAction","target":["https:\/\/portaltela.pt\/noticias\/2026\/03\/17\/retrospetiva-da-obra-de-jorge-molder-no-centro-das-artes-jose-de-guimaraes\/"]}]},{"@type":"ImageObject","inLanguage":"pt-PT","@id":"https:\/\/portaltela.pt\/noticias\/2026\/03\/17\/retrospetiva-da-obra-de-jorge-molder-no-centro-das-artes-jose-de-guimaraes\/#primaryimage","url":"https:\/\/portaltela.pt\/s.01k8rhncp4jt1\/2026\/03\/CACHE_780X1200_ANALOG_WATERMARKED_20510770_2085872_17032019093055.jpg","contentUrl":"https:\/\/portaltela.pt\/s.01k8rhncp4jt1\/2026\/03\/CACHE_780X1200_ANALOG_WATERMARKED_20510770_2085872_17032019093055.jpg","width":768,"height":515,"caption":"Retrospetiva da obra de Jorge Molder exposta no Centro das Artes Jos\u00e9 de Guimar\u00e3es"},{"@type":"BreadcrumbList","@id":"https:\/\/portaltela.pt\/noticias\/2026\/03\/17\/retrospetiva-da-obra-de-jorge-molder-no-centro-das-artes-jose-de-guimaraes\/#breadcrumb","itemListElement":[{"@type":"ListItem","position":1,"name":"In\u00edcio","item":"https:\/\/portaltela.pt\/"},{"@type":"ListItem","position":2,"name":"Retrospetiva da obra de Jorge Molder no Centro das Artes Jos\u00e9 de Guimar\u00e3es"}]},{"@type":"WebSite","@id":"https:\/\/portaltela.pt\/#website","url":"https:\/\/portaltela.pt\/","name":"Portal Tela Portugal","description":"","potentialAction":[{"@type":"SearchAction","target":{"@type":"EntryPoint","urlTemplate":"https:\/\/portaltela.pt\/?s={search_term_string}"},"query-input":{"@type":"PropertyValueSpecification","valueRequired":true,"valueName":"search_term_string"}}],"inLanguage":"pt-PT"},{"@type":"Person","@id":"https:\/\/portaltela.pt\/#\/schema\/person\/c4278d4a6028830caff9ee44b42d32ed","name":"Telinha","image":{"@type":"ImageObject","inLanguage":"pt-PT","@id":"https:\/\/portaltela.pt\/s.01k8rhncp4jt1\/2025\/11\/talking-bot-125x125.png","url":"https:\/\/portaltela.pt\/s.01k8rhncp4jt1\/2025\/11\/talking-bot-125x125.png","contentUrl":"https:\/\/portaltela.pt\/s.01k8rhncp4jt1\/2025\/11\/talking-bot-125x125.png","caption":"Telinha"},"sameAs":["https:\/\/portaltela.pt\/"],"url":"https:\/\/portaltela.pt\/por\/367410592786\/"}]}},"_links":{"self":[{"href":"https:\/\/portaltela.pt\/api\/wp\/v2\/posts\/413288","targetHints":{"allow":["GET"]}}],"collection":[{"href":"https:\/\/portaltela.pt\/api\/wp\/v2\/posts"}],"about":[{"href":"https:\/\/portaltela.pt\/api\/wp\/v2\/types\/post"}],"author":[{"embeddable":true,"href":"https:\/\/portaltela.pt\/api\/wp\/v2\/users\/2"}],"replies":[{"embeddable":true,"href":"https:\/\/portaltela.pt\/api\/wp\/v2\/comments?post=413288"}],"version-history":[{"count":0,"href":"https:\/\/portaltela.pt\/api\/wp\/v2\/posts\/413288\/revisions"}],"wp:featuredmedia":[{"embeddable":true,"href":"https:\/\/portaltela.pt\/api\/wp\/v2\/media\/413289"}],"wp:attachment":[{"href":"https:\/\/portaltela.pt\/api\/wp\/v2\/media?parent=413288"}],"wp:term":[{"taxonomy":"category","embeddable":true,"href":"https:\/\/portaltela.pt\/api\/wp\/v2\/categories?post=413288"},{"taxonomy":"post_tag","embeddable":true,"href":"https:\/\/portaltela.pt\/api\/wp\/v2\/tags?post=413288"}],"curies":[{"name":"wp","href":"https:\/\/api.w.org\/{rel}","templated":true}]}}