{"id":413283,"date":"2026-03-17T10:58:00","date_gmt":"2026-03-17T13:58:00","guid":{"rendered":"https:\/\/portaltela.pt\/noticias\/2026\/03\/17\/proprietarios-tem-ate-30-de-junho-para-limpar-terrenos-em-areas-de-calamidade-2\/"},"modified":"2026-03-17T10:58:00","modified_gmt":"2026-03-17T13:58:00","slug":"proprietarios-tem-ate-30-de-junho-para-limpar-terrenos-em-areas-de-calamidade-2","status":"publish","type":"post","link":"https:\/\/portaltela.pt\/noticias\/2026\/03\/17\/proprietarios-tem-ate-30-de-junho-para-limpar-terrenos-em-areas-de-calamidade-2\/","title":{"rendered":"Propriet\u00e1rios t\u00eam at\u00e9 30 de junho para limpar terrenos em \u00e1reas de calamidade"},"content":{"rendered":"<p>O Governo estendeu at\u00e9 30 de junho o prazo para a limpeza de terrenos nos munic\u00edpios abrangidos por calamidade, no \u00e2mbito da gest\u00e3o de combust\u00edvel da rede secund\u00e1ria. O limite para os restantes concelhos permanece 31 de maio de 2026.<\/p>\n<p>O despacho conjunto dos secret\u00e1rios de Estado da Prote\u00e7\u00e3o Civil e das Florestas justifica a extens\u00e3o pelo mau tempo vivido este ano. A medida visa facilitar a instala\u00e7\u00e3o ou manuten\u00e7\u00e3o da rede secund\u00e1ria, considerando as realidades das v\u00e1rias regi\u00f5es do continente.<\/p>\n<p>Conclui ainda que os trabalhos na rede secund\u00e1ria de faixas de gest\u00e3o de combust\u00edvel podem decorrer at\u00e9 31 de maio de 2026 nos munic\u00edpios do continente, com exce\u00e7\u00e3o dos que estiverem sob calamidade devido ao mau tempo em 2026, onde v\u00e3o at\u00e9 30 de junho.<\/p>\n<h3>Prazo e exce\u00e7\u00f5es<\/h3>\n<p>Os propriet\u00e1rios com terrenos a menos de 50 metros de edif\u00edcios de habita\u00e7\u00e3o ou atividades econ\u00f3micas devem gerir o combust\u00edvel numa faixa de 50 metros em \u00e1reas florestais ou 10 metros em \u00e1reas agr\u00edcolas. Em aglomerados com espa\u00e7os florestais, a faixa obrigat\u00f3ria \u00e9 de pelo menos 100 metros.<\/p>\n<p>Parques de campismo, \u00e1reas industriais e aterros sanit\u00e1rios tamb\u00e9m seguem a faixa de gest\u00e3o de combust\u00edvel exterior de 100 metros. Ap\u00f3s os prazos, ficam sujeitos a fiscaliza\u00e7\u00e3o e eventuais coimas em caso de incumprimento.<\/p>\n<p>O Governo sublinha que este ano tem sido marcado por um inverno com precipita\u00e7\u00e3o intensa e ventos fortes, dificultando os trabalhos agr\u00edcolas e florestais, bem como a gest\u00e3o de combust\u00edveis. A depress\u00e3o Kristin, no final de janeiro, exigiu mobiliza\u00e7\u00e3o urgente de meios para prote\u00e7\u00e3o civil nos concelhos mais afetados.<\/p>\n<p>Caso se mantenha a necessidade de explora\u00e7\u00e3o florestal e limpeza de povoamentos nos pr\u00f3ximos meses, devem permanecer dispon\u00edveis meios materiais e humanos, dadas as condi\u00e7\u00f5es de devasta\u00e7\u00e3o registadas.<\/p>\n","protected":false},"excerpt":{"rendered":"<ul>\n<li>O Governo estendeu at\u00e9 30 de junho o prazo para limpeza de terrenos nos munic\u00edpios abrangidos por calamidade, no \u00e2mbito da gest\u00e3o de combust\u00edvel na rede secund\u00e1ria.<\/li>\n<li>Para os restantes concelhos do continente, o prazo mant\u00e9m-se at\u00e9 31 de maio de 2026.<\/li>\n<li>Propriedades a menos de 50 metros de habita\u00e7\u00e3o ou atividade econ\u00f3mica devem gerir combust\u00edvel numa faixa de 50 metros em \u00e1reas florestais (ou 10 metros em \u00e1reas agr\u00edcolas).<\/li>\n<li>Em aglomerados com espa\u00e7os florestais, parques de campismo, industriais ou aterros sanit\u00e1rios, a faixa de gest\u00e3o de combust\u00edvel externa n\u00e3o pode ser inferior a 100 metros.<\/li>\n<li>Ap\u00f3s os prazos, h\u00e1 fiscaliza\u00e7\u00e3o e poss\u00edveis coimas; os prazos refletem as condi\u00e7\u00f5es meteorol\u00f3gicas adversas e a mobiliza\u00e7\u00e3o de meios devido \u00e0 depress\u00e3o Kristin.<\/li>\n<\/ul>\n","protected":false},"author":2,"featured_media":413286,"comment_status":"closed","ping_status":"closed","sticky":false,"template":"","format":"standard","meta":{"footnotes":""},"categories":[1],"tags":[4966,4576,3074,45,320],"class_list":["post-413283","post","type-post","status-publish","format-standard","has-post-thumbnail","hentry","category-noticias","tag-calamidades","tag-florestal","tag-gestao-de-combustivel","tag-meio-ambiente","tag-protecao-civil"],"yoast_head":"<!-- This site is optimized with the Yoast SEO plugin v27.2 - https:\/\/yoast.com\/product\/yoast-seo-wordpress\/ -->\n<title>Propriet\u00e1rios t\u00eam at\u00e9 30 de junho para limpar terrenos em \u00e1reas de calamidade - Portal Tela Portugal<\/title>\n<meta name=\"robots\" content=\"index, follow, max-snippet:-1, max-image-preview:large, max-video-preview:-1\" \/>\n<meta property=\"og:locale\" content=\"pt_PT\" \/>\n<meta property=\"og:type\" content=\"article\" \/>\n<meta property=\"og:title\" content=\"Propriet\u00e1rios t\u00eam at\u00e9 30 de junho para limpar terrenos em \u00e1reas de calamidade - Portal Tela Portugal\" \/>\n<meta property=\"og:description\" content=\"O Governo estendeu at\u00e9 30 de junho o prazo para limpeza de terrenos nos munic\u00edpios abrangidos por calamidade, no \u00e2mbito da gest\u00e3o de combust\u00edvel na rede secund\u00e1ria. Para os restantes concelhos do continente, o prazo mant\u00e9m-se at\u00e9 31 de maio de 2026. Propriedades a menos de 50 metros de habita\u00e7\u00e3o ou atividade econ\u00f3mica devem gerir combust\u00edvel numa faixa de 50 metros em \u00e1reas florestais (ou 10 metros em \u00e1reas agr\u00edcolas). Em aglomerados com espa\u00e7os florestais, parques de campismo, industriais ou aterros sanit\u00e1rios, a faixa de gest\u00e3o de combust\u00edvel externa n\u00e3o pode ser inferior a 100 metros. Ap\u00f3s os prazos, h\u00e1 fiscaliza\u00e7\u00e3o e poss\u00edveis coimas; os prazos refletem as condi\u00e7\u00f5es meteorol\u00f3gicas adversas e a mobiliza\u00e7\u00e3o de meios devido \u00e0 depress\u00e3o Kristin.\" \/>\n<meta property=\"og:url\" content=\"https:\/\/portaltela.pt\/noticias\/2026\/03\/17\/proprietarios-tem-ate-30-de-junho-para-limpar-terrenos-em-areas-de-calamidade-2\/\" \/>\n<meta property=\"og:site_name\" content=\"Portal Tela Portugal\" \/>\n<meta property=\"article:published_time\" content=\"2026-03-17T13:58:00+00:00\" \/>\n<meta name=\"author\" content=\"Telinha\" \/>\n<meta name=\"twitter:card\" content=\"summary_large_image\" \/>\n<meta name=\"twitter:label1\" content=\"Escrito por\" \/>\n\t<meta name=\"twitter:data1\" content=\"Telinha\" \/>\n\t<meta name=\"twitter:label2\" content=\"Tempo estimado de leitura\" \/>\n\t<meta name=\"twitter:data2\" content=\"2 minutos\" \/>\n<script type=\"application\/ld+json\" class=\"yoast-schema-graph\">{\"@context\":\"https:\/\/schema.org\",\"@graph\":[{\"@type\":\"Article\",\"@id\":\"https:\/\/portaltela.pt\/noticias\/2026\/03\/17\/proprietarios-tem-ate-30-de-junho-para-limpar-terrenos-em-areas-de-calamidade-2\/#article\",\"isPartOf\":{\"@id\":\"https:\/\/portaltela.pt\/noticias\/2026\/03\/17\/proprietarios-tem-ate-30-de-junho-para-limpar-terrenos-em-areas-de-calamidade-2\/\"},\"author\":{\"name\":\"Telinha\",\"@id\":\"https:\/\/portaltela.pt\/#\/schema\/person\/c4278d4a6028830caff9ee44b42d32ed\"},\"headline\":\"Propriet\u00e1rios t\u00eam at\u00e9 30 de junho para limpar terrenos em \u00e1reas de calamidade\",\"datePublished\":\"2026-03-17T13:58:00+00:00\",\"mainEntityOfPage\":{\"@id\":\"https:\/\/portaltela.pt\/noticias\/2026\/03\/17\/proprietarios-tem-ate-30-de-junho-para-limpar-terrenos-em-areas-de-calamidade-2\/\"},\"wordCount\":334,\"image\":{\"@id\":\"https:\/\/portaltela.pt\/noticias\/2026\/03\/17\/proprietarios-tem-ate-30-de-junho-para-limpar-terrenos-em-areas-de-calamidade-2\/#primaryimage\"},\"thumbnailUrl\":\"https:\/\/portaltela.pt\/s.01k8rhncp4jt1\/2026\/03\/image-74.webp\",\"keywords\":[\"calamidades\",\"florestal\",\"gest\u00e3o de combust\u00edvel\",\"meio-ambiente\",\"prote\u00e7\u00e3o civil\"],\"articleSection\":[\"Not\u00edcias\"],\"inLanguage\":\"pt-PT\"},{\"@type\":\"WebPage\",\"@id\":\"https:\/\/portaltela.pt\/noticias\/2026\/03\/17\/proprietarios-tem-ate-30-de-junho-para-limpar-terrenos-em-areas-de-calamidade-2\/\",\"url\":\"https:\/\/portaltela.pt\/noticias\/2026\/03\/17\/proprietarios-tem-ate-30-de-junho-para-limpar-terrenos-em-areas-de-calamidade-2\/\",\"name\":\"Propriet\u00e1rios t\u00eam at\u00e9 30 de junho para limpar terrenos em \u00e1reas de calamidade - Portal Tela Portugal\",\"isPartOf\":{\"@id\":\"https:\/\/portaltela.pt\/#website\"},\"primaryImageOfPage\":{\"@id\":\"https:\/\/portaltela.pt\/noticias\/2026\/03\/17\/proprietarios-tem-ate-30-de-junho-para-limpar-terrenos-em-areas-de-calamidade-2\/#primaryimage\"},\"image\":{\"@id\":\"https:\/\/portaltela.pt\/noticias\/2026\/03\/17\/proprietarios-tem-ate-30-de-junho-para-limpar-terrenos-em-areas-de-calamidade-2\/#primaryimage\"},\"thumbnailUrl\":\"https:\/\/portaltela.pt\/s.01k8rhncp4jt1\/2026\/03\/image-74.webp\",\"datePublished\":\"2026-03-17T13:58:00+00:00\",\"author\":{\"@id\":\"https:\/\/portaltela.pt\/#\/schema\/person\/c4278d4a6028830caff9ee44b42d32ed\"},\"breadcrumb\":{\"@id\":\"https:\/\/portaltela.pt\/noticias\/2026\/03\/17\/proprietarios-tem-ate-30-de-junho-para-limpar-terrenos-em-areas-de-calamidade-2\/#breadcrumb\"},\"inLanguage\":\"pt-PT\",\"potentialAction\":[{\"@type\":\"ReadAction\",\"target\":[\"https:\/\/portaltela.pt\/noticias\/2026\/03\/17\/proprietarios-tem-ate-30-de-junho-para-limpar-terrenos-em-areas-de-calamidade-2\/\"]}]},{\"@type\":\"ImageObject\",\"inLanguage\":\"pt-PT\",\"@id\":\"https:\/\/portaltela.pt\/noticias\/2026\/03\/17\/proprietarios-tem-ate-30-de-junho-para-limpar-terrenos-em-areas-de-calamidade-2\/#primaryimage\",\"url\":\"https:\/\/portaltela.pt\/s.01k8rhncp4jt1\/2026\/03\/image-74.webp\",\"contentUrl\":\"https:\/\/portaltela.pt\/s.01k8rhncp4jt1\/2026\/03\/image-74.webp\",\"width\":1200,\"height\":800,\"caption\":\"Foto: Artur Machado\"},{\"@type\":\"BreadcrumbList\",\"@id\":\"https:\/\/portaltela.pt\/noticias\/2026\/03\/17\/proprietarios-tem-ate-30-de-junho-para-limpar-terrenos-em-areas-de-calamidade-2\/#breadcrumb\",\"itemListElement\":[{\"@type\":\"ListItem\",\"position\":1,\"name\":\"In\u00edcio\",\"item\":\"https:\/\/portaltela.pt\/\"},{\"@type\":\"ListItem\",\"position\":2,\"name\":\"Propriet\u00e1rios t\u00eam at\u00e9 30 de junho para limpar terrenos em \u00e1reas de calamidade\"}]},{\"@type\":\"WebSite\",\"@id\":\"https:\/\/portaltela.pt\/#website\",\"url\":\"https:\/\/portaltela.pt\/\",\"name\":\"Portal Tela Portugal\",\"description\":\"\",\"potentialAction\":[{\"@type\":\"SearchAction\",\"target\":{\"@type\":\"EntryPoint\",\"urlTemplate\":\"https:\/\/portaltela.pt\/?s={search_term_string}\"},\"query-input\":{\"@type\":\"PropertyValueSpecification\",\"valueRequired\":true,\"valueName\":\"search_term_string\"}}],\"inLanguage\":\"pt-PT\"},{\"@type\":\"Person\",\"@id\":\"https:\/\/portaltela.pt\/#\/schema\/person\/c4278d4a6028830caff9ee44b42d32ed\",\"name\":\"Telinha\",\"image\":{\"@type\":\"ImageObject\",\"inLanguage\":\"pt-PT\",\"@id\":\"https:\/\/portaltela.pt\/s.01k8rhncp4jt1\/2025\/11\/talking-bot-125x125.png\",\"url\":\"https:\/\/portaltela.pt\/s.01k8rhncp4jt1\/2025\/11\/talking-bot-125x125.png\",\"contentUrl\":\"https:\/\/portaltela.pt\/s.01k8rhncp4jt1\/2025\/11\/talking-bot-125x125.png\",\"caption\":\"Telinha\"},\"sameAs\":[\"https:\/\/portaltela.pt\/\"],\"url\":\"https:\/\/portaltela.pt\/por\/367410592786\/\"}]}<\/script>\n<!-- \/ Yoast SEO plugin. -->","yoast_head_json":{"title":"Propriet\u00e1rios t\u00eam at\u00e9 30 de junho para limpar terrenos em \u00e1reas de calamidade - Portal Tela Portugal","robots":{"index":"index","follow":"follow","max-snippet":"max-snippet:-1","max-image-preview":"max-image-preview:large","max-video-preview":"max-video-preview:-1"},"og_locale":"pt_PT","og_type":"article","og_title":"Propriet\u00e1rios t\u00eam at\u00e9 30 de junho para limpar terrenos em \u00e1reas de calamidade - Portal Tela Portugal","og_description":"O Governo estendeu at\u00e9 30 de junho o prazo para limpeza de terrenos nos munic\u00edpios abrangidos por calamidade, no \u00e2mbito da gest\u00e3o de combust\u00edvel na rede secund\u00e1ria. Para os restantes concelhos do continente, o prazo mant\u00e9m-se at\u00e9 31 de maio de 2026. Propriedades a menos de 50 metros de habita\u00e7\u00e3o ou atividade econ\u00f3mica devem gerir combust\u00edvel numa faixa de 50 metros em \u00e1reas florestais (ou 10 metros em \u00e1reas agr\u00edcolas). Em aglomerados com espa\u00e7os florestais, parques de campismo, industriais ou aterros sanit\u00e1rios, a faixa de gest\u00e3o de combust\u00edvel externa n\u00e3o pode ser inferior a 100 metros. Ap\u00f3s os prazos, h\u00e1 fiscaliza\u00e7\u00e3o e poss\u00edveis coimas; os prazos refletem as condi\u00e7\u00f5es meteorol\u00f3gicas adversas e a mobiliza\u00e7\u00e3o de meios devido \u00e0 depress\u00e3o Kristin.","og_url":"https:\/\/portaltela.pt\/noticias\/2026\/03\/17\/proprietarios-tem-ate-30-de-junho-para-limpar-terrenos-em-areas-de-calamidade-2\/","og_site_name":"Portal Tela Portugal","article_published_time":"2026-03-17T13:58:00+00:00","author":"Telinha","twitter_card":"summary_large_image","twitter_misc":{"Escrito por":"Telinha","Tempo estimado de leitura":"2 minutos"},"schema":{"@context":"https:\/\/schema.org","@graph":[{"@type":"Article","@id":"https:\/\/portaltela.pt\/noticias\/2026\/03\/17\/proprietarios-tem-ate-30-de-junho-para-limpar-terrenos-em-areas-de-calamidade-2\/#article","isPartOf":{"@id":"https:\/\/portaltela.pt\/noticias\/2026\/03\/17\/proprietarios-tem-ate-30-de-junho-para-limpar-terrenos-em-areas-de-calamidade-2\/"},"author":{"name":"Telinha","@id":"https:\/\/portaltela.pt\/#\/schema\/person\/c4278d4a6028830caff9ee44b42d32ed"},"headline":"Propriet\u00e1rios t\u00eam at\u00e9 30 de junho para limpar terrenos em \u00e1reas de calamidade","datePublished":"2026-03-17T13:58:00+00:00","mainEntityOfPage":{"@id":"https:\/\/portaltela.pt\/noticias\/2026\/03\/17\/proprietarios-tem-ate-30-de-junho-para-limpar-terrenos-em-areas-de-calamidade-2\/"},"wordCount":334,"image":{"@id":"https:\/\/portaltela.pt\/noticias\/2026\/03\/17\/proprietarios-tem-ate-30-de-junho-para-limpar-terrenos-em-areas-de-calamidade-2\/#primaryimage"},"thumbnailUrl":"https:\/\/portaltela.pt\/s.01k8rhncp4jt1\/2026\/03\/image-74.webp","keywords":["calamidades","florestal","gest\u00e3o de combust\u00edvel","meio-ambiente","prote\u00e7\u00e3o civil"],"articleSection":["Not\u00edcias"],"inLanguage":"pt-PT"},{"@type":"WebPage","@id":"https:\/\/portaltela.pt\/noticias\/2026\/03\/17\/proprietarios-tem-ate-30-de-junho-para-limpar-terrenos-em-areas-de-calamidade-2\/","url":"https:\/\/portaltela.pt\/noticias\/2026\/03\/17\/proprietarios-tem-ate-30-de-junho-para-limpar-terrenos-em-areas-de-calamidade-2\/","name":"Propriet\u00e1rios t\u00eam at\u00e9 30 de junho para limpar terrenos em \u00e1reas de calamidade - Portal Tela Portugal","isPartOf":{"@id":"https:\/\/portaltela.pt\/#website"},"primaryImageOfPage":{"@id":"https:\/\/portaltela.pt\/noticias\/2026\/03\/17\/proprietarios-tem-ate-30-de-junho-para-limpar-terrenos-em-areas-de-calamidade-2\/#primaryimage"},"image":{"@id":"https:\/\/portaltela.pt\/noticias\/2026\/03\/17\/proprietarios-tem-ate-30-de-junho-para-limpar-terrenos-em-areas-de-calamidade-2\/#primaryimage"},"thumbnailUrl":"https:\/\/portaltela.pt\/s.01k8rhncp4jt1\/2026\/03\/image-74.webp","datePublished":"2026-03-17T13:58:00+00:00","author":{"@id":"https:\/\/portaltela.pt\/#\/schema\/person\/c4278d4a6028830caff9ee44b42d32ed"},"breadcrumb":{"@id":"https:\/\/portaltela.pt\/noticias\/2026\/03\/17\/proprietarios-tem-ate-30-de-junho-para-limpar-terrenos-em-areas-de-calamidade-2\/#breadcrumb"},"inLanguage":"pt-PT","potentialAction":[{"@type":"ReadAction","target":["https:\/\/portaltela.pt\/noticias\/2026\/03\/17\/proprietarios-tem-ate-30-de-junho-para-limpar-terrenos-em-areas-de-calamidade-2\/"]}]},{"@type":"ImageObject","inLanguage":"pt-PT","@id":"https:\/\/portaltela.pt\/noticias\/2026\/03\/17\/proprietarios-tem-ate-30-de-junho-para-limpar-terrenos-em-areas-de-calamidade-2\/#primaryimage","url":"https:\/\/portaltela.pt\/s.01k8rhncp4jt1\/2026\/03\/image-74.webp","contentUrl":"https:\/\/portaltela.pt\/s.01k8rhncp4jt1\/2026\/03\/image-74.webp","width":1200,"height":800,"caption":"Foto: Artur Machado"},{"@type":"BreadcrumbList","@id":"https:\/\/portaltela.pt\/noticias\/2026\/03\/17\/proprietarios-tem-ate-30-de-junho-para-limpar-terrenos-em-areas-de-calamidade-2\/#breadcrumb","itemListElement":[{"@type":"ListItem","position":1,"name":"In\u00edcio","item":"https:\/\/portaltela.pt\/"},{"@type":"ListItem","position":2,"name":"Propriet\u00e1rios t\u00eam at\u00e9 30 de junho para limpar terrenos em \u00e1reas de calamidade"}]},{"@type":"WebSite","@id":"https:\/\/portaltela.pt\/#website","url":"https:\/\/portaltela.pt\/","name":"Portal Tela Portugal","description":"","potentialAction":[{"@type":"SearchAction","target":{"@type":"EntryPoint","urlTemplate":"https:\/\/portaltela.pt\/?s={search_term_string}"},"query-input":{"@type":"PropertyValueSpecification","valueRequired":true,"valueName":"search_term_string"}}],"inLanguage":"pt-PT"},{"@type":"Person","@id":"https:\/\/portaltela.pt\/#\/schema\/person\/c4278d4a6028830caff9ee44b42d32ed","name":"Telinha","image":{"@type":"ImageObject","inLanguage":"pt-PT","@id":"https:\/\/portaltela.pt\/s.01k8rhncp4jt1\/2025\/11\/talking-bot-125x125.png","url":"https:\/\/portaltela.pt\/s.01k8rhncp4jt1\/2025\/11\/talking-bot-125x125.png","contentUrl":"https:\/\/portaltela.pt\/s.01k8rhncp4jt1\/2025\/11\/talking-bot-125x125.png","caption":"Telinha"},"sameAs":["https:\/\/portaltela.pt\/"],"url":"https:\/\/portaltela.pt\/por\/367410592786\/"}]}},"_links":{"self":[{"href":"https:\/\/portaltela.pt\/api\/wp\/v2\/posts\/413283","targetHints":{"allow":["GET"]}}],"collection":[{"href":"https:\/\/portaltela.pt\/api\/wp\/v2\/posts"}],"about":[{"href":"https:\/\/portaltela.pt\/api\/wp\/v2\/types\/post"}],"author":[{"embeddable":true,"href":"https:\/\/portaltela.pt\/api\/wp\/v2\/users\/2"}],"replies":[{"embeddable":true,"href":"https:\/\/portaltela.pt\/api\/wp\/v2\/comments?post=413283"}],"version-history":[{"count":0,"href":"https:\/\/portaltela.pt\/api\/wp\/v2\/posts\/413283\/revisions"}],"wp:featuredmedia":[{"embeddable":true,"href":"https:\/\/portaltela.pt\/api\/wp\/v2\/media\/413286"}],"wp:attachment":[{"href":"https:\/\/portaltela.pt\/api\/wp\/v2\/media?parent=413283"}],"wp:term":[{"taxonomy":"category","embeddable":true,"href":"https:\/\/portaltela.pt\/api\/wp\/v2\/categories?post=413283"},{"taxonomy":"post_tag","embeddable":true,"href":"https:\/\/portaltela.pt\/api\/wp\/v2\/tags?post=413283"}],"curies":[{"name":"wp","href":"https:\/\/api.w.org\/{rel}","templated":true}]}}