{"id":413246,"date":"2026-03-17T10:39:00","date_gmt":"2026-03-17T13:39:00","guid":{"rendered":"https:\/\/portaltela.pt\/noticias\/2026\/03\/17\/ds-n-7-anuncia-740-km-de-autonomia-e-luxo-a-bordo\/"},"modified":"2026-03-17T10:39:00","modified_gmt":"2026-03-17T13:39:00","slug":"ds-n-7-anuncia-740-km-de-autonomia-e-luxo-a-bordo","status":"publish","type":"post","link":"https:\/\/portaltela.pt\/noticias\/2026\/03\/17\/ds-n-7-anuncia-740-km-de-autonomia-e-luxo-a-bordo\/","title":{"rendered":"DS N\u00b07 anuncia 740 km de autonomia e luxo a bordo"},"content":{"rendered":"<p>O DS N\u00b07 \u00e9 apresentado como o novo \u00e1pice da DS Automobiles, sucedendo o DS 7. O modelo chega com design arrojado, tecnologia de ponta e uma variante el\u00e9ctrica com autonomia recorde no segmento. A revela\u00e7\u00e3o ocorreu no centro de design DS, nos arredores de Paris.<\/p>\n<p>O N\u00b07, conjuntamente com a berlina N\u00b08, marca a maturidade da ins\u00edgnia francesa, posicionando-se no segmento de luxo. O visual distingue-se pela silhueta elegante e pela assinatura luminosa em V, DS Light Blade.<\/p>\n<h3>Design e tecnologia<\/h3>\n<p>O SUV cresce em comprimento e, sobretudo, na dist\u00e2ncia entre eixos, proporcionando mais espa\u00e7o para as pernas. O tejadilho panor\u00e2mico e vidros amplos refor\u00e7am a sensa\u00e7\u00e3o de espa\u00e7o no interior, que utiliza couro napa, alc\u00e2ntara e couro reciclado em vers\u00f5es \u00c9toile.<\/p>\n<p>O habit\u00e1culo destaca-se pelo ecr\u00e3 central de 16 polegadas e pelo DS Iris System 2.0. Este sistema integra assist\u00eancia de IA para conversas naturais e apoio ao condutor, com o Night Vision a detectar pe\u00f5es e animais at\u00e9 300 metros.<\/p>\n<h3>Autonomia e performance<\/h3>\n<p>Na vers\u00e3o el\u00e9ctrica, E-Tense FWD Long Range, est\u00e1 dispon\u00edvel uma bateria de 97,2 kWh, com autonomia at\u00e9 740 km em ciclo WLTP. A vers\u00e3o com 73,8 kWh atinge at\u00e9 543 km. A variante AWD de 350 cv oferece at\u00e9 679 km de autonomia el\u00e9ctrica.<\/p>\n<p>O carregamento r\u00e1pido permite 20 a 80 por cento em 27 minutos, mantendo at\u00e9 160 kW de pot\u00eancia at\u00e9 55% da capacidade da bateria. Recupera 200 km de autonomia em cerca de dez minutos.<\/p>\n<p>Para quem n\u00e3o abdica de combust\u00e3o, existe uma motoriza\u00e7\u00e3o h\u00edbrida de 145 cv, com consumos anunciados a partir de 5,3 L\/100 km. O conforto de rolamento \u00e9 assegurado pela suspens\u00e3o DS Active Scan, que ajusta os amortecedores com base em leitura de asfalto.<\/p>\n<h3>Produ\u00e7\u00e3o e lan\u00e7amento<\/h3>\n<p>O DS N\u00b07 junta baterias e motores de origem europeia, com montagem prevista em It\u00e1lia. A marca ainda n\u00e3o divulgou pre\u00e7os para o mercado, mas o lan\u00e7amento est\u00e1 previsto para outubro.<\/p>\n","protected":false},"excerpt":{"rendered":"<ul>\n<li>A DS Automobiles apresenta o DS N\u00b07, sucessor do DS 7, com design arrojado, tecnologia de ponta e vers\u00e3o el\u00e9ctrica de grande autonomia.<\/li>\n<li>O SUV mede 4,66 metros de comprimento, com uma dist\u00e2ncia entre eixos aumentada em cinco cent\u00edmetros, teto em curva e nova assinatura luminosa DS Light Blade.<\/li>\n<li>O interior privilegia materiais premium (madeira verdadeira, couro napa e alc\u00e2ntara; 68% de materiais reciclados na vers\u00e3o \u00c9toile) e o ecr\u00e3 central de 16 polegadas com DS Iris System 2.0, que integra o assistente ChatGPT; o Night Vision mant\u00e9m-se como recurso de seguran\u00e7a.<\/li>\n<li>A vers\u00e3o el\u00e9ctrica E-Tense FWD Long Range usa uma bateria de 97,2 kWh (made in Fran\u00e7a) e promete at\u00e9 740 quil\u00f3metros (WLTP); h\u00e1 tamb\u00e9m uma variante de 73,8 kWh com at\u00e9 543 quil\u00f3metros. A vers\u00e3o AWD de 350 cv trabalha at\u00e9 679 quil\u00f3metros e acelera de 0 a 100 km\/h em pouco mais de cinco segundos.<\/li>\n<li>Carregado em postos r\u00e1pidos, recupera de 20 a 80 por cento em cerca de 27 minutos, com pot\u00eancia de at\u00e9 160 kW e recupera\u00e7\u00e3o de 200 quil\u00f3metros em dez minutos; h\u00e1 ainda op\u00e7\u00e3o h\u00edbrida de 145 cv. O DS N\u00b07 dever\u00e1 chegar ao mercado em outubro, com montagem final em It\u00e1lia.<\/li>\n<\/ul>\n","protected":false},"author":2,"featured_media":413254,"comment_status":"closed","ping_status":"closed","sticky":false,"template":"","format":"standard","meta":{"footnotes":""},"categories":[1],"tags":[2371,143,4405,4549,153,6622],"class_list":["post-413246","post","type-post","status-publish","format-standard","has-post-thumbnail","hentry","category-noticias","tag-automoveis","tag-design","tag-eletrico","tag-energia-eletrica","tag-tecnologia","tag-veiculos"],"yoast_head":"<!-- This site is optimized with the Yoast SEO plugin v27.2 - https:\/\/yoast.com\/product\/yoast-seo-wordpress\/ -->\n<title>DS N\u00b07 anuncia 740 km de autonomia e luxo a bordo - Portal Tela Portugal<\/title>\n<meta name=\"robots\" content=\"index, follow, max-snippet:-1, max-image-preview:large, max-video-preview:-1\" \/>\n<meta property=\"og:locale\" content=\"pt_PT\" \/>\n<meta property=\"og:type\" content=\"article\" \/>\n<meta property=\"og:title\" content=\"DS N\u00b07 anuncia 740 km de autonomia e luxo a bordo - Portal Tela Portugal\" \/>\n<meta property=\"og:description\" content=\"A DS Automobiles apresenta o DS N\u00b07, sucessor do DS 7, com design arrojado, tecnologia de ponta e vers\u00e3o el\u00e9ctrica de grande autonomia. O SUV mede 4,66 metros de comprimento, com uma dist\u00e2ncia entre eixos aumentada em cinco cent\u00edmetros, teto em curva e nova assinatura luminosa DS Light Blade. O interior privilegia materiais premium (madeira verdadeira, couro napa e alc\u00e2ntara; 68% de materiais reciclados na vers\u00e3o \u00c9toile) e o ecr\u00e3 central de 16 polegadas com DS Iris System 2.0, que integra o assistente ChatGPT; o Night Vision mant\u00e9m-se como recurso de seguran\u00e7a. A vers\u00e3o el\u00e9ctrica E-Tense FWD Long Range usa uma bateria de 97,2 kWh (made in Fran\u00e7a) e promete at\u00e9 740 quil\u00f3metros (WLTP); h\u00e1 tamb\u00e9m uma variante de 73,8 kWh com at\u00e9 543 quil\u00f3metros. A vers\u00e3o AWD de 350 cv trabalha at\u00e9 679 quil\u00f3metros e acelera de 0 a 100 km\/h em pouco mais de cinco segundos. Carregado em postos r\u00e1pidos, recupera de 20 a 80 por cento em cerca de 27 minutos, com pot\u00eancia de at\u00e9 160 kW e recupera\u00e7\u00e3o de 200 quil\u00f3metros em dez minutos; h\u00e1 ainda op\u00e7\u00e3o h\u00edbrida de 145 cv. O DS N\u00b07 dever\u00e1 chegar ao mercado em outubro, com montagem final em It\u00e1lia.\" \/>\n<meta property=\"og:url\" content=\"https:\/\/portaltela.pt\/noticias\/2026\/03\/17\/ds-n-7-anuncia-740-km-de-autonomia-e-luxo-a-bordo\/\" \/>\n<meta property=\"og:site_name\" content=\"Portal Tela Portugal\" \/>\n<meta property=\"article:published_time\" content=\"2026-03-17T13:39:00+00:00\" \/>\n<meta name=\"author\" content=\"Telinha\" \/>\n<meta name=\"twitter:card\" content=\"summary_large_image\" \/>\n<meta name=\"twitter:label1\" content=\"Escrito por\" \/>\n\t<meta name=\"twitter:data1\" content=\"Telinha\" \/>\n\t<meta name=\"twitter:label2\" content=\"Tempo estimado de leitura\" \/>\n\t<meta name=\"twitter:data2\" content=\"2 minutos\" \/>\n<script type=\"application\/ld+json\" class=\"yoast-schema-graph\">{\"@context\":\"https:\/\/schema.org\",\"@graph\":[{\"@type\":\"Article\",\"@id\":\"https:\/\/portaltela.pt\/noticias\/2026\/03\/17\/ds-n-7-anuncia-740-km-de-autonomia-e-luxo-a-bordo\/#article\",\"isPartOf\":{\"@id\":\"https:\/\/portaltela.pt\/noticias\/2026\/03\/17\/ds-n-7-anuncia-740-km-de-autonomia-e-luxo-a-bordo\/\"},\"author\":{\"name\":\"Telinha\",\"@id\":\"https:\/\/portaltela.pt\/#\/schema\/person\/c4278d4a6028830caff9ee44b42d32ed\"},\"headline\":\"DS N\u00b07 anuncia 740 km de autonomia e luxo a bordo\",\"datePublished\":\"2026-03-17T13:39:00+00:00\",\"mainEntityOfPage\":{\"@id\":\"https:\/\/portaltela.pt\/noticias\/2026\/03\/17\/ds-n-7-anuncia-740-km-de-autonomia-e-luxo-a-bordo\/\"},\"wordCount\":343,\"image\":{\"@id\":\"https:\/\/portaltela.pt\/noticias\/2026\/03\/17\/ds-n-7-anuncia-740-km-de-autonomia-e-luxo-a-bordo\/#primaryimage\"},\"thumbnailUrl\":\"https:\/\/portaltela.pt\/s.01k8rhncp4jt1\/2026\/03\/2074836.jpg\",\"keywords\":[\"Autom\u00f3veis\",\"design\",\"El\u00e9trico\",\"energia el\u00e9trica\",\"tecnologia\",\"ve\u00edculos\"],\"articleSection\":[\"Not\u00edcias\"],\"inLanguage\":\"pt-PT\"},{\"@type\":\"WebPage\",\"@id\":\"https:\/\/portaltela.pt\/noticias\/2026\/03\/17\/ds-n-7-anuncia-740-km-de-autonomia-e-luxo-a-bordo\/\",\"url\":\"https:\/\/portaltela.pt\/noticias\/2026\/03\/17\/ds-n-7-anuncia-740-km-de-autonomia-e-luxo-a-bordo\/\",\"name\":\"DS N\u00b07 anuncia 740 km de autonomia e luxo a bordo - Portal Tela Portugal\",\"isPartOf\":{\"@id\":\"https:\/\/portaltela.pt\/#website\"},\"primaryImageOfPage\":{\"@id\":\"https:\/\/portaltela.pt\/noticias\/2026\/03\/17\/ds-n-7-anuncia-740-km-de-autonomia-e-luxo-a-bordo\/#primaryimage\"},\"image\":{\"@id\":\"https:\/\/portaltela.pt\/noticias\/2026\/03\/17\/ds-n-7-anuncia-740-km-de-autonomia-e-luxo-a-bordo\/#primaryimage\"},\"thumbnailUrl\":\"https:\/\/portaltela.pt\/s.01k8rhncp4jt1\/2026\/03\/2074836.jpg\",\"datePublished\":\"2026-03-17T13:39:00+00:00\",\"author\":{\"@id\":\"https:\/\/portaltela.pt\/#\/schema\/person\/c4278d4a6028830caff9ee44b42d32ed\"},\"breadcrumb\":{\"@id\":\"https:\/\/portaltela.pt\/noticias\/2026\/03\/17\/ds-n-7-anuncia-740-km-de-autonomia-e-luxo-a-bordo\/#breadcrumb\"},\"inLanguage\":\"pt-PT\",\"potentialAction\":[{\"@type\":\"ReadAction\",\"target\":[\"https:\/\/portaltela.pt\/noticias\/2026\/03\/17\/ds-n-7-anuncia-740-km-de-autonomia-e-luxo-a-bordo\/\"]}]},{\"@type\":\"ImageObject\",\"inLanguage\":\"pt-PT\",\"@id\":\"https:\/\/portaltela.pt\/noticias\/2026\/03\/17\/ds-n-7-anuncia-740-km-de-autonomia-e-luxo-a-bordo\/#primaryimage\",\"url\":\"https:\/\/portaltela.pt\/s.01k8rhncp4jt1\/2026\/03\/2074836.jpg\",\"contentUrl\":\"https:\/\/portaltela.pt\/s.01k8rhncp4jt1\/2026\/03\/2074836.jpg\",\"width\":796,\"height\":448,\"caption\":\"O DS N\u00ba7 estar\u00e1 dispon\u00edvel com tr\u00eas motoriza\u00e7\u00f5es 100% el\u00e9ctricas e uma motoriza\u00e7\u00e3o h\u00edbrida convencional\"},{\"@type\":\"BreadcrumbList\",\"@id\":\"https:\/\/portaltela.pt\/noticias\/2026\/03\/17\/ds-n-7-anuncia-740-km-de-autonomia-e-luxo-a-bordo\/#breadcrumb\",\"itemListElement\":[{\"@type\":\"ListItem\",\"position\":1,\"name\":\"In\u00edcio\",\"item\":\"https:\/\/portaltela.pt\/\"},{\"@type\":\"ListItem\",\"position\":2,\"name\":\"DS N\u00b07 anuncia 740 km de autonomia e luxo a bordo\"}]},{\"@type\":\"WebSite\",\"@id\":\"https:\/\/portaltela.pt\/#website\",\"url\":\"https:\/\/portaltela.pt\/\",\"name\":\"Portal Tela Portugal\",\"description\":\"\",\"potentialAction\":[{\"@type\":\"SearchAction\",\"target\":{\"@type\":\"EntryPoint\",\"urlTemplate\":\"https:\/\/portaltela.pt\/?s={search_term_string}\"},\"query-input\":{\"@type\":\"PropertyValueSpecification\",\"valueRequired\":true,\"valueName\":\"search_term_string\"}}],\"inLanguage\":\"pt-PT\"},{\"@type\":\"Person\",\"@id\":\"https:\/\/portaltela.pt\/#\/schema\/person\/c4278d4a6028830caff9ee44b42d32ed\",\"name\":\"Telinha\",\"image\":{\"@type\":\"ImageObject\",\"inLanguage\":\"pt-PT\",\"@id\":\"https:\/\/portaltela.pt\/s.01k8rhncp4jt1\/2025\/11\/talking-bot-125x125.png\",\"url\":\"https:\/\/portaltela.pt\/s.01k8rhncp4jt1\/2025\/11\/talking-bot-125x125.png\",\"contentUrl\":\"https:\/\/portaltela.pt\/s.01k8rhncp4jt1\/2025\/11\/talking-bot-125x125.png\",\"caption\":\"Telinha\"},\"sameAs\":[\"https:\/\/portaltela.pt\/\"],\"url\":\"https:\/\/portaltela.pt\/por\/367410592786\/\"}]}<\/script>\n<!-- \/ Yoast SEO plugin. -->","yoast_head_json":{"title":"DS N\u00b07 anuncia 740 km de autonomia e luxo a bordo - Portal Tela Portugal","robots":{"index":"index","follow":"follow","max-snippet":"max-snippet:-1","max-image-preview":"max-image-preview:large","max-video-preview":"max-video-preview:-1"},"og_locale":"pt_PT","og_type":"article","og_title":"DS N\u00b07 anuncia 740 km de autonomia e luxo a bordo - Portal Tela Portugal","og_description":"A DS Automobiles apresenta o DS N\u00b07, sucessor do DS 7, com design arrojado, tecnologia de ponta e vers\u00e3o el\u00e9ctrica de grande autonomia. O SUV mede 4,66 metros de comprimento, com uma dist\u00e2ncia entre eixos aumentada em cinco cent\u00edmetros, teto em curva e nova assinatura luminosa DS Light Blade. O interior privilegia materiais premium (madeira verdadeira, couro napa e alc\u00e2ntara; 68% de materiais reciclados na vers\u00e3o \u00c9toile) e o ecr\u00e3 central de 16 polegadas com DS Iris System 2.0, que integra o assistente ChatGPT; o Night Vision mant\u00e9m-se como recurso de seguran\u00e7a. A vers\u00e3o el\u00e9ctrica E-Tense FWD Long Range usa uma bateria de 97,2 kWh (made in Fran\u00e7a) e promete at\u00e9 740 quil\u00f3metros (WLTP); h\u00e1 tamb\u00e9m uma variante de 73,8 kWh com at\u00e9 543 quil\u00f3metros. A vers\u00e3o AWD de 350 cv trabalha at\u00e9 679 quil\u00f3metros e acelera de 0 a 100 km\/h em pouco mais de cinco segundos. Carregado em postos r\u00e1pidos, recupera de 20 a 80 por cento em cerca de 27 minutos, com pot\u00eancia de at\u00e9 160 kW e recupera\u00e7\u00e3o de 200 quil\u00f3metros em dez minutos; h\u00e1 ainda op\u00e7\u00e3o h\u00edbrida de 145 cv. O DS N\u00b07 dever\u00e1 chegar ao mercado em outubro, com montagem final em It\u00e1lia.","og_url":"https:\/\/portaltela.pt\/noticias\/2026\/03\/17\/ds-n-7-anuncia-740-km-de-autonomia-e-luxo-a-bordo\/","og_site_name":"Portal Tela Portugal","article_published_time":"2026-03-17T13:39:00+00:00","author":"Telinha","twitter_card":"summary_large_image","twitter_misc":{"Escrito por":"Telinha","Tempo estimado de leitura":"2 minutos"},"schema":{"@context":"https:\/\/schema.org","@graph":[{"@type":"Article","@id":"https:\/\/portaltela.pt\/noticias\/2026\/03\/17\/ds-n-7-anuncia-740-km-de-autonomia-e-luxo-a-bordo\/#article","isPartOf":{"@id":"https:\/\/portaltela.pt\/noticias\/2026\/03\/17\/ds-n-7-anuncia-740-km-de-autonomia-e-luxo-a-bordo\/"},"author":{"name":"Telinha","@id":"https:\/\/portaltela.pt\/#\/schema\/person\/c4278d4a6028830caff9ee44b42d32ed"},"headline":"DS N\u00b07 anuncia 740 km de autonomia e luxo a bordo","datePublished":"2026-03-17T13:39:00+00:00","mainEntityOfPage":{"@id":"https:\/\/portaltela.pt\/noticias\/2026\/03\/17\/ds-n-7-anuncia-740-km-de-autonomia-e-luxo-a-bordo\/"},"wordCount":343,"image":{"@id":"https:\/\/portaltela.pt\/noticias\/2026\/03\/17\/ds-n-7-anuncia-740-km-de-autonomia-e-luxo-a-bordo\/#primaryimage"},"thumbnailUrl":"https:\/\/portaltela.pt\/s.01k8rhncp4jt1\/2026\/03\/2074836.jpg","keywords":["Autom\u00f3veis","design","El\u00e9trico","energia el\u00e9trica","tecnologia","ve\u00edculos"],"articleSection":["Not\u00edcias"],"inLanguage":"pt-PT"},{"@type":"WebPage","@id":"https:\/\/portaltela.pt\/noticias\/2026\/03\/17\/ds-n-7-anuncia-740-km-de-autonomia-e-luxo-a-bordo\/","url":"https:\/\/portaltela.pt\/noticias\/2026\/03\/17\/ds-n-7-anuncia-740-km-de-autonomia-e-luxo-a-bordo\/","name":"DS N\u00b07 anuncia 740 km de autonomia e luxo a bordo - Portal Tela Portugal","isPartOf":{"@id":"https:\/\/portaltela.pt\/#website"},"primaryImageOfPage":{"@id":"https:\/\/portaltela.pt\/noticias\/2026\/03\/17\/ds-n-7-anuncia-740-km-de-autonomia-e-luxo-a-bordo\/#primaryimage"},"image":{"@id":"https:\/\/portaltela.pt\/noticias\/2026\/03\/17\/ds-n-7-anuncia-740-km-de-autonomia-e-luxo-a-bordo\/#primaryimage"},"thumbnailUrl":"https:\/\/portaltela.pt\/s.01k8rhncp4jt1\/2026\/03\/2074836.jpg","datePublished":"2026-03-17T13:39:00+00:00","author":{"@id":"https:\/\/portaltela.pt\/#\/schema\/person\/c4278d4a6028830caff9ee44b42d32ed"},"breadcrumb":{"@id":"https:\/\/portaltela.pt\/noticias\/2026\/03\/17\/ds-n-7-anuncia-740-km-de-autonomia-e-luxo-a-bordo\/#breadcrumb"},"inLanguage":"pt-PT","potentialAction":[{"@type":"ReadAction","target":["https:\/\/portaltela.pt\/noticias\/2026\/03\/17\/ds-n-7-anuncia-740-km-de-autonomia-e-luxo-a-bordo\/"]}]},{"@type":"ImageObject","inLanguage":"pt-PT","@id":"https:\/\/portaltela.pt\/noticias\/2026\/03\/17\/ds-n-7-anuncia-740-km-de-autonomia-e-luxo-a-bordo\/#primaryimage","url":"https:\/\/portaltela.pt\/s.01k8rhncp4jt1\/2026\/03\/2074836.jpg","contentUrl":"https:\/\/portaltela.pt\/s.01k8rhncp4jt1\/2026\/03\/2074836.jpg","width":796,"height":448,"caption":"O DS N\u00ba7 estar\u00e1 dispon\u00edvel com tr\u00eas motoriza\u00e7\u00f5es 100% el\u00e9ctricas e uma motoriza\u00e7\u00e3o h\u00edbrida convencional"},{"@type":"BreadcrumbList","@id":"https:\/\/portaltela.pt\/noticias\/2026\/03\/17\/ds-n-7-anuncia-740-km-de-autonomia-e-luxo-a-bordo\/#breadcrumb","itemListElement":[{"@type":"ListItem","position":1,"name":"In\u00edcio","item":"https:\/\/portaltela.pt\/"},{"@type":"ListItem","position":2,"name":"DS N\u00b07 anuncia 740 km de autonomia e luxo a bordo"}]},{"@type":"WebSite","@id":"https:\/\/portaltela.pt\/#website","url":"https:\/\/portaltela.pt\/","name":"Portal Tela Portugal","description":"","potentialAction":[{"@type":"SearchAction","target":{"@type":"EntryPoint","urlTemplate":"https:\/\/portaltela.pt\/?s={search_term_string}"},"query-input":{"@type":"PropertyValueSpecification","valueRequired":true,"valueName":"search_term_string"}}],"inLanguage":"pt-PT"},{"@type":"Person","@id":"https:\/\/portaltela.pt\/#\/schema\/person\/c4278d4a6028830caff9ee44b42d32ed","name":"Telinha","image":{"@type":"ImageObject","inLanguage":"pt-PT","@id":"https:\/\/portaltela.pt\/s.01k8rhncp4jt1\/2025\/11\/talking-bot-125x125.png","url":"https:\/\/portaltela.pt\/s.01k8rhncp4jt1\/2025\/11\/talking-bot-125x125.png","contentUrl":"https:\/\/portaltela.pt\/s.01k8rhncp4jt1\/2025\/11\/talking-bot-125x125.png","caption":"Telinha"},"sameAs":["https:\/\/portaltela.pt\/"],"url":"https:\/\/portaltela.pt\/por\/367410592786\/"}]}},"_links":{"self":[{"href":"https:\/\/portaltela.pt\/api\/wp\/v2\/posts\/413246","targetHints":{"allow":["GET"]}}],"collection":[{"href":"https:\/\/portaltela.pt\/api\/wp\/v2\/posts"}],"about":[{"href":"https:\/\/portaltela.pt\/api\/wp\/v2\/types\/post"}],"author":[{"embeddable":true,"href":"https:\/\/portaltela.pt\/api\/wp\/v2\/users\/2"}],"replies":[{"embeddable":true,"href":"https:\/\/portaltela.pt\/api\/wp\/v2\/comments?post=413246"}],"version-history":[{"count":0,"href":"https:\/\/portaltela.pt\/api\/wp\/v2\/posts\/413246\/revisions"}],"wp:featuredmedia":[{"embeddable":true,"href":"https:\/\/portaltela.pt\/api\/wp\/v2\/media\/413254"}],"wp:attachment":[{"href":"https:\/\/portaltela.pt\/api\/wp\/v2\/media?parent=413246"}],"wp:term":[{"taxonomy":"category","embeddable":true,"href":"https:\/\/portaltela.pt\/api\/wp\/v2\/categories?post=413246"},{"taxonomy":"post_tag","embeddable":true,"href":"https:\/\/portaltela.pt\/api\/wp\/v2\/tags?post=413246"}],"curies":[{"name":"wp","href":"https:\/\/api.w.org\/{rel}","templated":true}]}}