{"id":413237,"date":"2026-03-17T10:39:33","date_gmt":"2026-03-17T13:39:33","guid":{"rendered":"https:\/\/portaltela.pt\/noticias\/2026\/03\/17\/aplicacao-movel-lancada-para-facilitar-o-controlo-fronteirico\/"},"modified":"2026-03-17T10:39:33","modified_gmt":"2026-03-17T13:39:33","slug":"aplicacao-movel-lancada-para-facilitar-o-controlo-fronteirico","status":"publish","type":"post","link":"https:\/\/portaltela.pt\/noticias\/2026\/03\/17\/aplicacao-movel-lancada-para-facilitar-o-controlo-fronteirico\/","title":{"rendered":"Aplica\u00e7\u00e3o m\u00f3vel lan\u00e7ada para facilitar o controlo fronteiri\u00e7o"},"content":{"rendered":"<p>A aplica\u00e7\u00e3o m\u00f3vel Travel to Europe foi lan\u00e7ada para facilitar o controlo fronteiri\u00e7o, j\u00e1 dispon\u00edvel em Portugal. O recurso \u00e9 europeu e destina-se a viajantes de pa\u00edses terceiros \u00e0 UE.<\/p>\n<p>De uso facultativo, a app permite preencher um question\u00e1rio com dados pessoais at\u00e9 72 horas antes do embarque. O pr\u00e9-registo fica dispon\u00edvel nos quiosques de controlo fronteiri\u00e7o presentes nos aeroportos.<\/p>\n<p>Inicialmente, a aplica\u00e7\u00e3o estar\u00e1 acess\u00edvel no aeroporto de Lisboa, com planos de implementa\u00e7\u00e3o gradual nos demais aeroportos nacionais nas semanas seguintes. O objetivo \u00e9 simplificar o processo de passagem pela fronteira e acelerar o controlo de passageiros.<\/p>\n<p>A iniciativa faz parte do Sistema de Entrada\/Sa\u00edda da Uni\u00e3o Europeia, que visa facilitar a circula\u00e7\u00e3o de viajantes entre pa\u00edses. A aplica\u00e7\u00e3o funciona em todos os modelos de smartphones. Nos quiosques, os viajantes podem confirmar o pr\u00e9-registo efetuado.<\/p>\n","protected":false},"excerpt":{"rendered":"<ul>\n<li>Foi lan\u00e7ada a aplica\u00e7\u00e3o m\u00f3vel Travel to Europe, dispon\u00edvel j\u00e1 em Portugal, para facilitar o controlo fronteiri\u00e7o.<\/li>\n<li>A app, de \u00e2mbito europeu, permite preencher um question\u00e1rio com dados pessoais at\u00e9 72 horas antes do embarque, de uso facultativo.<\/li>\n<li>O pr\u00e9-registo fica dispon\u00edvel nos quiosques de controlo fronteiri\u00e7o existentes nos aeroportos europeus.<\/li>\n<li>De in\u00edcio, a aplica\u00e7\u00e3o estar\u00e1 dispon\u00edvel no aeroporto de Lisboa, com alargamento aos restantes aeroportos nacionais nas pr\u00f3ximas semanas.<\/li>\n<li>\u00c9 compat\u00edvel com todos os modelos de smartphones.<\/li>\n<\/ul>\n","protected":false},"author":2,"featured_media":413238,"comment_status":"closed","ping_status":"closed","sticky":false,"template":"","format":"standard","meta":{"footnotes":""},"categories":[1],"tags":[2910,2487,4002,1014,153,4559],"class_list":["post-413237","post","type-post","status-publish","format-standard","has-post-thumbnail","hentry","category-noticias","tag-aplicacoes","tag-europa","tag-fronteiras","tag-portugal","tag-tecnologia","tag-transporte-internacional"],"yoast_head":"<!-- This site is optimized with the Yoast SEO plugin v27.2 - https:\/\/yoast.com\/product\/yoast-seo-wordpress\/ -->\n<title>Aplica\u00e7\u00e3o m\u00f3vel lan\u00e7ada para facilitar o controlo fronteiri\u00e7o - Portal Tela Portugal<\/title>\n<meta name=\"robots\" content=\"index, follow, max-snippet:-1, max-image-preview:large, max-video-preview:-1\" \/>\n<meta property=\"og:locale\" content=\"pt_PT\" \/>\n<meta property=\"og:type\" content=\"article\" \/>\n<meta property=\"og:title\" content=\"Aplica\u00e7\u00e3o m\u00f3vel lan\u00e7ada para facilitar o controlo fronteiri\u00e7o - Portal Tela Portugal\" \/>\n<meta property=\"og:description\" content=\"Foi lan\u00e7ada a aplica\u00e7\u00e3o m\u00f3vel Travel to Europe, dispon\u00edvel j\u00e1 em Portugal, para facilitar o controlo fronteiri\u00e7o. A app, de \u00e2mbito europeu, permite preencher um question\u00e1rio com dados pessoais at\u00e9 72 horas antes do embarque, de uso facultativo. O pr\u00e9-registo fica dispon\u00edvel nos quiosques de controlo fronteiri\u00e7o existentes nos aeroportos europeus. De in\u00edcio, a aplica\u00e7\u00e3o estar\u00e1 dispon\u00edvel no aeroporto de Lisboa, com alargamento aos restantes aeroportos nacionais nas pr\u00f3ximas semanas. \u00c9 compat\u00edvel com todos os modelos de smartphones.\" \/>\n<meta property=\"og:url\" content=\"https:\/\/portaltela.pt\/noticias\/2026\/03\/17\/aplicacao-movel-lancada-para-facilitar-o-controlo-fronteirico\/\" \/>\n<meta property=\"og:site_name\" content=\"Portal Tela Portugal\" \/>\n<meta property=\"article:published_time\" content=\"2026-03-17T13:39:33+00:00\" \/>\n<meta name=\"author\" content=\"Telinha\" \/>\n<meta name=\"twitter:card\" content=\"summary_large_image\" \/>\n<meta name=\"twitter:label1\" content=\"Escrito por\" \/>\n\t<meta name=\"twitter:data1\" content=\"Telinha\" \/>\n\t<meta name=\"twitter:label2\" content=\"Tempo estimado de leitura\" \/>\n\t<meta name=\"twitter:data2\" content=\"1 minuto\" \/>\n<script type=\"application\/ld+json\" class=\"yoast-schema-graph\">{\"@context\":\"https:\/\/schema.org\",\"@graph\":[{\"@type\":\"Article\",\"@id\":\"https:\/\/portaltela.pt\/noticias\/2026\/03\/17\/aplicacao-movel-lancada-para-facilitar-o-controlo-fronteirico\/#article\",\"isPartOf\":{\"@id\":\"https:\/\/portaltela.pt\/noticias\/2026\/03\/17\/aplicacao-movel-lancada-para-facilitar-o-controlo-fronteirico\/\"},\"author\":{\"name\":\"Telinha\",\"@id\":\"https:\/\/portaltela.pt\/#\/schema\/person\/c4278d4a6028830caff9ee44b42d32ed\"},\"headline\":\"Aplica\u00e7\u00e3o m\u00f3vel lan\u00e7ada para facilitar o controlo fronteiri\u00e7o\",\"datePublished\":\"2026-03-17T13:39:33+00:00\",\"mainEntityOfPage\":{\"@id\":\"https:\/\/portaltela.pt\/noticias\/2026\/03\/17\/aplicacao-movel-lancada-para-facilitar-o-controlo-fronteirico\/\"},\"wordCount\":163,\"image\":{\"@id\":\"https:\/\/portaltela.pt\/noticias\/2026\/03\/17\/aplicacao-movel-lancada-para-facilitar-o-controlo-fronteirico\/#primaryimage\"},\"thumbnailUrl\":\"https:\/\/portaltela.pt\/s.01k8rhncp4jt1\/2026\/03\/img_1500x1000uu2025-11-12-14-39-28-2247712-im-639093488048550328.jpg\",\"keywords\":[\"aplica\u00e7\u00f5es\",\"Europa\",\"fronteiras\",\"Portugal\",\"tecnologia\",\"transporte internacional\"],\"articleSection\":[\"Not\u00edcias\"],\"inLanguage\":\"pt-PT\"},{\"@type\":\"WebPage\",\"@id\":\"https:\/\/portaltela.pt\/noticias\/2026\/03\/17\/aplicacao-movel-lancada-para-facilitar-o-controlo-fronteirico\/\",\"url\":\"https:\/\/portaltela.pt\/noticias\/2026\/03\/17\/aplicacao-movel-lancada-para-facilitar-o-controlo-fronteirico\/\",\"name\":\"Aplica\u00e7\u00e3o m\u00f3vel lan\u00e7ada para facilitar o controlo fronteiri\u00e7o - Portal Tela Portugal\",\"isPartOf\":{\"@id\":\"https:\/\/portaltela.pt\/#website\"},\"primaryImageOfPage\":{\"@id\":\"https:\/\/portaltela.pt\/noticias\/2026\/03\/17\/aplicacao-movel-lancada-para-facilitar-o-controlo-fronteirico\/#primaryimage\"},\"image\":{\"@id\":\"https:\/\/portaltela.pt\/noticias\/2026\/03\/17\/aplicacao-movel-lancada-para-facilitar-o-controlo-fronteirico\/#primaryimage\"},\"thumbnailUrl\":\"https:\/\/portaltela.pt\/s.01k8rhncp4jt1\/2026\/03\/img_1500x1000uu2025-11-12-14-39-28-2247712-im-639093488048550328.jpg\",\"datePublished\":\"2026-03-17T13:39:33+00:00\",\"author\":{\"@id\":\"https:\/\/portaltela.pt\/#\/schema\/person\/c4278d4a6028830caff9ee44b42d32ed\"},\"breadcrumb\":{\"@id\":\"https:\/\/portaltela.pt\/noticias\/2026\/03\/17\/aplicacao-movel-lancada-para-facilitar-o-controlo-fronteirico\/#breadcrumb\"},\"inLanguage\":\"pt-PT\",\"potentialAction\":[{\"@type\":\"ReadAction\",\"target\":[\"https:\/\/portaltela.pt\/noticias\/2026\/03\/17\/aplicacao-movel-lancada-para-facilitar-o-controlo-fronteirico\/\"]}]},{\"@type\":\"ImageObject\",\"inLanguage\":\"pt-PT\",\"@id\":\"https:\/\/portaltela.pt\/noticias\/2026\/03\/17\/aplicacao-movel-lancada-para-facilitar-o-controlo-fronteirico\/#primaryimage\",\"url\":\"https:\/\/portaltela.pt\/s.01k8rhncp4jt1\/2026\/03\/img_1500x1000uu2025-11-12-14-39-28-2247712-im-639093488048550328.jpg\",\"contentUrl\":\"https:\/\/portaltela.pt\/s.01k8rhncp4jt1\/2026\/03\/img_1500x1000uu2025-11-12-14-39-28-2247712-im-639093488048550328.jpg\",\"width\":796,\"height\":448,\"caption\":\"Nova aplica\u00e7\u00e3o s\u00f3 est\u00e1 dispon\u00edvel, por enquanto, para o aeroporto de Lisboa\"},{\"@type\":\"BreadcrumbList\",\"@id\":\"https:\/\/portaltela.pt\/noticias\/2026\/03\/17\/aplicacao-movel-lancada-para-facilitar-o-controlo-fronteirico\/#breadcrumb\",\"itemListElement\":[{\"@type\":\"ListItem\",\"position\":1,\"name\":\"In\u00edcio\",\"item\":\"https:\/\/portaltela.pt\/\"},{\"@type\":\"ListItem\",\"position\":2,\"name\":\"Aplica\u00e7\u00e3o m\u00f3vel lan\u00e7ada para facilitar o controlo fronteiri\u00e7o\"}]},{\"@type\":\"WebSite\",\"@id\":\"https:\/\/portaltela.pt\/#website\",\"url\":\"https:\/\/portaltela.pt\/\",\"name\":\"Portal Tela Portugal\",\"description\":\"\",\"potentialAction\":[{\"@type\":\"SearchAction\",\"target\":{\"@type\":\"EntryPoint\",\"urlTemplate\":\"https:\/\/portaltela.pt\/?s={search_term_string}\"},\"query-input\":{\"@type\":\"PropertyValueSpecification\",\"valueRequired\":true,\"valueName\":\"search_term_string\"}}],\"inLanguage\":\"pt-PT\"},{\"@type\":\"Person\",\"@id\":\"https:\/\/portaltela.pt\/#\/schema\/person\/c4278d4a6028830caff9ee44b42d32ed\",\"name\":\"Telinha\",\"image\":{\"@type\":\"ImageObject\",\"inLanguage\":\"pt-PT\",\"@id\":\"https:\/\/portaltela.pt\/s.01k8rhncp4jt1\/2025\/11\/talking-bot-125x125.png\",\"url\":\"https:\/\/portaltela.pt\/s.01k8rhncp4jt1\/2025\/11\/talking-bot-125x125.png\",\"contentUrl\":\"https:\/\/portaltela.pt\/s.01k8rhncp4jt1\/2025\/11\/talking-bot-125x125.png\",\"caption\":\"Telinha\"},\"sameAs\":[\"https:\/\/portaltela.pt\/\"],\"url\":\"https:\/\/portaltela.pt\/por\/367410592786\/\"}]}<\/script>\n<!-- \/ Yoast SEO plugin. -->","yoast_head_json":{"title":"Aplica\u00e7\u00e3o m\u00f3vel lan\u00e7ada para facilitar o controlo fronteiri\u00e7o - Portal Tela Portugal","robots":{"index":"index","follow":"follow","max-snippet":"max-snippet:-1","max-image-preview":"max-image-preview:large","max-video-preview":"max-video-preview:-1"},"og_locale":"pt_PT","og_type":"article","og_title":"Aplica\u00e7\u00e3o m\u00f3vel lan\u00e7ada para facilitar o controlo fronteiri\u00e7o - Portal Tela Portugal","og_description":"Foi lan\u00e7ada a aplica\u00e7\u00e3o m\u00f3vel Travel to Europe, dispon\u00edvel j\u00e1 em Portugal, para facilitar o controlo fronteiri\u00e7o. A app, de \u00e2mbito europeu, permite preencher um question\u00e1rio com dados pessoais at\u00e9 72 horas antes do embarque, de uso facultativo. O pr\u00e9-registo fica dispon\u00edvel nos quiosques de controlo fronteiri\u00e7o existentes nos aeroportos europeus. De in\u00edcio, a aplica\u00e7\u00e3o estar\u00e1 dispon\u00edvel no aeroporto de Lisboa, com alargamento aos restantes aeroportos nacionais nas pr\u00f3ximas semanas. \u00c9 compat\u00edvel com todos os modelos de smartphones.","og_url":"https:\/\/portaltela.pt\/noticias\/2026\/03\/17\/aplicacao-movel-lancada-para-facilitar-o-controlo-fronteirico\/","og_site_name":"Portal Tela Portugal","article_published_time":"2026-03-17T13:39:33+00:00","author":"Telinha","twitter_card":"summary_large_image","twitter_misc":{"Escrito por":"Telinha","Tempo estimado de leitura":"1 minuto"},"schema":{"@context":"https:\/\/schema.org","@graph":[{"@type":"Article","@id":"https:\/\/portaltela.pt\/noticias\/2026\/03\/17\/aplicacao-movel-lancada-para-facilitar-o-controlo-fronteirico\/#article","isPartOf":{"@id":"https:\/\/portaltela.pt\/noticias\/2026\/03\/17\/aplicacao-movel-lancada-para-facilitar-o-controlo-fronteirico\/"},"author":{"name":"Telinha","@id":"https:\/\/portaltela.pt\/#\/schema\/person\/c4278d4a6028830caff9ee44b42d32ed"},"headline":"Aplica\u00e7\u00e3o m\u00f3vel lan\u00e7ada para facilitar o controlo fronteiri\u00e7o","datePublished":"2026-03-17T13:39:33+00:00","mainEntityOfPage":{"@id":"https:\/\/portaltela.pt\/noticias\/2026\/03\/17\/aplicacao-movel-lancada-para-facilitar-o-controlo-fronteirico\/"},"wordCount":163,"image":{"@id":"https:\/\/portaltela.pt\/noticias\/2026\/03\/17\/aplicacao-movel-lancada-para-facilitar-o-controlo-fronteirico\/#primaryimage"},"thumbnailUrl":"https:\/\/portaltela.pt\/s.01k8rhncp4jt1\/2026\/03\/img_1500x1000uu2025-11-12-14-39-28-2247712-im-639093488048550328.jpg","keywords":["aplica\u00e7\u00f5es","Europa","fronteiras","Portugal","tecnologia","transporte internacional"],"articleSection":["Not\u00edcias"],"inLanguage":"pt-PT"},{"@type":"WebPage","@id":"https:\/\/portaltela.pt\/noticias\/2026\/03\/17\/aplicacao-movel-lancada-para-facilitar-o-controlo-fronteirico\/","url":"https:\/\/portaltela.pt\/noticias\/2026\/03\/17\/aplicacao-movel-lancada-para-facilitar-o-controlo-fronteirico\/","name":"Aplica\u00e7\u00e3o m\u00f3vel lan\u00e7ada para facilitar o controlo fronteiri\u00e7o - Portal Tela Portugal","isPartOf":{"@id":"https:\/\/portaltela.pt\/#website"},"primaryImageOfPage":{"@id":"https:\/\/portaltela.pt\/noticias\/2026\/03\/17\/aplicacao-movel-lancada-para-facilitar-o-controlo-fronteirico\/#primaryimage"},"image":{"@id":"https:\/\/portaltela.pt\/noticias\/2026\/03\/17\/aplicacao-movel-lancada-para-facilitar-o-controlo-fronteirico\/#primaryimage"},"thumbnailUrl":"https:\/\/portaltela.pt\/s.01k8rhncp4jt1\/2026\/03\/img_1500x1000uu2025-11-12-14-39-28-2247712-im-639093488048550328.jpg","datePublished":"2026-03-17T13:39:33+00:00","author":{"@id":"https:\/\/portaltela.pt\/#\/schema\/person\/c4278d4a6028830caff9ee44b42d32ed"},"breadcrumb":{"@id":"https:\/\/portaltela.pt\/noticias\/2026\/03\/17\/aplicacao-movel-lancada-para-facilitar-o-controlo-fronteirico\/#breadcrumb"},"inLanguage":"pt-PT","potentialAction":[{"@type":"ReadAction","target":["https:\/\/portaltela.pt\/noticias\/2026\/03\/17\/aplicacao-movel-lancada-para-facilitar-o-controlo-fronteirico\/"]}]},{"@type":"ImageObject","inLanguage":"pt-PT","@id":"https:\/\/portaltela.pt\/noticias\/2026\/03\/17\/aplicacao-movel-lancada-para-facilitar-o-controlo-fronteirico\/#primaryimage","url":"https:\/\/portaltela.pt\/s.01k8rhncp4jt1\/2026\/03\/img_1500x1000uu2025-11-12-14-39-28-2247712-im-639093488048550328.jpg","contentUrl":"https:\/\/portaltela.pt\/s.01k8rhncp4jt1\/2026\/03\/img_1500x1000uu2025-11-12-14-39-28-2247712-im-639093488048550328.jpg","width":796,"height":448,"caption":"Nova aplica\u00e7\u00e3o s\u00f3 est\u00e1 dispon\u00edvel, por enquanto, para o aeroporto de Lisboa"},{"@type":"BreadcrumbList","@id":"https:\/\/portaltela.pt\/noticias\/2026\/03\/17\/aplicacao-movel-lancada-para-facilitar-o-controlo-fronteirico\/#breadcrumb","itemListElement":[{"@type":"ListItem","position":1,"name":"In\u00edcio","item":"https:\/\/portaltela.pt\/"},{"@type":"ListItem","position":2,"name":"Aplica\u00e7\u00e3o m\u00f3vel lan\u00e7ada para facilitar o controlo fronteiri\u00e7o"}]},{"@type":"WebSite","@id":"https:\/\/portaltela.pt\/#website","url":"https:\/\/portaltela.pt\/","name":"Portal Tela Portugal","description":"","potentialAction":[{"@type":"SearchAction","target":{"@type":"EntryPoint","urlTemplate":"https:\/\/portaltela.pt\/?s={search_term_string}"},"query-input":{"@type":"PropertyValueSpecification","valueRequired":true,"valueName":"search_term_string"}}],"inLanguage":"pt-PT"},{"@type":"Person","@id":"https:\/\/portaltela.pt\/#\/schema\/person\/c4278d4a6028830caff9ee44b42d32ed","name":"Telinha","image":{"@type":"ImageObject","inLanguage":"pt-PT","@id":"https:\/\/portaltela.pt\/s.01k8rhncp4jt1\/2025\/11\/talking-bot-125x125.png","url":"https:\/\/portaltela.pt\/s.01k8rhncp4jt1\/2025\/11\/talking-bot-125x125.png","contentUrl":"https:\/\/portaltela.pt\/s.01k8rhncp4jt1\/2025\/11\/talking-bot-125x125.png","caption":"Telinha"},"sameAs":["https:\/\/portaltela.pt\/"],"url":"https:\/\/portaltela.pt\/por\/367410592786\/"}]}},"_links":{"self":[{"href":"https:\/\/portaltela.pt\/api\/wp\/v2\/posts\/413237","targetHints":{"allow":["GET"]}}],"collection":[{"href":"https:\/\/portaltela.pt\/api\/wp\/v2\/posts"}],"about":[{"href":"https:\/\/portaltela.pt\/api\/wp\/v2\/types\/post"}],"author":[{"embeddable":true,"href":"https:\/\/portaltela.pt\/api\/wp\/v2\/users\/2"}],"replies":[{"embeddable":true,"href":"https:\/\/portaltela.pt\/api\/wp\/v2\/comments?post=413237"}],"version-history":[{"count":0,"href":"https:\/\/portaltela.pt\/api\/wp\/v2\/posts\/413237\/revisions"}],"wp:featuredmedia":[{"embeddable":true,"href":"https:\/\/portaltela.pt\/api\/wp\/v2\/media\/413238"}],"wp:attachment":[{"href":"https:\/\/portaltela.pt\/api\/wp\/v2\/media?parent=413237"}],"wp:term":[{"taxonomy":"category","embeddable":true,"href":"https:\/\/portaltela.pt\/api\/wp\/v2\/categories?post=413237"},{"taxonomy":"post_tag","embeddable":true,"href":"https:\/\/portaltela.pt\/api\/wp\/v2\/tags?post=413237"}],"curies":[{"name":"wp","href":"https:\/\/api.w.org\/{rel}","templated":true}]}}