{"id":413204,"date":"2026-03-17T10:03:00","date_gmt":"2026-03-17T13:03:00","guid":{"rendered":"https:\/\/portaltela.pt\/noticias\/2026\/03\/17\/proprietarios-tem-ate-30-de-junho-para-limpar-terrenos-em-areas-de-calamidade\/"},"modified":"2026-03-17T10:03:00","modified_gmt":"2026-03-17T13:03:00","slug":"proprietarios-tem-ate-30-de-junho-para-limpar-terrenos-em-areas-de-calamidade","status":"publish","type":"post","link":"https:\/\/portaltela.pt\/noticias\/2026\/03\/17\/proprietarios-tem-ate-30-de-junho-para-limpar-terrenos-em-areas-de-calamidade\/","title":{"rendered":"Propriet\u00e1rios t\u00eam at\u00e9 30 de junho para limpar terrenos em \u00e1reas de calamidade"},"content":{"rendered":"<p>O Governo prorrogou at\u00e9 30 de junho o prazo para a limpeza de terrenos nos munic\u00edpios abrangidos por calamidade, no \u00e2mbito da gest\u00e3o de combust\u00edvel na rede secund\u00e1ria. Para os restantes concelhos, o limite permanece 31 de maio.<\/p>\n<p>A medida, anunciada num despacho conjunto dos secret\u00e1rios de Estado da Prote\u00e7\u00e3o Civil e das Florestas, visa reduzir a propaga\u00e7\u00e3o de inc\u00eandios rurais, mitigar riscos de fen\u00f3menos extremos e refor\u00e7ar a resili\u00eancia territorial.<\/p>\n<p>Segundo o Governo, as circunst\u00e2ncias deste ano, marcadas por mau tempo, justificam a extens\u00e3o do prazo para instala\u00e7\u00e3o ou manuten\u00e7\u00e3o da rede secund\u00e1ria, adaptando-se \u00e0s realidades regionais do continente.<\/p>\n<p>Assim, os trabalhos na rede secund\u00e1ria de faixas de gest\u00e3o de combust\u00edvel podem decorrer at\u00e9 31 de maio de 2026 nos munic\u00edpios do continente, com exce\u00e7\u00e3o dos concelhos de calamidade por mau tempo em 2026, onde v\u00e3o at\u00e9 30 de junho.<\/p>\n<p>Nos terrenos, propriet\u00e1rios com \u00e1reas junto a habita\u00e7\u00f5es ou atividades econ\u00f3micas devem gerir a faixa de 50 metros em florestais ou 10 metros em territ\u00f3rios agr\u00edcolas; em aglomerados com ar livre junto a espa\u00e7os florestais, a faixa externa n\u00e3o pode ser inferior a 100 metros.<\/p>\n<p>Parques de campismo, \u00e1reas industriais e aterros sanit\u00e1rios seguem a mesma regra de 100 metros para a gest\u00e3o de combust\u00edvel exterior. O n\u00e3o cumprimento pode implicar fiscaliza\u00e7\u00e3o e coimas.<\/p>\n<p>O despacho tamb\u00e9m ressalta que o inverno recente teve precipita\u00e7\u00e3o intensa e ventos fortes, dificultando trabalhos agr\u00edcolas e de gest\u00e3o de combust\u00edveis, al\u00e9m de ter agravado as opera\u00e7\u00f5es de prote\u00e7\u00e3o civil em algumas zonas.<\/p>\n<p>A depress\u00e3o Kristin, no final de janeiro, obrigou \u00e0 mobiliza\u00e7\u00e3o de meios para atividades de emerg\u00eancia nos concelhos mais afetados, destacando a necessidade de manter a continuidade da explora\u00e7\u00e3o florestal e da limpeza de povoamentos nos pr\u00f3ximos meses.<\/p>\n","protected":false},"excerpt":{"rendered":"<ul>\n<li>O Governo estendeu at\u00e9 30 de junho o prazo para limpeza de terrenos em munic\u00edpios abrangidos por calamidade; os restantes concelhos continuam com o prazo at\u00e9 31 de maio.<\/li>\n<li>A medida visa contribuir para a redu\u00e7\u00e3o da propaga\u00e7\u00e3o de inc\u00eandios rurais, a mitiga\u00e7\u00e3o de riscos de fen\u00f3menos extremos e o refor\u00e7o da resili\u00eancia territorial.<\/li>\n<li>Num despacho conjunto, os secret\u00e1rios de Estado da Prote\u00e7\u00e3o Civil e das Florestas estabeleceram que os trabalhos na rede secund\u00e1ria podem decorrer at\u00e9 31 de maio de 2026 no continente, com exce\u00e7\u00e3o de concelhos em calamidade por mau tempo em 2026, onde v\u00e3o at\u00e9 30 de junho.<\/li>\n<li>Propriedades a menos de 50 metros de habita\u00e7\u00f5es ou atividades econ\u00f3micas devem gerir combust\u00edvel numa faixa de 50 metros em territ\u00f3rios florestais ou 10 metros em territ\u00f3rios agr\u00edcolas; em aglomerados com espa\u00e7os florestais, a faixa exterior obrigat\u00f3ria \u00e9 de no m\u00ednimo 100 metros.<\/li>\n<li>Ap\u00f3s os prazos, a fiscaliza\u00e7\u00e3o pode aplicar coimas; o Governo aponta fen\u00f3menos de inverno com precipita\u00e7\u00e3o intensa e ventos fortes como fatores que atrasaram trabalhos, bem como a necessidade de mobilizar meios para a prote\u00e7\u00e3o civil devido \u00e0 depress\u00e3o Kristin.<\/li>\n<\/ul>\n","protected":false},"author":2,"featured_media":413211,"comment_status":"closed","ping_status":"closed","sticky":false,"template":"","format":"standard","meta":{"footnotes":""},"categories":[1],"tags":[4687,4966,4576,3074,45,320],"class_list":["post-413204","post","type-post","status-publish","format-standard","has-post-thumbnail","hentry","category-noticias","tag-calamidade-publica","tag-calamidades","tag-florestal","tag-gestao-de-combustivel","tag-meio-ambiente","tag-protecao-civil"],"yoast_head":"<!-- This site is optimized with the Yoast SEO plugin v27.2 - https:\/\/yoast.com\/product\/yoast-seo-wordpress\/ -->\n<title>Propriet\u00e1rios t\u00eam at\u00e9 30 de junho para limpar terrenos em \u00e1reas de calamidade - Portal Tela Portugal<\/title>\n<meta name=\"robots\" content=\"index, follow, max-snippet:-1, max-image-preview:large, max-video-preview:-1\" \/>\n<meta property=\"og:locale\" content=\"pt_PT\" \/>\n<meta property=\"og:type\" content=\"article\" \/>\n<meta property=\"og:title\" content=\"Propriet\u00e1rios t\u00eam at\u00e9 30 de junho para limpar terrenos em \u00e1reas de calamidade - Portal Tela Portugal\" \/>\n<meta property=\"og:description\" content=\"O Governo estendeu at\u00e9 30 de junho o prazo para limpeza de terrenos em munic\u00edpios abrangidos por calamidade; os restantes concelhos continuam com o prazo at\u00e9 31 de maio. A medida visa contribuir para a redu\u00e7\u00e3o da propaga\u00e7\u00e3o de inc\u00eandios rurais, a mitiga\u00e7\u00e3o de riscos de fen\u00f3menos extremos e o refor\u00e7o da resili\u00eancia territorial. Num despacho conjunto, os secret\u00e1rios de Estado da Prote\u00e7\u00e3o Civil e das Florestas estabeleceram que os trabalhos na rede secund\u00e1ria podem decorrer at\u00e9 31 de maio de 2026 no continente, com exce\u00e7\u00e3o de concelhos em calamidade por mau tempo em 2026, onde v\u00e3o at\u00e9 30 de junho. Propriedades a menos de 50 metros de habita\u00e7\u00f5es ou atividades econ\u00f3micas devem gerir combust\u00edvel numa faixa de 50 metros em territ\u00f3rios florestais ou 10 metros em territ\u00f3rios agr\u00edcolas; em aglomerados com espa\u00e7os florestais, a faixa exterior obrigat\u00f3ria \u00e9 de no m\u00ednimo 100 metros. Ap\u00f3s os prazos, a fiscaliza\u00e7\u00e3o pode aplicar coimas; o Governo aponta fen\u00f3menos de inverno com precipita\u00e7\u00e3o intensa e ventos fortes como fatores que atrasaram trabalhos, bem como a necessidade de mobilizar meios para a prote\u00e7\u00e3o civil devido \u00e0 depress\u00e3o Kristin.\" \/>\n<meta property=\"og:url\" content=\"https:\/\/portaltela.pt\/noticias\/2026\/03\/17\/proprietarios-tem-ate-30-de-junho-para-limpar-terrenos-em-areas-de-calamidade\/\" \/>\n<meta property=\"og:site_name\" content=\"Portal Tela Portugal\" \/>\n<meta property=\"article:published_time\" content=\"2026-03-17T13:03:00+00:00\" \/>\n<meta name=\"author\" content=\"Telinha\" \/>\n<meta name=\"twitter:card\" content=\"summary_large_image\" \/>\n<meta name=\"twitter:label1\" content=\"Escrito por\" \/>\n\t<meta name=\"twitter:data1\" content=\"Telinha\" \/>\n\t<meta name=\"twitter:label2\" content=\"Tempo estimado de leitura\" \/>\n\t<meta name=\"twitter:data2\" content=\"2 minutos\" \/>\n<script type=\"application\/ld+json\" class=\"yoast-schema-graph\">{\"@context\":\"https:\/\/schema.org\",\"@graph\":[{\"@type\":\"Article\",\"@id\":\"https:\/\/portaltela.pt\/noticias\/2026\/03\/17\/proprietarios-tem-ate-30-de-junho-para-limpar-terrenos-em-areas-de-calamidade\/#article\",\"isPartOf\":{\"@id\":\"https:\/\/portaltela.pt\/noticias\/2026\/03\/17\/proprietarios-tem-ate-30-de-junho-para-limpar-terrenos-em-areas-de-calamidade\/\"},\"author\":{\"name\":\"Telinha\",\"@id\":\"https:\/\/portaltela.pt\/#\/schema\/person\/c4278d4a6028830caff9ee44b42d32ed\"},\"headline\":\"Propriet\u00e1rios t\u00eam at\u00e9 30 de junho para limpar terrenos em \u00e1reas de calamidade\",\"datePublished\":\"2026-03-17T13:03:00+00:00\",\"mainEntityOfPage\":{\"@id\":\"https:\/\/portaltela.pt\/noticias\/2026\/03\/17\/proprietarios-tem-ate-30-de-junho-para-limpar-terrenos-em-areas-de-calamidade\/\"},\"wordCount\":337,\"image\":{\"@id\":\"https:\/\/portaltela.pt\/noticias\/2026\/03\/17\/proprietarios-tem-ate-30-de-junho-para-limpar-terrenos-em-areas-de-calamidade\/#primaryimage\"},\"thumbnailUrl\":\"https:\/\/portaltela.pt\/s.01k8rhncp4jt1\/2026\/03\/img_1500x1000uu2026-01-31-13-36-48-2263755.jpg\",\"keywords\":[\"calamidade p\u00fablica\",\"calamidades\",\"florestal\",\"gest\u00e3o de combust\u00edvel\",\"meio-ambiente\",\"prote\u00e7\u00e3o civil\"],\"articleSection\":[\"Not\u00edcias\"],\"inLanguage\":\"pt-PT\"},{\"@type\":\"WebPage\",\"@id\":\"https:\/\/portaltela.pt\/noticias\/2026\/03\/17\/proprietarios-tem-ate-30-de-junho-para-limpar-terrenos-em-areas-de-calamidade\/\",\"url\":\"https:\/\/portaltela.pt\/noticias\/2026\/03\/17\/proprietarios-tem-ate-30-de-junho-para-limpar-terrenos-em-areas-de-calamidade\/\",\"name\":\"Propriet\u00e1rios t\u00eam at\u00e9 30 de junho para limpar terrenos em \u00e1reas de calamidade - Portal Tela Portugal\",\"isPartOf\":{\"@id\":\"https:\/\/portaltela.pt\/#website\"},\"primaryImageOfPage\":{\"@id\":\"https:\/\/portaltela.pt\/noticias\/2026\/03\/17\/proprietarios-tem-ate-30-de-junho-para-limpar-terrenos-em-areas-de-calamidade\/#primaryimage\"},\"image\":{\"@id\":\"https:\/\/portaltela.pt\/noticias\/2026\/03\/17\/proprietarios-tem-ate-30-de-junho-para-limpar-terrenos-em-areas-de-calamidade\/#primaryimage\"},\"thumbnailUrl\":\"https:\/\/portaltela.pt\/s.01k8rhncp4jt1\/2026\/03\/img_1500x1000uu2026-01-31-13-36-48-2263755.jpg\",\"datePublished\":\"2026-03-17T13:03:00+00:00\",\"author\":{\"@id\":\"https:\/\/portaltela.pt\/#\/schema\/person\/c4278d4a6028830caff9ee44b42d32ed\"},\"breadcrumb\":{\"@id\":\"https:\/\/portaltela.pt\/noticias\/2026\/03\/17\/proprietarios-tem-ate-30-de-junho-para-limpar-terrenos-em-areas-de-calamidade\/#breadcrumb\"},\"inLanguage\":\"pt-PT\",\"potentialAction\":[{\"@type\":\"ReadAction\",\"target\":[\"https:\/\/portaltela.pt\/noticias\/2026\/03\/17\/proprietarios-tem-ate-30-de-junho-para-limpar-terrenos-em-areas-de-calamidade\/\"]}]},{\"@type\":\"ImageObject\",\"inLanguage\":\"pt-PT\",\"@id\":\"https:\/\/portaltela.pt\/noticias\/2026\/03\/17\/proprietarios-tem-ate-30-de-junho-para-limpar-terrenos-em-areas-de-calamidade\/#primaryimage\",\"url\":\"https:\/\/portaltela.pt\/s.01k8rhncp4jt1\/2026\/03\/img_1500x1000uu2026-01-31-13-36-48-2263755.jpg\",\"contentUrl\":\"https:\/\/portaltela.pt\/s.01k8rhncp4jt1\/2026\/03\/img_1500x1000uu2026-01-31-13-36-48-2263755.jpg\",\"width\":796,\"height\":448,\"caption\":\"Propriet\u00e1rios t\u00eam at\u00e9 30 de junho para limpar terrenos nos munic\u00edpios abrangidos por calamidade\"},{\"@type\":\"BreadcrumbList\",\"@id\":\"https:\/\/portaltela.pt\/noticias\/2026\/03\/17\/proprietarios-tem-ate-30-de-junho-para-limpar-terrenos-em-areas-de-calamidade\/#breadcrumb\",\"itemListElement\":[{\"@type\":\"ListItem\",\"position\":1,\"name\":\"In\u00edcio\",\"item\":\"https:\/\/portaltela.pt\/\"},{\"@type\":\"ListItem\",\"position\":2,\"name\":\"Propriet\u00e1rios t\u00eam at\u00e9 30 de junho para limpar terrenos em \u00e1reas de calamidade\"}]},{\"@type\":\"WebSite\",\"@id\":\"https:\/\/portaltela.pt\/#website\",\"url\":\"https:\/\/portaltela.pt\/\",\"name\":\"Portal Tela Portugal\",\"description\":\"\",\"potentialAction\":[{\"@type\":\"SearchAction\",\"target\":{\"@type\":\"EntryPoint\",\"urlTemplate\":\"https:\/\/portaltela.pt\/?s={search_term_string}\"},\"query-input\":{\"@type\":\"PropertyValueSpecification\",\"valueRequired\":true,\"valueName\":\"search_term_string\"}}],\"inLanguage\":\"pt-PT\"},{\"@type\":\"Person\",\"@id\":\"https:\/\/portaltela.pt\/#\/schema\/person\/c4278d4a6028830caff9ee44b42d32ed\",\"name\":\"Telinha\",\"image\":{\"@type\":\"ImageObject\",\"inLanguage\":\"pt-PT\",\"@id\":\"https:\/\/portaltela.pt\/s.01k8rhncp4jt1\/2025\/11\/talking-bot-125x125.png\",\"url\":\"https:\/\/portaltela.pt\/s.01k8rhncp4jt1\/2025\/11\/talking-bot-125x125.png\",\"contentUrl\":\"https:\/\/portaltela.pt\/s.01k8rhncp4jt1\/2025\/11\/talking-bot-125x125.png\",\"caption\":\"Telinha\"},\"sameAs\":[\"https:\/\/portaltela.pt\/\"],\"url\":\"https:\/\/portaltela.pt\/por\/367410592786\/\"}]}<\/script>\n<!-- \/ Yoast SEO plugin. -->","yoast_head_json":{"title":"Propriet\u00e1rios t\u00eam at\u00e9 30 de junho para limpar terrenos em \u00e1reas de calamidade - Portal Tela Portugal","robots":{"index":"index","follow":"follow","max-snippet":"max-snippet:-1","max-image-preview":"max-image-preview:large","max-video-preview":"max-video-preview:-1"},"og_locale":"pt_PT","og_type":"article","og_title":"Propriet\u00e1rios t\u00eam at\u00e9 30 de junho para limpar terrenos em \u00e1reas de calamidade - Portal Tela Portugal","og_description":"O Governo estendeu at\u00e9 30 de junho o prazo para limpeza de terrenos em munic\u00edpios abrangidos por calamidade; os restantes concelhos continuam com o prazo at\u00e9 31 de maio. A medida visa contribuir para a redu\u00e7\u00e3o da propaga\u00e7\u00e3o de inc\u00eandios rurais, a mitiga\u00e7\u00e3o de riscos de fen\u00f3menos extremos e o refor\u00e7o da resili\u00eancia territorial. Num despacho conjunto, os secret\u00e1rios de Estado da Prote\u00e7\u00e3o Civil e das Florestas estabeleceram que os trabalhos na rede secund\u00e1ria podem decorrer at\u00e9 31 de maio de 2026 no continente, com exce\u00e7\u00e3o de concelhos em calamidade por mau tempo em 2026, onde v\u00e3o at\u00e9 30 de junho. Propriedades a menos de 50 metros de habita\u00e7\u00f5es ou atividades econ\u00f3micas devem gerir combust\u00edvel numa faixa de 50 metros em territ\u00f3rios florestais ou 10 metros em territ\u00f3rios agr\u00edcolas; em aglomerados com espa\u00e7os florestais, a faixa exterior obrigat\u00f3ria \u00e9 de no m\u00ednimo 100 metros. Ap\u00f3s os prazos, a fiscaliza\u00e7\u00e3o pode aplicar coimas; o Governo aponta fen\u00f3menos de inverno com precipita\u00e7\u00e3o intensa e ventos fortes como fatores que atrasaram trabalhos, bem como a necessidade de mobilizar meios para a prote\u00e7\u00e3o civil devido \u00e0 depress\u00e3o Kristin.","og_url":"https:\/\/portaltela.pt\/noticias\/2026\/03\/17\/proprietarios-tem-ate-30-de-junho-para-limpar-terrenos-em-areas-de-calamidade\/","og_site_name":"Portal Tela Portugal","article_published_time":"2026-03-17T13:03:00+00:00","author":"Telinha","twitter_card":"summary_large_image","twitter_misc":{"Escrito por":"Telinha","Tempo estimado de leitura":"2 minutos"},"schema":{"@context":"https:\/\/schema.org","@graph":[{"@type":"Article","@id":"https:\/\/portaltela.pt\/noticias\/2026\/03\/17\/proprietarios-tem-ate-30-de-junho-para-limpar-terrenos-em-areas-de-calamidade\/#article","isPartOf":{"@id":"https:\/\/portaltela.pt\/noticias\/2026\/03\/17\/proprietarios-tem-ate-30-de-junho-para-limpar-terrenos-em-areas-de-calamidade\/"},"author":{"name":"Telinha","@id":"https:\/\/portaltela.pt\/#\/schema\/person\/c4278d4a6028830caff9ee44b42d32ed"},"headline":"Propriet\u00e1rios t\u00eam at\u00e9 30 de junho para limpar terrenos em \u00e1reas de calamidade","datePublished":"2026-03-17T13:03:00+00:00","mainEntityOfPage":{"@id":"https:\/\/portaltela.pt\/noticias\/2026\/03\/17\/proprietarios-tem-ate-30-de-junho-para-limpar-terrenos-em-areas-de-calamidade\/"},"wordCount":337,"image":{"@id":"https:\/\/portaltela.pt\/noticias\/2026\/03\/17\/proprietarios-tem-ate-30-de-junho-para-limpar-terrenos-em-areas-de-calamidade\/#primaryimage"},"thumbnailUrl":"https:\/\/portaltela.pt\/s.01k8rhncp4jt1\/2026\/03\/img_1500x1000uu2026-01-31-13-36-48-2263755.jpg","keywords":["calamidade p\u00fablica","calamidades","florestal","gest\u00e3o de combust\u00edvel","meio-ambiente","prote\u00e7\u00e3o civil"],"articleSection":["Not\u00edcias"],"inLanguage":"pt-PT"},{"@type":"WebPage","@id":"https:\/\/portaltela.pt\/noticias\/2026\/03\/17\/proprietarios-tem-ate-30-de-junho-para-limpar-terrenos-em-areas-de-calamidade\/","url":"https:\/\/portaltela.pt\/noticias\/2026\/03\/17\/proprietarios-tem-ate-30-de-junho-para-limpar-terrenos-em-areas-de-calamidade\/","name":"Propriet\u00e1rios t\u00eam at\u00e9 30 de junho para limpar terrenos em \u00e1reas de calamidade - Portal Tela Portugal","isPartOf":{"@id":"https:\/\/portaltela.pt\/#website"},"primaryImageOfPage":{"@id":"https:\/\/portaltela.pt\/noticias\/2026\/03\/17\/proprietarios-tem-ate-30-de-junho-para-limpar-terrenos-em-areas-de-calamidade\/#primaryimage"},"image":{"@id":"https:\/\/portaltela.pt\/noticias\/2026\/03\/17\/proprietarios-tem-ate-30-de-junho-para-limpar-terrenos-em-areas-de-calamidade\/#primaryimage"},"thumbnailUrl":"https:\/\/portaltela.pt\/s.01k8rhncp4jt1\/2026\/03\/img_1500x1000uu2026-01-31-13-36-48-2263755.jpg","datePublished":"2026-03-17T13:03:00+00:00","author":{"@id":"https:\/\/portaltela.pt\/#\/schema\/person\/c4278d4a6028830caff9ee44b42d32ed"},"breadcrumb":{"@id":"https:\/\/portaltela.pt\/noticias\/2026\/03\/17\/proprietarios-tem-ate-30-de-junho-para-limpar-terrenos-em-areas-de-calamidade\/#breadcrumb"},"inLanguage":"pt-PT","potentialAction":[{"@type":"ReadAction","target":["https:\/\/portaltela.pt\/noticias\/2026\/03\/17\/proprietarios-tem-ate-30-de-junho-para-limpar-terrenos-em-areas-de-calamidade\/"]}]},{"@type":"ImageObject","inLanguage":"pt-PT","@id":"https:\/\/portaltela.pt\/noticias\/2026\/03\/17\/proprietarios-tem-ate-30-de-junho-para-limpar-terrenos-em-areas-de-calamidade\/#primaryimage","url":"https:\/\/portaltela.pt\/s.01k8rhncp4jt1\/2026\/03\/img_1500x1000uu2026-01-31-13-36-48-2263755.jpg","contentUrl":"https:\/\/portaltela.pt\/s.01k8rhncp4jt1\/2026\/03\/img_1500x1000uu2026-01-31-13-36-48-2263755.jpg","width":796,"height":448,"caption":"Propriet\u00e1rios t\u00eam at\u00e9 30 de junho para limpar terrenos nos munic\u00edpios abrangidos por calamidade"},{"@type":"BreadcrumbList","@id":"https:\/\/portaltela.pt\/noticias\/2026\/03\/17\/proprietarios-tem-ate-30-de-junho-para-limpar-terrenos-em-areas-de-calamidade\/#breadcrumb","itemListElement":[{"@type":"ListItem","position":1,"name":"In\u00edcio","item":"https:\/\/portaltela.pt\/"},{"@type":"ListItem","position":2,"name":"Propriet\u00e1rios t\u00eam at\u00e9 30 de junho para limpar terrenos em \u00e1reas de calamidade"}]},{"@type":"WebSite","@id":"https:\/\/portaltela.pt\/#website","url":"https:\/\/portaltela.pt\/","name":"Portal Tela Portugal","description":"","potentialAction":[{"@type":"SearchAction","target":{"@type":"EntryPoint","urlTemplate":"https:\/\/portaltela.pt\/?s={search_term_string}"},"query-input":{"@type":"PropertyValueSpecification","valueRequired":true,"valueName":"search_term_string"}}],"inLanguage":"pt-PT"},{"@type":"Person","@id":"https:\/\/portaltela.pt\/#\/schema\/person\/c4278d4a6028830caff9ee44b42d32ed","name":"Telinha","image":{"@type":"ImageObject","inLanguage":"pt-PT","@id":"https:\/\/portaltela.pt\/s.01k8rhncp4jt1\/2025\/11\/talking-bot-125x125.png","url":"https:\/\/portaltela.pt\/s.01k8rhncp4jt1\/2025\/11\/talking-bot-125x125.png","contentUrl":"https:\/\/portaltela.pt\/s.01k8rhncp4jt1\/2025\/11\/talking-bot-125x125.png","caption":"Telinha"},"sameAs":["https:\/\/portaltela.pt\/"],"url":"https:\/\/portaltela.pt\/por\/367410592786\/"}]}},"_links":{"self":[{"href":"https:\/\/portaltela.pt\/api\/wp\/v2\/posts\/413204","targetHints":{"allow":["GET"]}}],"collection":[{"href":"https:\/\/portaltela.pt\/api\/wp\/v2\/posts"}],"about":[{"href":"https:\/\/portaltela.pt\/api\/wp\/v2\/types\/post"}],"author":[{"embeddable":true,"href":"https:\/\/portaltela.pt\/api\/wp\/v2\/users\/2"}],"replies":[{"embeddable":true,"href":"https:\/\/portaltela.pt\/api\/wp\/v2\/comments?post=413204"}],"version-history":[{"count":0,"href":"https:\/\/portaltela.pt\/api\/wp\/v2\/posts\/413204\/revisions"}],"wp:featuredmedia":[{"embeddable":true,"href":"https:\/\/portaltela.pt\/api\/wp\/v2\/media\/413211"}],"wp:attachment":[{"href":"https:\/\/portaltela.pt\/api\/wp\/v2\/media?parent=413204"}],"wp:term":[{"taxonomy":"category","embeddable":true,"href":"https:\/\/portaltela.pt\/api\/wp\/v2\/categories?post=413204"},{"taxonomy":"post_tag","embeddable":true,"href":"https:\/\/portaltela.pt\/api\/wp\/v2\/tags?post=413204"}],"curies":[{"name":"wp","href":"https:\/\/api.w.org\/{rel}","templated":true}]}}