{"id":413163,"date":"2026-03-17T09:39:07","date_gmt":"2026-03-17T12:39:07","guid":{"rendered":"https:\/\/portaltela.pt\/noticias\/2026\/03\/17\/gnr-interrompe-transporte-ilegal-de-passageiros\/"},"modified":"2026-03-17T09:39:07","modified_gmt":"2026-03-17T12:39:07","slug":"gnr-interrompe-transporte-ilegal-de-passageiros","status":"publish","type":"post","link":"https:\/\/portaltela.pt\/noticias\/2026\/03\/17\/gnr-interrompe-transporte-ilegal-de-passageiros\/","title":{"rendered":"GNR interrompe transporte ilegal de passageiros"},"content":{"rendered":"<p>A Unidade Nacional de Tr\u00e2nsito da GNR intercetou e fiscalizou um autocarro que transportava passageiros sem a devida autoriza\u00e7\u00e3o, na Estrada Nacional 362, no distrito de Santar\u00e9m. A atua\u00e7\u00e3o ocorreu ap\u00f3s uma den\u00fancia recebida, visando impedir o servi\u00e7o irregular.<\/p>\n<p>Foram identificados 55 passageiros a bordo, sem alvar\u00e1 para o servi\u00e7o de transporte p\u00fablico. A entidade respons\u00e1vel pela opera\u00e7\u00e3o n\u00e3o apresentava a autoriza\u00e7\u00e3o necess\u00e1ria.<\/p>\n<p>Ao todo, foi cobrado um montante de 2200 euros, o que corresponde a aproximadamente 40 euros por pessoa. O transporte ilegal de passageiros \u00e9 pun\u00edvel com uma coima at\u00e9 5000 euros, e os factos foram comunicados ao tribunal competente.<\/p>\n","protected":false},"excerpt":{"rendered":"<ul>\n<li>A Unidade Nacional de Tr\u00e2nsito da GNR intercetou um autocarro que operava transporte p\u00fablico sem autoriza\u00e7\u00e3o, na Estrada Nacional 362, no distrito de Santar\u00e9m.<\/li>\n<li>Havia 55 passageiros a bordo, com um montante total cobrado de 2.200 euros (cerca de 40 euros por pessoa).<\/li>\n<li>O servi\u00e7o n\u00e3o possu\u00eda o alvar\u00e1 necess\u00e1rio para a atividade de transporte de passageiros.<\/li>\n<li>O transporte ilegal de passageiros \u00e9 pun\u00edvel com coima de cinco mil euros.<\/li>\n<li>Os factos foram comunicados ao tribunal.<\/li>\n<\/ul>\n","protected":false},"author":2,"featured_media":413168,"comment_status":"closed","ping_status":"closed","sticky":false,"template":"","format":"standard","meta":{"footnotes":""},"categories":[1],"tags":[3769,147,3418,898,192,4988],"class_list":["post-413163","post","type-post","status-publish","format-standard","has-post-thumbnail","hentry","category-noticias","tag-autocarros","tag-crime","tag-policia-de-seguranca-publica","tag-santarem","tag-transporte","tag-transporte-rodoviarios"],"yoast_head":"<!-- This site is optimized with the Yoast SEO plugin v27.2 - https:\/\/yoast.com\/product\/yoast-seo-wordpress\/ -->\n<title>GNR interrompe transporte ilegal de passageiros - Portal Tela Portugal<\/title>\n<meta name=\"robots\" content=\"index, follow, max-snippet:-1, max-image-preview:large, max-video-preview:-1\" \/>\n<meta property=\"og:locale\" content=\"pt_PT\" \/>\n<meta property=\"og:type\" content=\"article\" \/>\n<meta property=\"og:title\" content=\"GNR interrompe transporte ilegal de passageiros - Portal Tela Portugal\" \/>\n<meta property=\"og:description\" content=\"A Unidade Nacional de Tr\u00e2nsito da GNR intercetou um autocarro que operava transporte p\u00fablico sem autoriza\u00e7\u00e3o, na Estrada Nacional 362, no distrito de Santar\u00e9m. Havia 55 passageiros a bordo, com um montante total cobrado de 2.200 euros (cerca de 40 euros por pessoa). O servi\u00e7o n\u00e3o possu\u00eda o alvar\u00e1 necess\u00e1rio para a atividade de transporte de passageiros. O transporte ilegal de passageiros \u00e9 pun\u00edvel com coima de cinco mil euros. Os factos foram comunicados ao tribunal.\" \/>\n<meta property=\"og:url\" content=\"https:\/\/portaltela.pt\/noticias\/2026\/03\/17\/gnr-interrompe-transporte-ilegal-de-passageiros\/\" \/>\n<meta property=\"og:site_name\" content=\"Portal Tela Portugal\" \/>\n<meta property=\"article:published_time\" content=\"2026-03-17T12:39:07+00:00\" \/>\n<meta name=\"author\" content=\"Telinha\" \/>\n<meta name=\"twitter:card\" content=\"summary_large_image\" \/>\n<meta name=\"twitter:label1\" content=\"Escrito por\" \/>\n\t<meta name=\"twitter:data1\" content=\"Telinha\" \/>\n\t<meta name=\"twitter:label2\" content=\"Tempo estimado de leitura\" \/>\n\t<meta name=\"twitter:data2\" content=\"1 minuto\" \/>\n<script type=\"application\/ld+json\" class=\"yoast-schema-graph\">{\"@context\":\"https:\/\/schema.org\",\"@graph\":[{\"@type\":\"Article\",\"@id\":\"https:\/\/portaltela.pt\/noticias\/2026\/03\/17\/gnr-interrompe-transporte-ilegal-de-passageiros\/#article\",\"isPartOf\":{\"@id\":\"https:\/\/portaltela.pt\/noticias\/2026\/03\/17\/gnr-interrompe-transporte-ilegal-de-passageiros\/\"},\"author\":{\"name\":\"Telinha\",\"@id\":\"https:\/\/portaltela.pt\/#\/schema\/person\/c4278d4a6028830caff9ee44b42d32ed\"},\"headline\":\"GNR interrompe transporte ilegal de passageiros\",\"datePublished\":\"2026-03-17T12:39:07+00:00\",\"mainEntityOfPage\":{\"@id\":\"https:\/\/portaltela.pt\/noticias\/2026\/03\/17\/gnr-interrompe-transporte-ilegal-de-passageiros\/\"},\"wordCount\":117,\"image\":{\"@id\":\"https:\/\/portaltela.pt\/noticias\/2026\/03\/17\/gnr-interrompe-transporte-ilegal-de-passageiros\/#primaryimage\"},\"thumbnailUrl\":\"https:\/\/portaltela.pt\/s.01k8rhncp4jt1\/2026\/03\/img_1500x1000uu2026-03-17-12-07-22-2272956-im-639093468935367606.jpg\",\"keywords\":[\"autocarros\",\"crime\",\"Pol\u00edcia de Seguran\u00e7a P\u00fablica\",\"Santar\u00e9m\",\"transporte\",\"Transporte Rodovi\u00e1rios\"],\"articleSection\":[\"Not\u00edcias\"],\"inLanguage\":\"pt-PT\"},{\"@type\":\"WebPage\",\"@id\":\"https:\/\/portaltela.pt\/noticias\/2026\/03\/17\/gnr-interrompe-transporte-ilegal-de-passageiros\/\",\"url\":\"https:\/\/portaltela.pt\/noticias\/2026\/03\/17\/gnr-interrompe-transporte-ilegal-de-passageiros\/\",\"name\":\"GNR interrompe transporte ilegal de passageiros - Portal Tela Portugal\",\"isPartOf\":{\"@id\":\"https:\/\/portaltela.pt\/#website\"},\"primaryImageOfPage\":{\"@id\":\"https:\/\/portaltela.pt\/noticias\/2026\/03\/17\/gnr-interrompe-transporte-ilegal-de-passageiros\/#primaryimage\"},\"image\":{\"@id\":\"https:\/\/portaltela.pt\/noticias\/2026\/03\/17\/gnr-interrompe-transporte-ilegal-de-passageiros\/#primaryimage\"},\"thumbnailUrl\":\"https:\/\/portaltela.pt\/s.01k8rhncp4jt1\/2026\/03\/img_1500x1000uu2026-03-17-12-07-22-2272956-im-639093468935367606.jpg\",\"datePublished\":\"2026-03-17T12:39:07+00:00\",\"author\":{\"@id\":\"https:\/\/portaltela.pt\/#\/schema\/person\/c4278d4a6028830caff9ee44b42d32ed\"},\"breadcrumb\":{\"@id\":\"https:\/\/portaltela.pt\/noticias\/2026\/03\/17\/gnr-interrompe-transporte-ilegal-de-passageiros\/#breadcrumb\"},\"inLanguage\":\"pt-PT\",\"potentialAction\":[{\"@type\":\"ReadAction\",\"target\":[\"https:\/\/portaltela.pt\/noticias\/2026\/03\/17\/gnr-interrompe-transporte-ilegal-de-passageiros\/\"]}]},{\"@type\":\"ImageObject\",\"inLanguage\":\"pt-PT\",\"@id\":\"https:\/\/portaltela.pt\/noticias\/2026\/03\/17\/gnr-interrompe-transporte-ilegal-de-passageiros\/#primaryimage\",\"url\":\"https:\/\/portaltela.pt\/s.01k8rhncp4jt1\/2026\/03\/img_1500x1000uu2026-03-17-12-07-22-2272956-im-639093468935367606.jpg\",\"contentUrl\":\"https:\/\/portaltela.pt\/s.01k8rhncp4jt1\/2026\/03\/img_1500x1000uu2026-03-17-12-07-22-2272956-im-639093468935367606.jpg\",\"width\":796,\"height\":448,\"caption\":\"Militar da GNR entra no autocarro fiscalizado\"},{\"@type\":\"BreadcrumbList\",\"@id\":\"https:\/\/portaltela.pt\/noticias\/2026\/03\/17\/gnr-interrompe-transporte-ilegal-de-passageiros\/#breadcrumb\",\"itemListElement\":[{\"@type\":\"ListItem\",\"position\":1,\"name\":\"In\u00edcio\",\"item\":\"https:\/\/portaltela.pt\/\"},{\"@type\":\"ListItem\",\"position\":2,\"name\":\"GNR interrompe transporte ilegal de passageiros\"}]},{\"@type\":\"WebSite\",\"@id\":\"https:\/\/portaltela.pt\/#website\",\"url\":\"https:\/\/portaltela.pt\/\",\"name\":\"Portal Tela Portugal\",\"description\":\"\",\"potentialAction\":[{\"@type\":\"SearchAction\",\"target\":{\"@type\":\"EntryPoint\",\"urlTemplate\":\"https:\/\/portaltela.pt\/?s={search_term_string}\"},\"query-input\":{\"@type\":\"PropertyValueSpecification\",\"valueRequired\":true,\"valueName\":\"search_term_string\"}}],\"inLanguage\":\"pt-PT\"},{\"@type\":\"Person\",\"@id\":\"https:\/\/portaltela.pt\/#\/schema\/person\/c4278d4a6028830caff9ee44b42d32ed\",\"name\":\"Telinha\",\"image\":{\"@type\":\"ImageObject\",\"inLanguage\":\"pt-PT\",\"@id\":\"https:\/\/portaltela.pt\/s.01k8rhncp4jt1\/2025\/11\/talking-bot-125x125.png\",\"url\":\"https:\/\/portaltela.pt\/s.01k8rhncp4jt1\/2025\/11\/talking-bot-125x125.png\",\"contentUrl\":\"https:\/\/portaltela.pt\/s.01k8rhncp4jt1\/2025\/11\/talking-bot-125x125.png\",\"caption\":\"Telinha\"},\"sameAs\":[\"https:\/\/portaltela.pt\/\"],\"url\":\"https:\/\/portaltela.pt\/por\/367410592786\/\"}]}<\/script>\n<!-- \/ Yoast SEO plugin. -->","yoast_head_json":{"title":"GNR interrompe transporte ilegal de passageiros - Portal Tela Portugal","robots":{"index":"index","follow":"follow","max-snippet":"max-snippet:-1","max-image-preview":"max-image-preview:large","max-video-preview":"max-video-preview:-1"},"og_locale":"pt_PT","og_type":"article","og_title":"GNR interrompe transporte ilegal de passageiros - Portal Tela Portugal","og_description":"A Unidade Nacional de Tr\u00e2nsito da GNR intercetou um autocarro que operava transporte p\u00fablico sem autoriza\u00e7\u00e3o, na Estrada Nacional 362, no distrito de Santar\u00e9m. Havia 55 passageiros a bordo, com um montante total cobrado de 2.200 euros (cerca de 40 euros por pessoa). O servi\u00e7o n\u00e3o possu\u00eda o alvar\u00e1 necess\u00e1rio para a atividade de transporte de passageiros. O transporte ilegal de passageiros \u00e9 pun\u00edvel com coima de cinco mil euros. Os factos foram comunicados ao tribunal.","og_url":"https:\/\/portaltela.pt\/noticias\/2026\/03\/17\/gnr-interrompe-transporte-ilegal-de-passageiros\/","og_site_name":"Portal Tela Portugal","article_published_time":"2026-03-17T12:39:07+00:00","author":"Telinha","twitter_card":"summary_large_image","twitter_misc":{"Escrito por":"Telinha","Tempo estimado de leitura":"1 minuto"},"schema":{"@context":"https:\/\/schema.org","@graph":[{"@type":"Article","@id":"https:\/\/portaltela.pt\/noticias\/2026\/03\/17\/gnr-interrompe-transporte-ilegal-de-passageiros\/#article","isPartOf":{"@id":"https:\/\/portaltela.pt\/noticias\/2026\/03\/17\/gnr-interrompe-transporte-ilegal-de-passageiros\/"},"author":{"name":"Telinha","@id":"https:\/\/portaltela.pt\/#\/schema\/person\/c4278d4a6028830caff9ee44b42d32ed"},"headline":"GNR interrompe transporte ilegal de passageiros","datePublished":"2026-03-17T12:39:07+00:00","mainEntityOfPage":{"@id":"https:\/\/portaltela.pt\/noticias\/2026\/03\/17\/gnr-interrompe-transporte-ilegal-de-passageiros\/"},"wordCount":117,"image":{"@id":"https:\/\/portaltela.pt\/noticias\/2026\/03\/17\/gnr-interrompe-transporte-ilegal-de-passageiros\/#primaryimage"},"thumbnailUrl":"https:\/\/portaltela.pt\/s.01k8rhncp4jt1\/2026\/03\/img_1500x1000uu2026-03-17-12-07-22-2272956-im-639093468935367606.jpg","keywords":["autocarros","crime","Pol\u00edcia de Seguran\u00e7a P\u00fablica","Santar\u00e9m","transporte","Transporte Rodovi\u00e1rios"],"articleSection":["Not\u00edcias"],"inLanguage":"pt-PT"},{"@type":"WebPage","@id":"https:\/\/portaltela.pt\/noticias\/2026\/03\/17\/gnr-interrompe-transporte-ilegal-de-passageiros\/","url":"https:\/\/portaltela.pt\/noticias\/2026\/03\/17\/gnr-interrompe-transporte-ilegal-de-passageiros\/","name":"GNR interrompe transporte ilegal de passageiros - Portal Tela Portugal","isPartOf":{"@id":"https:\/\/portaltela.pt\/#website"},"primaryImageOfPage":{"@id":"https:\/\/portaltela.pt\/noticias\/2026\/03\/17\/gnr-interrompe-transporte-ilegal-de-passageiros\/#primaryimage"},"image":{"@id":"https:\/\/portaltela.pt\/noticias\/2026\/03\/17\/gnr-interrompe-transporte-ilegal-de-passageiros\/#primaryimage"},"thumbnailUrl":"https:\/\/portaltela.pt\/s.01k8rhncp4jt1\/2026\/03\/img_1500x1000uu2026-03-17-12-07-22-2272956-im-639093468935367606.jpg","datePublished":"2026-03-17T12:39:07+00:00","author":{"@id":"https:\/\/portaltela.pt\/#\/schema\/person\/c4278d4a6028830caff9ee44b42d32ed"},"breadcrumb":{"@id":"https:\/\/portaltela.pt\/noticias\/2026\/03\/17\/gnr-interrompe-transporte-ilegal-de-passageiros\/#breadcrumb"},"inLanguage":"pt-PT","potentialAction":[{"@type":"ReadAction","target":["https:\/\/portaltela.pt\/noticias\/2026\/03\/17\/gnr-interrompe-transporte-ilegal-de-passageiros\/"]}]},{"@type":"ImageObject","inLanguage":"pt-PT","@id":"https:\/\/portaltela.pt\/noticias\/2026\/03\/17\/gnr-interrompe-transporte-ilegal-de-passageiros\/#primaryimage","url":"https:\/\/portaltela.pt\/s.01k8rhncp4jt1\/2026\/03\/img_1500x1000uu2026-03-17-12-07-22-2272956-im-639093468935367606.jpg","contentUrl":"https:\/\/portaltela.pt\/s.01k8rhncp4jt1\/2026\/03\/img_1500x1000uu2026-03-17-12-07-22-2272956-im-639093468935367606.jpg","width":796,"height":448,"caption":"Militar da GNR entra no autocarro fiscalizado"},{"@type":"BreadcrumbList","@id":"https:\/\/portaltela.pt\/noticias\/2026\/03\/17\/gnr-interrompe-transporte-ilegal-de-passageiros\/#breadcrumb","itemListElement":[{"@type":"ListItem","position":1,"name":"In\u00edcio","item":"https:\/\/portaltela.pt\/"},{"@type":"ListItem","position":2,"name":"GNR interrompe transporte ilegal de passageiros"}]},{"@type":"WebSite","@id":"https:\/\/portaltela.pt\/#website","url":"https:\/\/portaltela.pt\/","name":"Portal Tela Portugal","description":"","potentialAction":[{"@type":"SearchAction","target":{"@type":"EntryPoint","urlTemplate":"https:\/\/portaltela.pt\/?s={search_term_string}"},"query-input":{"@type":"PropertyValueSpecification","valueRequired":true,"valueName":"search_term_string"}}],"inLanguage":"pt-PT"},{"@type":"Person","@id":"https:\/\/portaltela.pt\/#\/schema\/person\/c4278d4a6028830caff9ee44b42d32ed","name":"Telinha","image":{"@type":"ImageObject","inLanguage":"pt-PT","@id":"https:\/\/portaltela.pt\/s.01k8rhncp4jt1\/2025\/11\/talking-bot-125x125.png","url":"https:\/\/portaltela.pt\/s.01k8rhncp4jt1\/2025\/11\/talking-bot-125x125.png","contentUrl":"https:\/\/portaltela.pt\/s.01k8rhncp4jt1\/2025\/11\/talking-bot-125x125.png","caption":"Telinha"},"sameAs":["https:\/\/portaltela.pt\/"],"url":"https:\/\/portaltela.pt\/por\/367410592786\/"}]}},"_links":{"self":[{"href":"https:\/\/portaltela.pt\/api\/wp\/v2\/posts\/413163","targetHints":{"allow":["GET"]}}],"collection":[{"href":"https:\/\/portaltela.pt\/api\/wp\/v2\/posts"}],"about":[{"href":"https:\/\/portaltela.pt\/api\/wp\/v2\/types\/post"}],"author":[{"embeddable":true,"href":"https:\/\/portaltela.pt\/api\/wp\/v2\/users\/2"}],"replies":[{"embeddable":true,"href":"https:\/\/portaltela.pt\/api\/wp\/v2\/comments?post=413163"}],"version-history":[{"count":0,"href":"https:\/\/portaltela.pt\/api\/wp\/v2\/posts\/413163\/revisions"}],"wp:featuredmedia":[{"embeddable":true,"href":"https:\/\/portaltela.pt\/api\/wp\/v2\/media\/413168"}],"wp:attachment":[{"href":"https:\/\/portaltela.pt\/api\/wp\/v2\/media?parent=413163"}],"wp:term":[{"taxonomy":"category","embeddable":true,"href":"https:\/\/portaltela.pt\/api\/wp\/v2\/categories?post=413163"},{"taxonomy":"post_tag","embeddable":true,"href":"https:\/\/portaltela.pt\/api\/wp\/v2\/tags?post=413163"}],"curies":[{"name":"wp","href":"https:\/\/api.w.org\/{rel}","templated":true}]}}