{"id":413162,"date":"2026-03-17T09:30:00","date_gmt":"2026-03-17T12:30:00","guid":{"rendered":"https:\/\/portaltela.pt\/noticias\/2026\/03\/17\/pedro-chagas-freitas-afirma-que-nada-comove-mais-do-que-querer-salvar-o-nosso-filho\/"},"modified":"2026-03-17T09:30:00","modified_gmt":"2026-03-17T12:30:00","slug":"pedro-chagas-freitas-afirma-que-nada-comove-mais-do-que-querer-salvar-o-nosso-filho","status":"publish","type":"post","link":"https:\/\/portaltela.pt\/noticias\/2026\/03\/17\/pedro-chagas-freitas-afirma-que-nada-comove-mais-do-que-querer-salvar-o-nosso-filho\/","title":{"rendered":"Pedro Chagas Freitas afirma que nada comove mais do que querer salvar o nosso filho"},"content":{"rendered":"<p>Pedro Chagas Freitas analisa a experi\u00eancia vivida com o filho de seis anos, Benjamin, que necessitava de um transplante de f\u00edgado. O epis\u00f3dio ocorre no oitavo cap\u00edtulo do podcast A Vida N\u00e3o \u00e9 o Que Aparece, j\u00e1 dispon\u00edvel em v\u00e1rias plataformas.<\/p>\n<p>O autor revela que a situa\u00e7\u00e3o se tornou p\u00fablica ap\u00f3s um apelo de pais. A onda de apoio foi intensa, com milhares de pessoas dispostas a doar parte do seu f\u00edgado para salvar a crian\u00e7a, gerando um sentimento de d\u00edvida com quem mostrou disponibilidade.<\/p>\n<p>Freitas, nascido em Guimar\u00e3es e com base em Lisboa, \u00e9 reconhecido pela sua atividade liter\u00e1ria. Evita o r\u00f3tulo de escritor e descreve-se como algu\u00e9m que escreve livros, reconhecendo que a escrita n\u00e3o \u00e9 sagrada, mas uma pr\u00e1tica comum.<\/p>\n<p>A respeito da experi\u00eancia hospitalar, o criador destaca o papel emocional de manter a crian\u00e7a bem e o desafio de encarar a situa\u00e7\u00e3o como adulto, ao mesmo tempo que se tenta alegrar a realidade da jovem v\u00edtima.<\/p>\n<p>Benjamin sobreviveu ao transplante com o apoio p\u00fablico e o tempo dedicado ao tratamento. O relato insere-se no contexto de reflex\u00f5es di\u00e1rias de Freitas, que partilha nas redes sociais, mantendo o foco na atualidade sem perder a linha narrativa.<\/p>\n<p>Para acompanhar o podcast A Vida N\u00e3o \u00c9 o Que Aparece, os epis\u00f3dios s\u00e3o lan\u00e7ados semanalmente \u00e0s ter\u00e7as-feiras, dispon\u00edveis em plataformas como Spotify e Apple Podcasts, entre outras aplica\u00e7\u00f5es de \u00e1udio.<\/p>\n","protected":false},"excerpt":{"rendered":"<ul>\n<li>Pedro Chagas Freitas, natural de Guimar\u00e3es, \u00e9 um dos autores mais lidos em Portugal e acabou de lan\u00e7ar o romance O Hospital de Alfaces, inspirado no tempo passado na unidade de transplantados com o filho Benjamin.<\/li>\n<li>Benjamin precisou de um transplante de f\u00edgado para sobreviver, situa\u00e7\u00e3o que ficou p\u00fablica ap\u00f3s um apelo nas redes sociais.<\/li>\n<li>A campanha gerou uma onda de apoio de milhares de pessoas que se disponibilizaram para doar parte do corpo ao filho do autor.<\/li>\n<li>Freitas descreve a experi\u00eancia como humilhante e diz ter sentido o peso da desimport\u00e2ncia, enfatizando que o adulto deve entreter a crian\u00e7a, numa vis\u00e3o de hospitaliza\u00e7\u00e3o.<\/li>\n<li>O relato integra o oitavo epis\u00f3dio do podcast A Vida N\u00e3o \u00e9 o Que Aparece; o autor tem forte presen\u00e7a online, com centenas de milhares de seguidores.<\/li>\n<\/ul>\n","protected":false},"author":2,"featured_media":413167,"comment_status":"closed","ping_status":"closed","sticky":false,"template":"","format":"standard","meta":{"footnotes":""},"categories":[1],"tags":[3953,64,1145,981,172,5128],"class_list":["post-413162","post","type-post","status-publish","format-standard","has-post-thumbnail","hentry","category-noticias","tag-criancas","tag-familia","tag-guimaraes","tag-lisboa","tag-saude","tag-transplantes"],"yoast_head":"<!-- This site is optimized with the Yoast SEO plugin v27.2 - https:\/\/yoast.com\/product\/yoast-seo-wordpress\/ -->\n<title>Pedro Chagas Freitas afirma que nada comove mais do que querer salvar o nosso filho - Portal Tela Portugal<\/title>\n<meta name=\"robots\" content=\"index, follow, max-snippet:-1, max-image-preview:large, max-video-preview:-1\" \/>\n<meta property=\"og:locale\" content=\"pt_PT\" \/>\n<meta property=\"og:type\" content=\"article\" \/>\n<meta property=\"og:title\" content=\"Pedro Chagas Freitas afirma que nada comove mais do que querer salvar o nosso filho - Portal Tela Portugal\" \/>\n<meta property=\"og:description\" content=\"Pedro Chagas Freitas, natural de Guimar\u00e3es, \u00e9 um dos autores mais lidos em Portugal e acabou de lan\u00e7ar o romance O Hospital de Alfaces, inspirado no tempo passado na unidade de transplantados com o filho Benjamin. Benjamin precisou de um transplante de f\u00edgado para sobreviver, situa\u00e7\u00e3o que ficou p\u00fablica ap\u00f3s um apelo nas redes sociais. A campanha gerou uma onda de apoio de milhares de pessoas que se disponibilizaram para doar parte do corpo ao filho do autor. Freitas descreve a experi\u00eancia como humilhante e diz ter sentido o peso da desimport\u00e2ncia, enfatizando que o adulto deve entreter a crian\u00e7a, numa vis\u00e3o de hospitaliza\u00e7\u00e3o. O relato integra o oitavo epis\u00f3dio do podcast A Vida N\u00e3o \u00e9 o Que Aparece; o autor tem forte presen\u00e7a online, com centenas de milhares de seguidores.\" \/>\n<meta property=\"og:url\" content=\"https:\/\/portaltela.pt\/noticias\/2026\/03\/17\/pedro-chagas-freitas-afirma-que-nada-comove-mais-do-que-querer-salvar-o-nosso-filho\/\" \/>\n<meta property=\"og:site_name\" content=\"Portal Tela Portugal\" \/>\n<meta property=\"article:published_time\" content=\"2026-03-17T12:30:00+00:00\" \/>\n<meta name=\"author\" content=\"Telinha\" \/>\n<meta name=\"twitter:card\" content=\"summary_large_image\" \/>\n<meta name=\"twitter:label1\" content=\"Escrito por\" \/>\n\t<meta name=\"twitter:data1\" content=\"Telinha\" \/>\n\t<meta name=\"twitter:label2\" content=\"Tempo estimado de leitura\" \/>\n\t<meta name=\"twitter:data2\" content=\"1 minuto\" \/>\n<script type=\"application\/ld+json\" class=\"yoast-schema-graph\">{\"@context\":\"https:\/\/schema.org\",\"@graph\":[{\"@type\":\"Article\",\"@id\":\"https:\/\/portaltela.pt\/noticias\/2026\/03\/17\/pedro-chagas-freitas-afirma-que-nada-comove-mais-do-que-querer-salvar-o-nosso-filho\/#article\",\"isPartOf\":{\"@id\":\"https:\/\/portaltela.pt\/noticias\/2026\/03\/17\/pedro-chagas-freitas-afirma-que-nada-comove-mais-do-que-querer-salvar-o-nosso-filho\/\"},\"author\":{\"name\":\"Telinha\",\"@id\":\"https:\/\/portaltela.pt\/#\/schema\/person\/c4278d4a6028830caff9ee44b42d32ed\"},\"headline\":\"Pedro Chagas Freitas afirma que nada comove mais do que querer salvar o nosso filho\",\"datePublished\":\"2026-03-17T12:30:00+00:00\",\"mainEntityOfPage\":{\"@id\":\"https:\/\/portaltela.pt\/noticias\/2026\/03\/17\/pedro-chagas-freitas-afirma-que-nada-comove-mais-do-que-querer-salvar-o-nosso-filho\/\"},\"wordCount\":274,\"image\":{\"@id\":\"https:\/\/portaltela.pt\/noticias\/2026\/03\/17\/pedro-chagas-freitas-afirma-que-nada-comove-mais-do-que-querer-salvar-o-nosso-filho\/#primaryimage\"},\"thumbnailUrl\":\"https:\/\/portaltela.pt\/s.01k8rhncp4jt1\/2026\/03\/2074864.jpg\",\"keywords\":[\"crian\u00e7as\",\"fam\u00edlia\",\"Guimar\u00e3es\",\"Lisboa\",\"sa\u00fade\",\"transplantes\"],\"articleSection\":[\"Not\u00edcias\"],\"inLanguage\":\"pt-PT\"},{\"@type\":\"WebPage\",\"@id\":\"https:\/\/portaltela.pt\/noticias\/2026\/03\/17\/pedro-chagas-freitas-afirma-que-nada-comove-mais-do-que-querer-salvar-o-nosso-filho\/\",\"url\":\"https:\/\/portaltela.pt\/noticias\/2026\/03\/17\/pedro-chagas-freitas-afirma-que-nada-comove-mais-do-que-querer-salvar-o-nosso-filho\/\",\"name\":\"Pedro Chagas Freitas afirma que nada comove mais do que querer salvar o nosso filho - Portal Tela Portugal\",\"isPartOf\":{\"@id\":\"https:\/\/portaltela.pt\/#website\"},\"primaryImageOfPage\":{\"@id\":\"https:\/\/portaltela.pt\/noticias\/2026\/03\/17\/pedro-chagas-freitas-afirma-que-nada-comove-mais-do-que-querer-salvar-o-nosso-filho\/#primaryimage\"},\"image\":{\"@id\":\"https:\/\/portaltela.pt\/noticias\/2026\/03\/17\/pedro-chagas-freitas-afirma-que-nada-comove-mais-do-que-querer-salvar-o-nosso-filho\/#primaryimage\"},\"thumbnailUrl\":\"https:\/\/portaltela.pt\/s.01k8rhncp4jt1\/2026\/03\/2074864.jpg\",\"datePublished\":\"2026-03-17T12:30:00+00:00\",\"author\":{\"@id\":\"https:\/\/portaltela.pt\/#\/schema\/person\/c4278d4a6028830caff9ee44b42d32ed\"},\"breadcrumb\":{\"@id\":\"https:\/\/portaltela.pt\/noticias\/2026\/03\/17\/pedro-chagas-freitas-afirma-que-nada-comove-mais-do-que-querer-salvar-o-nosso-filho\/#breadcrumb\"},\"inLanguage\":\"pt-PT\",\"potentialAction\":[{\"@type\":\"ReadAction\",\"target\":[\"https:\/\/portaltela.pt\/noticias\/2026\/03\/17\/pedro-chagas-freitas-afirma-que-nada-comove-mais-do-que-querer-salvar-o-nosso-filho\/\"]}]},{\"@type\":\"ImageObject\",\"inLanguage\":\"pt-PT\",\"@id\":\"https:\/\/portaltela.pt\/noticias\/2026\/03\/17\/pedro-chagas-freitas-afirma-que-nada-comove-mais-do-que-querer-salvar-o-nosso-filho\/#primaryimage\",\"url\":\"https:\/\/portaltela.pt\/s.01k8rhncp4jt1\/2026\/03\/2074864.jpg\",\"contentUrl\":\"https:\/\/portaltela.pt\/s.01k8rhncp4jt1\/2026\/03\/2074864.jpg\",\"width\":796,\"height\":448,\"caption\":\"Photo\"},{\"@type\":\"BreadcrumbList\",\"@id\":\"https:\/\/portaltela.pt\/noticias\/2026\/03\/17\/pedro-chagas-freitas-afirma-que-nada-comove-mais-do-que-querer-salvar-o-nosso-filho\/#breadcrumb\",\"itemListElement\":[{\"@type\":\"ListItem\",\"position\":1,\"name\":\"In\u00edcio\",\"item\":\"https:\/\/portaltela.pt\/\"},{\"@type\":\"ListItem\",\"position\":2,\"name\":\"Pedro Chagas Freitas afirma que nada comove mais do que querer salvar o nosso filho\"}]},{\"@type\":\"WebSite\",\"@id\":\"https:\/\/portaltela.pt\/#website\",\"url\":\"https:\/\/portaltela.pt\/\",\"name\":\"Portal Tela Portugal\",\"description\":\"\",\"potentialAction\":[{\"@type\":\"SearchAction\",\"target\":{\"@type\":\"EntryPoint\",\"urlTemplate\":\"https:\/\/portaltela.pt\/?s={search_term_string}\"},\"query-input\":{\"@type\":\"PropertyValueSpecification\",\"valueRequired\":true,\"valueName\":\"search_term_string\"}}],\"inLanguage\":\"pt-PT\"},{\"@type\":\"Person\",\"@id\":\"https:\/\/portaltela.pt\/#\/schema\/person\/c4278d4a6028830caff9ee44b42d32ed\",\"name\":\"Telinha\",\"image\":{\"@type\":\"ImageObject\",\"inLanguage\":\"pt-PT\",\"@id\":\"https:\/\/portaltela.pt\/s.01k8rhncp4jt1\/2025\/11\/talking-bot-125x125.png\",\"url\":\"https:\/\/portaltela.pt\/s.01k8rhncp4jt1\/2025\/11\/talking-bot-125x125.png\",\"contentUrl\":\"https:\/\/portaltela.pt\/s.01k8rhncp4jt1\/2025\/11\/talking-bot-125x125.png\",\"caption\":\"Telinha\"},\"sameAs\":[\"https:\/\/portaltela.pt\/\"],\"url\":\"https:\/\/portaltela.pt\/por\/367410592786\/\"}]}<\/script>\n<!-- \/ Yoast SEO plugin. -->","yoast_head_json":{"title":"Pedro Chagas Freitas afirma que nada comove mais do que querer salvar o nosso filho - Portal Tela Portugal","robots":{"index":"index","follow":"follow","max-snippet":"max-snippet:-1","max-image-preview":"max-image-preview:large","max-video-preview":"max-video-preview:-1"},"og_locale":"pt_PT","og_type":"article","og_title":"Pedro Chagas Freitas afirma que nada comove mais do que querer salvar o nosso filho - Portal Tela Portugal","og_description":"Pedro Chagas Freitas, natural de Guimar\u00e3es, \u00e9 um dos autores mais lidos em Portugal e acabou de lan\u00e7ar o romance O Hospital de Alfaces, inspirado no tempo passado na unidade de transplantados com o filho Benjamin. Benjamin precisou de um transplante de f\u00edgado para sobreviver, situa\u00e7\u00e3o que ficou p\u00fablica ap\u00f3s um apelo nas redes sociais. A campanha gerou uma onda de apoio de milhares de pessoas que se disponibilizaram para doar parte do corpo ao filho do autor. Freitas descreve a experi\u00eancia como humilhante e diz ter sentido o peso da desimport\u00e2ncia, enfatizando que o adulto deve entreter a crian\u00e7a, numa vis\u00e3o de hospitaliza\u00e7\u00e3o. O relato integra o oitavo epis\u00f3dio do podcast A Vida N\u00e3o \u00e9 o Que Aparece; o autor tem forte presen\u00e7a online, com centenas de milhares de seguidores.","og_url":"https:\/\/portaltela.pt\/noticias\/2026\/03\/17\/pedro-chagas-freitas-afirma-que-nada-comove-mais-do-que-querer-salvar-o-nosso-filho\/","og_site_name":"Portal Tela Portugal","article_published_time":"2026-03-17T12:30:00+00:00","author":"Telinha","twitter_card":"summary_large_image","twitter_misc":{"Escrito por":"Telinha","Tempo estimado de leitura":"1 minuto"},"schema":{"@context":"https:\/\/schema.org","@graph":[{"@type":"Article","@id":"https:\/\/portaltela.pt\/noticias\/2026\/03\/17\/pedro-chagas-freitas-afirma-que-nada-comove-mais-do-que-querer-salvar-o-nosso-filho\/#article","isPartOf":{"@id":"https:\/\/portaltela.pt\/noticias\/2026\/03\/17\/pedro-chagas-freitas-afirma-que-nada-comove-mais-do-que-querer-salvar-o-nosso-filho\/"},"author":{"name":"Telinha","@id":"https:\/\/portaltela.pt\/#\/schema\/person\/c4278d4a6028830caff9ee44b42d32ed"},"headline":"Pedro Chagas Freitas afirma que nada comove mais do que querer salvar o nosso filho","datePublished":"2026-03-17T12:30:00+00:00","mainEntityOfPage":{"@id":"https:\/\/portaltela.pt\/noticias\/2026\/03\/17\/pedro-chagas-freitas-afirma-que-nada-comove-mais-do-que-querer-salvar-o-nosso-filho\/"},"wordCount":274,"image":{"@id":"https:\/\/portaltela.pt\/noticias\/2026\/03\/17\/pedro-chagas-freitas-afirma-que-nada-comove-mais-do-que-querer-salvar-o-nosso-filho\/#primaryimage"},"thumbnailUrl":"https:\/\/portaltela.pt\/s.01k8rhncp4jt1\/2026\/03\/2074864.jpg","keywords":["crian\u00e7as","fam\u00edlia","Guimar\u00e3es","Lisboa","sa\u00fade","transplantes"],"articleSection":["Not\u00edcias"],"inLanguage":"pt-PT"},{"@type":"WebPage","@id":"https:\/\/portaltela.pt\/noticias\/2026\/03\/17\/pedro-chagas-freitas-afirma-que-nada-comove-mais-do-que-querer-salvar-o-nosso-filho\/","url":"https:\/\/portaltela.pt\/noticias\/2026\/03\/17\/pedro-chagas-freitas-afirma-que-nada-comove-mais-do-que-querer-salvar-o-nosso-filho\/","name":"Pedro Chagas Freitas afirma que nada comove mais do que querer salvar o nosso filho - Portal Tela Portugal","isPartOf":{"@id":"https:\/\/portaltela.pt\/#website"},"primaryImageOfPage":{"@id":"https:\/\/portaltela.pt\/noticias\/2026\/03\/17\/pedro-chagas-freitas-afirma-que-nada-comove-mais-do-que-querer-salvar-o-nosso-filho\/#primaryimage"},"image":{"@id":"https:\/\/portaltela.pt\/noticias\/2026\/03\/17\/pedro-chagas-freitas-afirma-que-nada-comove-mais-do-que-querer-salvar-o-nosso-filho\/#primaryimage"},"thumbnailUrl":"https:\/\/portaltela.pt\/s.01k8rhncp4jt1\/2026\/03\/2074864.jpg","datePublished":"2026-03-17T12:30:00+00:00","author":{"@id":"https:\/\/portaltela.pt\/#\/schema\/person\/c4278d4a6028830caff9ee44b42d32ed"},"breadcrumb":{"@id":"https:\/\/portaltela.pt\/noticias\/2026\/03\/17\/pedro-chagas-freitas-afirma-que-nada-comove-mais-do-que-querer-salvar-o-nosso-filho\/#breadcrumb"},"inLanguage":"pt-PT","potentialAction":[{"@type":"ReadAction","target":["https:\/\/portaltela.pt\/noticias\/2026\/03\/17\/pedro-chagas-freitas-afirma-que-nada-comove-mais-do-que-querer-salvar-o-nosso-filho\/"]}]},{"@type":"ImageObject","inLanguage":"pt-PT","@id":"https:\/\/portaltela.pt\/noticias\/2026\/03\/17\/pedro-chagas-freitas-afirma-que-nada-comove-mais-do-que-querer-salvar-o-nosso-filho\/#primaryimage","url":"https:\/\/portaltela.pt\/s.01k8rhncp4jt1\/2026\/03\/2074864.jpg","contentUrl":"https:\/\/portaltela.pt\/s.01k8rhncp4jt1\/2026\/03\/2074864.jpg","width":796,"height":448,"caption":"Photo"},{"@type":"BreadcrumbList","@id":"https:\/\/portaltela.pt\/noticias\/2026\/03\/17\/pedro-chagas-freitas-afirma-que-nada-comove-mais-do-que-querer-salvar-o-nosso-filho\/#breadcrumb","itemListElement":[{"@type":"ListItem","position":1,"name":"In\u00edcio","item":"https:\/\/portaltela.pt\/"},{"@type":"ListItem","position":2,"name":"Pedro Chagas Freitas afirma que nada comove mais do que querer salvar o nosso filho"}]},{"@type":"WebSite","@id":"https:\/\/portaltela.pt\/#website","url":"https:\/\/portaltela.pt\/","name":"Portal Tela Portugal","description":"","potentialAction":[{"@type":"SearchAction","target":{"@type":"EntryPoint","urlTemplate":"https:\/\/portaltela.pt\/?s={search_term_string}"},"query-input":{"@type":"PropertyValueSpecification","valueRequired":true,"valueName":"search_term_string"}}],"inLanguage":"pt-PT"},{"@type":"Person","@id":"https:\/\/portaltela.pt\/#\/schema\/person\/c4278d4a6028830caff9ee44b42d32ed","name":"Telinha","image":{"@type":"ImageObject","inLanguage":"pt-PT","@id":"https:\/\/portaltela.pt\/s.01k8rhncp4jt1\/2025\/11\/talking-bot-125x125.png","url":"https:\/\/portaltela.pt\/s.01k8rhncp4jt1\/2025\/11\/talking-bot-125x125.png","contentUrl":"https:\/\/portaltela.pt\/s.01k8rhncp4jt1\/2025\/11\/talking-bot-125x125.png","caption":"Telinha"},"sameAs":["https:\/\/portaltela.pt\/"],"url":"https:\/\/portaltela.pt\/por\/367410592786\/"}]}},"_links":{"self":[{"href":"https:\/\/portaltela.pt\/api\/wp\/v2\/posts\/413162","targetHints":{"allow":["GET"]}}],"collection":[{"href":"https:\/\/portaltela.pt\/api\/wp\/v2\/posts"}],"about":[{"href":"https:\/\/portaltela.pt\/api\/wp\/v2\/types\/post"}],"author":[{"embeddable":true,"href":"https:\/\/portaltela.pt\/api\/wp\/v2\/users\/2"}],"replies":[{"embeddable":true,"href":"https:\/\/portaltela.pt\/api\/wp\/v2\/comments?post=413162"}],"version-history":[{"count":0,"href":"https:\/\/portaltela.pt\/api\/wp\/v2\/posts\/413162\/revisions"}],"wp:featuredmedia":[{"embeddable":true,"href":"https:\/\/portaltela.pt\/api\/wp\/v2\/media\/413167"}],"wp:attachment":[{"href":"https:\/\/portaltela.pt\/api\/wp\/v2\/media?parent=413162"}],"wp:term":[{"taxonomy":"category","embeddable":true,"href":"https:\/\/portaltela.pt\/api\/wp\/v2\/categories?post=413162"},{"taxonomy":"post_tag","embeddable":true,"href":"https:\/\/portaltela.pt\/api\/wp\/v2\/tags?post=413162"}],"curies":[{"name":"wp","href":"https:\/\/api.w.org\/{rel}","templated":true}]}}