{"id":413123,"date":"2026-03-17T09:01:00","date_gmt":"2026-03-17T12:01:00","guid":{"rendered":"https:\/\/portaltela.pt\/noticias\/2026\/03\/17\/marisa-liz-emociona-se-com-18-o-aniversario-da-filha-e-partilha-fotos-ineditas\/"},"modified":"2026-03-17T09:01:00","modified_gmt":"2026-03-17T12:01:00","slug":"marisa-liz-emociona-se-com-18-o-aniversario-da-filha-e-partilha-fotos-ineditas","status":"publish","type":"post","link":"https:\/\/portaltela.pt\/celebridades\/2026\/03\/17\/marisa-liz-emociona-se-com-18-o-aniversario-da-filha-e-partilha-fotos-ineditas\/","title":{"rendered":"Marisa Liz emociona-se com 18.\u00ba anivers\u00e1rio da filha e partilha fotos in\u00e9ditas"},"content":{"rendered":"<p>Marisa Liz emocionou-se ao comemorar o 18\u00ba anivers\u00e1rio da filha Beatriz, ocorrido na segunda-feira, 16 de mar\u00e7o. A homenagem ocorreu nas redes sociais da cantora, com fotografias in\u00e9ditas a grande p\u00fablico.<\/p>\n<p>Beatriz \u00e9 filha de Marisa Liz com Tiago Pais Dias. A artista \u00e9 ainda m\u00e3e de Jo\u00e3o Tiago, de 11 anos, mantendo a fam\u00edlia como foco das suas partilhas p\u00fablicas.<\/p>\n<p>Na publica\u00e7\u00e3o, a cantora descreveu Beatriz como uma jovem cheia de luz, sonhos, for\u00e7a e coragem, destacando o seu papel como filha e o impacto do amor parental ao longo dos anos.<\/p>\n<p>A homenagem surge no contexto de uma celebra\u00e7\u00e3o privada que ganha express\u00e3o p\u00fablica pelas redes, sem detalhes de eventos ou celebra\u00e7\u00f5es presenciais.<\/p>\n","protected":false},"excerpt":{"rendered":"<ul>\n<li>Marisa Liz celebra, na segunda-feira, 16 de mar\u00e7o, os 18 anos da filha Beatriz.<\/li>\n<li>A cantora revelou a data publicamente nas redes sociais, partilhando fotografias in\u00e9ditas.<\/li>\n<li>No Instagram, Marisa Liz escreveu uma mensagem emotiva dedicando-se \u00e0 filha.<\/li>\n<li>Beatriz \u00e9 fruto da antiga rela\u00e7\u00e3o da cantora com o m\u00fasico Tiago Pais Dias.<\/li>\n<li>Marisa Liz \u00e9 ainda m\u00e3e de Jo\u00e3o Tiago, de 11 anos.<\/li>\n<\/ul>\n","protected":false},"author":2,"featured_media":413125,"comment_status":"closed","ping_status":"closed","sticky":false,"template":"","format":"standard","meta":{"footnotes":""},"categories":[6675],"tags":[76,64,132,5661,88,1196],"class_list":["post-413123","post","type-post","status-publish","format-standard","has-post-thumbnail","hentry","category-celebridades","tag-celebridades","tag-familia","tag-filhos","tag-pessoas-publicas","tag-redes-sociais","tag-vida-privada"],"yoast_head":"<!-- This site is optimized with the Yoast SEO plugin v27.2 - https:\/\/yoast.com\/product\/yoast-seo-wordpress\/ -->\n<title>Marisa Liz emociona-se com 18.\u00ba anivers\u00e1rio da filha e partilha fotos in\u00e9ditas - Portal Tela Portugal<\/title>\n<meta name=\"robots\" content=\"index, follow, max-snippet:-1, max-image-preview:large, max-video-preview:-1\" \/>\n<meta property=\"og:locale\" content=\"pt_PT\" \/>\n<meta property=\"og:type\" content=\"article\" \/>\n<meta property=\"og:title\" content=\"Marisa Liz emociona-se com 18.\u00ba anivers\u00e1rio da filha e partilha fotos in\u00e9ditas - Portal Tela Portugal\" \/>\n<meta property=\"og:description\" content=\"Marisa Liz celebra, na segunda-feira, 16 de mar\u00e7o, os 18 anos da filha Beatriz. A cantora revelou a data publicamente nas redes sociais, partilhando fotografias in\u00e9ditas. No Instagram, Marisa Liz escreveu uma mensagem emotiva dedicando-se \u00e0 filha. Beatriz \u00e9 fruto da antiga rela\u00e7\u00e3o da cantora com o m\u00fasico Tiago Pais Dias. Marisa Liz \u00e9 ainda m\u00e3e de Jo\u00e3o Tiago, de 11 anos.\" \/>\n<meta property=\"og:url\" content=\"https:\/\/portaltela.pt\/noticias\/2026\/03\/17\/marisa-liz-emociona-se-com-18-o-aniversario-da-filha-e-partilha-fotos-ineditas\/\" \/>\n<meta property=\"og:site_name\" content=\"Portal Tela Portugal\" \/>\n<meta property=\"article:published_time\" content=\"2026-03-17T12:01:00+00:00\" \/>\n<meta name=\"author\" content=\"Telinha\" \/>\n<meta name=\"twitter:card\" content=\"summary_large_image\" \/>\n<meta name=\"twitter:label1\" content=\"Escrito por\" \/>\n\t<meta name=\"twitter:data1\" content=\"Telinha\" \/>\n\t<meta name=\"twitter:label2\" content=\"Tempo estimado de leitura\" \/>\n\t<meta name=\"twitter:data2\" content=\"1 minuto\" \/>\n<script type=\"application\/ld+json\" class=\"yoast-schema-graph\">{\"@context\":\"https:\/\/schema.org\",\"@graph\":[{\"@type\":\"Article\",\"@id\":\"https:\/\/portaltela.pt\/noticias\/2026\/03\/17\/marisa-liz-emociona-se-com-18-o-aniversario-da-filha-e-partilha-fotos-ineditas\/#article\",\"isPartOf\":{\"@id\":\"https:\/\/portaltela.pt\/noticias\/2026\/03\/17\/marisa-liz-emociona-se-com-18-o-aniversario-da-filha-e-partilha-fotos-ineditas\/\"},\"author\":{\"name\":\"Telinha\",\"@id\":\"https:\/\/portaltela.pt\/#\/schema\/person\/c4278d4a6028830caff9ee44b42d32ed\"},\"headline\":\"Marisa Liz emociona-se com 18.\u00ba anivers\u00e1rio da filha e partilha fotos in\u00e9ditas\",\"datePublished\":\"2026-03-17T12:01:00+00:00\",\"mainEntityOfPage\":{\"@id\":\"https:\/\/portaltela.pt\/noticias\/2026\/03\/17\/marisa-liz-emociona-se-com-18-o-aniversario-da-filha-e-partilha-fotos-ineditas\/\"},\"wordCount\":137,\"image\":{\"@id\":\"https:\/\/portaltela.pt\/noticias\/2026\/03\/17\/marisa-liz-emociona-se-com-18-o-aniversario-da-filha-e-partilha-fotos-ineditas\/#primaryimage\"},\"thumbnailUrl\":\"https:\/\/portaltela.pt\/s.01k8rhncp4jt1\/2026\/03\/img_1500x1000uu2023-03-13-11-25-11-2163278.jpg\",\"keywords\":[\"celebridades\",\"fam\u00edlia\",\"filhos\",\"pessoas p\u00fablicas\",\"redes sociais\",\"Vida Privada\"],\"articleSection\":[\"Celebridades\"],\"inLanguage\":\"pt-PT\"},{\"@type\":\"WebPage\",\"@id\":\"https:\/\/portaltela.pt\/noticias\/2026\/03\/17\/marisa-liz-emociona-se-com-18-o-aniversario-da-filha-e-partilha-fotos-ineditas\/\",\"url\":\"https:\/\/portaltela.pt\/noticias\/2026\/03\/17\/marisa-liz-emociona-se-com-18-o-aniversario-da-filha-e-partilha-fotos-ineditas\/\",\"name\":\"Marisa Liz emociona-se com 18.\u00ba anivers\u00e1rio da filha e partilha fotos in\u00e9ditas - Portal Tela Portugal\",\"isPartOf\":{\"@id\":\"https:\/\/portaltela.pt\/#website\"},\"primaryImageOfPage\":{\"@id\":\"https:\/\/portaltela.pt\/noticias\/2026\/03\/17\/marisa-liz-emociona-se-com-18-o-aniversario-da-filha-e-partilha-fotos-ineditas\/#primaryimage\"},\"image\":{\"@id\":\"https:\/\/portaltela.pt\/noticias\/2026\/03\/17\/marisa-liz-emociona-se-com-18-o-aniversario-da-filha-e-partilha-fotos-ineditas\/#primaryimage\"},\"thumbnailUrl\":\"https:\/\/portaltela.pt\/s.01k8rhncp4jt1\/2026\/03\/img_1500x1000uu2023-03-13-11-25-11-2163278.jpg\",\"datePublished\":\"2026-03-17T12:01:00+00:00\",\"author\":{\"@id\":\"https:\/\/portaltela.pt\/#\/schema\/person\/c4278d4a6028830caff9ee44b42d32ed\"},\"breadcrumb\":{\"@id\":\"https:\/\/portaltela.pt\/noticias\/2026\/03\/17\/marisa-liz-emociona-se-com-18-o-aniversario-da-filha-e-partilha-fotos-ineditas\/#breadcrumb\"},\"inLanguage\":\"pt-PT\",\"potentialAction\":[{\"@type\":\"ReadAction\",\"target\":[\"https:\/\/portaltela.pt\/noticias\/2026\/03\/17\/marisa-liz-emociona-se-com-18-o-aniversario-da-filha-e-partilha-fotos-ineditas\/\"]}]},{\"@type\":\"ImageObject\",\"inLanguage\":\"pt-PT\",\"@id\":\"https:\/\/portaltela.pt\/noticias\/2026\/03\/17\/marisa-liz-emociona-se-com-18-o-aniversario-da-filha-e-partilha-fotos-ineditas\/#primaryimage\",\"url\":\"https:\/\/portaltela.pt\/s.01k8rhncp4jt1\/2026\/03\/img_1500x1000uu2023-03-13-11-25-11-2163278.jpg\",\"contentUrl\":\"https:\/\/portaltela.pt\/s.01k8rhncp4jt1\/2026\/03\/img_1500x1000uu2023-03-13-11-25-11-2163278.jpg\",\"width\":796,\"height\":448,\"caption\":\"Marisa Liz\"},{\"@type\":\"BreadcrumbList\",\"@id\":\"https:\/\/portaltela.pt\/noticias\/2026\/03\/17\/marisa-liz-emociona-se-com-18-o-aniversario-da-filha-e-partilha-fotos-ineditas\/#breadcrumb\",\"itemListElement\":[{\"@type\":\"ListItem\",\"position\":1,\"name\":\"In\u00edcio\",\"item\":\"https:\/\/portaltela.pt\/\"},{\"@type\":\"ListItem\",\"position\":2,\"name\":\"Marisa Liz emociona-se com 18.\u00ba anivers\u00e1rio da filha e partilha fotos in\u00e9ditas\"}]},{\"@type\":\"WebSite\",\"@id\":\"https:\/\/portaltela.pt\/#website\",\"url\":\"https:\/\/portaltela.pt\/\",\"name\":\"Portal Tela Portugal\",\"description\":\"\",\"potentialAction\":[{\"@type\":\"SearchAction\",\"target\":{\"@type\":\"EntryPoint\",\"urlTemplate\":\"https:\/\/portaltela.pt\/?s={search_term_string}\"},\"query-input\":{\"@type\":\"PropertyValueSpecification\",\"valueRequired\":true,\"valueName\":\"search_term_string\"}}],\"inLanguage\":\"pt-PT\"},{\"@type\":\"Person\",\"@id\":\"https:\/\/portaltela.pt\/#\/schema\/person\/c4278d4a6028830caff9ee44b42d32ed\",\"name\":\"Telinha\",\"image\":{\"@type\":\"ImageObject\",\"inLanguage\":\"pt-PT\",\"@id\":\"https:\/\/portaltela.pt\/s.01k8rhncp4jt1\/2025\/11\/talking-bot-125x125.png\",\"url\":\"https:\/\/portaltela.pt\/s.01k8rhncp4jt1\/2025\/11\/talking-bot-125x125.png\",\"contentUrl\":\"https:\/\/portaltela.pt\/s.01k8rhncp4jt1\/2025\/11\/talking-bot-125x125.png\",\"caption\":\"Telinha\"},\"sameAs\":[\"https:\/\/portaltela.pt\/\"],\"url\":\"https:\/\/portaltela.pt\/por\/367410592786\/\"}]}<\/script>\n<!-- \/ Yoast SEO plugin. -->","yoast_head_json":{"title":"Marisa Liz emociona-se com 18.\u00ba anivers\u00e1rio da filha e partilha fotos in\u00e9ditas - Portal Tela Portugal","robots":{"index":"index","follow":"follow","max-snippet":"max-snippet:-1","max-image-preview":"max-image-preview:large","max-video-preview":"max-video-preview:-1"},"og_locale":"pt_PT","og_type":"article","og_title":"Marisa Liz emociona-se com 18.\u00ba anivers\u00e1rio da filha e partilha fotos in\u00e9ditas - Portal Tela Portugal","og_description":"Marisa Liz celebra, na segunda-feira, 16 de mar\u00e7o, os 18 anos da filha Beatriz. A cantora revelou a data publicamente nas redes sociais, partilhando fotografias in\u00e9ditas. No Instagram, Marisa Liz escreveu uma mensagem emotiva dedicando-se \u00e0 filha. Beatriz \u00e9 fruto da antiga rela\u00e7\u00e3o da cantora com o m\u00fasico Tiago Pais Dias. Marisa Liz \u00e9 ainda m\u00e3e de Jo\u00e3o Tiago, de 11 anos.","og_url":"https:\/\/portaltela.pt\/noticias\/2026\/03\/17\/marisa-liz-emociona-se-com-18-o-aniversario-da-filha-e-partilha-fotos-ineditas\/","og_site_name":"Portal Tela Portugal","article_published_time":"2026-03-17T12:01:00+00:00","author":"Telinha","twitter_card":"summary_large_image","twitter_misc":{"Escrito por":"Telinha","Tempo estimado de leitura":"1 minuto"},"schema":{"@context":"https:\/\/schema.org","@graph":[{"@type":"Article","@id":"https:\/\/portaltela.pt\/noticias\/2026\/03\/17\/marisa-liz-emociona-se-com-18-o-aniversario-da-filha-e-partilha-fotos-ineditas\/#article","isPartOf":{"@id":"https:\/\/portaltela.pt\/noticias\/2026\/03\/17\/marisa-liz-emociona-se-com-18-o-aniversario-da-filha-e-partilha-fotos-ineditas\/"},"author":{"name":"Telinha","@id":"https:\/\/portaltela.pt\/#\/schema\/person\/c4278d4a6028830caff9ee44b42d32ed"},"headline":"Marisa Liz emociona-se com 18.\u00ba anivers\u00e1rio da filha e partilha fotos in\u00e9ditas","datePublished":"2026-03-17T12:01:00+00:00","mainEntityOfPage":{"@id":"https:\/\/portaltela.pt\/noticias\/2026\/03\/17\/marisa-liz-emociona-se-com-18-o-aniversario-da-filha-e-partilha-fotos-ineditas\/"},"wordCount":137,"image":{"@id":"https:\/\/portaltela.pt\/noticias\/2026\/03\/17\/marisa-liz-emociona-se-com-18-o-aniversario-da-filha-e-partilha-fotos-ineditas\/#primaryimage"},"thumbnailUrl":"https:\/\/portaltela.pt\/s.01k8rhncp4jt1\/2026\/03\/img_1500x1000uu2023-03-13-11-25-11-2163278.jpg","keywords":["celebridades","fam\u00edlia","filhos","pessoas p\u00fablicas","redes sociais","Vida Privada"],"articleSection":["Celebridades"],"inLanguage":"pt-PT"},{"@type":"WebPage","@id":"https:\/\/portaltela.pt\/noticias\/2026\/03\/17\/marisa-liz-emociona-se-com-18-o-aniversario-da-filha-e-partilha-fotos-ineditas\/","url":"https:\/\/portaltela.pt\/noticias\/2026\/03\/17\/marisa-liz-emociona-se-com-18-o-aniversario-da-filha-e-partilha-fotos-ineditas\/","name":"Marisa Liz emociona-se com 18.\u00ba anivers\u00e1rio da filha e partilha fotos in\u00e9ditas - Portal Tela Portugal","isPartOf":{"@id":"https:\/\/portaltela.pt\/#website"},"primaryImageOfPage":{"@id":"https:\/\/portaltela.pt\/noticias\/2026\/03\/17\/marisa-liz-emociona-se-com-18-o-aniversario-da-filha-e-partilha-fotos-ineditas\/#primaryimage"},"image":{"@id":"https:\/\/portaltela.pt\/noticias\/2026\/03\/17\/marisa-liz-emociona-se-com-18-o-aniversario-da-filha-e-partilha-fotos-ineditas\/#primaryimage"},"thumbnailUrl":"https:\/\/portaltela.pt\/s.01k8rhncp4jt1\/2026\/03\/img_1500x1000uu2023-03-13-11-25-11-2163278.jpg","datePublished":"2026-03-17T12:01:00+00:00","author":{"@id":"https:\/\/portaltela.pt\/#\/schema\/person\/c4278d4a6028830caff9ee44b42d32ed"},"breadcrumb":{"@id":"https:\/\/portaltela.pt\/noticias\/2026\/03\/17\/marisa-liz-emociona-se-com-18-o-aniversario-da-filha-e-partilha-fotos-ineditas\/#breadcrumb"},"inLanguage":"pt-PT","potentialAction":[{"@type":"ReadAction","target":["https:\/\/portaltela.pt\/noticias\/2026\/03\/17\/marisa-liz-emociona-se-com-18-o-aniversario-da-filha-e-partilha-fotos-ineditas\/"]}]},{"@type":"ImageObject","inLanguage":"pt-PT","@id":"https:\/\/portaltela.pt\/noticias\/2026\/03\/17\/marisa-liz-emociona-se-com-18-o-aniversario-da-filha-e-partilha-fotos-ineditas\/#primaryimage","url":"https:\/\/portaltela.pt\/s.01k8rhncp4jt1\/2026\/03\/img_1500x1000uu2023-03-13-11-25-11-2163278.jpg","contentUrl":"https:\/\/portaltela.pt\/s.01k8rhncp4jt1\/2026\/03\/img_1500x1000uu2023-03-13-11-25-11-2163278.jpg","width":796,"height":448,"caption":"Marisa Liz"},{"@type":"BreadcrumbList","@id":"https:\/\/portaltela.pt\/noticias\/2026\/03\/17\/marisa-liz-emociona-se-com-18-o-aniversario-da-filha-e-partilha-fotos-ineditas\/#breadcrumb","itemListElement":[{"@type":"ListItem","position":1,"name":"In\u00edcio","item":"https:\/\/portaltela.pt\/"},{"@type":"ListItem","position":2,"name":"Marisa Liz emociona-se com 18.\u00ba anivers\u00e1rio da filha e partilha fotos in\u00e9ditas"}]},{"@type":"WebSite","@id":"https:\/\/portaltela.pt\/#website","url":"https:\/\/portaltela.pt\/","name":"Portal Tela Portugal","description":"","potentialAction":[{"@type":"SearchAction","target":{"@type":"EntryPoint","urlTemplate":"https:\/\/portaltela.pt\/?s={search_term_string}"},"query-input":{"@type":"PropertyValueSpecification","valueRequired":true,"valueName":"search_term_string"}}],"inLanguage":"pt-PT"},{"@type":"Person","@id":"https:\/\/portaltela.pt\/#\/schema\/person\/c4278d4a6028830caff9ee44b42d32ed","name":"Telinha","image":{"@type":"ImageObject","inLanguage":"pt-PT","@id":"https:\/\/portaltela.pt\/s.01k8rhncp4jt1\/2025\/11\/talking-bot-125x125.png","url":"https:\/\/portaltela.pt\/s.01k8rhncp4jt1\/2025\/11\/talking-bot-125x125.png","contentUrl":"https:\/\/portaltela.pt\/s.01k8rhncp4jt1\/2025\/11\/talking-bot-125x125.png","caption":"Telinha"},"sameAs":["https:\/\/portaltela.pt\/"],"url":"https:\/\/portaltela.pt\/por\/367410592786\/"}]}},"_links":{"self":[{"href":"https:\/\/portaltela.pt\/api\/wp\/v2\/posts\/413123","targetHints":{"allow":["GET"]}}],"collection":[{"href":"https:\/\/portaltela.pt\/api\/wp\/v2\/posts"}],"about":[{"href":"https:\/\/portaltela.pt\/api\/wp\/v2\/types\/post"}],"author":[{"embeddable":true,"href":"https:\/\/portaltela.pt\/api\/wp\/v2\/users\/2"}],"replies":[{"embeddable":true,"href":"https:\/\/portaltela.pt\/api\/wp\/v2\/comments?post=413123"}],"version-history":[{"count":0,"href":"https:\/\/portaltela.pt\/api\/wp\/v2\/posts\/413123\/revisions"}],"wp:featuredmedia":[{"embeddable":true,"href":"https:\/\/portaltela.pt\/api\/wp\/v2\/media\/413125"}],"wp:attachment":[{"href":"https:\/\/portaltela.pt\/api\/wp\/v2\/media?parent=413123"}],"wp:term":[{"taxonomy":"category","embeddable":true,"href":"https:\/\/portaltela.pt\/api\/wp\/v2\/categories?post=413123"},{"taxonomy":"post_tag","embeddable":true,"href":"https:\/\/portaltela.pt\/api\/wp\/v2\/tags?post=413123"}],"curies":[{"name":"wp","href":"https:\/\/api.w.org\/{rel}","templated":true}]}}