{"id":413101,"date":"2026-03-17T08:33:00","date_gmt":"2026-03-17T11:33:00","guid":{"rendered":"https:\/\/portaltela.pt\/noticias\/2026\/03\/17\/hugo-danin-em-dialogos-de-jazz-100-improvisados\/"},"modified":"2026-03-17T08:33:00","modified_gmt":"2026-03-17T11:33:00","slug":"hugo-danin-em-dialogos-de-jazz-100-improvisados","status":"publish","type":"post","link":"https:\/\/portaltela.pt\/musica\/2026\/03\/17\/hugo-danin-em-dialogos-de-jazz-100-improvisados\/","title":{"rendered":"Hugo Danin em di\u00e1logos de jazz 100% improvisados"},"content":{"rendered":"<p>Hugo Danin, baterista Portuense, lan\u00e7ou o \u00e1lbum Sonologues, resultante de improvisa\u00e7\u00f5es 100% livres com nomes da linha da frente do jazz nacional. O projeto re\u00fane m\u00fasicos que participaram sem gui\u00e3o pr\u00e9vio em est\u00fadio.<\/p>\n<p>Danin partiu para o registro sem indicar aos convidados o que iria acontecer, privilegiando o improviso. O processo envolveu cada instrumentista de forma individual, mantendo a premissa de cria\u00e7\u00e3o imediata.<\/p>\n<p>Sonologues foi editado no final do ano passado pela Now Jazz Agora, marcando o regresso do m\u00fasico \u00e0s ra\u00edzes do jazz. O disco destaca o ambiente de est\u00fadio e a intera\u00e7\u00e3o entre artistas de topo do circuito nacional.<\/p>\n<p>O_porto-based Danin convidou seis nomes da frente do jazz nacional para se juntarem a ele em est\u00fadio. O resultado exibe uma vis\u00e3o coletiva do improviso, sem partitura, com foco na fluidez criativa entre os m\u00fasicos.<\/p>\n","protected":false},"excerpt":{"rendered":"<ul>\n<li>Hugo Danin, baterista do Porto, lan\u00e7ou o disco a solo Sonologues, editado pela Now Jazz Agora no final do ano passado.<\/li>\n<li>O projeto resulta de improvisa\u00e7\u00f5es 100% livres com nomes da linha da frente do jazz nacional, sem gui\u00f5es em est\u00fadio.<\/li>\n<li>Danin olhou para si, reorientou-se e criou a partir do zero, contando apenas com a colabora\u00e7\u00e3o de outros instrumentistas.<\/li>\n<li>O \u00e1lbum re\u00fane seis m\u00fasicos de topo do circuito nacional de jazz.<\/li>\n<li>Sonologues marca o regresso do artista \u00e0s ra\u00edzes jazz, ap\u00f3s uma intensa atividade em projetos de pop\u2011rock e colabora\u00e7\u00f5es diversas.<\/li>\n<\/ul>\n","protected":false},"author":2,"featured_media":413111,"comment_status":"closed","ping_status":"closed","sticky":false,"template":"","format":"standard","meta":{"footnotes":""},"categories":[6676],"tags":[593,122,3039,4363,982,1014],"class_list":["post-413101","post","type-post","status-publish","format-standard","has-post-thumbnail","hentry","category-musica","tag-concertos","tag-musica","tag-musica-teatro-concertos","tag-musicos","tag-porto","tag-portugal"],"yoast_head":"<!-- This site is optimized with the Yoast SEO plugin v27.2 - https:\/\/yoast.com\/product\/yoast-seo-wordpress\/ -->\n<title>Hugo Danin em di\u00e1logos de jazz 100% improvisados - Portal Tela Portugal<\/title>\n<meta name=\"robots\" content=\"index, follow, max-snippet:-1, max-image-preview:large, max-video-preview:-1\" \/>\n<meta property=\"og:locale\" content=\"pt_PT\" \/>\n<meta property=\"og:type\" content=\"article\" \/>\n<meta property=\"og:title\" content=\"Hugo Danin em di\u00e1logos de jazz 100% improvisados - Portal Tela Portugal\" \/>\n<meta property=\"og:description\" content=\"Hugo Danin, baterista do Porto, lan\u00e7ou o disco a solo Sonologues, editado pela Now Jazz Agora no final do ano passado. O projeto resulta de improvisa\u00e7\u00f5es 100% livres com nomes da linha da frente do jazz nacional, sem gui\u00f5es em est\u00fadio. Danin olhou para si, reorientou-se e criou a partir do zero, contando apenas com a colabora\u00e7\u00e3o de outros instrumentistas. O \u00e1lbum re\u00fane seis m\u00fasicos de topo do circuito nacional de jazz. Sonologues marca o regresso do artista \u00e0s ra\u00edzes jazz, ap\u00f3s uma intensa atividade em projetos de pop\u2011rock e colabora\u00e7\u00f5es diversas.\" \/>\n<meta property=\"og:url\" content=\"https:\/\/portaltela.pt\/noticias\/2026\/03\/17\/hugo-danin-em-dialogos-de-jazz-100-improvisados\/\" \/>\n<meta property=\"og:site_name\" content=\"Portal Tela Portugal\" \/>\n<meta property=\"article:published_time\" content=\"2026-03-17T11:33:00+00:00\" \/>\n<meta name=\"author\" content=\"Telinha\" \/>\n<meta name=\"twitter:card\" content=\"summary_large_image\" \/>\n<meta name=\"twitter:label1\" content=\"Escrito por\" \/>\n\t<meta name=\"twitter:data1\" content=\"Telinha\" \/>\n\t<meta name=\"twitter:label2\" content=\"Tempo estimado de leitura\" \/>\n\t<meta name=\"twitter:data2\" content=\"1 minuto\" \/>\n<script type=\"application\/ld+json\" class=\"yoast-schema-graph\">{\"@context\":\"https:\/\/schema.org\",\"@graph\":[{\"@type\":\"Article\",\"@id\":\"https:\/\/portaltela.pt\/noticias\/2026\/03\/17\/hugo-danin-em-dialogos-de-jazz-100-improvisados\/#article\",\"isPartOf\":{\"@id\":\"https:\/\/portaltela.pt\/noticias\/2026\/03\/17\/hugo-danin-em-dialogos-de-jazz-100-improvisados\/\"},\"author\":{\"name\":\"Telinha\",\"@id\":\"https:\/\/portaltela.pt\/#\/schema\/person\/c4278d4a6028830caff9ee44b42d32ed\"},\"headline\":\"Hugo Danin em di\u00e1logos de jazz 100% improvisados\",\"datePublished\":\"2026-03-17T11:33:00+00:00\",\"mainEntityOfPage\":{\"@id\":\"https:\/\/portaltela.pt\/noticias\/2026\/03\/17\/hugo-danin-em-dialogos-de-jazz-100-improvisados\/\"},\"wordCount\":159,\"image\":{\"@id\":\"https:\/\/portaltela.pt\/noticias\/2026\/03\/17\/hugo-danin-em-dialogos-de-jazz-100-improvisados\/#primaryimage\"},\"thumbnailUrl\":\"https:\/\/portaltela.pt\/s.01k8rhncp4jt1\/2026\/03\/2073050.jpg\",\"keywords\":[\"concertos\",\"m\u00fasica\",\"m\u00fasica\/teatro\/concertos\",\"m\u00fasicos\",\"Porto\",\"Portugal\"],\"articleSection\":[\"M\u00fasica\"],\"inLanguage\":\"pt-PT\"},{\"@type\":\"WebPage\",\"@id\":\"https:\/\/portaltela.pt\/noticias\/2026\/03\/17\/hugo-danin-em-dialogos-de-jazz-100-improvisados\/\",\"url\":\"https:\/\/portaltela.pt\/noticias\/2026\/03\/17\/hugo-danin-em-dialogos-de-jazz-100-improvisados\/\",\"name\":\"Hugo Danin em di\u00e1logos de jazz 100% improvisados - Portal Tela Portugal\",\"isPartOf\":{\"@id\":\"https:\/\/portaltela.pt\/#website\"},\"primaryImageOfPage\":{\"@id\":\"https:\/\/portaltela.pt\/noticias\/2026\/03\/17\/hugo-danin-em-dialogos-de-jazz-100-improvisados\/#primaryimage\"},\"image\":{\"@id\":\"https:\/\/portaltela.pt\/noticias\/2026\/03\/17\/hugo-danin-em-dialogos-de-jazz-100-improvisados\/#primaryimage\"},\"thumbnailUrl\":\"https:\/\/portaltela.pt\/s.01k8rhncp4jt1\/2026\/03\/2073050.jpg\",\"datePublished\":\"2026-03-17T11:33:00+00:00\",\"author\":{\"@id\":\"https:\/\/portaltela.pt\/#\/schema\/person\/c4278d4a6028830caff9ee44b42d32ed\"},\"breadcrumb\":{\"@id\":\"https:\/\/portaltela.pt\/noticias\/2026\/03\/17\/hugo-danin-em-dialogos-de-jazz-100-improvisados\/#breadcrumb\"},\"inLanguage\":\"pt-PT\",\"potentialAction\":[{\"@type\":\"ReadAction\",\"target\":[\"https:\/\/portaltela.pt\/noticias\/2026\/03\/17\/hugo-danin-em-dialogos-de-jazz-100-improvisados\/\"]}]},{\"@type\":\"ImageObject\",\"inLanguage\":\"pt-PT\",\"@id\":\"https:\/\/portaltela.pt\/noticias\/2026\/03\/17\/hugo-danin-em-dialogos-de-jazz-100-improvisados\/#primaryimage\",\"url\":\"https:\/\/portaltela.pt\/s.01k8rhncp4jt1\/2026\/03\/2073050.jpg\",\"contentUrl\":\"https:\/\/portaltela.pt\/s.01k8rhncp4jt1\/2026\/03\/2073050.jpg\",\"width\":796,\"height\":448,\"caption\":\"Sonologues, \u00e1lbum a solo do baterista Hugo Danin, foi editado pela Now Jazz Agora\"},{\"@type\":\"BreadcrumbList\",\"@id\":\"https:\/\/portaltela.pt\/noticias\/2026\/03\/17\/hugo-danin-em-dialogos-de-jazz-100-improvisados\/#breadcrumb\",\"itemListElement\":[{\"@type\":\"ListItem\",\"position\":1,\"name\":\"In\u00edcio\",\"item\":\"https:\/\/portaltela.pt\/\"},{\"@type\":\"ListItem\",\"position\":2,\"name\":\"Hugo Danin em di\u00e1logos de jazz 100% improvisados\"}]},{\"@type\":\"WebSite\",\"@id\":\"https:\/\/portaltela.pt\/#website\",\"url\":\"https:\/\/portaltela.pt\/\",\"name\":\"Portal Tela Portugal\",\"description\":\"\",\"potentialAction\":[{\"@type\":\"SearchAction\",\"target\":{\"@type\":\"EntryPoint\",\"urlTemplate\":\"https:\/\/portaltela.pt\/?s={search_term_string}\"},\"query-input\":{\"@type\":\"PropertyValueSpecification\",\"valueRequired\":true,\"valueName\":\"search_term_string\"}}],\"inLanguage\":\"pt-PT\"},{\"@type\":\"Person\",\"@id\":\"https:\/\/portaltela.pt\/#\/schema\/person\/c4278d4a6028830caff9ee44b42d32ed\",\"name\":\"Telinha\",\"image\":{\"@type\":\"ImageObject\",\"inLanguage\":\"pt-PT\",\"@id\":\"https:\/\/portaltela.pt\/s.01k8rhncp4jt1\/2025\/11\/talking-bot-125x125.png\",\"url\":\"https:\/\/portaltela.pt\/s.01k8rhncp4jt1\/2025\/11\/talking-bot-125x125.png\",\"contentUrl\":\"https:\/\/portaltela.pt\/s.01k8rhncp4jt1\/2025\/11\/talking-bot-125x125.png\",\"caption\":\"Telinha\"},\"sameAs\":[\"https:\/\/portaltela.pt\/\"],\"url\":\"https:\/\/portaltela.pt\/por\/367410592786\/\"}]}<\/script>\n<!-- \/ Yoast SEO plugin. -->","yoast_head_json":{"title":"Hugo Danin em di\u00e1logos de jazz 100% improvisados - Portal Tela Portugal","robots":{"index":"index","follow":"follow","max-snippet":"max-snippet:-1","max-image-preview":"max-image-preview:large","max-video-preview":"max-video-preview:-1"},"og_locale":"pt_PT","og_type":"article","og_title":"Hugo Danin em di\u00e1logos de jazz 100% improvisados - Portal Tela Portugal","og_description":"Hugo Danin, baterista do Porto, lan\u00e7ou o disco a solo Sonologues, editado pela Now Jazz Agora no final do ano passado. O projeto resulta de improvisa\u00e7\u00f5es 100% livres com nomes da linha da frente do jazz nacional, sem gui\u00f5es em est\u00fadio. Danin olhou para si, reorientou-se e criou a partir do zero, contando apenas com a colabora\u00e7\u00e3o de outros instrumentistas. O \u00e1lbum re\u00fane seis m\u00fasicos de topo do circuito nacional de jazz. Sonologues marca o regresso do artista \u00e0s ra\u00edzes jazz, ap\u00f3s uma intensa atividade em projetos de pop\u2011rock e colabora\u00e7\u00f5es diversas.","og_url":"https:\/\/portaltela.pt\/noticias\/2026\/03\/17\/hugo-danin-em-dialogos-de-jazz-100-improvisados\/","og_site_name":"Portal Tela Portugal","article_published_time":"2026-03-17T11:33:00+00:00","author":"Telinha","twitter_card":"summary_large_image","twitter_misc":{"Escrito por":"Telinha","Tempo estimado de leitura":"1 minuto"},"schema":{"@context":"https:\/\/schema.org","@graph":[{"@type":"Article","@id":"https:\/\/portaltela.pt\/noticias\/2026\/03\/17\/hugo-danin-em-dialogos-de-jazz-100-improvisados\/#article","isPartOf":{"@id":"https:\/\/portaltela.pt\/noticias\/2026\/03\/17\/hugo-danin-em-dialogos-de-jazz-100-improvisados\/"},"author":{"name":"Telinha","@id":"https:\/\/portaltela.pt\/#\/schema\/person\/c4278d4a6028830caff9ee44b42d32ed"},"headline":"Hugo Danin em di\u00e1logos de jazz 100% improvisados","datePublished":"2026-03-17T11:33:00+00:00","mainEntityOfPage":{"@id":"https:\/\/portaltela.pt\/noticias\/2026\/03\/17\/hugo-danin-em-dialogos-de-jazz-100-improvisados\/"},"wordCount":159,"image":{"@id":"https:\/\/portaltela.pt\/noticias\/2026\/03\/17\/hugo-danin-em-dialogos-de-jazz-100-improvisados\/#primaryimage"},"thumbnailUrl":"https:\/\/portaltela.pt\/s.01k8rhncp4jt1\/2026\/03\/2073050.jpg","keywords":["concertos","m\u00fasica","m\u00fasica\/teatro\/concertos","m\u00fasicos","Porto","Portugal"],"articleSection":["M\u00fasica"],"inLanguage":"pt-PT"},{"@type":"WebPage","@id":"https:\/\/portaltela.pt\/noticias\/2026\/03\/17\/hugo-danin-em-dialogos-de-jazz-100-improvisados\/","url":"https:\/\/portaltela.pt\/noticias\/2026\/03\/17\/hugo-danin-em-dialogos-de-jazz-100-improvisados\/","name":"Hugo Danin em di\u00e1logos de jazz 100% improvisados - Portal Tela Portugal","isPartOf":{"@id":"https:\/\/portaltela.pt\/#website"},"primaryImageOfPage":{"@id":"https:\/\/portaltela.pt\/noticias\/2026\/03\/17\/hugo-danin-em-dialogos-de-jazz-100-improvisados\/#primaryimage"},"image":{"@id":"https:\/\/portaltela.pt\/noticias\/2026\/03\/17\/hugo-danin-em-dialogos-de-jazz-100-improvisados\/#primaryimage"},"thumbnailUrl":"https:\/\/portaltela.pt\/s.01k8rhncp4jt1\/2026\/03\/2073050.jpg","datePublished":"2026-03-17T11:33:00+00:00","author":{"@id":"https:\/\/portaltela.pt\/#\/schema\/person\/c4278d4a6028830caff9ee44b42d32ed"},"breadcrumb":{"@id":"https:\/\/portaltela.pt\/noticias\/2026\/03\/17\/hugo-danin-em-dialogos-de-jazz-100-improvisados\/#breadcrumb"},"inLanguage":"pt-PT","potentialAction":[{"@type":"ReadAction","target":["https:\/\/portaltela.pt\/noticias\/2026\/03\/17\/hugo-danin-em-dialogos-de-jazz-100-improvisados\/"]}]},{"@type":"ImageObject","inLanguage":"pt-PT","@id":"https:\/\/portaltela.pt\/noticias\/2026\/03\/17\/hugo-danin-em-dialogos-de-jazz-100-improvisados\/#primaryimage","url":"https:\/\/portaltela.pt\/s.01k8rhncp4jt1\/2026\/03\/2073050.jpg","contentUrl":"https:\/\/portaltela.pt\/s.01k8rhncp4jt1\/2026\/03\/2073050.jpg","width":796,"height":448,"caption":"Sonologues, \u00e1lbum a solo do baterista Hugo Danin, foi editado pela Now Jazz Agora"},{"@type":"BreadcrumbList","@id":"https:\/\/portaltela.pt\/noticias\/2026\/03\/17\/hugo-danin-em-dialogos-de-jazz-100-improvisados\/#breadcrumb","itemListElement":[{"@type":"ListItem","position":1,"name":"In\u00edcio","item":"https:\/\/portaltela.pt\/"},{"@type":"ListItem","position":2,"name":"Hugo Danin em di\u00e1logos de jazz 100% improvisados"}]},{"@type":"WebSite","@id":"https:\/\/portaltela.pt\/#website","url":"https:\/\/portaltela.pt\/","name":"Portal Tela Portugal","description":"","potentialAction":[{"@type":"SearchAction","target":{"@type":"EntryPoint","urlTemplate":"https:\/\/portaltela.pt\/?s={search_term_string}"},"query-input":{"@type":"PropertyValueSpecification","valueRequired":true,"valueName":"search_term_string"}}],"inLanguage":"pt-PT"},{"@type":"Person","@id":"https:\/\/portaltela.pt\/#\/schema\/person\/c4278d4a6028830caff9ee44b42d32ed","name":"Telinha","image":{"@type":"ImageObject","inLanguage":"pt-PT","@id":"https:\/\/portaltela.pt\/s.01k8rhncp4jt1\/2025\/11\/talking-bot-125x125.png","url":"https:\/\/portaltela.pt\/s.01k8rhncp4jt1\/2025\/11\/talking-bot-125x125.png","contentUrl":"https:\/\/portaltela.pt\/s.01k8rhncp4jt1\/2025\/11\/talking-bot-125x125.png","caption":"Telinha"},"sameAs":["https:\/\/portaltela.pt\/"],"url":"https:\/\/portaltela.pt\/por\/367410592786\/"}]}},"_links":{"self":[{"href":"https:\/\/portaltela.pt\/api\/wp\/v2\/posts\/413101","targetHints":{"allow":["GET"]}}],"collection":[{"href":"https:\/\/portaltela.pt\/api\/wp\/v2\/posts"}],"about":[{"href":"https:\/\/portaltela.pt\/api\/wp\/v2\/types\/post"}],"author":[{"embeddable":true,"href":"https:\/\/portaltela.pt\/api\/wp\/v2\/users\/2"}],"replies":[{"embeddable":true,"href":"https:\/\/portaltela.pt\/api\/wp\/v2\/comments?post=413101"}],"version-history":[{"count":0,"href":"https:\/\/portaltela.pt\/api\/wp\/v2\/posts\/413101\/revisions"}],"wp:featuredmedia":[{"embeddable":true,"href":"https:\/\/portaltela.pt\/api\/wp\/v2\/media\/413111"}],"wp:attachment":[{"href":"https:\/\/portaltela.pt\/api\/wp\/v2\/media?parent=413101"}],"wp:term":[{"taxonomy":"category","embeddable":true,"href":"https:\/\/portaltela.pt\/api\/wp\/v2\/categories?post=413101"},{"taxonomy":"post_tag","embeddable":true,"href":"https:\/\/portaltela.pt\/api\/wp\/v2\/tags?post=413101"}],"curies":[{"name":"wp","href":"https:\/\/api.w.org\/{rel}","templated":true}]}}