{"id":413083,"date":"2026-03-17T08:44:03","date_gmt":"2026-03-17T11:44:03","guid":{"rendered":"https:\/\/portaltela.pt\/noticias\/2026\/03\/17\/filigrana-estreia-pela-primeira-vez-na-modalisboa\/"},"modified":"2026-03-17T08:44:03","modified_gmt":"2026-03-17T11:44:03","slug":"filigrana-estreia-pela-primeira-vez-na-modalisboa","status":"publish","type":"post","link":"https:\/\/portaltela.pt\/noticias\/2026\/03\/17\/filigrana-estreia-pela-primeira-vez-na-modalisboa\/","title":{"rendered":"Filigrana estreia pela primeira vez na ModaLisboa"},"content":{"rendered":"<p>A filigrana portuguesa voltou a surpreender no universo da ModaLisboa. No P\u00e1tio da Gal\u00e9, no dia 13 de mar\u00e7o, Francisca Nabinho apresentou a cole\u00e7\u00e3o criada para a Joalharia do Carmo, que levou a tradi\u00e7\u00e3o a um patamar contempor\u00e2neo.<\/p>\n<p>A designer desfilou uma leitura leve e irreverente, com joias que revelam a t\u00e9cnica da Filigrana, uma arte antiga em ouro e prata trabalhada em fios fin\u00edssimos. O objetivo foi destacar a express\u00e3o criativa dentro de pe\u00e7as de adorno e de uso quotidiano.<\/p>\n<p>As pe\u00e7as foram criadas para al\u00e9m da joia tradicional, incluindo ganchos de cabelo, m\u00e1scaras, bandoletes, tiaras e malas. O desfile contou com a presen\u00e7a de figuras p\u00fablicas, como B\u00e1rbara Branco, Joana de Verona, Vera Moura e Sofia Barbosa.<\/p>\n<h3>A presen\u00e7a da tradi\u00e7\u00e3o na cena contempor\u00e2nea<\/h3>\n<p>Todas as joias foram executadas \u00e0 m\u00e3o por artes\u00e3os nacionais, preservando t\u00e9cnicas transgeracionais. A pe\u00e7a de Fili de Portugal Certificada refor\u00e7a a identidade da ourivesaria portuguesa.<\/p>\n<p>A rece\u00e7\u00e3o do p\u00fablico foi positiva, com plateia de centenas de pessoas a reagir com entusiasmo \u00e0 fus\u00e3o entre artesanato e linguagem criativa contempor\u00e2nea. A apresenta\u00e7\u00e3o marcou um momento disruptivo na edi\u00e7\u00e3o.<\/p>\n","protected":false},"excerpt":{"rendered":"<ul>\n<li>A Filigrana foi apresentada no P\u00e1tio da Gal\u00e9, a 13 de mar\u00e7o, na ModaLisboa, na cole\u00e7\u00e3o de Francisca Nabinho para a Joalharia do Carmo.<\/li>\n<li>A mostra integrou a t\u00e9cnica tradicional da filigrana no universo da moda contempor\u00e2nea, desafiando a sua utiliza\u00e7\u00e3o habitual.<\/li>\n<li>As joias destacaram-se por pe\u00e7as invulgares, pensadas como express\u00e3o criativa, incluindo ganchos de cabelo, m\u00e1scaras, bandoletes, tiaras e malas.<\/li>\n<li>V\u00e1rias figuras p\u00fablicas usaram as pe\u00e7as durante o desfile, entre elas B\u00e1rbara Branco, Joana de Verona, Vera Moura e Sofia Barbosa.<\/li>\n<li>Francisca Nabinho passa a colaborar regularmente com a Joalharia do Carmo, preservando a filigrana portuguesa certificada e abrindo novo espa\u00e7o para a joalharia tradicional nos palcos contempor\u00e2neos.<\/li>\n<\/ul>\n","protected":false},"author":2,"featured_media":413088,"comment_status":"closed","ping_status":"closed","sticky":false,"template":"","format":"standard","meta":{"footnotes":""},"categories":[1],"tags":[7310,70,222,145,814,1014],"class_list":["post-413083","post","type-post","status-publish","format-standard","has-post-thumbnail","hentry","category-noticias","tag-a-joalharia","tag-arte","tag-artesanato","tag-cultura","tag-patrimonio","tag-portugal"],"yoast_head":"<!-- This site is optimized with the Yoast SEO plugin v27.2 - https:\/\/yoast.com\/product\/yoast-seo-wordpress\/ -->\n<title>Filigrana estreia pela primeira vez na ModaLisboa - Portal Tela Portugal<\/title>\n<meta name=\"robots\" content=\"index, follow, max-snippet:-1, max-image-preview:large, max-video-preview:-1\" \/>\n<meta property=\"og:locale\" content=\"pt_PT\" \/>\n<meta property=\"og:type\" content=\"article\" \/>\n<meta property=\"og:title\" content=\"Filigrana estreia pela primeira vez na ModaLisboa - Portal Tela Portugal\" \/>\n<meta property=\"og:description\" content=\"A Filigrana foi apresentada no P\u00e1tio da Gal\u00e9, a 13 de mar\u00e7o, na ModaLisboa, na cole\u00e7\u00e3o de Francisca Nabinho para a Joalharia do Carmo. A mostra integrou a t\u00e9cnica tradicional da filigrana no universo da moda contempor\u00e2nea, desafiando a sua utiliza\u00e7\u00e3o habitual. As joias destacaram-se por pe\u00e7as invulgares, pensadas como express\u00e3o criativa, incluindo ganchos de cabelo, m\u00e1scaras, bandoletes, tiaras e malas. V\u00e1rias figuras p\u00fablicas usaram as pe\u00e7as durante o desfile, entre elas B\u00e1rbara Branco, Joana de Verona, Vera Moura e Sofia Barbosa. Francisca Nabinho passa a colaborar regularmente com a Joalharia do Carmo, preservando a filigrana portuguesa certificada e abrindo novo espa\u00e7o para a joalharia tradicional nos palcos contempor\u00e2neos.\" \/>\n<meta property=\"og:url\" content=\"https:\/\/portaltela.pt\/noticias\/2026\/03\/17\/filigrana-estreia-pela-primeira-vez-na-modalisboa\/\" \/>\n<meta property=\"og:site_name\" content=\"Portal Tela Portugal\" \/>\n<meta property=\"article:published_time\" content=\"2026-03-17T11:44:03+00:00\" \/>\n<meta name=\"author\" content=\"Telinha\" \/>\n<meta name=\"twitter:card\" content=\"summary_large_image\" \/>\n<meta name=\"twitter:label1\" content=\"Escrito por\" \/>\n\t<meta name=\"twitter:data1\" content=\"Telinha\" \/>\n\t<meta name=\"twitter:label2\" content=\"Tempo estimado de leitura\" \/>\n\t<meta name=\"twitter:data2\" content=\"1 minuto\" \/>\n<script type=\"application\/ld+json\" class=\"yoast-schema-graph\">{\"@context\":\"https:\/\/schema.org\",\"@graph\":[{\"@type\":\"Article\",\"@id\":\"https:\/\/portaltela.pt\/noticias\/2026\/03\/17\/filigrana-estreia-pela-primeira-vez-na-modalisboa\/#article\",\"isPartOf\":{\"@id\":\"https:\/\/portaltela.pt\/noticias\/2026\/03\/17\/filigrana-estreia-pela-primeira-vez-na-modalisboa\/\"},\"author\":{\"name\":\"Telinha\",\"@id\":\"https:\/\/portaltela.pt\/#\/schema\/person\/c4278d4a6028830caff9ee44b42d32ed\"},\"headline\":\"Filigrana estreia pela primeira vez na ModaLisboa\",\"datePublished\":\"2026-03-17T11:44:03+00:00\",\"mainEntityOfPage\":{\"@id\":\"https:\/\/portaltela.pt\/noticias\/2026\/03\/17\/filigrana-estreia-pela-primeira-vez-na-modalisboa\/\"},\"wordCount\":217,\"image\":{\"@id\":\"https:\/\/portaltela.pt\/noticias\/2026\/03\/17\/filigrana-estreia-pela-primeira-vez-na-modalisboa\/#primaryimage\"},\"thumbnailUrl\":\"https:\/\/portaltela.pt\/s.01k8rhncp4jt1\/2026\/03\/img_1280x721uu2026-03-17-11-42-59-2272946.jpg\",\"keywords\":[\"a joalharia\",\"arte\",\"artesanato\",\"cultura\",\"patrim\u00f3nio\",\"Portugal\"],\"articleSection\":[\"Not\u00edcias\"],\"inLanguage\":\"pt-PT\"},{\"@type\":\"WebPage\",\"@id\":\"https:\/\/portaltela.pt\/noticias\/2026\/03\/17\/filigrana-estreia-pela-primeira-vez-na-modalisboa\/\",\"url\":\"https:\/\/portaltela.pt\/noticias\/2026\/03\/17\/filigrana-estreia-pela-primeira-vez-na-modalisboa\/\",\"name\":\"Filigrana estreia pela primeira vez na ModaLisboa - Portal Tela Portugal\",\"isPartOf\":{\"@id\":\"https:\/\/portaltela.pt\/#website\"},\"primaryImageOfPage\":{\"@id\":\"https:\/\/portaltela.pt\/noticias\/2026\/03\/17\/filigrana-estreia-pela-primeira-vez-na-modalisboa\/#primaryimage\"},\"image\":{\"@id\":\"https:\/\/portaltela.pt\/noticias\/2026\/03\/17\/filigrana-estreia-pela-primeira-vez-na-modalisboa\/#primaryimage\"},\"thumbnailUrl\":\"https:\/\/portaltela.pt\/s.01k8rhncp4jt1\/2026\/03\/img_1280x721uu2026-03-17-11-42-59-2272946.jpg\",\"datePublished\":\"2026-03-17T11:44:03+00:00\",\"author\":{\"@id\":\"https:\/\/portaltela.pt\/#\/schema\/person\/c4278d4a6028830caff9ee44b42d32ed\"},\"breadcrumb\":{\"@id\":\"https:\/\/portaltela.pt\/noticias\/2026\/03\/17\/filigrana-estreia-pela-primeira-vez-na-modalisboa\/#breadcrumb\"},\"inLanguage\":\"pt-PT\",\"potentialAction\":[{\"@type\":\"ReadAction\",\"target\":[\"https:\/\/portaltela.pt\/noticias\/2026\/03\/17\/filigrana-estreia-pela-primeira-vez-na-modalisboa\/\"]}]},{\"@type\":\"ImageObject\",\"inLanguage\":\"pt-PT\",\"@id\":\"https:\/\/portaltela.pt\/noticias\/2026\/03\/17\/filigrana-estreia-pela-primeira-vez-na-modalisboa\/#primaryimage\",\"url\":\"https:\/\/portaltela.pt\/s.01k8rhncp4jt1\/2026\/03\/img_1280x721uu2026-03-17-11-42-59-2272946.jpg\",\"contentUrl\":\"https:\/\/portaltela.pt\/s.01k8rhncp4jt1\/2026\/03\/img_1280x721uu2026-03-17-11-42-59-2272946.jpg\",\"width\":796,\"height\":448,\"caption\":\"Artes\u00e3o cria pe\u00e7a de filigrana em forma de estrela com recurso a pin\u00e7as\"},{\"@type\":\"BreadcrumbList\",\"@id\":\"https:\/\/portaltela.pt\/noticias\/2026\/03\/17\/filigrana-estreia-pela-primeira-vez-na-modalisboa\/#breadcrumb\",\"itemListElement\":[{\"@type\":\"ListItem\",\"position\":1,\"name\":\"In\u00edcio\",\"item\":\"https:\/\/portaltela.pt\/\"},{\"@type\":\"ListItem\",\"position\":2,\"name\":\"Filigrana estreia pela primeira vez na ModaLisboa\"}]},{\"@type\":\"WebSite\",\"@id\":\"https:\/\/portaltela.pt\/#website\",\"url\":\"https:\/\/portaltela.pt\/\",\"name\":\"Portal Tela Portugal\",\"description\":\"\",\"potentialAction\":[{\"@type\":\"SearchAction\",\"target\":{\"@type\":\"EntryPoint\",\"urlTemplate\":\"https:\/\/portaltela.pt\/?s={search_term_string}\"},\"query-input\":{\"@type\":\"PropertyValueSpecification\",\"valueRequired\":true,\"valueName\":\"search_term_string\"}}],\"inLanguage\":\"pt-PT\"},{\"@type\":\"Person\",\"@id\":\"https:\/\/portaltela.pt\/#\/schema\/person\/c4278d4a6028830caff9ee44b42d32ed\",\"name\":\"Telinha\",\"image\":{\"@type\":\"ImageObject\",\"inLanguage\":\"pt-PT\",\"@id\":\"https:\/\/portaltela.pt\/s.01k8rhncp4jt1\/2025\/11\/talking-bot-125x125.png\",\"url\":\"https:\/\/portaltela.pt\/s.01k8rhncp4jt1\/2025\/11\/talking-bot-125x125.png\",\"contentUrl\":\"https:\/\/portaltela.pt\/s.01k8rhncp4jt1\/2025\/11\/talking-bot-125x125.png\",\"caption\":\"Telinha\"},\"sameAs\":[\"https:\/\/portaltela.pt\/\"],\"url\":\"https:\/\/portaltela.pt\/por\/367410592786\/\"}]}<\/script>\n<!-- \/ Yoast SEO plugin. -->","yoast_head_json":{"title":"Filigrana estreia pela primeira vez na ModaLisboa - Portal Tela Portugal","robots":{"index":"index","follow":"follow","max-snippet":"max-snippet:-1","max-image-preview":"max-image-preview:large","max-video-preview":"max-video-preview:-1"},"og_locale":"pt_PT","og_type":"article","og_title":"Filigrana estreia pela primeira vez na ModaLisboa - Portal Tela Portugal","og_description":"A Filigrana foi apresentada no P\u00e1tio da Gal\u00e9, a 13 de mar\u00e7o, na ModaLisboa, na cole\u00e7\u00e3o de Francisca Nabinho para a Joalharia do Carmo. A mostra integrou a t\u00e9cnica tradicional da filigrana no universo da moda contempor\u00e2nea, desafiando a sua utiliza\u00e7\u00e3o habitual. As joias destacaram-se por pe\u00e7as invulgares, pensadas como express\u00e3o criativa, incluindo ganchos de cabelo, m\u00e1scaras, bandoletes, tiaras e malas. V\u00e1rias figuras p\u00fablicas usaram as pe\u00e7as durante o desfile, entre elas B\u00e1rbara Branco, Joana de Verona, Vera Moura e Sofia Barbosa. Francisca Nabinho passa a colaborar regularmente com a Joalharia do Carmo, preservando a filigrana portuguesa certificada e abrindo novo espa\u00e7o para a joalharia tradicional nos palcos contempor\u00e2neos.","og_url":"https:\/\/portaltela.pt\/noticias\/2026\/03\/17\/filigrana-estreia-pela-primeira-vez-na-modalisboa\/","og_site_name":"Portal Tela Portugal","article_published_time":"2026-03-17T11:44:03+00:00","author":"Telinha","twitter_card":"summary_large_image","twitter_misc":{"Escrito por":"Telinha","Tempo estimado de leitura":"1 minuto"},"schema":{"@context":"https:\/\/schema.org","@graph":[{"@type":"Article","@id":"https:\/\/portaltela.pt\/noticias\/2026\/03\/17\/filigrana-estreia-pela-primeira-vez-na-modalisboa\/#article","isPartOf":{"@id":"https:\/\/portaltela.pt\/noticias\/2026\/03\/17\/filigrana-estreia-pela-primeira-vez-na-modalisboa\/"},"author":{"name":"Telinha","@id":"https:\/\/portaltela.pt\/#\/schema\/person\/c4278d4a6028830caff9ee44b42d32ed"},"headline":"Filigrana estreia pela primeira vez na ModaLisboa","datePublished":"2026-03-17T11:44:03+00:00","mainEntityOfPage":{"@id":"https:\/\/portaltela.pt\/noticias\/2026\/03\/17\/filigrana-estreia-pela-primeira-vez-na-modalisboa\/"},"wordCount":217,"image":{"@id":"https:\/\/portaltela.pt\/noticias\/2026\/03\/17\/filigrana-estreia-pela-primeira-vez-na-modalisboa\/#primaryimage"},"thumbnailUrl":"https:\/\/portaltela.pt\/s.01k8rhncp4jt1\/2026\/03\/img_1280x721uu2026-03-17-11-42-59-2272946.jpg","keywords":["a joalharia","arte","artesanato","cultura","patrim\u00f3nio","Portugal"],"articleSection":["Not\u00edcias"],"inLanguage":"pt-PT"},{"@type":"WebPage","@id":"https:\/\/portaltela.pt\/noticias\/2026\/03\/17\/filigrana-estreia-pela-primeira-vez-na-modalisboa\/","url":"https:\/\/portaltela.pt\/noticias\/2026\/03\/17\/filigrana-estreia-pela-primeira-vez-na-modalisboa\/","name":"Filigrana estreia pela primeira vez na ModaLisboa - Portal Tela Portugal","isPartOf":{"@id":"https:\/\/portaltela.pt\/#website"},"primaryImageOfPage":{"@id":"https:\/\/portaltela.pt\/noticias\/2026\/03\/17\/filigrana-estreia-pela-primeira-vez-na-modalisboa\/#primaryimage"},"image":{"@id":"https:\/\/portaltela.pt\/noticias\/2026\/03\/17\/filigrana-estreia-pela-primeira-vez-na-modalisboa\/#primaryimage"},"thumbnailUrl":"https:\/\/portaltela.pt\/s.01k8rhncp4jt1\/2026\/03\/img_1280x721uu2026-03-17-11-42-59-2272946.jpg","datePublished":"2026-03-17T11:44:03+00:00","author":{"@id":"https:\/\/portaltela.pt\/#\/schema\/person\/c4278d4a6028830caff9ee44b42d32ed"},"breadcrumb":{"@id":"https:\/\/portaltela.pt\/noticias\/2026\/03\/17\/filigrana-estreia-pela-primeira-vez-na-modalisboa\/#breadcrumb"},"inLanguage":"pt-PT","potentialAction":[{"@type":"ReadAction","target":["https:\/\/portaltela.pt\/noticias\/2026\/03\/17\/filigrana-estreia-pela-primeira-vez-na-modalisboa\/"]}]},{"@type":"ImageObject","inLanguage":"pt-PT","@id":"https:\/\/portaltela.pt\/noticias\/2026\/03\/17\/filigrana-estreia-pela-primeira-vez-na-modalisboa\/#primaryimage","url":"https:\/\/portaltela.pt\/s.01k8rhncp4jt1\/2026\/03\/img_1280x721uu2026-03-17-11-42-59-2272946.jpg","contentUrl":"https:\/\/portaltela.pt\/s.01k8rhncp4jt1\/2026\/03\/img_1280x721uu2026-03-17-11-42-59-2272946.jpg","width":796,"height":448,"caption":"Artes\u00e3o cria pe\u00e7a de filigrana em forma de estrela com recurso a pin\u00e7as"},{"@type":"BreadcrumbList","@id":"https:\/\/portaltela.pt\/noticias\/2026\/03\/17\/filigrana-estreia-pela-primeira-vez-na-modalisboa\/#breadcrumb","itemListElement":[{"@type":"ListItem","position":1,"name":"In\u00edcio","item":"https:\/\/portaltela.pt\/"},{"@type":"ListItem","position":2,"name":"Filigrana estreia pela primeira vez na ModaLisboa"}]},{"@type":"WebSite","@id":"https:\/\/portaltela.pt\/#website","url":"https:\/\/portaltela.pt\/","name":"Portal Tela Portugal","description":"","potentialAction":[{"@type":"SearchAction","target":{"@type":"EntryPoint","urlTemplate":"https:\/\/portaltela.pt\/?s={search_term_string}"},"query-input":{"@type":"PropertyValueSpecification","valueRequired":true,"valueName":"search_term_string"}}],"inLanguage":"pt-PT"},{"@type":"Person","@id":"https:\/\/portaltela.pt\/#\/schema\/person\/c4278d4a6028830caff9ee44b42d32ed","name":"Telinha","image":{"@type":"ImageObject","inLanguage":"pt-PT","@id":"https:\/\/portaltela.pt\/s.01k8rhncp4jt1\/2025\/11\/talking-bot-125x125.png","url":"https:\/\/portaltela.pt\/s.01k8rhncp4jt1\/2025\/11\/talking-bot-125x125.png","contentUrl":"https:\/\/portaltela.pt\/s.01k8rhncp4jt1\/2025\/11\/talking-bot-125x125.png","caption":"Telinha"},"sameAs":["https:\/\/portaltela.pt\/"],"url":"https:\/\/portaltela.pt\/por\/367410592786\/"}]}},"_links":{"self":[{"href":"https:\/\/portaltela.pt\/api\/wp\/v2\/posts\/413083","targetHints":{"allow":["GET"]}}],"collection":[{"href":"https:\/\/portaltela.pt\/api\/wp\/v2\/posts"}],"about":[{"href":"https:\/\/portaltela.pt\/api\/wp\/v2\/types\/post"}],"author":[{"embeddable":true,"href":"https:\/\/portaltela.pt\/api\/wp\/v2\/users\/2"}],"replies":[{"embeddable":true,"href":"https:\/\/portaltela.pt\/api\/wp\/v2\/comments?post=413083"}],"version-history":[{"count":0,"href":"https:\/\/portaltela.pt\/api\/wp\/v2\/posts\/413083\/revisions"}],"wp:featuredmedia":[{"embeddable":true,"href":"https:\/\/portaltela.pt\/api\/wp\/v2\/media\/413088"}],"wp:attachment":[{"href":"https:\/\/portaltela.pt\/api\/wp\/v2\/media?parent=413083"}],"wp:term":[{"taxonomy":"category","embeddable":true,"href":"https:\/\/portaltela.pt\/api\/wp\/v2\/categories?post=413083"},{"taxonomy":"post_tag","embeddable":true,"href":"https:\/\/portaltela.pt\/api\/wp\/v2\/tags?post=413083"}],"curies":[{"name":"wp","href":"https:\/\/api.w.org\/{rel}","templated":true}]}}