{"id":413050,"date":"2026-03-17T08:01:50","date_gmt":"2026-03-17T11:01:50","guid":{"rendered":"https:\/\/portaltela.pt\/noticias\/2026\/03\/17\/tabela-falsa-atribui-portugal-aumento-nos-combustiveis-pela-guerra-no-irao\/"},"modified":"2026-03-17T08:01:50","modified_gmt":"2026-03-17T11:01:50","slug":"tabela-falsa-atribui-portugal-aumento-nos-combustiveis-pela-guerra-no-irao","status":"publish","type":"post","link":"https:\/\/portaltela.pt\/noticias\/economia\/2026\/03\/17\/tabela-falsa-atribui-portugal-aumento-nos-combustiveis-pela-guerra-no-irao\/","title":{"rendered":"Tabela falsa atribui Portugal aumento nos combust\u00edveis pela guerra no Ir\u00e3o"},"content":{"rendered":"<p>Nos \u00faltimos dias circulou uma tabela nas redes sociais que atribui a Portugal o maior aumento no pre\u00e7o dos combust\u00edveis, em compara\u00e7\u00e3o com 12 pa\u00edses europeus. A lista alega que Portugal subiu 23 c\u00eantimos por litro, enquanto outros estados teriam subidas entre tr\u00eas e 10 c\u00eantimos. A origem original n\u00e3o foi identificada.<\/p>\n<p>A tabela foi partilhada em plataformas abertas e fechadas, incluindo WhatsApp, com vers\u00f5es que incluem at\u00e9 13 pa\u00edses. Embora varie conforme a vers\u00e3o, o conjunto afirma que Espanha, Fran\u00e7a, Alemanha, It\u00e1lia e outros teriam subidas menores, o que n\u00e3o corresponde aos dados oficiais. H\u00e1 v\u00e1rias c\u00f3pias que reportam o conflito no Ir\u00e3o como fator de subida, sem fundamenta\u00e7\u00e3o t\u00e9cnica.<\/p>\n<p>Segundo a Lusa Verifica, as informa\u00e7\u00f5es s\u00e3o falsas. An\u00e1lises com dados oficiais indicam que Portugal n\u00e3o liderou os aumentos na UE. Outros pa\u00edses registaram varia\u00e7\u00f5es superiores aos de Portugal e, em alguns casos, igualaram ou superaram o valor apresentado para Portugal.<\/p>\n<h3>Dados oficiais contradizem a alega\u00e7\u00e3o<\/h3>\n<p>O Boletim Semanal do Petr\u00f3leo da Comiss\u00e3o Europeia mostra que os aumentos em Portugal estiveram dentro de uma faixa comum na UE. Entre 23 de fevereiro e 9 de mar\u00e7o, Portugal registou aumentos m\u00e9dios de cerca de 22 c\u00eantimos no gas\u00f3leo e 9 c\u00eantimos na gasolina, sem serem os maiores da regi\u00e3o.<\/p>\n<p>Para o gas\u00f3leo, Alemanha liderou com 43 c\u00eantimos, seguida dos Pa\u00edses Baixos (38), \u00c1ustria (35) e outros. Espanha e B\u00e9lgica apresentaram aumentos similares aos de Portugal (em torno de 22 c\u00eantimos), enquanto Fran\u00e7a e Rep\u00fablica Checa tiveram varia\u00e7\u00f5es de 24-30 c\u00eantimos. Portugal ficou aqu\u00e9m dos maiores aumentos.<\/p>\n<p>Na gasolina, Portugal subiu cerca de 9 c\u00eantimos, mas pa\u00edses como Alemanha (25 c\u00eantimos) e \u00c1ustria (20 c\u00eantimos) tiveram subidas maiores. Espanha, Fran\u00e7a e B\u00e9lgica tamb\u00e9m registaram aumentos de 13 c\u00eantimos, com v\u00e1rios pa\u00edses acima de Portugal.<\/p>\n<p>An\u00e1lises da Global Petrol Prices, atualizadas para a UE, tamb\u00e9m indicam que Portugal n\u00e3o liderou os aumentos ap\u00f3s os ataques ao Ir\u00e3o, mantendo posi\u00e7\u00e3o baixa na lista. A DGEG disponibiliza o pre\u00e7o m\u00e9dio di\u00e1rio dos combust\u00edveis em Portugal, com Gas\u00f3leo a subir 32 c\u00eantimos entre 28 de fevereiro e 16 de mar\u00e7o, e Gasolina 95 a subir 17 c\u00eantimos no mesmo per\u00edodo. Essas varia\u00e7\u00f5es est\u00e3o dentro da faixa observada na UE e n\u00e3o indicam lideran\u00e7a de Portugal.<\/p>\n<p>Avalia\u00e7\u00e3o Lusa Verifica: falso. O conjunto de dados oficiais revela que Portugal n\u00e3o teve o maior aumento entre os pa\u00edses citados, com v\u00e1rios estados europeus registando subidas superiores tanto na gasolina como no gas\u00f3leo.<\/p>\n","protected":false},"excerpt":{"rendered":"<ul>\n<li>Uma tabela viral atribui a Portugal o maior aumento no pre\u00e7o dos combust\u00edveis na UE, mas esse conte\u00fado \u00e9 falso.<\/li>\n<li>Segundo dados oficiais, Portugal registou aumentos m\u00e9dios de cerca de 22 c\u00eantimos no gas\u00f3leo e 9 c\u00eantimos na gasolina entre 23\/02 e 09\/03, mas n\u00e3o foi o maior da UE.<\/li>\n<li>Pa\u00edses como Alemanha, Pa\u00edses Baixos, \u00c1ustria, Luxemburgo, Pol\u00f3nia e Rep\u00fablica Checa tiveram subidas superiores no gas\u00f3leo; na gasolina, outros nove pa\u00edses tiveram aumentos superiores.<\/li>\n<li>Dados da Comiss\u00e3o Europeia e da plataforma GlobalPetrolPrices indicam que Portugal n\u00e3o lidera os aumentos e est\u00e1 longe do topo mundial, estando em posi\u00e7\u00e3o intermedi\u00e1ria na UE.<\/li>\n<li>A DGEG (dire\u00e7\u00e3o-geral de energia e geologia) atualiza diariamente os pre\u00e7os m\u00e9dios em Portugal; o conte\u00fado viral n\u00e3o corresponde \u00e0 realidade.<\/li>\n<\/ul>\n","protected":false},"author":2,"featured_media":413056,"comment_status":"closed","ping_status":"closed","sticky":false,"template":"","format":"standard","meta":{"footnotes":""},"categories":[2,1],"tags":[6115,134,1469,2487,195,5547],"class_list":["post-413050","post","type-post","status-publish","format-standard","has-post-thumbnail","hentry","category-economia","category-noticias","tag-_economia","tag-analysis","tag-desinformacao","tag-europa","tag-informacao","tag-informacao-internacional"],"yoast_head":"<!-- This site is optimized with the Yoast SEO plugin v27.2 - https:\/\/yoast.com\/product\/yoast-seo-wordpress\/ -->\n<title>Tabela falsa atribui Portugal aumento nos combust\u00edveis pela guerra no Ir\u00e3o - Portal Tela Portugal<\/title>\n<meta name=\"robots\" content=\"index, follow, max-snippet:-1, max-image-preview:large, max-video-preview:-1\" \/>\n<meta property=\"og:locale\" content=\"pt_PT\" \/>\n<meta property=\"og:type\" content=\"article\" \/>\n<meta property=\"og:title\" content=\"Tabela falsa atribui Portugal aumento nos combust\u00edveis pela guerra no Ir\u00e3o - Portal Tela Portugal\" \/>\n<meta property=\"og:description\" content=\"Uma tabela viral atribui a Portugal o maior aumento no pre\u00e7o dos combust\u00edveis na UE, mas esse conte\u00fado \u00e9 falso. Segundo dados oficiais, Portugal registou aumentos m\u00e9dios de cerca de 22 c\u00eantimos no gas\u00f3leo e 9 c\u00eantimos na gasolina entre 23\/02 e 09\/03, mas n\u00e3o foi o maior da UE. Pa\u00edses como Alemanha, Pa\u00edses Baixos, \u00c1ustria, Luxemburgo, Pol\u00f3nia e Rep\u00fablica Checa tiveram subidas superiores no gas\u00f3leo; na gasolina, outros nove pa\u00edses tiveram aumentos superiores. Dados da Comiss\u00e3o Europeia e da plataforma GlobalPetrolPrices indicam que Portugal n\u00e3o lidera os aumentos e est\u00e1 longe do topo mundial, estando em posi\u00e7\u00e3o intermedi\u00e1ria na UE. A DGEG (dire\u00e7\u00e3o-geral de energia e geologia) atualiza diariamente os pre\u00e7os m\u00e9dios em Portugal; o conte\u00fado viral n\u00e3o corresponde \u00e0 realidade.\" \/>\n<meta property=\"og:url\" content=\"https:\/\/portaltela.pt\/noticias\/2026\/03\/17\/tabela-falsa-atribui-portugal-aumento-nos-combustiveis-pela-guerra-no-irao\/\" \/>\n<meta property=\"og:site_name\" content=\"Portal Tela Portugal\" \/>\n<meta property=\"article:published_time\" content=\"2026-03-17T11:01:50+00:00\" \/>\n<meta name=\"author\" content=\"Telinha\" \/>\n<meta name=\"twitter:card\" content=\"summary_large_image\" \/>\n<meta name=\"twitter:label1\" content=\"Escrito por\" \/>\n\t<meta name=\"twitter:data1\" content=\"Telinha\" \/>\n\t<meta name=\"twitter:label2\" content=\"Tempo estimado de leitura\" \/>\n\t<meta name=\"twitter:data2\" content=\"2 minutos\" \/>\n<script type=\"application\/ld+json\" class=\"yoast-schema-graph\">{\"@context\":\"https:\/\/schema.org\",\"@graph\":[{\"@type\":\"Article\",\"@id\":\"https:\/\/portaltela.pt\/noticias\/2026\/03\/17\/tabela-falsa-atribui-portugal-aumento-nos-combustiveis-pela-guerra-no-irao\/#article\",\"isPartOf\":{\"@id\":\"https:\/\/portaltela.pt\/noticias\/2026\/03\/17\/tabela-falsa-atribui-portugal-aumento-nos-combustiveis-pela-guerra-no-irao\/\"},\"author\":{\"name\":\"Telinha\",\"@id\":\"https:\/\/portaltela.pt\/#\/schema\/person\/c4278d4a6028830caff9ee44b42d32ed\"},\"headline\":\"Tabela falsa atribui Portugal aumento nos combust\u00edveis pela guerra no Ir\u00e3o\",\"datePublished\":\"2026-03-17T11:01:50+00:00\",\"mainEntityOfPage\":{\"@id\":\"https:\/\/portaltela.pt\/noticias\/2026\/03\/17\/tabela-falsa-atribui-portugal-aumento-nos-combustiveis-pela-guerra-no-irao\/\"},\"wordCount\":474,\"image\":{\"@id\":\"https:\/\/portaltela.pt\/noticias\/2026\/03\/17\/tabela-falsa-atribui-portugal-aumento-nos-combustiveis-pela-guerra-no-irao\/#primaryimage\"},\"thumbnailUrl\":\"https:\/\/portaltela.pt\/s.01k8rhncp4jt1\/2026\/03\/img_1500x1000uu2023-09-01-18-51-16-1432927.jpg\",\"keywords\":[\"_economia\",\"@analysis\",\"desinforma\u00e7\u00e3o\",\"Europa\",\"informa\u00e7\u00e3o\",\"informa\u00e7\u00e3o internacional\"],\"articleSection\":[\"Economia\",\"Not\u00edcias\"],\"inLanguage\":\"pt-PT\"},{\"@type\":\"WebPage\",\"@id\":\"https:\/\/portaltela.pt\/noticias\/2026\/03\/17\/tabela-falsa-atribui-portugal-aumento-nos-combustiveis-pela-guerra-no-irao\/\",\"url\":\"https:\/\/portaltela.pt\/noticias\/2026\/03\/17\/tabela-falsa-atribui-portugal-aumento-nos-combustiveis-pela-guerra-no-irao\/\",\"name\":\"Tabela falsa atribui Portugal aumento nos combust\u00edveis pela guerra no Ir\u00e3o - Portal Tela Portugal\",\"isPartOf\":{\"@id\":\"https:\/\/portaltela.pt\/#website\"},\"primaryImageOfPage\":{\"@id\":\"https:\/\/portaltela.pt\/noticias\/2026\/03\/17\/tabela-falsa-atribui-portugal-aumento-nos-combustiveis-pela-guerra-no-irao\/#primaryimage\"},\"image\":{\"@id\":\"https:\/\/portaltela.pt\/noticias\/2026\/03\/17\/tabela-falsa-atribui-portugal-aumento-nos-combustiveis-pela-guerra-no-irao\/#primaryimage\"},\"thumbnailUrl\":\"https:\/\/portaltela.pt\/s.01k8rhncp4jt1\/2026\/03\/img_1500x1000uu2023-09-01-18-51-16-1432927.jpg\",\"datePublished\":\"2026-03-17T11:01:50+00:00\",\"author\":{\"@id\":\"https:\/\/portaltela.pt\/#\/schema\/person\/c4278d4a6028830caff9ee44b42d32ed\"},\"breadcrumb\":{\"@id\":\"https:\/\/portaltela.pt\/noticias\/2026\/03\/17\/tabela-falsa-atribui-portugal-aumento-nos-combustiveis-pela-guerra-no-irao\/#breadcrumb\"},\"inLanguage\":\"pt-PT\",\"potentialAction\":[{\"@type\":\"ReadAction\",\"target\":[\"https:\/\/portaltela.pt\/noticias\/2026\/03\/17\/tabela-falsa-atribui-portugal-aumento-nos-combustiveis-pela-guerra-no-irao\/\"]}]},{\"@type\":\"ImageObject\",\"inLanguage\":\"pt-PT\",\"@id\":\"https:\/\/portaltela.pt\/noticias\/2026\/03\/17\/tabela-falsa-atribui-portugal-aumento-nos-combustiveis-pela-guerra-no-irao\/#primaryimage\",\"url\":\"https:\/\/portaltela.pt\/s.01k8rhncp4jt1\/2026\/03\/img_1500x1000uu2023-09-01-18-51-16-1432927.jpg\",\"contentUrl\":\"https:\/\/portaltela.pt\/s.01k8rhncp4jt1\/2026\/03\/img_1500x1000uu2023-09-01-18-51-16-1432927.jpg\",\"width\":796,\"height\":448,\"caption\":\"Combust\u00edveis\"},{\"@type\":\"BreadcrumbList\",\"@id\":\"https:\/\/portaltela.pt\/noticias\/2026\/03\/17\/tabela-falsa-atribui-portugal-aumento-nos-combustiveis-pela-guerra-no-irao\/#breadcrumb\",\"itemListElement\":[{\"@type\":\"ListItem\",\"position\":1,\"name\":\"In\u00edcio\",\"item\":\"https:\/\/portaltela.pt\/\"},{\"@type\":\"ListItem\",\"position\":2,\"name\":\"Tabela falsa atribui Portugal aumento nos combust\u00edveis pela guerra no Ir\u00e3o\"}]},{\"@type\":\"WebSite\",\"@id\":\"https:\/\/portaltela.pt\/#website\",\"url\":\"https:\/\/portaltela.pt\/\",\"name\":\"Portal Tela Portugal\",\"description\":\"\",\"potentialAction\":[{\"@type\":\"SearchAction\",\"target\":{\"@type\":\"EntryPoint\",\"urlTemplate\":\"https:\/\/portaltela.pt\/?s={search_term_string}\"},\"query-input\":{\"@type\":\"PropertyValueSpecification\",\"valueRequired\":true,\"valueName\":\"search_term_string\"}}],\"inLanguage\":\"pt-PT\"},{\"@type\":\"Person\",\"@id\":\"https:\/\/portaltela.pt\/#\/schema\/person\/c4278d4a6028830caff9ee44b42d32ed\",\"name\":\"Telinha\",\"image\":{\"@type\":\"ImageObject\",\"inLanguage\":\"pt-PT\",\"@id\":\"https:\/\/portaltela.pt\/s.01k8rhncp4jt1\/2025\/11\/talking-bot-125x125.png\",\"url\":\"https:\/\/portaltela.pt\/s.01k8rhncp4jt1\/2025\/11\/talking-bot-125x125.png\",\"contentUrl\":\"https:\/\/portaltela.pt\/s.01k8rhncp4jt1\/2025\/11\/talking-bot-125x125.png\",\"caption\":\"Telinha\"},\"sameAs\":[\"https:\/\/portaltela.pt\/\"],\"url\":\"https:\/\/portaltela.pt\/por\/367410592786\/\"}]}<\/script>\n<!-- \/ Yoast SEO plugin. -->","yoast_head_json":{"title":"Tabela falsa atribui Portugal aumento nos combust\u00edveis pela guerra no Ir\u00e3o - Portal Tela Portugal","robots":{"index":"index","follow":"follow","max-snippet":"max-snippet:-1","max-image-preview":"max-image-preview:large","max-video-preview":"max-video-preview:-1"},"og_locale":"pt_PT","og_type":"article","og_title":"Tabela falsa atribui Portugal aumento nos combust\u00edveis pela guerra no Ir\u00e3o - Portal Tela Portugal","og_description":"Uma tabela viral atribui a Portugal o maior aumento no pre\u00e7o dos combust\u00edveis na UE, mas esse conte\u00fado \u00e9 falso. Segundo dados oficiais, Portugal registou aumentos m\u00e9dios de cerca de 22 c\u00eantimos no gas\u00f3leo e 9 c\u00eantimos na gasolina entre 23\/02 e 09\/03, mas n\u00e3o foi o maior da UE. Pa\u00edses como Alemanha, Pa\u00edses Baixos, \u00c1ustria, Luxemburgo, Pol\u00f3nia e Rep\u00fablica Checa tiveram subidas superiores no gas\u00f3leo; na gasolina, outros nove pa\u00edses tiveram aumentos superiores. Dados da Comiss\u00e3o Europeia e da plataforma GlobalPetrolPrices indicam que Portugal n\u00e3o lidera os aumentos e est\u00e1 longe do topo mundial, estando em posi\u00e7\u00e3o intermedi\u00e1ria na UE. A DGEG (dire\u00e7\u00e3o-geral de energia e geologia) atualiza diariamente os pre\u00e7os m\u00e9dios em Portugal; o conte\u00fado viral n\u00e3o corresponde \u00e0 realidade.","og_url":"https:\/\/portaltela.pt\/noticias\/2026\/03\/17\/tabela-falsa-atribui-portugal-aumento-nos-combustiveis-pela-guerra-no-irao\/","og_site_name":"Portal Tela Portugal","article_published_time":"2026-03-17T11:01:50+00:00","author":"Telinha","twitter_card":"summary_large_image","twitter_misc":{"Escrito por":"Telinha","Tempo estimado de leitura":"2 minutos"},"schema":{"@context":"https:\/\/schema.org","@graph":[{"@type":"Article","@id":"https:\/\/portaltela.pt\/noticias\/2026\/03\/17\/tabela-falsa-atribui-portugal-aumento-nos-combustiveis-pela-guerra-no-irao\/#article","isPartOf":{"@id":"https:\/\/portaltela.pt\/noticias\/2026\/03\/17\/tabela-falsa-atribui-portugal-aumento-nos-combustiveis-pela-guerra-no-irao\/"},"author":{"name":"Telinha","@id":"https:\/\/portaltela.pt\/#\/schema\/person\/c4278d4a6028830caff9ee44b42d32ed"},"headline":"Tabela falsa atribui Portugal aumento nos combust\u00edveis pela guerra no Ir\u00e3o","datePublished":"2026-03-17T11:01:50+00:00","mainEntityOfPage":{"@id":"https:\/\/portaltela.pt\/noticias\/2026\/03\/17\/tabela-falsa-atribui-portugal-aumento-nos-combustiveis-pela-guerra-no-irao\/"},"wordCount":474,"image":{"@id":"https:\/\/portaltela.pt\/noticias\/2026\/03\/17\/tabela-falsa-atribui-portugal-aumento-nos-combustiveis-pela-guerra-no-irao\/#primaryimage"},"thumbnailUrl":"https:\/\/portaltela.pt\/s.01k8rhncp4jt1\/2026\/03\/img_1500x1000uu2023-09-01-18-51-16-1432927.jpg","keywords":["_economia","@analysis","desinforma\u00e7\u00e3o","Europa","informa\u00e7\u00e3o","informa\u00e7\u00e3o internacional"],"articleSection":["Economia","Not\u00edcias"],"inLanguage":"pt-PT"},{"@type":"WebPage","@id":"https:\/\/portaltela.pt\/noticias\/2026\/03\/17\/tabela-falsa-atribui-portugal-aumento-nos-combustiveis-pela-guerra-no-irao\/","url":"https:\/\/portaltela.pt\/noticias\/2026\/03\/17\/tabela-falsa-atribui-portugal-aumento-nos-combustiveis-pela-guerra-no-irao\/","name":"Tabela falsa atribui Portugal aumento nos combust\u00edveis pela guerra no Ir\u00e3o - Portal Tela Portugal","isPartOf":{"@id":"https:\/\/portaltela.pt\/#website"},"primaryImageOfPage":{"@id":"https:\/\/portaltela.pt\/noticias\/2026\/03\/17\/tabela-falsa-atribui-portugal-aumento-nos-combustiveis-pela-guerra-no-irao\/#primaryimage"},"image":{"@id":"https:\/\/portaltela.pt\/noticias\/2026\/03\/17\/tabela-falsa-atribui-portugal-aumento-nos-combustiveis-pela-guerra-no-irao\/#primaryimage"},"thumbnailUrl":"https:\/\/portaltela.pt\/s.01k8rhncp4jt1\/2026\/03\/img_1500x1000uu2023-09-01-18-51-16-1432927.jpg","datePublished":"2026-03-17T11:01:50+00:00","author":{"@id":"https:\/\/portaltela.pt\/#\/schema\/person\/c4278d4a6028830caff9ee44b42d32ed"},"breadcrumb":{"@id":"https:\/\/portaltela.pt\/noticias\/2026\/03\/17\/tabela-falsa-atribui-portugal-aumento-nos-combustiveis-pela-guerra-no-irao\/#breadcrumb"},"inLanguage":"pt-PT","potentialAction":[{"@type":"ReadAction","target":["https:\/\/portaltela.pt\/noticias\/2026\/03\/17\/tabela-falsa-atribui-portugal-aumento-nos-combustiveis-pela-guerra-no-irao\/"]}]},{"@type":"ImageObject","inLanguage":"pt-PT","@id":"https:\/\/portaltela.pt\/noticias\/2026\/03\/17\/tabela-falsa-atribui-portugal-aumento-nos-combustiveis-pela-guerra-no-irao\/#primaryimage","url":"https:\/\/portaltela.pt\/s.01k8rhncp4jt1\/2026\/03\/img_1500x1000uu2023-09-01-18-51-16-1432927.jpg","contentUrl":"https:\/\/portaltela.pt\/s.01k8rhncp4jt1\/2026\/03\/img_1500x1000uu2023-09-01-18-51-16-1432927.jpg","width":796,"height":448,"caption":"Combust\u00edveis"},{"@type":"BreadcrumbList","@id":"https:\/\/portaltela.pt\/noticias\/2026\/03\/17\/tabela-falsa-atribui-portugal-aumento-nos-combustiveis-pela-guerra-no-irao\/#breadcrumb","itemListElement":[{"@type":"ListItem","position":1,"name":"In\u00edcio","item":"https:\/\/portaltela.pt\/"},{"@type":"ListItem","position":2,"name":"Tabela falsa atribui Portugal aumento nos combust\u00edveis pela guerra no Ir\u00e3o"}]},{"@type":"WebSite","@id":"https:\/\/portaltela.pt\/#website","url":"https:\/\/portaltela.pt\/","name":"Portal Tela Portugal","description":"","potentialAction":[{"@type":"SearchAction","target":{"@type":"EntryPoint","urlTemplate":"https:\/\/portaltela.pt\/?s={search_term_string}"},"query-input":{"@type":"PropertyValueSpecification","valueRequired":true,"valueName":"search_term_string"}}],"inLanguage":"pt-PT"},{"@type":"Person","@id":"https:\/\/portaltela.pt\/#\/schema\/person\/c4278d4a6028830caff9ee44b42d32ed","name":"Telinha","image":{"@type":"ImageObject","inLanguage":"pt-PT","@id":"https:\/\/portaltela.pt\/s.01k8rhncp4jt1\/2025\/11\/talking-bot-125x125.png","url":"https:\/\/portaltela.pt\/s.01k8rhncp4jt1\/2025\/11\/talking-bot-125x125.png","contentUrl":"https:\/\/portaltela.pt\/s.01k8rhncp4jt1\/2025\/11\/talking-bot-125x125.png","caption":"Telinha"},"sameAs":["https:\/\/portaltela.pt\/"],"url":"https:\/\/portaltela.pt\/por\/367410592786\/"}]}},"_links":{"self":[{"href":"https:\/\/portaltela.pt\/api\/wp\/v2\/posts\/413050","targetHints":{"allow":["GET"]}}],"collection":[{"href":"https:\/\/portaltela.pt\/api\/wp\/v2\/posts"}],"about":[{"href":"https:\/\/portaltela.pt\/api\/wp\/v2\/types\/post"}],"author":[{"embeddable":true,"href":"https:\/\/portaltela.pt\/api\/wp\/v2\/users\/2"}],"replies":[{"embeddable":true,"href":"https:\/\/portaltela.pt\/api\/wp\/v2\/comments?post=413050"}],"version-history":[{"count":0,"href":"https:\/\/portaltela.pt\/api\/wp\/v2\/posts\/413050\/revisions"}],"wp:featuredmedia":[{"embeddable":true,"href":"https:\/\/portaltela.pt\/api\/wp\/v2\/media\/413056"}],"wp:attachment":[{"href":"https:\/\/portaltela.pt\/api\/wp\/v2\/media?parent=413050"}],"wp:term":[{"taxonomy":"category","embeddable":true,"href":"https:\/\/portaltela.pt\/api\/wp\/v2\/categories?post=413050"},{"taxonomy":"post_tag","embeddable":true,"href":"https:\/\/portaltela.pt\/api\/wp\/v2\/tags?post=413050"}],"curies":[{"name":"wp","href":"https:\/\/api.w.org\/{rel}","templated":true}]}}