{"id":412885,"date":"2026-03-17T06:02:07","date_gmt":"2026-03-17T09:02:07","guid":{"rendered":"https:\/\/portaltela.pt\/noticias\/2026\/03\/17\/cmtv-celebra-13-anos-com-balanco-de-sucesso\/"},"modified":"2026-03-17T06:02:07","modified_gmt":"2026-03-17T09:02:07","slug":"cmtv-celebra-13-anos-com-balanco-de-sucesso","status":"publish","type":"post","link":"https:\/\/portaltela.pt\/noticias\/economia\/2026\/03\/17\/cmtv-celebra-13-anos-com-balanco-de-sucesso\/","title":{"rendered":"CMTV celebra 13 anos com balan\u00e7o de sucesso"},"content":{"rendered":"<p>O CMTV celebra 13 anos de atividade, mantendo-se como um marco no panorama televisivo nacional. A rede assinala o in\u00edco de uma trajet\u00f3ria marcada pelo crescimento constante de audi\u00eancias, apontando para um percurso de sucesso sustentado ao longo dos anos.<\/p>\n<p>Segundo a dire\u00e7\u00e3o, o canal tem consolidado a identidade informativa e jornal\u00edstica que o distingue no mercado. O crescimento das audi\u00eancias vem acompanhado de uma expans\u00e3o de conte\u00fados e da presen\u00e7a em diferentes plataformas de distribui\u00e7\u00e3o.<\/p>\n<p>O an\u00fancio oficial enfatiza a estabilidade do canal e o impacto na leitura dos acontecimentos do dia a dia dos portugueses. A celebra\u00e7\u00e3o evidencia a capacidade de adapta\u00e7\u00e3o frente a mudan\u00e7as tecnol\u00f3gicas e de consumo em evolu\u00e7\u00e3o.<\/p>\n<h3>Desempenho de audi\u00eancia e percurso<\/h3>\n<p>O canal destaca o refor\u00e7o de audi\u00eancia ao longo do tempo, com n\u00fameros que refletem a ades\u00e3o do p\u00fablico \u00e0 linha editorial. A equipa de produ\u00e7\u00e3o refor\u00e7a a continuidade de investimentos em infraestruturas e em formatos de informa\u00e7\u00e3o.<\/p>\n<h3>Futuro e expans\u00e3o<\/h3>\n<p>A organiza\u00e7\u00e3o aponta perspetivas de consolida\u00e7\u00e3o futura, com foco na qualidade jornal\u00edstica, na diversidade de temas e na proximidade com o p\u00fablico. O objetivo permanece manter a relev\u00e2ncia no ecossistema televisivo nacional.<\/p>\n","protected":false},"excerpt":{"rendered":"<ul>\n<li>A CMTV celebra 13 anos.<\/li>\n<li>O per\u00edodo \u00e9 marcado pelo crescimento constante do canal em audi\u00eancias.<\/li>\n<li>A marca surgiu rapidamente no panorama televisivo nacional e consolidou-se.<\/li>\n<li>A not\u00edcia descreve o sucesso da CMTV como um facto comprovado.<\/li>\n<\/ul>\n","protected":false},"author":2,"featured_media":412888,"comment_status":"closed","ping_status":"closed","sticky":false,"template":"","format":"standard","meta":{"footnotes":""},"categories":[2,1],"tags":[4662,506,195,7221,1014,3181],"class_list":["post-412885","post","type-post","status-publish","format-standard","has-post-thumbnail","hentry","category-economia","category-noticias","tag-audiencias","tag-imprensa","tag-informacao","tag-noticias","tag-portugal","tag-publicacoes"],"yoast_head":"<!-- This site is optimized with the Yoast SEO plugin v27.2 - https:\/\/yoast.com\/product\/yoast-seo-wordpress\/ -->\n<title>CMTV celebra 13 anos com balan\u00e7o de sucesso - Portal Tela Portugal<\/title>\n<meta name=\"robots\" content=\"index, follow, max-snippet:-1, max-image-preview:large, max-video-preview:-1\" \/>\n<meta property=\"og:locale\" content=\"pt_PT\" \/>\n<meta property=\"og:type\" content=\"article\" \/>\n<meta property=\"og:title\" content=\"CMTV celebra 13 anos com balan\u00e7o de sucesso - Portal Tela Portugal\" \/>\n<meta property=\"og:description\" content=\"A CMTV celebra 13 anos. O per\u00edodo \u00e9 marcado pelo crescimento constante do canal em audi\u00eancias. A marca surgiu rapidamente no panorama televisivo nacional e consolidou-se. A not\u00edcia descreve o sucesso da CMTV como um facto comprovado.\" \/>\n<meta property=\"og:url\" content=\"https:\/\/portaltela.pt\/noticias\/2026\/03\/17\/cmtv-celebra-13-anos-com-balanco-de-sucesso\/\" \/>\n<meta property=\"og:site_name\" content=\"Portal Tela Portugal\" \/>\n<meta property=\"article:published_time\" content=\"2026-03-17T09:02:07+00:00\" \/>\n<meta name=\"author\" content=\"Telinha\" \/>\n<meta name=\"twitter:card\" content=\"summary_large_image\" \/>\n<meta name=\"twitter:label1\" content=\"Escrito por\" \/>\n\t<meta name=\"twitter:data1\" content=\"Telinha\" \/>\n\t<meta name=\"twitter:label2\" content=\"Tempo estimado de leitura\" \/>\n\t<meta name=\"twitter:data2\" content=\"1 minuto\" \/>\n<script type=\"application\/ld+json\" class=\"yoast-schema-graph\">{\"@context\":\"https:\/\/schema.org\",\"@graph\":[{\"@type\":\"Article\",\"@id\":\"https:\/\/portaltela.pt\/noticias\/2026\/03\/17\/cmtv-celebra-13-anos-com-balanco-de-sucesso\/#article\",\"isPartOf\":{\"@id\":\"https:\/\/portaltela.pt\/noticias\/2026\/03\/17\/cmtv-celebra-13-anos-com-balanco-de-sucesso\/\"},\"author\":{\"name\":\"Telinha\",\"@id\":\"https:\/\/portaltela.pt\/#\/schema\/person\/c4278d4a6028830caff9ee44b42d32ed\"},\"headline\":\"CMTV celebra 13 anos com balan\u00e7o de sucesso\",\"datePublished\":\"2026-03-17T09:02:07+00:00\",\"mainEntityOfPage\":{\"@id\":\"https:\/\/portaltela.pt\/noticias\/2026\/03\/17\/cmtv-celebra-13-anos-com-balanco-de-sucesso\/\"},\"wordCount\":228,\"image\":{\"@id\":\"https:\/\/portaltela.pt\/noticias\/2026\/03\/17\/cmtv-celebra-13-anos-com-balanco-de-sucesso\/#primaryimage\"},\"thumbnailUrl\":\"https:\/\/portaltela.pt\/s.01k8rhncp4jt1\/2026\/03\/img_932x621uu2026-03-17-09-01-03-2272905.jpg\",\"keywords\":[\"audi\u00eancias\",\"imprensa\",\"informa\u00e7\u00e3o\",\"not\u00edcias\",\"Portugal\",\"publica\u00e7\u00f5es\"],\"articleSection\":[\"Economia\",\"Not\u00edcias\"],\"inLanguage\":\"pt-PT\"},{\"@type\":\"WebPage\",\"@id\":\"https:\/\/portaltela.pt\/noticias\/2026\/03\/17\/cmtv-celebra-13-anos-com-balanco-de-sucesso\/\",\"url\":\"https:\/\/portaltela.pt\/noticias\/2026\/03\/17\/cmtv-celebra-13-anos-com-balanco-de-sucesso\/\",\"name\":\"CMTV celebra 13 anos com balan\u00e7o de sucesso - Portal Tela Portugal\",\"isPartOf\":{\"@id\":\"https:\/\/portaltela.pt\/#website\"},\"primaryImageOfPage\":{\"@id\":\"https:\/\/portaltela.pt\/noticias\/2026\/03\/17\/cmtv-celebra-13-anos-com-balanco-de-sucesso\/#primaryimage\"},\"image\":{\"@id\":\"https:\/\/portaltela.pt\/noticias\/2026\/03\/17\/cmtv-celebra-13-anos-com-balanco-de-sucesso\/#primaryimage\"},\"thumbnailUrl\":\"https:\/\/portaltela.pt\/s.01k8rhncp4jt1\/2026\/03\/img_932x621uu2026-03-17-09-01-03-2272905.jpg\",\"datePublished\":\"2026-03-17T09:02:07+00:00\",\"author\":{\"@id\":\"https:\/\/portaltela.pt\/#\/schema\/person\/c4278d4a6028830caff9ee44b42d32ed\"},\"breadcrumb\":{\"@id\":\"https:\/\/portaltela.pt\/noticias\/2026\/03\/17\/cmtv-celebra-13-anos-com-balanco-de-sucesso\/#breadcrumb\"},\"inLanguage\":\"pt-PT\",\"potentialAction\":[{\"@type\":\"ReadAction\",\"target\":[\"https:\/\/portaltela.pt\/noticias\/2026\/03\/17\/cmtv-celebra-13-anos-com-balanco-de-sucesso\/\"]}]},{\"@type\":\"ImageObject\",\"inLanguage\":\"pt-PT\",\"@id\":\"https:\/\/portaltela.pt\/noticias\/2026\/03\/17\/cmtv-celebra-13-anos-com-balanco-de-sucesso\/#primaryimage\",\"url\":\"https:\/\/portaltela.pt\/s.01k8rhncp4jt1\/2026\/03\/img_932x621uu2026-03-17-09-01-03-2272905.jpg\",\"contentUrl\":\"https:\/\/portaltela.pt\/s.01k8rhncp4jt1\/2026\/03\/img_932x621uu2026-03-17-09-01-03-2272905.jpg\",\"width\":796,\"height\":448,\"caption\":\"CMTV celebra 13 anos sob o signo do sucesso\"},{\"@type\":\"BreadcrumbList\",\"@id\":\"https:\/\/portaltela.pt\/noticias\/2026\/03\/17\/cmtv-celebra-13-anos-com-balanco-de-sucesso\/#breadcrumb\",\"itemListElement\":[{\"@type\":\"ListItem\",\"position\":1,\"name\":\"In\u00edcio\",\"item\":\"https:\/\/portaltela.pt\/\"},{\"@type\":\"ListItem\",\"position\":2,\"name\":\"CMTV celebra 13 anos com balan\u00e7o de sucesso\"}]},{\"@type\":\"WebSite\",\"@id\":\"https:\/\/portaltela.pt\/#website\",\"url\":\"https:\/\/portaltela.pt\/\",\"name\":\"Portal Tela Portugal\",\"description\":\"\",\"potentialAction\":[{\"@type\":\"SearchAction\",\"target\":{\"@type\":\"EntryPoint\",\"urlTemplate\":\"https:\/\/portaltela.pt\/?s={search_term_string}\"},\"query-input\":{\"@type\":\"PropertyValueSpecification\",\"valueRequired\":true,\"valueName\":\"search_term_string\"}}],\"inLanguage\":\"pt-PT\"},{\"@type\":\"Person\",\"@id\":\"https:\/\/portaltela.pt\/#\/schema\/person\/c4278d4a6028830caff9ee44b42d32ed\",\"name\":\"Telinha\",\"image\":{\"@type\":\"ImageObject\",\"inLanguage\":\"pt-PT\",\"@id\":\"https:\/\/portaltela.pt\/s.01k8rhncp4jt1\/2025\/11\/talking-bot-125x125.png\",\"url\":\"https:\/\/portaltela.pt\/s.01k8rhncp4jt1\/2025\/11\/talking-bot-125x125.png\",\"contentUrl\":\"https:\/\/portaltela.pt\/s.01k8rhncp4jt1\/2025\/11\/talking-bot-125x125.png\",\"caption\":\"Telinha\"},\"sameAs\":[\"https:\/\/portaltela.pt\/\"],\"url\":\"https:\/\/portaltela.pt\/por\/367410592786\/\"}]}<\/script>\n<!-- \/ Yoast SEO plugin. -->","yoast_head_json":{"title":"CMTV celebra 13 anos com balan\u00e7o de sucesso - Portal Tela Portugal","robots":{"index":"index","follow":"follow","max-snippet":"max-snippet:-1","max-image-preview":"max-image-preview:large","max-video-preview":"max-video-preview:-1"},"og_locale":"pt_PT","og_type":"article","og_title":"CMTV celebra 13 anos com balan\u00e7o de sucesso - Portal Tela Portugal","og_description":"A CMTV celebra 13 anos. O per\u00edodo \u00e9 marcado pelo crescimento constante do canal em audi\u00eancias. A marca surgiu rapidamente no panorama televisivo nacional e consolidou-se. A not\u00edcia descreve o sucesso da CMTV como um facto comprovado.","og_url":"https:\/\/portaltela.pt\/noticias\/2026\/03\/17\/cmtv-celebra-13-anos-com-balanco-de-sucesso\/","og_site_name":"Portal Tela Portugal","article_published_time":"2026-03-17T09:02:07+00:00","author":"Telinha","twitter_card":"summary_large_image","twitter_misc":{"Escrito por":"Telinha","Tempo estimado de leitura":"1 minuto"},"schema":{"@context":"https:\/\/schema.org","@graph":[{"@type":"Article","@id":"https:\/\/portaltela.pt\/noticias\/2026\/03\/17\/cmtv-celebra-13-anos-com-balanco-de-sucesso\/#article","isPartOf":{"@id":"https:\/\/portaltela.pt\/noticias\/2026\/03\/17\/cmtv-celebra-13-anos-com-balanco-de-sucesso\/"},"author":{"name":"Telinha","@id":"https:\/\/portaltela.pt\/#\/schema\/person\/c4278d4a6028830caff9ee44b42d32ed"},"headline":"CMTV celebra 13 anos com balan\u00e7o de sucesso","datePublished":"2026-03-17T09:02:07+00:00","mainEntityOfPage":{"@id":"https:\/\/portaltela.pt\/noticias\/2026\/03\/17\/cmtv-celebra-13-anos-com-balanco-de-sucesso\/"},"wordCount":228,"image":{"@id":"https:\/\/portaltela.pt\/noticias\/2026\/03\/17\/cmtv-celebra-13-anos-com-balanco-de-sucesso\/#primaryimage"},"thumbnailUrl":"https:\/\/portaltela.pt\/s.01k8rhncp4jt1\/2026\/03\/img_932x621uu2026-03-17-09-01-03-2272905.jpg","keywords":["audi\u00eancias","imprensa","informa\u00e7\u00e3o","not\u00edcias","Portugal","publica\u00e7\u00f5es"],"articleSection":["Economia","Not\u00edcias"],"inLanguage":"pt-PT"},{"@type":"WebPage","@id":"https:\/\/portaltela.pt\/noticias\/2026\/03\/17\/cmtv-celebra-13-anos-com-balanco-de-sucesso\/","url":"https:\/\/portaltela.pt\/noticias\/2026\/03\/17\/cmtv-celebra-13-anos-com-balanco-de-sucesso\/","name":"CMTV celebra 13 anos com balan\u00e7o de sucesso - Portal Tela Portugal","isPartOf":{"@id":"https:\/\/portaltela.pt\/#website"},"primaryImageOfPage":{"@id":"https:\/\/portaltela.pt\/noticias\/2026\/03\/17\/cmtv-celebra-13-anos-com-balanco-de-sucesso\/#primaryimage"},"image":{"@id":"https:\/\/portaltela.pt\/noticias\/2026\/03\/17\/cmtv-celebra-13-anos-com-balanco-de-sucesso\/#primaryimage"},"thumbnailUrl":"https:\/\/portaltela.pt\/s.01k8rhncp4jt1\/2026\/03\/img_932x621uu2026-03-17-09-01-03-2272905.jpg","datePublished":"2026-03-17T09:02:07+00:00","author":{"@id":"https:\/\/portaltela.pt\/#\/schema\/person\/c4278d4a6028830caff9ee44b42d32ed"},"breadcrumb":{"@id":"https:\/\/portaltela.pt\/noticias\/2026\/03\/17\/cmtv-celebra-13-anos-com-balanco-de-sucesso\/#breadcrumb"},"inLanguage":"pt-PT","potentialAction":[{"@type":"ReadAction","target":["https:\/\/portaltela.pt\/noticias\/2026\/03\/17\/cmtv-celebra-13-anos-com-balanco-de-sucesso\/"]}]},{"@type":"ImageObject","inLanguage":"pt-PT","@id":"https:\/\/portaltela.pt\/noticias\/2026\/03\/17\/cmtv-celebra-13-anos-com-balanco-de-sucesso\/#primaryimage","url":"https:\/\/portaltela.pt\/s.01k8rhncp4jt1\/2026\/03\/img_932x621uu2026-03-17-09-01-03-2272905.jpg","contentUrl":"https:\/\/portaltela.pt\/s.01k8rhncp4jt1\/2026\/03\/img_932x621uu2026-03-17-09-01-03-2272905.jpg","width":796,"height":448,"caption":"CMTV celebra 13 anos sob o signo do sucesso"},{"@type":"BreadcrumbList","@id":"https:\/\/portaltela.pt\/noticias\/2026\/03\/17\/cmtv-celebra-13-anos-com-balanco-de-sucesso\/#breadcrumb","itemListElement":[{"@type":"ListItem","position":1,"name":"In\u00edcio","item":"https:\/\/portaltela.pt\/"},{"@type":"ListItem","position":2,"name":"CMTV celebra 13 anos com balan\u00e7o de sucesso"}]},{"@type":"WebSite","@id":"https:\/\/portaltela.pt\/#website","url":"https:\/\/portaltela.pt\/","name":"Portal Tela Portugal","description":"","potentialAction":[{"@type":"SearchAction","target":{"@type":"EntryPoint","urlTemplate":"https:\/\/portaltela.pt\/?s={search_term_string}"},"query-input":{"@type":"PropertyValueSpecification","valueRequired":true,"valueName":"search_term_string"}}],"inLanguage":"pt-PT"},{"@type":"Person","@id":"https:\/\/portaltela.pt\/#\/schema\/person\/c4278d4a6028830caff9ee44b42d32ed","name":"Telinha","image":{"@type":"ImageObject","inLanguage":"pt-PT","@id":"https:\/\/portaltela.pt\/s.01k8rhncp4jt1\/2025\/11\/talking-bot-125x125.png","url":"https:\/\/portaltela.pt\/s.01k8rhncp4jt1\/2025\/11\/talking-bot-125x125.png","contentUrl":"https:\/\/portaltela.pt\/s.01k8rhncp4jt1\/2025\/11\/talking-bot-125x125.png","caption":"Telinha"},"sameAs":["https:\/\/portaltela.pt\/"],"url":"https:\/\/portaltela.pt\/por\/367410592786\/"}]}},"_links":{"self":[{"href":"https:\/\/portaltela.pt\/api\/wp\/v2\/posts\/412885","targetHints":{"allow":["GET"]}}],"collection":[{"href":"https:\/\/portaltela.pt\/api\/wp\/v2\/posts"}],"about":[{"href":"https:\/\/portaltela.pt\/api\/wp\/v2\/types\/post"}],"author":[{"embeddable":true,"href":"https:\/\/portaltela.pt\/api\/wp\/v2\/users\/2"}],"replies":[{"embeddable":true,"href":"https:\/\/portaltela.pt\/api\/wp\/v2\/comments?post=412885"}],"version-history":[{"count":0,"href":"https:\/\/portaltela.pt\/api\/wp\/v2\/posts\/412885\/revisions"}],"wp:featuredmedia":[{"embeddable":true,"href":"https:\/\/portaltela.pt\/api\/wp\/v2\/media\/412888"}],"wp:attachment":[{"href":"https:\/\/portaltela.pt\/api\/wp\/v2\/media?parent=412885"}],"wp:term":[{"taxonomy":"category","embeddable":true,"href":"https:\/\/portaltela.pt\/api\/wp\/v2\/categories?post=412885"},{"taxonomy":"post_tag","embeddable":true,"href":"https:\/\/portaltela.pt\/api\/wp\/v2\/tags?post=412885"}],"curies":[{"name":"wp","href":"https:\/\/api.w.org\/{rel}","templated":true}]}}