{"id":412858,"date":"2026-03-17T05:41:39","date_gmt":"2026-03-17T08:41:39","guid":{"rendered":"https:\/\/portaltela.pt\/noticias\/2026\/03\/17\/crise-financeira-do-fc-porto-de-macau-coloca-a-continuidade-em-risco\/"},"modified":"2026-03-17T05:41:39","modified_gmt":"2026-03-17T08:41:39","slug":"crise-financeira-do-fc-porto-de-macau-coloca-a-continuidade-em-risco","status":"publish","type":"post","link":"https:\/\/portaltela.pt\/desporto\/futebol\/2026\/03\/17\/crise-financeira-do-fc-porto-de-macau-coloca-a-continuidade-em-risco\/","title":{"rendered":"Crise financeira do FC Porto de Macau coloca a continuidade em risco"},"content":{"rendered":"<p>A crise financeira do FC Porto de Macau compromete a continuidade da filial, segundo uma carta da dire\u00e7\u00e3o enviada aos associados. A missiva aponta dificuldades financeiras e operacionais graves, incluindo despejo da sede e d\u00edvidas por resolver.<\/p>\n<p>A dirigente Diana Massada afirma que, ao longo de oito anos, a lideran\u00e7a atual dedicou recursos pessoais para superar dificuldades, mas reconhece que a situa\u00e7\u00e3o se tornou particularmente complexa no \u00faltimo ano e meio. Entre os problemas destaque-se o atraso no pagamento das quotas, com apenas cerca de dez de mais de 100 s\u00f3cios em dia.<\/p>\n<p>A carta aponta tamb\u00e9m a aus\u00eancia de patrocinadores, problemas estruturais na sede arrendada e dificuldades na explora\u00e7\u00e3o da cantina, que deveria ser uma fonte de rendimentos. A presidente indica que a participa\u00e7\u00e3o dos associados tem sido limitada, reduzindo a capacidade de desenvolver projetos.<\/p>\n<p>A dire\u00e7\u00e3o apela ao apoio dos s\u00f3cios para regularizar quotas, identificar patrocinadores e colaborar em projetos como a Escola de Futebol e o voleibol juvenil. Entre as medidas imediatas, est\u00e1 a retirada e venda de bens da antiga sede para liquidar pequenas d\u00edvidas.<\/p>\n<p>\u201cO clube atravessa um momento dif\u00edcil, mas continua a representar muitos anos de dedica\u00e7\u00e3o, conv\u00edvio, pr\u00e1tica desportiva e esp\u00edrito de comunidade\u201d, afirma Massada, sublinhando a necessidade de vontade coletiva para assegurar a continuidade da Casa do FC Porto de Macau.<\/p>\n<h3>Contexto e hist\u00f3rico<\/h3>\n<p>O FC Porto de Macau foi fundado em 2006 e rapidamente ascendeu \u00e0 I Divis\u00e3o do futebol local, chegando a ser segundo classificado. A equipa s\u00e9nior caiu para a quarta divis\u00e3o na \u00e9poca passada, duas temporadas ap\u00f3s promo\u00e7\u00e3o, acumulando 10 derrotas, um empate e nenhuma vit\u00f3ria.<\/p>\n<p>Em Macau, o FC Porto de Macau tem tido concorr\u00eancia de clubes correspondentes a grandes clubes portugueses: a Casa do Benfica de Macau domina a primeira divis\u00e3o e o Sporting de Macau est\u00e1 na segunda divis\u00e3o.<\/p>\n","protected":false},"excerpt":{"rendered":"<ul>\n<li>A filial do FC Porto em Macau enfrenta crise financeira e operacional que pode comprometer a sua continuidade, incluindo o despejo da sede e d\u00edvidas por resolver.<\/li>\n<li>A presidente da Casa do FC Porto de Macau \u2013 China, Diana Massada, afirma que a situa\u00e7\u00e3o \u00e9 particularmente dif\u00edcil h\u00e1 cerca de 18 meses.<\/li>\n<li>Entre os problemas est\u00e3o a falta de pagamento regular de quotas (apenas cerca de dez de mais de 100 s\u00f3cios em dia), aus\u00eancia de patrocinadores, falhas estruturais na sede arrendada e dificuldades na explora\u00e7\u00e3o da cantina.<\/li>\n<li>A dire\u00e7\u00e3o apela aos s\u00f3cios para regularizarem quotas, ajudarem a encontrar patrocinadores e colaborarem em projetos como a Escola de Futebol ou o voleibol juvenil; \u00e9 mencionada a necessidade imediata de liquidar d\u00edvidas vendendo bens da antiga sede.<\/li>\n<li>O FC Porto de Macau foi fundado em 2006, j\u00e1 integrou a I Divis\u00e3o, e caiu para a \u00faltima divis\u00e3o em 2012; na regi\u00e3o tamb\u00e9m atuam clubes hom\u00f3logos de grandes portugueses, como Casa do Benfica de Macau e Sporting de Macau.<\/li>\n<\/ul>\n","protected":false},"author":2,"featured_media":412864,"comment_status":"closed","ping_status":"closed","sticky":false,"template":"","format":"standard","meta":{"footnotes":""},"categories":[21,24],"tags":[6372,152,28,32,5386,2783],"class_list":["post-412858","post","type-post","status-publish","format-standard","has-post-thumbnail","hentry","category-desporto","category-futebol","tag-despejos","tag-desporto","tag-economia","tag-futebol","tag-macau","tag-patrocinio"],"yoast_head":"<!-- This site is optimized with the Yoast SEO plugin v27.2 - https:\/\/yoast.com\/product\/yoast-seo-wordpress\/ -->\n<title>Crise financeira do FC Porto de Macau coloca a continuidade em risco - Portal Tela Portugal<\/title>\n<meta name=\"robots\" content=\"index, follow, max-snippet:-1, max-image-preview:large, max-video-preview:-1\" \/>\n<meta property=\"og:locale\" content=\"pt_PT\" \/>\n<meta property=\"og:type\" content=\"article\" \/>\n<meta property=\"og:title\" content=\"Crise financeira do FC Porto de Macau coloca a continuidade em risco - Portal Tela Portugal\" \/>\n<meta property=\"og:description\" content=\"A filial do FC Porto em Macau enfrenta crise financeira e operacional que pode comprometer a sua continuidade, incluindo o despejo da sede e d\u00edvidas por resolver. A presidente da Casa do FC Porto de Macau \u2013 China, Diana Massada, afirma que a situa\u00e7\u00e3o \u00e9 particularmente dif\u00edcil h\u00e1 cerca de 18 meses. Entre os problemas est\u00e3o a falta de pagamento regular de quotas (apenas cerca de dez de mais de 100 s\u00f3cios em dia), aus\u00eancia de patrocinadores, falhas estruturais na sede arrendada e dificuldades na explora\u00e7\u00e3o da cantina. A dire\u00e7\u00e3o apela aos s\u00f3cios para regularizarem quotas, ajudarem a encontrar patrocinadores e colaborarem em projetos como a Escola de Futebol ou o voleibol juvenil; \u00e9 mencionada a necessidade imediata de liquidar d\u00edvidas vendendo bens da antiga sede. O FC Porto de Macau foi fundado em 2006, j\u00e1 integrou a I Divis\u00e3o, e caiu para a \u00faltima divis\u00e3o em 2012; na regi\u00e3o tamb\u00e9m atuam clubes hom\u00f3logos de grandes portugueses, como Casa do Benfica de Macau e Sporting de Macau.\" \/>\n<meta property=\"og:url\" content=\"https:\/\/portaltela.pt\/noticias\/2026\/03\/17\/crise-financeira-do-fc-porto-de-macau-coloca-a-continuidade-em-risco\/\" \/>\n<meta property=\"og:site_name\" content=\"Portal Tela Portugal\" \/>\n<meta property=\"article:published_time\" content=\"2026-03-17T08:41:39+00:00\" \/>\n<meta name=\"author\" content=\"Telinha\" \/>\n<meta name=\"twitter:card\" content=\"summary_large_image\" \/>\n<meta name=\"twitter:label1\" content=\"Escrito por\" \/>\n\t<meta name=\"twitter:data1\" content=\"Telinha\" \/>\n\t<meta name=\"twitter:label2\" content=\"Tempo estimado de leitura\" \/>\n\t<meta name=\"twitter:data2\" content=\"2 minutos\" \/>\n<script type=\"application\/ld+json\" class=\"yoast-schema-graph\">{\"@context\":\"https:\/\/schema.org\",\"@graph\":[{\"@type\":\"Article\",\"@id\":\"https:\/\/portaltela.pt\/noticias\/2026\/03\/17\/crise-financeira-do-fc-porto-de-macau-coloca-a-continuidade-em-risco\/#article\",\"isPartOf\":{\"@id\":\"https:\/\/portaltela.pt\/noticias\/2026\/03\/17\/crise-financeira-do-fc-porto-de-macau-coloca-a-continuidade-em-risco\/\"},\"author\":{\"name\":\"Telinha\",\"@id\":\"https:\/\/portaltela.pt\/#\/schema\/person\/c4278d4a6028830caff9ee44b42d32ed\"},\"headline\":\"Crise financeira do FC Porto de Macau coloca a continuidade em risco\",\"datePublished\":\"2026-03-17T08:41:39+00:00\",\"mainEntityOfPage\":{\"@id\":\"https:\/\/portaltela.pt\/noticias\/2026\/03\/17\/crise-financeira-do-fc-porto-de-macau-coloca-a-continuidade-em-risco\/\"},\"wordCount\":339,\"image\":{\"@id\":\"https:\/\/portaltela.pt\/noticias\/2026\/03\/17\/crise-financeira-do-fc-porto-de-macau-coloca-a-continuidade-em-risco\/#primaryimage\"},\"thumbnailUrl\":\"https:\/\/portaltela.pt\/s.01k8rhncp4jt1\/2026\/03\/img_920x518uu2025-04-10-13-04-12-2355307.jpg\",\"keywords\":[\"despejos\",\"desporto\",\"economia\",\"futebol\",\"Macau\",\"patroc\u00ednio\"],\"articleSection\":[\"Desporto\",\"Futebol\"],\"inLanguage\":\"pt-PT\"},{\"@type\":\"WebPage\",\"@id\":\"https:\/\/portaltela.pt\/noticias\/2026\/03\/17\/crise-financeira-do-fc-porto-de-macau-coloca-a-continuidade-em-risco\/\",\"url\":\"https:\/\/portaltela.pt\/noticias\/2026\/03\/17\/crise-financeira-do-fc-porto-de-macau-coloca-a-continuidade-em-risco\/\",\"name\":\"Crise financeira do FC Porto de Macau coloca a continuidade em risco - Portal Tela Portugal\",\"isPartOf\":{\"@id\":\"https:\/\/portaltela.pt\/#website\"},\"primaryImageOfPage\":{\"@id\":\"https:\/\/portaltela.pt\/noticias\/2026\/03\/17\/crise-financeira-do-fc-porto-de-macau-coloca-a-continuidade-em-risco\/#primaryimage\"},\"image\":{\"@id\":\"https:\/\/portaltela.pt\/noticias\/2026\/03\/17\/crise-financeira-do-fc-porto-de-macau-coloca-a-continuidade-em-risco\/#primaryimage\"},\"thumbnailUrl\":\"https:\/\/portaltela.pt\/s.01k8rhncp4jt1\/2026\/03\/img_920x518uu2025-04-10-13-04-12-2355307.jpg\",\"datePublished\":\"2026-03-17T08:41:39+00:00\",\"author\":{\"@id\":\"https:\/\/portaltela.pt\/#\/schema\/person\/c4278d4a6028830caff9ee44b42d32ed\"},\"breadcrumb\":{\"@id\":\"https:\/\/portaltela.pt\/noticias\/2026\/03\/17\/crise-financeira-do-fc-porto-de-macau-coloca-a-continuidade-em-risco\/#breadcrumb\"},\"inLanguage\":\"pt-PT\",\"potentialAction\":[{\"@type\":\"ReadAction\",\"target\":[\"https:\/\/portaltela.pt\/noticias\/2026\/03\/17\/crise-financeira-do-fc-porto-de-macau-coloca-a-continuidade-em-risco\/\"]}]},{\"@type\":\"ImageObject\",\"inLanguage\":\"pt-PT\",\"@id\":\"https:\/\/portaltela.pt\/noticias\/2026\/03\/17\/crise-financeira-do-fc-porto-de-macau-coloca-a-continuidade-em-risco\/#primaryimage\",\"url\":\"https:\/\/portaltela.pt\/s.01k8rhncp4jt1\/2026\/03\/img_920x518uu2025-04-10-13-04-12-2355307.jpg\",\"contentUrl\":\"https:\/\/portaltela.pt\/s.01k8rhncp4jt1\/2026\/03\/img_920x518uu2025-04-10-13-04-12-2355307.jpg\",\"width\":796,\"height\":448,\"caption\":\"Apenas cerca de dez em mais de 100 s\u00f3cios t\u00eam as quotas em dia na filial do FC Porto em Macau\"},{\"@type\":\"BreadcrumbList\",\"@id\":\"https:\/\/portaltela.pt\/noticias\/2026\/03\/17\/crise-financeira-do-fc-porto-de-macau-coloca-a-continuidade-em-risco\/#breadcrumb\",\"itemListElement\":[{\"@type\":\"ListItem\",\"position\":1,\"name\":\"In\u00edcio\",\"item\":\"https:\/\/portaltela.pt\/\"},{\"@type\":\"ListItem\",\"position\":2,\"name\":\"Crise financeira do FC Porto de Macau coloca a continuidade em risco\"}]},{\"@type\":\"WebSite\",\"@id\":\"https:\/\/portaltela.pt\/#website\",\"url\":\"https:\/\/portaltela.pt\/\",\"name\":\"Portal Tela Portugal\",\"description\":\"\",\"potentialAction\":[{\"@type\":\"SearchAction\",\"target\":{\"@type\":\"EntryPoint\",\"urlTemplate\":\"https:\/\/portaltela.pt\/?s={search_term_string}\"},\"query-input\":{\"@type\":\"PropertyValueSpecification\",\"valueRequired\":true,\"valueName\":\"search_term_string\"}}],\"inLanguage\":\"pt-PT\"},{\"@type\":\"Person\",\"@id\":\"https:\/\/portaltela.pt\/#\/schema\/person\/c4278d4a6028830caff9ee44b42d32ed\",\"name\":\"Telinha\",\"image\":{\"@type\":\"ImageObject\",\"inLanguage\":\"pt-PT\",\"@id\":\"https:\/\/portaltela.pt\/s.01k8rhncp4jt1\/2025\/11\/talking-bot-125x125.png\",\"url\":\"https:\/\/portaltela.pt\/s.01k8rhncp4jt1\/2025\/11\/talking-bot-125x125.png\",\"contentUrl\":\"https:\/\/portaltela.pt\/s.01k8rhncp4jt1\/2025\/11\/talking-bot-125x125.png\",\"caption\":\"Telinha\"},\"sameAs\":[\"https:\/\/portaltela.pt\/\"],\"url\":\"https:\/\/portaltela.pt\/por\/367410592786\/\"}]}<\/script>\n<!-- \/ Yoast SEO plugin. -->","yoast_head_json":{"title":"Crise financeira do FC Porto de Macau coloca a continuidade em risco - Portal Tela Portugal","robots":{"index":"index","follow":"follow","max-snippet":"max-snippet:-1","max-image-preview":"max-image-preview:large","max-video-preview":"max-video-preview:-1"},"og_locale":"pt_PT","og_type":"article","og_title":"Crise financeira do FC Porto de Macau coloca a continuidade em risco - Portal Tela Portugal","og_description":"A filial do FC Porto em Macau enfrenta crise financeira e operacional que pode comprometer a sua continuidade, incluindo o despejo da sede e d\u00edvidas por resolver. A presidente da Casa do FC Porto de Macau \u2013 China, Diana Massada, afirma que a situa\u00e7\u00e3o \u00e9 particularmente dif\u00edcil h\u00e1 cerca de 18 meses. Entre os problemas est\u00e3o a falta de pagamento regular de quotas (apenas cerca de dez de mais de 100 s\u00f3cios em dia), aus\u00eancia de patrocinadores, falhas estruturais na sede arrendada e dificuldades na explora\u00e7\u00e3o da cantina. A dire\u00e7\u00e3o apela aos s\u00f3cios para regularizarem quotas, ajudarem a encontrar patrocinadores e colaborarem em projetos como a Escola de Futebol ou o voleibol juvenil; \u00e9 mencionada a necessidade imediata de liquidar d\u00edvidas vendendo bens da antiga sede. O FC Porto de Macau foi fundado em 2006, j\u00e1 integrou a I Divis\u00e3o, e caiu para a \u00faltima divis\u00e3o em 2012; na regi\u00e3o tamb\u00e9m atuam clubes hom\u00f3logos de grandes portugueses, como Casa do Benfica de Macau e Sporting de Macau.","og_url":"https:\/\/portaltela.pt\/noticias\/2026\/03\/17\/crise-financeira-do-fc-porto-de-macau-coloca-a-continuidade-em-risco\/","og_site_name":"Portal Tela Portugal","article_published_time":"2026-03-17T08:41:39+00:00","author":"Telinha","twitter_card":"summary_large_image","twitter_misc":{"Escrito por":"Telinha","Tempo estimado de leitura":"2 minutos"},"schema":{"@context":"https:\/\/schema.org","@graph":[{"@type":"Article","@id":"https:\/\/portaltela.pt\/noticias\/2026\/03\/17\/crise-financeira-do-fc-porto-de-macau-coloca-a-continuidade-em-risco\/#article","isPartOf":{"@id":"https:\/\/portaltela.pt\/noticias\/2026\/03\/17\/crise-financeira-do-fc-porto-de-macau-coloca-a-continuidade-em-risco\/"},"author":{"name":"Telinha","@id":"https:\/\/portaltela.pt\/#\/schema\/person\/c4278d4a6028830caff9ee44b42d32ed"},"headline":"Crise financeira do FC Porto de Macau coloca a continuidade em risco","datePublished":"2026-03-17T08:41:39+00:00","mainEntityOfPage":{"@id":"https:\/\/portaltela.pt\/noticias\/2026\/03\/17\/crise-financeira-do-fc-porto-de-macau-coloca-a-continuidade-em-risco\/"},"wordCount":339,"image":{"@id":"https:\/\/portaltela.pt\/noticias\/2026\/03\/17\/crise-financeira-do-fc-porto-de-macau-coloca-a-continuidade-em-risco\/#primaryimage"},"thumbnailUrl":"https:\/\/portaltela.pt\/s.01k8rhncp4jt1\/2026\/03\/img_920x518uu2025-04-10-13-04-12-2355307.jpg","keywords":["despejos","desporto","economia","futebol","Macau","patroc\u00ednio"],"articleSection":["Desporto","Futebol"],"inLanguage":"pt-PT"},{"@type":"WebPage","@id":"https:\/\/portaltela.pt\/noticias\/2026\/03\/17\/crise-financeira-do-fc-porto-de-macau-coloca-a-continuidade-em-risco\/","url":"https:\/\/portaltela.pt\/noticias\/2026\/03\/17\/crise-financeira-do-fc-porto-de-macau-coloca-a-continuidade-em-risco\/","name":"Crise financeira do FC Porto de Macau coloca a continuidade em risco - Portal Tela Portugal","isPartOf":{"@id":"https:\/\/portaltela.pt\/#website"},"primaryImageOfPage":{"@id":"https:\/\/portaltela.pt\/noticias\/2026\/03\/17\/crise-financeira-do-fc-porto-de-macau-coloca-a-continuidade-em-risco\/#primaryimage"},"image":{"@id":"https:\/\/portaltela.pt\/noticias\/2026\/03\/17\/crise-financeira-do-fc-porto-de-macau-coloca-a-continuidade-em-risco\/#primaryimage"},"thumbnailUrl":"https:\/\/portaltela.pt\/s.01k8rhncp4jt1\/2026\/03\/img_920x518uu2025-04-10-13-04-12-2355307.jpg","datePublished":"2026-03-17T08:41:39+00:00","author":{"@id":"https:\/\/portaltela.pt\/#\/schema\/person\/c4278d4a6028830caff9ee44b42d32ed"},"breadcrumb":{"@id":"https:\/\/portaltela.pt\/noticias\/2026\/03\/17\/crise-financeira-do-fc-porto-de-macau-coloca-a-continuidade-em-risco\/#breadcrumb"},"inLanguage":"pt-PT","potentialAction":[{"@type":"ReadAction","target":["https:\/\/portaltela.pt\/noticias\/2026\/03\/17\/crise-financeira-do-fc-porto-de-macau-coloca-a-continuidade-em-risco\/"]}]},{"@type":"ImageObject","inLanguage":"pt-PT","@id":"https:\/\/portaltela.pt\/noticias\/2026\/03\/17\/crise-financeira-do-fc-porto-de-macau-coloca-a-continuidade-em-risco\/#primaryimage","url":"https:\/\/portaltela.pt\/s.01k8rhncp4jt1\/2026\/03\/img_920x518uu2025-04-10-13-04-12-2355307.jpg","contentUrl":"https:\/\/portaltela.pt\/s.01k8rhncp4jt1\/2026\/03\/img_920x518uu2025-04-10-13-04-12-2355307.jpg","width":796,"height":448,"caption":"Apenas cerca de dez em mais de 100 s\u00f3cios t\u00eam as quotas em dia na filial do FC Porto em Macau"},{"@type":"BreadcrumbList","@id":"https:\/\/portaltela.pt\/noticias\/2026\/03\/17\/crise-financeira-do-fc-porto-de-macau-coloca-a-continuidade-em-risco\/#breadcrumb","itemListElement":[{"@type":"ListItem","position":1,"name":"In\u00edcio","item":"https:\/\/portaltela.pt\/"},{"@type":"ListItem","position":2,"name":"Crise financeira do FC Porto de Macau coloca a continuidade em risco"}]},{"@type":"WebSite","@id":"https:\/\/portaltela.pt\/#website","url":"https:\/\/portaltela.pt\/","name":"Portal Tela Portugal","description":"","potentialAction":[{"@type":"SearchAction","target":{"@type":"EntryPoint","urlTemplate":"https:\/\/portaltela.pt\/?s={search_term_string}"},"query-input":{"@type":"PropertyValueSpecification","valueRequired":true,"valueName":"search_term_string"}}],"inLanguage":"pt-PT"},{"@type":"Person","@id":"https:\/\/portaltela.pt\/#\/schema\/person\/c4278d4a6028830caff9ee44b42d32ed","name":"Telinha","image":{"@type":"ImageObject","inLanguage":"pt-PT","@id":"https:\/\/portaltela.pt\/s.01k8rhncp4jt1\/2025\/11\/talking-bot-125x125.png","url":"https:\/\/portaltela.pt\/s.01k8rhncp4jt1\/2025\/11\/talking-bot-125x125.png","contentUrl":"https:\/\/portaltela.pt\/s.01k8rhncp4jt1\/2025\/11\/talking-bot-125x125.png","caption":"Telinha"},"sameAs":["https:\/\/portaltela.pt\/"],"url":"https:\/\/portaltela.pt\/por\/367410592786\/"}]}},"_links":{"self":[{"href":"https:\/\/portaltela.pt\/api\/wp\/v2\/posts\/412858","targetHints":{"allow":["GET"]}}],"collection":[{"href":"https:\/\/portaltela.pt\/api\/wp\/v2\/posts"}],"about":[{"href":"https:\/\/portaltela.pt\/api\/wp\/v2\/types\/post"}],"author":[{"embeddable":true,"href":"https:\/\/portaltela.pt\/api\/wp\/v2\/users\/2"}],"replies":[{"embeddable":true,"href":"https:\/\/portaltela.pt\/api\/wp\/v2\/comments?post=412858"}],"version-history":[{"count":0,"href":"https:\/\/portaltela.pt\/api\/wp\/v2\/posts\/412858\/revisions"}],"wp:featuredmedia":[{"embeddable":true,"href":"https:\/\/portaltela.pt\/api\/wp\/v2\/media\/412864"}],"wp:attachment":[{"href":"https:\/\/portaltela.pt\/api\/wp\/v2\/media?parent=412858"}],"wp:term":[{"taxonomy":"category","embeddable":true,"href":"https:\/\/portaltela.pt\/api\/wp\/v2\/categories?post=412858"},{"taxonomy":"post_tag","embeddable":true,"href":"https:\/\/portaltela.pt\/api\/wp\/v2\/tags?post=412858"}],"curies":[{"name":"wp","href":"https:\/\/api.w.org\/{rel}","templated":true}]}}