{"id":412852,"date":"2026-03-17T05:34:14","date_gmt":"2026-03-17T08:34:14","guid":{"rendered":"https:\/\/portaltela.pt\/noticias\/2026\/03\/17\/margarida-maldonado-freitas-primeira-dama-independente-evita-favores\/"},"modified":"2026-03-17T05:34:14","modified_gmt":"2026-03-17T08:34:14","slug":"margarida-maldonado-freitas-primeira-dama-independente-evita-favores","status":"publish","type":"post","link":"https:\/\/portaltela.pt\/sociedade\/2026\/03\/17\/margarida-maldonado-freitas-primeira-dama-independente-evita-favores\/","title":{"rendered":"Margarida Maldonado Freitas: primeira-dama independente evita favores"},"content":{"rendered":"<p>Margarida Maldonado Freitas, farmac\u00eautica de profiss\u00e3o, n\u00e3o ir\u00e1 abdicar da carreira para ser a primeira-dama. Foi acompanhando Ant\u00f3nio Jos\u00e9 Seguro na posse como Presidente da Rep\u00fablica, em Bel\u00e9m, com os dois filhos.<\/p>\n<p>Casados desde 2001, o casal vive nas Caldas da Rainha, onde Margarida gere duas farm\u00e1cias da fam\u00edlia e lidera uma terceira de terceiros propriet\u00e1rios. A liga\u00e7\u00e3o com o partido Socialista \u00e9 antiga.<\/p>\n<p>O av\u00f4 de Margarida, Cust\u00f3dio Maldonado Freitas, era amigo de M\u00e1rio Soares e atuou na luta anti-fascista, refor\u00e7ando a liga\u00e7\u00e3o hist\u00f3rica da fam\u00edlia ao PS.<\/p>\n<p>Perfil descrito por quem a conhece: independente, aut\u00f3noma e pouco dada a protagonismos p\u00fablicos, qualidade que o Presidente real\u00e7ou com orgulho. N\u00e3o gosta de protagonismo na vida p\u00fablica.<\/p>\n<p>Apesar de evitar ru\u00eddos pol\u00edticos, Margarida acompanhou o marido no dia da tomada de posse, ao lado dos dois filhos, num gesto que enfatizou a dimens\u00e3o familiar da nova etapa institucional.<\/p>\n<p>Enquanto a vida privada dos l\u00edderes \u00e9 amplamente escrutinada, tudo indica que Margarida prefere manter a rotina e a independ\u00eancia, participando apenas em fun\u00e7\u00f5es institucionais que o exijam.<\/p>\n","protected":false},"excerpt":{"rendered":"<ul>\n<li>Margarida Maldonado Freitas, farmac\u00eautica, n\u00e3o abdica da sua carreira mesmo com Ant\u00f3nio Jos\u00e9 Seguro a assumir a Presid\u00eancia.<\/li>\n<li>O casal vive nas Caldas da Rainha, onde ela gere duas farm\u00e1cias da fam\u00edlia e dirige uma terceira pertencente a terceiros.<\/li>\n<li>S\u00e3o casados desde 2001 e t\u00eam dois filhos, Maria e Ant\u00f3nio; a fam\u00edlia est\u00e1 ligada ao Partido Socialista.<\/li>\n<li>\u00c9 descrita como independente, aut\u00f3noma e pouco dada a protagonismos p\u00fablicos, preferindo manter a rotina e a privacidade.<\/li>\n<li>Acompanhou o marido na cerim\u00f3nia de posse, com os filhos, mas pretende manter a vida pessoal fora dos holofotes, aparecendo apenas em momentos institucionais.<\/li>\n<\/ul>\n","protected":false},"author":2,"featured_media":412859,"comment_status":"closed","ping_status":"closed","sticky":false,"template":"","format":"standard","meta":{"footnotes":""},"categories":[1,6871],"tags":[1672,64,3664,6414,2701,3676],"class_list":["post-412852","post","type-post","status-publish","format-standard","has-post-thumbnail","hentry","category-noticias","category-sociedade","tag-caldas-da-rainha","tag-familia","tag-farmacias","tag-independencia-institucional","tag-mulheres","tag-partido-socialista"],"yoast_head":"<!-- This site is optimized with the Yoast SEO plugin v27.2 - https:\/\/yoast.com\/product\/yoast-seo-wordpress\/ -->\n<title>Margarida Maldonado Freitas: primeira-dama independente evita favores - Portal Tela Portugal<\/title>\n<meta name=\"robots\" content=\"index, follow, max-snippet:-1, max-image-preview:large, max-video-preview:-1\" \/>\n<meta property=\"og:locale\" content=\"pt_PT\" \/>\n<meta property=\"og:type\" content=\"article\" \/>\n<meta property=\"og:title\" content=\"Margarida Maldonado Freitas: primeira-dama independente evita favores - Portal Tela Portugal\" \/>\n<meta property=\"og:description\" content=\"Margarida Maldonado Freitas, farmac\u00eautica, n\u00e3o abdica da sua carreira mesmo com Ant\u00f3nio Jos\u00e9 Seguro a assumir a Presid\u00eancia. O casal vive nas Caldas da Rainha, onde ela gere duas farm\u00e1cias da fam\u00edlia e dirige uma terceira pertencente a terceiros. S\u00e3o casados desde 2001 e t\u00eam dois filhos, Maria e Ant\u00f3nio; a fam\u00edlia est\u00e1 ligada ao Partido Socialista. \u00c9 descrita como independente, aut\u00f3noma e pouco dada a protagonismos p\u00fablicos, preferindo manter a rotina e a privacidade. Acompanhou o marido na cerim\u00f3nia de posse, com os filhos, mas pretende manter a vida pessoal fora dos holofotes, aparecendo apenas em momentos institucionais.\" \/>\n<meta property=\"og:url\" content=\"https:\/\/portaltela.pt\/noticias\/2026\/03\/17\/margarida-maldonado-freitas-primeira-dama-independente-evita-favores\/\" \/>\n<meta property=\"og:site_name\" content=\"Portal Tela Portugal\" \/>\n<meta property=\"article:published_time\" content=\"2026-03-17T08:34:14+00:00\" \/>\n<meta name=\"author\" content=\"Telinha\" \/>\n<meta name=\"twitter:card\" content=\"summary_large_image\" \/>\n<meta name=\"twitter:label1\" content=\"Escrito por\" \/>\n\t<meta name=\"twitter:data1\" content=\"Telinha\" \/>\n\t<meta name=\"twitter:label2\" content=\"Tempo estimado de leitura\" \/>\n\t<meta name=\"twitter:data2\" content=\"1 minuto\" \/>\n<script type=\"application\/ld+json\" class=\"yoast-schema-graph\">{\"@context\":\"https:\/\/schema.org\",\"@graph\":[{\"@type\":\"Article\",\"@id\":\"https:\/\/portaltela.pt\/noticias\/2026\/03\/17\/margarida-maldonado-freitas-primeira-dama-independente-evita-favores\/#article\",\"isPartOf\":{\"@id\":\"https:\/\/portaltela.pt\/noticias\/2026\/03\/17\/margarida-maldonado-freitas-primeira-dama-independente-evita-favores\/\"},\"author\":{\"name\":\"Telinha\",\"@id\":\"https:\/\/portaltela.pt\/#\/schema\/person\/c4278d4a6028830caff9ee44b42d32ed\"},\"headline\":\"Margarida Maldonado Freitas: primeira-dama independente evita favores\",\"datePublished\":\"2026-03-17T08:34:14+00:00\",\"mainEntityOfPage\":{\"@id\":\"https:\/\/portaltela.pt\/noticias\/2026\/03\/17\/margarida-maldonado-freitas-primeira-dama-independente-evita-favores\/\"},\"wordCount\":207,\"image\":{\"@id\":\"https:\/\/portaltela.pt\/noticias\/2026\/03\/17\/margarida-maldonado-freitas-primeira-dama-independente-evita-favores\/#primaryimage\"},\"thumbnailUrl\":\"https:\/\/portaltela.pt\/s.01k8rhncp4jt1\/2026\/03\/img_1280x718uu2026-03-10-11-21-18-2271504.jpg\",\"keywords\":[\"Caldas da Rainha\",\"fam\u00edlia\",\"farm\u00e1cias\",\"independ\u00eancia institucional\",\"Mulheres\",\"Partido Socialista\"],\"articleSection\":[\"Not\u00edcias\",\"Sociedade\"],\"inLanguage\":\"pt-PT\"},{\"@type\":\"WebPage\",\"@id\":\"https:\/\/portaltela.pt\/noticias\/2026\/03\/17\/margarida-maldonado-freitas-primeira-dama-independente-evita-favores\/\",\"url\":\"https:\/\/portaltela.pt\/noticias\/2026\/03\/17\/margarida-maldonado-freitas-primeira-dama-independente-evita-favores\/\",\"name\":\"Margarida Maldonado Freitas: primeira-dama independente evita favores - Portal Tela Portugal\",\"isPartOf\":{\"@id\":\"https:\/\/portaltela.pt\/#website\"},\"primaryImageOfPage\":{\"@id\":\"https:\/\/portaltela.pt\/noticias\/2026\/03\/17\/margarida-maldonado-freitas-primeira-dama-independente-evita-favores\/#primaryimage\"},\"image\":{\"@id\":\"https:\/\/portaltela.pt\/noticias\/2026\/03\/17\/margarida-maldonado-freitas-primeira-dama-independente-evita-favores\/#primaryimage\"},\"thumbnailUrl\":\"https:\/\/portaltela.pt\/s.01k8rhncp4jt1\/2026\/03\/img_1280x718uu2026-03-10-11-21-18-2271504.jpg\",\"datePublished\":\"2026-03-17T08:34:14+00:00\",\"author\":{\"@id\":\"https:\/\/portaltela.pt\/#\/schema\/person\/c4278d4a6028830caff9ee44b42d32ed\"},\"breadcrumb\":{\"@id\":\"https:\/\/portaltela.pt\/noticias\/2026\/03\/17\/margarida-maldonado-freitas-primeira-dama-independente-evita-favores\/#breadcrumb\"},\"inLanguage\":\"pt-PT\",\"potentialAction\":[{\"@type\":\"ReadAction\",\"target\":[\"https:\/\/portaltela.pt\/noticias\/2026\/03\/17\/margarida-maldonado-freitas-primeira-dama-independente-evita-favores\/\"]}]},{\"@type\":\"ImageObject\",\"inLanguage\":\"pt-PT\",\"@id\":\"https:\/\/portaltela.pt\/noticias\/2026\/03\/17\/margarida-maldonado-freitas-primeira-dama-independente-evita-favores\/#primaryimage\",\"url\":\"https:\/\/portaltela.pt\/s.01k8rhncp4jt1\/2026\/03\/img_1280x718uu2026-03-10-11-21-18-2271504.jpg\",\"contentUrl\":\"https:\/\/portaltela.pt\/s.01k8rhncp4jt1\/2026\/03\/img_1280x718uu2026-03-10-11-21-18-2271504.jpg\",\"width\":796,\"height\":448,\"caption\":\"Ant\u00f3nio Jos\u00e9 Seguro e a fam\u00edlia\"},{\"@type\":\"BreadcrumbList\",\"@id\":\"https:\/\/portaltela.pt\/noticias\/2026\/03\/17\/margarida-maldonado-freitas-primeira-dama-independente-evita-favores\/#breadcrumb\",\"itemListElement\":[{\"@type\":\"ListItem\",\"position\":1,\"name\":\"In\u00edcio\",\"item\":\"https:\/\/portaltela.pt\/\"},{\"@type\":\"ListItem\",\"position\":2,\"name\":\"Margarida Maldonado Freitas: primeira-dama independente evita favores\"}]},{\"@type\":\"WebSite\",\"@id\":\"https:\/\/portaltela.pt\/#website\",\"url\":\"https:\/\/portaltela.pt\/\",\"name\":\"Portal Tela Portugal\",\"description\":\"\",\"potentialAction\":[{\"@type\":\"SearchAction\",\"target\":{\"@type\":\"EntryPoint\",\"urlTemplate\":\"https:\/\/portaltela.pt\/?s={search_term_string}\"},\"query-input\":{\"@type\":\"PropertyValueSpecification\",\"valueRequired\":true,\"valueName\":\"search_term_string\"}}],\"inLanguage\":\"pt-PT\"},{\"@type\":\"Person\",\"@id\":\"https:\/\/portaltela.pt\/#\/schema\/person\/c4278d4a6028830caff9ee44b42d32ed\",\"name\":\"Telinha\",\"image\":{\"@type\":\"ImageObject\",\"inLanguage\":\"pt-PT\",\"@id\":\"https:\/\/portaltela.pt\/s.01k8rhncp4jt1\/2025\/11\/talking-bot-125x125.png\",\"url\":\"https:\/\/portaltela.pt\/s.01k8rhncp4jt1\/2025\/11\/talking-bot-125x125.png\",\"contentUrl\":\"https:\/\/portaltela.pt\/s.01k8rhncp4jt1\/2025\/11\/talking-bot-125x125.png\",\"caption\":\"Telinha\"},\"sameAs\":[\"https:\/\/portaltela.pt\/\"],\"url\":\"https:\/\/portaltela.pt\/por\/367410592786\/\"}]}<\/script>\n<!-- \/ Yoast SEO plugin. -->","yoast_head_json":{"title":"Margarida Maldonado Freitas: primeira-dama independente evita favores - Portal Tela Portugal","robots":{"index":"index","follow":"follow","max-snippet":"max-snippet:-1","max-image-preview":"max-image-preview:large","max-video-preview":"max-video-preview:-1"},"og_locale":"pt_PT","og_type":"article","og_title":"Margarida Maldonado Freitas: primeira-dama independente evita favores - Portal Tela Portugal","og_description":"Margarida Maldonado Freitas, farmac\u00eautica, n\u00e3o abdica da sua carreira mesmo com Ant\u00f3nio Jos\u00e9 Seguro a assumir a Presid\u00eancia. O casal vive nas Caldas da Rainha, onde ela gere duas farm\u00e1cias da fam\u00edlia e dirige uma terceira pertencente a terceiros. S\u00e3o casados desde 2001 e t\u00eam dois filhos, Maria e Ant\u00f3nio; a fam\u00edlia est\u00e1 ligada ao Partido Socialista. \u00c9 descrita como independente, aut\u00f3noma e pouco dada a protagonismos p\u00fablicos, preferindo manter a rotina e a privacidade. Acompanhou o marido na cerim\u00f3nia de posse, com os filhos, mas pretende manter a vida pessoal fora dos holofotes, aparecendo apenas em momentos institucionais.","og_url":"https:\/\/portaltela.pt\/noticias\/2026\/03\/17\/margarida-maldonado-freitas-primeira-dama-independente-evita-favores\/","og_site_name":"Portal Tela Portugal","article_published_time":"2026-03-17T08:34:14+00:00","author":"Telinha","twitter_card":"summary_large_image","twitter_misc":{"Escrito por":"Telinha","Tempo estimado de leitura":"1 minuto"},"schema":{"@context":"https:\/\/schema.org","@graph":[{"@type":"Article","@id":"https:\/\/portaltela.pt\/noticias\/2026\/03\/17\/margarida-maldonado-freitas-primeira-dama-independente-evita-favores\/#article","isPartOf":{"@id":"https:\/\/portaltela.pt\/noticias\/2026\/03\/17\/margarida-maldonado-freitas-primeira-dama-independente-evita-favores\/"},"author":{"name":"Telinha","@id":"https:\/\/portaltela.pt\/#\/schema\/person\/c4278d4a6028830caff9ee44b42d32ed"},"headline":"Margarida Maldonado Freitas: primeira-dama independente evita favores","datePublished":"2026-03-17T08:34:14+00:00","mainEntityOfPage":{"@id":"https:\/\/portaltela.pt\/noticias\/2026\/03\/17\/margarida-maldonado-freitas-primeira-dama-independente-evita-favores\/"},"wordCount":207,"image":{"@id":"https:\/\/portaltela.pt\/noticias\/2026\/03\/17\/margarida-maldonado-freitas-primeira-dama-independente-evita-favores\/#primaryimage"},"thumbnailUrl":"https:\/\/portaltela.pt\/s.01k8rhncp4jt1\/2026\/03\/img_1280x718uu2026-03-10-11-21-18-2271504.jpg","keywords":["Caldas da Rainha","fam\u00edlia","farm\u00e1cias","independ\u00eancia institucional","Mulheres","Partido Socialista"],"articleSection":["Not\u00edcias","Sociedade"],"inLanguage":"pt-PT"},{"@type":"WebPage","@id":"https:\/\/portaltela.pt\/noticias\/2026\/03\/17\/margarida-maldonado-freitas-primeira-dama-independente-evita-favores\/","url":"https:\/\/portaltela.pt\/noticias\/2026\/03\/17\/margarida-maldonado-freitas-primeira-dama-independente-evita-favores\/","name":"Margarida Maldonado Freitas: primeira-dama independente evita favores - Portal Tela Portugal","isPartOf":{"@id":"https:\/\/portaltela.pt\/#website"},"primaryImageOfPage":{"@id":"https:\/\/portaltela.pt\/noticias\/2026\/03\/17\/margarida-maldonado-freitas-primeira-dama-independente-evita-favores\/#primaryimage"},"image":{"@id":"https:\/\/portaltela.pt\/noticias\/2026\/03\/17\/margarida-maldonado-freitas-primeira-dama-independente-evita-favores\/#primaryimage"},"thumbnailUrl":"https:\/\/portaltela.pt\/s.01k8rhncp4jt1\/2026\/03\/img_1280x718uu2026-03-10-11-21-18-2271504.jpg","datePublished":"2026-03-17T08:34:14+00:00","author":{"@id":"https:\/\/portaltela.pt\/#\/schema\/person\/c4278d4a6028830caff9ee44b42d32ed"},"breadcrumb":{"@id":"https:\/\/portaltela.pt\/noticias\/2026\/03\/17\/margarida-maldonado-freitas-primeira-dama-independente-evita-favores\/#breadcrumb"},"inLanguage":"pt-PT","potentialAction":[{"@type":"ReadAction","target":["https:\/\/portaltela.pt\/noticias\/2026\/03\/17\/margarida-maldonado-freitas-primeira-dama-independente-evita-favores\/"]}]},{"@type":"ImageObject","inLanguage":"pt-PT","@id":"https:\/\/portaltela.pt\/noticias\/2026\/03\/17\/margarida-maldonado-freitas-primeira-dama-independente-evita-favores\/#primaryimage","url":"https:\/\/portaltela.pt\/s.01k8rhncp4jt1\/2026\/03\/img_1280x718uu2026-03-10-11-21-18-2271504.jpg","contentUrl":"https:\/\/portaltela.pt\/s.01k8rhncp4jt1\/2026\/03\/img_1280x718uu2026-03-10-11-21-18-2271504.jpg","width":796,"height":448,"caption":"Ant\u00f3nio Jos\u00e9 Seguro e a fam\u00edlia"},{"@type":"BreadcrumbList","@id":"https:\/\/portaltela.pt\/noticias\/2026\/03\/17\/margarida-maldonado-freitas-primeira-dama-independente-evita-favores\/#breadcrumb","itemListElement":[{"@type":"ListItem","position":1,"name":"In\u00edcio","item":"https:\/\/portaltela.pt\/"},{"@type":"ListItem","position":2,"name":"Margarida Maldonado Freitas: primeira-dama independente evita favores"}]},{"@type":"WebSite","@id":"https:\/\/portaltela.pt\/#website","url":"https:\/\/portaltela.pt\/","name":"Portal Tela Portugal","description":"","potentialAction":[{"@type":"SearchAction","target":{"@type":"EntryPoint","urlTemplate":"https:\/\/portaltela.pt\/?s={search_term_string}"},"query-input":{"@type":"PropertyValueSpecification","valueRequired":true,"valueName":"search_term_string"}}],"inLanguage":"pt-PT"},{"@type":"Person","@id":"https:\/\/portaltela.pt\/#\/schema\/person\/c4278d4a6028830caff9ee44b42d32ed","name":"Telinha","image":{"@type":"ImageObject","inLanguage":"pt-PT","@id":"https:\/\/portaltela.pt\/s.01k8rhncp4jt1\/2025\/11\/talking-bot-125x125.png","url":"https:\/\/portaltela.pt\/s.01k8rhncp4jt1\/2025\/11\/talking-bot-125x125.png","contentUrl":"https:\/\/portaltela.pt\/s.01k8rhncp4jt1\/2025\/11\/talking-bot-125x125.png","caption":"Telinha"},"sameAs":["https:\/\/portaltela.pt\/"],"url":"https:\/\/portaltela.pt\/por\/367410592786\/"}]}},"_links":{"self":[{"href":"https:\/\/portaltela.pt\/api\/wp\/v2\/posts\/412852","targetHints":{"allow":["GET"]}}],"collection":[{"href":"https:\/\/portaltela.pt\/api\/wp\/v2\/posts"}],"about":[{"href":"https:\/\/portaltela.pt\/api\/wp\/v2\/types\/post"}],"author":[{"embeddable":true,"href":"https:\/\/portaltela.pt\/api\/wp\/v2\/users\/2"}],"replies":[{"embeddable":true,"href":"https:\/\/portaltela.pt\/api\/wp\/v2\/comments?post=412852"}],"version-history":[{"count":0,"href":"https:\/\/portaltela.pt\/api\/wp\/v2\/posts\/412852\/revisions"}],"wp:featuredmedia":[{"embeddable":true,"href":"https:\/\/portaltela.pt\/api\/wp\/v2\/media\/412859"}],"wp:attachment":[{"href":"https:\/\/portaltela.pt\/api\/wp\/v2\/media?parent=412852"}],"wp:term":[{"taxonomy":"category","embeddable":true,"href":"https:\/\/portaltela.pt\/api\/wp\/v2\/categories?post=412852"},{"taxonomy":"post_tag","embeddable":true,"href":"https:\/\/portaltela.pt\/api\/wp\/v2\/tags?post=412852"}],"curies":[{"name":"wp","href":"https:\/\/api.w.org\/{rel}","templated":true}]}}