{"id":412849,"date":"2026-03-17T05:30:00","date_gmt":"2026-03-17T08:30:00","guid":{"rendered":"https:\/\/portaltela.pt\/noticias\/2026\/03\/17\/myke-towers-e-confirmado-no-festival-mares-2026\/"},"modified":"2026-03-17T05:30:00","modified_gmt":"2026-03-17T08:30:00","slug":"myke-towers-e-confirmado-no-festival-mares-2026","status":"publish","type":"post","link":"https:\/\/portaltela.pt\/musica\/2026\/03\/17\/myke-towers-e-confirmado-no-festival-mares-2026\/","title":{"rendered":"Myke Towers \u00e9 confirmado no festival Mar\u00e9s 2026"},"content":{"rendered":"<p>Myke Towers est\u00e1 confirmado na edi\u00e7\u00e3o 2026 do Mar\u00e9s, em Le\u00e7a da Palmeira. O artista porto-riquenho atua no dia 17 de julho, dando in\u00edcio ao festival deste ano. A confirma\u00e7\u00e3o chega poucos meses antes do evento, que decorre de 17 a 19 de julho.<\/p>\n<p>Towers mistura rap, trap e reggaeton, tendo conquistado plataformas digitais e palcos internacionais. Entre os temas que marcaram a viralidade est\u00e3o Lala, La Playa, Diosa e La Falda.<\/p>\n<p>O \u00e1lbum La Pantera Negra, lan\u00e7ado em 2024, refor\u00e7ou a presen\u00e7a do artista no mercado global, com colabora\u00e7\u00f5es com Bad Bunny e o single Adivino, em parceria com o mesmo artista porto-riquenho.<\/p>\n<h3>Cartaz e novidades<\/h3>\n<p>Da Weasel e Plutonio integram o cartaz do primeiro dia do Mar\u00e9s 2026. Da parte de Rui Massena, a banda vai apresentar um espet\u00e1culo especial com orquestra, marcando a abertura de uma nova fase do festival. O evento acontece pela primeira vez num espa\u00e7o em Le\u00e7a da Palmeira.<\/p>\n<p>O Mar\u00e9s 2026 mant\u00e9m a organiza\u00e7\u00e3o habitual, com a promessa de uma programa\u00e7\u00e3o diversificada e de qualidade, mantendo o foco no cruzamento entre estilos urbanos e bandas portuguesas. A edi\u00e7\u00e3o destaca tamb\u00e9m a aposta em palcos ao ar livre com produ\u00e7\u00e3o local.<\/p>\n<h3>Bilhetes<\/h3>\n<p>Os bilhetes di\u00e1rios custam 50 euros e os passes gerais 100 euros. A organiza\u00e7\u00e3o mant\u00e9m bilhetes acess\u00edveis para facilitar a presen\u00e7a do p\u00fablico nas tr\u00eas jornadas. Em breve devem abrir as vendas oficiais e disponibilizar informa\u00e7\u00f5es adicionais sobre hor\u00e1rios.<\/p>\n","protected":false},"excerpt":{"rendered":"<ul>\n<li>Myke Towers est\u00e1 confirmado no Mar\u00e9s 2026, em Le\u00e7a da Palmeira, para atuar a 17 de julho.<\/li>\n<li>O artista porto-riquenho mistura rap, trap e reggaeton, com temas virais como Lala, La Playa, Diosa e La Falda, que lideram as listas globais.<\/li>\n<li>O \u00e1lbum La Pantera Negra (2024) traz colabora\u00e7\u00f5es com Bad Bunny e o single Adivino, lan\u00e7ado em parceria com o artista porto-riquenho.<\/li>\n<li>Ganhou o pr\u00e9mio New Artist of the Year nos Billboard Latin Music Awards em 2021 e contou com v\u00e1rias nomea\u00e7\u00f5es em pr\u00e9mios internacionais.<\/li>\n<li>O cartaz do primeiro dia j\u00e1 inclui Da Weasel (com espet\u00e1culo orquestrado por Rui Massena) e Plutonio; o Mar\u00e9s decorre de 17 a 19 de julho, com um espa\u00e7o novo em Le\u00e7a da Palmeira; bilhetes di\u00e1rios custam 50 euros e passes gerais 100 euros.<\/li>\n<\/ul>\n","protected":false},"author":2,"featured_media":412857,"comment_status":"closed","ping_status":"closed","sticky":false,"template":"","format":"standard","meta":{"footnotes":""},"categories":[6676],"tags":[5064,4892,3674,122,5062,1014],"class_list":["post-412849","post","type-post","status-publish","format-standard","has-post-thumbnail","hentry","category-musica","tag-artistas-internacionais","tag-conciertos","tag-festival","tag-musica","tag-musica-urbana","tag-portugal"],"yoast_head":"<!-- This site is optimized with the Yoast SEO plugin v27.2 - https:\/\/yoast.com\/product\/yoast-seo-wordpress\/ -->\n<title>Myke Towers \u00e9 confirmado no festival Mar\u00e9s 2026 - Portal Tela Portugal<\/title>\n<meta name=\"robots\" content=\"index, follow, max-snippet:-1, max-image-preview:large, max-video-preview:-1\" \/>\n<meta property=\"og:locale\" content=\"pt_PT\" \/>\n<meta property=\"og:type\" content=\"article\" \/>\n<meta property=\"og:title\" content=\"Myke Towers \u00e9 confirmado no festival Mar\u00e9s 2026 - Portal Tela Portugal\" \/>\n<meta property=\"og:description\" content=\"Myke Towers est\u00e1 confirmado no Mar\u00e9s 2026, em Le\u00e7a da Palmeira, para atuar a 17 de julho. O artista porto-riquenho mistura rap, trap e reggaeton, com temas virais como Lala, La Playa, Diosa e La Falda, que lideram as listas globais. O \u00e1lbum La Pantera Negra (2024) traz colabora\u00e7\u00f5es com Bad Bunny e o single Adivino, lan\u00e7ado em parceria com o artista porto-riquenho. Ganhou o pr\u00e9mio New Artist of the Year nos Billboard Latin Music Awards em 2021 e contou com v\u00e1rias nomea\u00e7\u00f5es em pr\u00e9mios internacionais. O cartaz do primeiro dia j\u00e1 inclui Da Weasel (com espet\u00e1culo orquestrado por Rui Massena) e Plutonio; o Mar\u00e9s decorre de 17 a 19 de julho, com um espa\u00e7o novo em Le\u00e7a da Palmeira; bilhetes di\u00e1rios custam 50 euros e passes gerais 100 euros.\" \/>\n<meta property=\"og:url\" content=\"https:\/\/portaltela.pt\/noticias\/2026\/03\/17\/myke-towers-e-confirmado-no-festival-mares-2026\/\" \/>\n<meta property=\"og:site_name\" content=\"Portal Tela Portugal\" \/>\n<meta property=\"article:published_time\" content=\"2026-03-17T08:30:00+00:00\" \/>\n<meta name=\"author\" content=\"Telinha\" \/>\n<meta name=\"twitter:card\" content=\"summary_large_image\" \/>\n<meta name=\"twitter:label1\" content=\"Escrito por\" \/>\n\t<meta name=\"twitter:data1\" content=\"Telinha\" \/>\n\t<meta name=\"twitter:label2\" content=\"Tempo estimado de leitura\" \/>\n\t<meta name=\"twitter:data2\" content=\"1 minuto\" \/>\n<script type=\"application\/ld+json\" class=\"yoast-schema-graph\">{\"@context\":\"https:\/\/schema.org\",\"@graph\":[{\"@type\":\"Article\",\"@id\":\"https:\/\/portaltela.pt\/noticias\/2026\/03\/17\/myke-towers-e-confirmado-no-festival-mares-2026\/#article\",\"isPartOf\":{\"@id\":\"https:\/\/portaltela.pt\/noticias\/2026\/03\/17\/myke-towers-e-confirmado-no-festival-mares-2026\/\"},\"author\":{\"name\":\"Telinha\",\"@id\":\"https:\/\/portaltela.pt\/#\/schema\/person\/c4278d4a6028830caff9ee44b42d32ed\"},\"headline\":\"Myke Towers \u00e9 confirmado no festival Mar\u00e9s 2026\",\"datePublished\":\"2026-03-17T08:30:00+00:00\",\"mainEntityOfPage\":{\"@id\":\"https:\/\/portaltela.pt\/noticias\/2026\/03\/17\/myke-towers-e-confirmado-no-festival-mares-2026\/\"},\"wordCount\":265,\"image\":{\"@id\":\"https:\/\/portaltela.pt\/noticias\/2026\/03\/17\/myke-towers-e-confirmado-no-festival-mares-2026\/#primaryimage\"},\"thumbnailUrl\":\"https:\/\/portaltela.pt\/s.01k8rhncp4jt1\/2026\/03\/image-1097.jpg\",\"keywords\":[\"artistas internacionais\",\"conciertos\",\"festival\",\"m\u00fasica\",\"m\u00fasica urbana\",\"Portugal\"],\"articleSection\":[\"M\u00fasica\"],\"inLanguage\":\"pt-PT\"},{\"@type\":\"WebPage\",\"@id\":\"https:\/\/portaltela.pt\/noticias\/2026\/03\/17\/myke-towers-e-confirmado-no-festival-mares-2026\/\",\"url\":\"https:\/\/portaltela.pt\/noticias\/2026\/03\/17\/myke-towers-e-confirmado-no-festival-mares-2026\/\",\"name\":\"Myke Towers \u00e9 confirmado no festival Mar\u00e9s 2026 - Portal Tela Portugal\",\"isPartOf\":{\"@id\":\"https:\/\/portaltela.pt\/#website\"},\"primaryImageOfPage\":{\"@id\":\"https:\/\/portaltela.pt\/noticias\/2026\/03\/17\/myke-towers-e-confirmado-no-festival-mares-2026\/#primaryimage\"},\"image\":{\"@id\":\"https:\/\/portaltela.pt\/noticias\/2026\/03\/17\/myke-towers-e-confirmado-no-festival-mares-2026\/#primaryimage\"},\"thumbnailUrl\":\"https:\/\/portaltela.pt\/s.01k8rhncp4jt1\/2026\/03\/image-1097.jpg\",\"datePublished\":\"2026-03-17T08:30:00+00:00\",\"author\":{\"@id\":\"https:\/\/portaltela.pt\/#\/schema\/person\/c4278d4a6028830caff9ee44b42d32ed\"},\"breadcrumb\":{\"@id\":\"https:\/\/portaltela.pt\/noticias\/2026\/03\/17\/myke-towers-e-confirmado-no-festival-mares-2026\/#breadcrumb\"},\"inLanguage\":\"pt-PT\",\"potentialAction\":[{\"@type\":\"ReadAction\",\"target\":[\"https:\/\/portaltela.pt\/noticias\/2026\/03\/17\/myke-towers-e-confirmado-no-festival-mares-2026\/\"]}]},{\"@type\":\"ImageObject\",\"inLanguage\":\"pt-PT\",\"@id\":\"https:\/\/portaltela.pt\/noticias\/2026\/03\/17\/myke-towers-e-confirmado-no-festival-mares-2026\/#primaryimage\",\"url\":\"https:\/\/portaltela.pt\/s.01k8rhncp4jt1\/2026\/03\/image-1097.jpg\",\"contentUrl\":\"https:\/\/portaltela.pt\/s.01k8rhncp4jt1\/2026\/03\/image-1097.jpg\",\"width\":796,\"height\":448,\"caption\":\"Artista porto-riquenho vai atuar pela primeira vez no Mar\u00e9s\"},{\"@type\":\"BreadcrumbList\",\"@id\":\"https:\/\/portaltela.pt\/noticias\/2026\/03\/17\/myke-towers-e-confirmado-no-festival-mares-2026\/#breadcrumb\",\"itemListElement\":[{\"@type\":\"ListItem\",\"position\":1,\"name\":\"In\u00edcio\",\"item\":\"https:\/\/portaltela.pt\/\"},{\"@type\":\"ListItem\",\"position\":2,\"name\":\"Myke Towers \u00e9 confirmado no festival Mar\u00e9s 2026\"}]},{\"@type\":\"WebSite\",\"@id\":\"https:\/\/portaltela.pt\/#website\",\"url\":\"https:\/\/portaltela.pt\/\",\"name\":\"Portal Tela Portugal\",\"description\":\"\",\"potentialAction\":[{\"@type\":\"SearchAction\",\"target\":{\"@type\":\"EntryPoint\",\"urlTemplate\":\"https:\/\/portaltela.pt\/?s={search_term_string}\"},\"query-input\":{\"@type\":\"PropertyValueSpecification\",\"valueRequired\":true,\"valueName\":\"search_term_string\"}}],\"inLanguage\":\"pt-PT\"},{\"@type\":\"Person\",\"@id\":\"https:\/\/portaltela.pt\/#\/schema\/person\/c4278d4a6028830caff9ee44b42d32ed\",\"name\":\"Telinha\",\"image\":{\"@type\":\"ImageObject\",\"inLanguage\":\"pt-PT\",\"@id\":\"https:\/\/portaltela.pt\/s.01k8rhncp4jt1\/2025\/11\/talking-bot-125x125.png\",\"url\":\"https:\/\/portaltela.pt\/s.01k8rhncp4jt1\/2025\/11\/talking-bot-125x125.png\",\"contentUrl\":\"https:\/\/portaltela.pt\/s.01k8rhncp4jt1\/2025\/11\/talking-bot-125x125.png\",\"caption\":\"Telinha\"},\"sameAs\":[\"https:\/\/portaltela.pt\/\"],\"url\":\"https:\/\/portaltela.pt\/por\/367410592786\/\"}]}<\/script>\n<!-- \/ Yoast SEO plugin. -->","yoast_head_json":{"title":"Myke Towers \u00e9 confirmado no festival Mar\u00e9s 2026 - Portal Tela Portugal","robots":{"index":"index","follow":"follow","max-snippet":"max-snippet:-1","max-image-preview":"max-image-preview:large","max-video-preview":"max-video-preview:-1"},"og_locale":"pt_PT","og_type":"article","og_title":"Myke Towers \u00e9 confirmado no festival Mar\u00e9s 2026 - Portal Tela Portugal","og_description":"Myke Towers est\u00e1 confirmado no Mar\u00e9s 2026, em Le\u00e7a da Palmeira, para atuar a 17 de julho. O artista porto-riquenho mistura rap, trap e reggaeton, com temas virais como Lala, La Playa, Diosa e La Falda, que lideram as listas globais. O \u00e1lbum La Pantera Negra (2024) traz colabora\u00e7\u00f5es com Bad Bunny e o single Adivino, lan\u00e7ado em parceria com o artista porto-riquenho. Ganhou o pr\u00e9mio New Artist of the Year nos Billboard Latin Music Awards em 2021 e contou com v\u00e1rias nomea\u00e7\u00f5es em pr\u00e9mios internacionais. O cartaz do primeiro dia j\u00e1 inclui Da Weasel (com espet\u00e1culo orquestrado por Rui Massena) e Plutonio; o Mar\u00e9s decorre de 17 a 19 de julho, com um espa\u00e7o novo em Le\u00e7a da Palmeira; bilhetes di\u00e1rios custam 50 euros e passes gerais 100 euros.","og_url":"https:\/\/portaltela.pt\/noticias\/2026\/03\/17\/myke-towers-e-confirmado-no-festival-mares-2026\/","og_site_name":"Portal Tela Portugal","article_published_time":"2026-03-17T08:30:00+00:00","author":"Telinha","twitter_card":"summary_large_image","twitter_misc":{"Escrito por":"Telinha","Tempo estimado de leitura":"1 minuto"},"schema":{"@context":"https:\/\/schema.org","@graph":[{"@type":"Article","@id":"https:\/\/portaltela.pt\/noticias\/2026\/03\/17\/myke-towers-e-confirmado-no-festival-mares-2026\/#article","isPartOf":{"@id":"https:\/\/portaltela.pt\/noticias\/2026\/03\/17\/myke-towers-e-confirmado-no-festival-mares-2026\/"},"author":{"name":"Telinha","@id":"https:\/\/portaltela.pt\/#\/schema\/person\/c4278d4a6028830caff9ee44b42d32ed"},"headline":"Myke Towers \u00e9 confirmado no festival Mar\u00e9s 2026","datePublished":"2026-03-17T08:30:00+00:00","mainEntityOfPage":{"@id":"https:\/\/portaltela.pt\/noticias\/2026\/03\/17\/myke-towers-e-confirmado-no-festival-mares-2026\/"},"wordCount":265,"image":{"@id":"https:\/\/portaltela.pt\/noticias\/2026\/03\/17\/myke-towers-e-confirmado-no-festival-mares-2026\/#primaryimage"},"thumbnailUrl":"https:\/\/portaltela.pt\/s.01k8rhncp4jt1\/2026\/03\/image-1097.jpg","keywords":["artistas internacionais","conciertos","festival","m\u00fasica","m\u00fasica urbana","Portugal"],"articleSection":["M\u00fasica"],"inLanguage":"pt-PT"},{"@type":"WebPage","@id":"https:\/\/portaltela.pt\/noticias\/2026\/03\/17\/myke-towers-e-confirmado-no-festival-mares-2026\/","url":"https:\/\/portaltela.pt\/noticias\/2026\/03\/17\/myke-towers-e-confirmado-no-festival-mares-2026\/","name":"Myke Towers \u00e9 confirmado no festival Mar\u00e9s 2026 - Portal Tela Portugal","isPartOf":{"@id":"https:\/\/portaltela.pt\/#website"},"primaryImageOfPage":{"@id":"https:\/\/portaltela.pt\/noticias\/2026\/03\/17\/myke-towers-e-confirmado-no-festival-mares-2026\/#primaryimage"},"image":{"@id":"https:\/\/portaltela.pt\/noticias\/2026\/03\/17\/myke-towers-e-confirmado-no-festival-mares-2026\/#primaryimage"},"thumbnailUrl":"https:\/\/portaltela.pt\/s.01k8rhncp4jt1\/2026\/03\/image-1097.jpg","datePublished":"2026-03-17T08:30:00+00:00","author":{"@id":"https:\/\/portaltela.pt\/#\/schema\/person\/c4278d4a6028830caff9ee44b42d32ed"},"breadcrumb":{"@id":"https:\/\/portaltela.pt\/noticias\/2026\/03\/17\/myke-towers-e-confirmado-no-festival-mares-2026\/#breadcrumb"},"inLanguage":"pt-PT","potentialAction":[{"@type":"ReadAction","target":["https:\/\/portaltela.pt\/noticias\/2026\/03\/17\/myke-towers-e-confirmado-no-festival-mares-2026\/"]}]},{"@type":"ImageObject","inLanguage":"pt-PT","@id":"https:\/\/portaltela.pt\/noticias\/2026\/03\/17\/myke-towers-e-confirmado-no-festival-mares-2026\/#primaryimage","url":"https:\/\/portaltela.pt\/s.01k8rhncp4jt1\/2026\/03\/image-1097.jpg","contentUrl":"https:\/\/portaltela.pt\/s.01k8rhncp4jt1\/2026\/03\/image-1097.jpg","width":796,"height":448,"caption":"Artista porto-riquenho vai atuar pela primeira vez no Mar\u00e9s"},{"@type":"BreadcrumbList","@id":"https:\/\/portaltela.pt\/noticias\/2026\/03\/17\/myke-towers-e-confirmado-no-festival-mares-2026\/#breadcrumb","itemListElement":[{"@type":"ListItem","position":1,"name":"In\u00edcio","item":"https:\/\/portaltela.pt\/"},{"@type":"ListItem","position":2,"name":"Myke Towers \u00e9 confirmado no festival Mar\u00e9s 2026"}]},{"@type":"WebSite","@id":"https:\/\/portaltela.pt\/#website","url":"https:\/\/portaltela.pt\/","name":"Portal Tela Portugal","description":"","potentialAction":[{"@type":"SearchAction","target":{"@type":"EntryPoint","urlTemplate":"https:\/\/portaltela.pt\/?s={search_term_string}"},"query-input":{"@type":"PropertyValueSpecification","valueRequired":true,"valueName":"search_term_string"}}],"inLanguage":"pt-PT"},{"@type":"Person","@id":"https:\/\/portaltela.pt\/#\/schema\/person\/c4278d4a6028830caff9ee44b42d32ed","name":"Telinha","image":{"@type":"ImageObject","inLanguage":"pt-PT","@id":"https:\/\/portaltela.pt\/s.01k8rhncp4jt1\/2025\/11\/talking-bot-125x125.png","url":"https:\/\/portaltela.pt\/s.01k8rhncp4jt1\/2025\/11\/talking-bot-125x125.png","contentUrl":"https:\/\/portaltela.pt\/s.01k8rhncp4jt1\/2025\/11\/talking-bot-125x125.png","caption":"Telinha"},"sameAs":["https:\/\/portaltela.pt\/"],"url":"https:\/\/portaltela.pt\/por\/367410592786\/"}]}},"_links":{"self":[{"href":"https:\/\/portaltela.pt\/api\/wp\/v2\/posts\/412849","targetHints":{"allow":["GET"]}}],"collection":[{"href":"https:\/\/portaltela.pt\/api\/wp\/v2\/posts"}],"about":[{"href":"https:\/\/portaltela.pt\/api\/wp\/v2\/types\/post"}],"author":[{"embeddable":true,"href":"https:\/\/portaltela.pt\/api\/wp\/v2\/users\/2"}],"replies":[{"embeddable":true,"href":"https:\/\/portaltela.pt\/api\/wp\/v2\/comments?post=412849"}],"version-history":[{"count":0,"href":"https:\/\/portaltela.pt\/api\/wp\/v2\/posts\/412849\/revisions"}],"wp:featuredmedia":[{"embeddable":true,"href":"https:\/\/portaltela.pt\/api\/wp\/v2\/media\/412857"}],"wp:attachment":[{"href":"https:\/\/portaltela.pt\/api\/wp\/v2\/media?parent=412849"}],"wp:term":[{"taxonomy":"category","embeddable":true,"href":"https:\/\/portaltela.pt\/api\/wp\/v2\/categories?post=412849"},{"taxonomy":"post_tag","embeddable":true,"href":"https:\/\/portaltela.pt\/api\/wp\/v2\/tags?post=412849"}],"curies":[{"name":"wp","href":"https:\/\/api.w.org\/{rel}","templated":true}]}}