{"id":412841,"date":"2026-03-17T05:00:00","date_gmt":"2026-03-17T08:00:00","guid":{"rendered":"https:\/\/portaltela.pt\/noticias\/2026\/03\/17\/tiago-noia-lanca-tema-critico-sobre-um-tempo-de-outros-vampiros\/"},"modified":"2026-03-17T05:00:00","modified_gmt":"2026-03-17T08:00:00","slug":"tiago-noia-lanca-tema-critico-sobre-um-tempo-de-outros-vampiros","status":"publish","type":"post","link":"https:\/\/portaltela.pt\/musica\/2026\/03\/17\/tiago-noia-lanca-tema-critico-sobre-um-tempo-de-outros-vampiros\/","title":{"rendered":"Tiago N\u00f3ia lan\u00e7a tema cr\u00edtico sobre um tempo de outros vampiros"},"content":{"rendered":"<p>Tiago N\u00f3ia, m\u00fasico madeirense de Machico, lan\u00e7ou o seu novo single intitulado Comem tudo. A obra surge descrita como uma cr\u00edtica frontal ao capitalismo contempor\u00e2neo, apresentando a fome como met\u00e1fora de um sistema voraz que eleva o consumo a uma nova divindade.<\/p>\n<p>A can\u00e7\u00e3o, com letra e m\u00fasica de N\u00f3ia, firma a produ\u00e7\u00e3o do pr\u00f3prio artista e integra Maria Ana Guimar\u00e3es nos sintetizadores e Jo\u00e3o Quinhentas na bateria. O videoclip utiliza uma colagem de imagens e v\u00eddeos de dom\u00ednio p\u00fablico para acompanhar a faixa.<\/p>\n<p>A imagem central aponta para um capitalismo \u201ccanibal\u201d, que pune o amor-pr\u00f3prio e fragiliza o cuidado pelo pr\u00f3ximo. O tema questiona o que resta de n\u00f3s quando tudo \u00e9 consumido, express\u00e3o presente na linha de voz de N\u00f3ia e no instrumental. Comem tudo sucede ao percurso do m\u00fasico desde a estreia durante a pandemia.<\/p>\n<p>O percurso discogr\u00e1fico de Tiago N\u00f3ia tem sido marcado por lan\u00e7amentos consistentes. Em 2020 chegou Reborn, acompanhado de tr\u00eas singles em 2021: Hazy, Melhor de mim e Vivo a desaparecer, este \u00faltimo integrando o EP Facetas. Em 2024 emergiu com Z\u00e9 ningu\u00e9m e, em 2025, Fica, Malmequer e Eu sou quem n\u00e3o, reunidos no EP Errar Melhor, lan\u00e7ado ainda nesse ano.<\/p>\n","protected":false},"excerpt":{"rendered":"<ul>\n<li>Tiago N\u00f3ia, cantor madeirense, lan\u00e7a o single &#8220;Comem tudo&#8221;, apresentado como cr\u00edtica frontal ao capitalismo contempor\u00e2neo.<\/li>\n<li>A can\u00e7\u00e3o aponta para um capitalismo canibal, erguido como novo Deus que pune o amor-pr\u00f3prio e fragiliza o cuidado pelo outro.<\/li>\n<li>Na letra, a ironia aparece em trechos como \u201cHora dada, hora paga\u201d e \u201cEles comem tudo e deixam nada\u201d.<\/li>\n<li>O tema \u00e9 escrito, composto e produzido por Tiago N\u00f3ia, com Maria Ana Guimar\u00e3es nos sintetizadores e Jo\u00e3o Quinhentas na bateria; o videoclipe usa uma colagem de imagens e v\u00eddeos alheios.<\/li>\n<li>Na trajet\u00f3ria do artista, o projeto sucede uma estreia na pandemia com Reborn (2020), lan\u00e7ou v\u00e1rios singles em 2021 e 2024, incluindo Z\u00e9 ningu\u00e9m, e em 2025 vieram Fica, Malmequer e Eu sou quem n\u00e3o; todos foram reunidos no EP Errar Melhor, em novembro de 2025.<\/li>\n<\/ul>\n","protected":false},"author":2,"featured_media":412843,"comment_status":"closed","ping_status":"closed","sticky":false,"template":"","format":"standard","meta":{"footnotes":""},"categories":[6676],"tags":[6115,4991,1283,859,122,2683],"class_list":["post-412841","post","type-post","status-publish","format-standard","has-post-thumbnail","hentry","category-musica","tag-_economia","tag-consumo","tag-machico","tag-madeira","tag-musica","tag-tiago"],"yoast_head":"<!-- This site is optimized with the Yoast SEO plugin v27.2 - https:\/\/yoast.com\/product\/yoast-seo-wordpress\/ -->\n<title>Tiago N\u00f3ia lan\u00e7a tema cr\u00edtico sobre um tempo de outros vampiros - Portal Tela Portugal<\/title>\n<meta name=\"robots\" content=\"index, follow, max-snippet:-1, max-image-preview:large, max-video-preview:-1\" \/>\n<meta property=\"og:locale\" content=\"pt_PT\" \/>\n<meta property=\"og:type\" content=\"article\" \/>\n<meta property=\"og:title\" content=\"Tiago N\u00f3ia lan\u00e7a tema cr\u00edtico sobre um tempo de outros vampiros - Portal Tela Portugal\" \/>\n<meta property=\"og:description\" content=\"Tiago N\u00f3ia, cantor madeirense, lan\u00e7a o single &quot;Comem tudo&quot;, apresentado como cr\u00edtica frontal ao capitalismo contempor\u00e2neo. A can\u00e7\u00e3o aponta para um capitalismo canibal, erguido como novo Deus que pune o amor-pr\u00f3prio e fragiliza o cuidado pelo outro. Na letra, a ironia aparece em trechos como \u201cHora dada, hora paga\u201d e \u201cEles comem tudo e deixam nada\u201d. O tema \u00e9 escrito, composto e produzido por Tiago N\u00f3ia, com Maria Ana Guimar\u00e3es nos sintetizadores e Jo\u00e3o Quinhentas na bateria; o videoclipe usa uma colagem de imagens e v\u00eddeos alheios. Na trajet\u00f3ria do artista, o projeto sucede uma estreia na pandemia com Reborn (2020), lan\u00e7ou v\u00e1rios singles em 2021 e 2024, incluindo Z\u00e9 ningu\u00e9m, e em 2025 vieram Fica, Malmequer e Eu sou quem n\u00e3o; todos foram reunidos no EP Errar Melhor, em novembro de 2025.\" \/>\n<meta property=\"og:url\" content=\"https:\/\/portaltela.pt\/noticias\/2026\/03\/17\/tiago-noia-lanca-tema-critico-sobre-um-tempo-de-outros-vampiros\/\" \/>\n<meta property=\"og:site_name\" content=\"Portal Tela Portugal\" \/>\n<meta property=\"article:published_time\" content=\"2026-03-17T08:00:00+00:00\" \/>\n<meta name=\"author\" content=\"Telinha\" \/>\n<meta name=\"twitter:card\" content=\"summary_large_image\" \/>\n<meta name=\"twitter:label1\" content=\"Escrito por\" \/>\n\t<meta name=\"twitter:data1\" content=\"Telinha\" \/>\n\t<meta name=\"twitter:label2\" content=\"Tempo estimado de leitura\" \/>\n\t<meta name=\"twitter:data2\" content=\"1 minuto\" \/>\n<script type=\"application\/ld+json\" class=\"yoast-schema-graph\">{\"@context\":\"https:\/\/schema.org\",\"@graph\":[{\"@type\":\"Article\",\"@id\":\"https:\/\/portaltela.pt\/noticias\/2026\/03\/17\/tiago-noia-lanca-tema-critico-sobre-um-tempo-de-outros-vampiros\/#article\",\"isPartOf\":{\"@id\":\"https:\/\/portaltela.pt\/noticias\/2026\/03\/17\/tiago-noia-lanca-tema-critico-sobre-um-tempo-de-outros-vampiros\/\"},\"author\":{\"name\":\"Telinha\",\"@id\":\"https:\/\/portaltela.pt\/#\/schema\/person\/c4278d4a6028830caff9ee44b42d32ed\"},\"headline\":\"Tiago N\u00f3ia lan\u00e7a tema cr\u00edtico sobre um tempo de outros vampiros\",\"datePublished\":\"2026-03-17T08:00:00+00:00\",\"mainEntityOfPage\":{\"@id\":\"https:\/\/portaltela.pt\/noticias\/2026\/03\/17\/tiago-noia-lanca-tema-critico-sobre-um-tempo-de-outros-vampiros\/\"},\"wordCount\":237,\"image\":{\"@id\":\"https:\/\/portaltela.pt\/noticias\/2026\/03\/17\/tiago-noia-lanca-tema-critico-sobre-um-tempo-de-outros-vampiros\/#primaryimage\"},\"thumbnailUrl\":\"https:\/\/portaltela.pt\/s.01k8rhncp4jt1\/2026\/03\/TiagoFotoOk97734.jpg\",\"keywords\":[\"_economia\",\"consumo\",\"Machico\",\"Madeira\",\"m\u00fasica\",\"Tiago\"],\"articleSection\":[\"M\u00fasica\"],\"inLanguage\":\"pt-PT\"},{\"@type\":\"WebPage\",\"@id\":\"https:\/\/portaltela.pt\/noticias\/2026\/03\/17\/tiago-noia-lanca-tema-critico-sobre-um-tempo-de-outros-vampiros\/\",\"url\":\"https:\/\/portaltela.pt\/noticias\/2026\/03\/17\/tiago-noia-lanca-tema-critico-sobre-um-tempo-de-outros-vampiros\/\",\"name\":\"Tiago N\u00f3ia lan\u00e7a tema cr\u00edtico sobre um tempo de outros vampiros - Portal Tela Portugal\",\"isPartOf\":{\"@id\":\"https:\/\/portaltela.pt\/#website\"},\"primaryImageOfPage\":{\"@id\":\"https:\/\/portaltela.pt\/noticias\/2026\/03\/17\/tiago-noia-lanca-tema-critico-sobre-um-tempo-de-outros-vampiros\/#primaryimage\"},\"image\":{\"@id\":\"https:\/\/portaltela.pt\/noticias\/2026\/03\/17\/tiago-noia-lanca-tema-critico-sobre-um-tempo-de-outros-vampiros\/#primaryimage\"},\"thumbnailUrl\":\"https:\/\/portaltela.pt\/s.01k8rhncp4jt1\/2026\/03\/TiagoFotoOk97734.jpg\",\"datePublished\":\"2026-03-17T08:00:00+00:00\",\"author\":{\"@id\":\"https:\/\/portaltela.pt\/#\/schema\/person\/c4278d4a6028830caff9ee44b42d32ed\"},\"breadcrumb\":{\"@id\":\"https:\/\/portaltela.pt\/noticias\/2026\/03\/17\/tiago-noia-lanca-tema-critico-sobre-um-tempo-de-outros-vampiros\/#breadcrumb\"},\"inLanguage\":\"pt-PT\",\"potentialAction\":[{\"@type\":\"ReadAction\",\"target\":[\"https:\/\/portaltela.pt\/noticias\/2026\/03\/17\/tiago-noia-lanca-tema-critico-sobre-um-tempo-de-outros-vampiros\/\"]}]},{\"@type\":\"ImageObject\",\"inLanguage\":\"pt-PT\",\"@id\":\"https:\/\/portaltela.pt\/noticias\/2026\/03\/17\/tiago-noia-lanca-tema-critico-sobre-um-tempo-de-outros-vampiros\/#primaryimage\",\"url\":\"https:\/\/portaltela.pt\/s.01k8rhncp4jt1\/2026\/03\/TiagoFotoOk97734.jpg\",\"contentUrl\":\"https:\/\/portaltela.pt\/s.01k8rhncp4jt1\/2026\/03\/TiagoFotoOk97734.jpg\",\"width\":796,\"height\":448,\"caption\":\"Photo\"},{\"@type\":\"BreadcrumbList\",\"@id\":\"https:\/\/portaltela.pt\/noticias\/2026\/03\/17\/tiago-noia-lanca-tema-critico-sobre-um-tempo-de-outros-vampiros\/#breadcrumb\",\"itemListElement\":[{\"@type\":\"ListItem\",\"position\":1,\"name\":\"In\u00edcio\",\"item\":\"https:\/\/portaltela.pt\/\"},{\"@type\":\"ListItem\",\"position\":2,\"name\":\"Tiago N\u00f3ia lan\u00e7a tema cr\u00edtico sobre um tempo de outros vampiros\"}]},{\"@type\":\"WebSite\",\"@id\":\"https:\/\/portaltela.pt\/#website\",\"url\":\"https:\/\/portaltela.pt\/\",\"name\":\"Portal Tela Portugal\",\"description\":\"\",\"potentialAction\":[{\"@type\":\"SearchAction\",\"target\":{\"@type\":\"EntryPoint\",\"urlTemplate\":\"https:\/\/portaltela.pt\/?s={search_term_string}\"},\"query-input\":{\"@type\":\"PropertyValueSpecification\",\"valueRequired\":true,\"valueName\":\"search_term_string\"}}],\"inLanguage\":\"pt-PT\"},{\"@type\":\"Person\",\"@id\":\"https:\/\/portaltela.pt\/#\/schema\/person\/c4278d4a6028830caff9ee44b42d32ed\",\"name\":\"Telinha\",\"image\":{\"@type\":\"ImageObject\",\"inLanguage\":\"pt-PT\",\"@id\":\"https:\/\/portaltela.pt\/s.01k8rhncp4jt1\/2025\/11\/talking-bot-125x125.png\",\"url\":\"https:\/\/portaltela.pt\/s.01k8rhncp4jt1\/2025\/11\/talking-bot-125x125.png\",\"contentUrl\":\"https:\/\/portaltela.pt\/s.01k8rhncp4jt1\/2025\/11\/talking-bot-125x125.png\",\"caption\":\"Telinha\"},\"sameAs\":[\"https:\/\/portaltela.pt\/\"],\"url\":\"https:\/\/portaltela.pt\/por\/367410592786\/\"}]}<\/script>\n<!-- \/ Yoast SEO plugin. -->","yoast_head_json":{"title":"Tiago N\u00f3ia lan\u00e7a tema cr\u00edtico sobre um tempo de outros vampiros - Portal Tela Portugal","robots":{"index":"index","follow":"follow","max-snippet":"max-snippet:-1","max-image-preview":"max-image-preview:large","max-video-preview":"max-video-preview:-1"},"og_locale":"pt_PT","og_type":"article","og_title":"Tiago N\u00f3ia lan\u00e7a tema cr\u00edtico sobre um tempo de outros vampiros - Portal Tela Portugal","og_description":"Tiago N\u00f3ia, cantor madeirense, lan\u00e7a o single \"Comem tudo\", apresentado como cr\u00edtica frontal ao capitalismo contempor\u00e2neo. A can\u00e7\u00e3o aponta para um capitalismo canibal, erguido como novo Deus que pune o amor-pr\u00f3prio e fragiliza o cuidado pelo outro. Na letra, a ironia aparece em trechos como \u201cHora dada, hora paga\u201d e \u201cEles comem tudo e deixam nada\u201d. O tema \u00e9 escrito, composto e produzido por Tiago N\u00f3ia, com Maria Ana Guimar\u00e3es nos sintetizadores e Jo\u00e3o Quinhentas na bateria; o videoclipe usa uma colagem de imagens e v\u00eddeos alheios. Na trajet\u00f3ria do artista, o projeto sucede uma estreia na pandemia com Reborn (2020), lan\u00e7ou v\u00e1rios singles em 2021 e 2024, incluindo Z\u00e9 ningu\u00e9m, e em 2025 vieram Fica, Malmequer e Eu sou quem n\u00e3o; todos foram reunidos no EP Errar Melhor, em novembro de 2025.","og_url":"https:\/\/portaltela.pt\/noticias\/2026\/03\/17\/tiago-noia-lanca-tema-critico-sobre-um-tempo-de-outros-vampiros\/","og_site_name":"Portal Tela Portugal","article_published_time":"2026-03-17T08:00:00+00:00","author":"Telinha","twitter_card":"summary_large_image","twitter_misc":{"Escrito por":"Telinha","Tempo estimado de leitura":"1 minuto"},"schema":{"@context":"https:\/\/schema.org","@graph":[{"@type":"Article","@id":"https:\/\/portaltela.pt\/noticias\/2026\/03\/17\/tiago-noia-lanca-tema-critico-sobre-um-tempo-de-outros-vampiros\/#article","isPartOf":{"@id":"https:\/\/portaltela.pt\/noticias\/2026\/03\/17\/tiago-noia-lanca-tema-critico-sobre-um-tempo-de-outros-vampiros\/"},"author":{"name":"Telinha","@id":"https:\/\/portaltela.pt\/#\/schema\/person\/c4278d4a6028830caff9ee44b42d32ed"},"headline":"Tiago N\u00f3ia lan\u00e7a tema cr\u00edtico sobre um tempo de outros vampiros","datePublished":"2026-03-17T08:00:00+00:00","mainEntityOfPage":{"@id":"https:\/\/portaltela.pt\/noticias\/2026\/03\/17\/tiago-noia-lanca-tema-critico-sobre-um-tempo-de-outros-vampiros\/"},"wordCount":237,"image":{"@id":"https:\/\/portaltela.pt\/noticias\/2026\/03\/17\/tiago-noia-lanca-tema-critico-sobre-um-tempo-de-outros-vampiros\/#primaryimage"},"thumbnailUrl":"https:\/\/portaltela.pt\/s.01k8rhncp4jt1\/2026\/03\/TiagoFotoOk97734.jpg","keywords":["_economia","consumo","Machico","Madeira","m\u00fasica","Tiago"],"articleSection":["M\u00fasica"],"inLanguage":"pt-PT"},{"@type":"WebPage","@id":"https:\/\/portaltela.pt\/noticias\/2026\/03\/17\/tiago-noia-lanca-tema-critico-sobre-um-tempo-de-outros-vampiros\/","url":"https:\/\/portaltela.pt\/noticias\/2026\/03\/17\/tiago-noia-lanca-tema-critico-sobre-um-tempo-de-outros-vampiros\/","name":"Tiago N\u00f3ia lan\u00e7a tema cr\u00edtico sobre um tempo de outros vampiros - Portal Tela Portugal","isPartOf":{"@id":"https:\/\/portaltela.pt\/#website"},"primaryImageOfPage":{"@id":"https:\/\/portaltela.pt\/noticias\/2026\/03\/17\/tiago-noia-lanca-tema-critico-sobre-um-tempo-de-outros-vampiros\/#primaryimage"},"image":{"@id":"https:\/\/portaltela.pt\/noticias\/2026\/03\/17\/tiago-noia-lanca-tema-critico-sobre-um-tempo-de-outros-vampiros\/#primaryimage"},"thumbnailUrl":"https:\/\/portaltela.pt\/s.01k8rhncp4jt1\/2026\/03\/TiagoFotoOk97734.jpg","datePublished":"2026-03-17T08:00:00+00:00","author":{"@id":"https:\/\/portaltela.pt\/#\/schema\/person\/c4278d4a6028830caff9ee44b42d32ed"},"breadcrumb":{"@id":"https:\/\/portaltela.pt\/noticias\/2026\/03\/17\/tiago-noia-lanca-tema-critico-sobre-um-tempo-de-outros-vampiros\/#breadcrumb"},"inLanguage":"pt-PT","potentialAction":[{"@type":"ReadAction","target":["https:\/\/portaltela.pt\/noticias\/2026\/03\/17\/tiago-noia-lanca-tema-critico-sobre-um-tempo-de-outros-vampiros\/"]}]},{"@type":"ImageObject","inLanguage":"pt-PT","@id":"https:\/\/portaltela.pt\/noticias\/2026\/03\/17\/tiago-noia-lanca-tema-critico-sobre-um-tempo-de-outros-vampiros\/#primaryimage","url":"https:\/\/portaltela.pt\/s.01k8rhncp4jt1\/2026\/03\/TiagoFotoOk97734.jpg","contentUrl":"https:\/\/portaltela.pt\/s.01k8rhncp4jt1\/2026\/03\/TiagoFotoOk97734.jpg","width":796,"height":448,"caption":"Photo"},{"@type":"BreadcrumbList","@id":"https:\/\/portaltela.pt\/noticias\/2026\/03\/17\/tiago-noia-lanca-tema-critico-sobre-um-tempo-de-outros-vampiros\/#breadcrumb","itemListElement":[{"@type":"ListItem","position":1,"name":"In\u00edcio","item":"https:\/\/portaltela.pt\/"},{"@type":"ListItem","position":2,"name":"Tiago N\u00f3ia lan\u00e7a tema cr\u00edtico sobre um tempo de outros vampiros"}]},{"@type":"WebSite","@id":"https:\/\/portaltela.pt\/#website","url":"https:\/\/portaltela.pt\/","name":"Portal Tela Portugal","description":"","potentialAction":[{"@type":"SearchAction","target":{"@type":"EntryPoint","urlTemplate":"https:\/\/portaltela.pt\/?s={search_term_string}"},"query-input":{"@type":"PropertyValueSpecification","valueRequired":true,"valueName":"search_term_string"}}],"inLanguage":"pt-PT"},{"@type":"Person","@id":"https:\/\/portaltela.pt\/#\/schema\/person\/c4278d4a6028830caff9ee44b42d32ed","name":"Telinha","image":{"@type":"ImageObject","inLanguage":"pt-PT","@id":"https:\/\/portaltela.pt\/s.01k8rhncp4jt1\/2025\/11\/talking-bot-125x125.png","url":"https:\/\/portaltela.pt\/s.01k8rhncp4jt1\/2025\/11\/talking-bot-125x125.png","contentUrl":"https:\/\/portaltela.pt\/s.01k8rhncp4jt1\/2025\/11\/talking-bot-125x125.png","caption":"Telinha"},"sameAs":["https:\/\/portaltela.pt\/"],"url":"https:\/\/portaltela.pt\/por\/367410592786\/"}]}},"_links":{"self":[{"href":"https:\/\/portaltela.pt\/api\/wp\/v2\/posts\/412841","targetHints":{"allow":["GET"]}}],"collection":[{"href":"https:\/\/portaltela.pt\/api\/wp\/v2\/posts"}],"about":[{"href":"https:\/\/portaltela.pt\/api\/wp\/v2\/types\/post"}],"author":[{"embeddable":true,"href":"https:\/\/portaltela.pt\/api\/wp\/v2\/users\/2"}],"replies":[{"embeddable":true,"href":"https:\/\/portaltela.pt\/api\/wp\/v2\/comments?post=412841"}],"version-history":[{"count":0,"href":"https:\/\/portaltela.pt\/api\/wp\/v2\/posts\/412841\/revisions"}],"wp:featuredmedia":[{"embeddable":true,"href":"https:\/\/portaltela.pt\/api\/wp\/v2\/media\/412843"}],"wp:attachment":[{"href":"https:\/\/portaltela.pt\/api\/wp\/v2\/media?parent=412841"}],"wp:term":[{"taxonomy":"category","embeddable":true,"href":"https:\/\/portaltela.pt\/api\/wp\/v2\/categories?post=412841"},{"taxonomy":"post_tag","embeddable":true,"href":"https:\/\/portaltela.pt\/api\/wp\/v2\/tags?post=412841"}],"curies":[{"name":"wp","href":"https:\/\/api.w.org\/{rel}","templated":true}]}}