{"id":412717,"date":"2026-03-16T22:30:00","date_gmt":"2026-03-17T01:30:00","guid":{"rendered":"https:\/\/portaltela.pt\/noticias\/2026\/03\/16\/sarkozy-volta-ao-tribunal-para-tentar-anular-condenacao\/"},"modified":"2026-03-16T22:30:00","modified_gmt":"2026-03-17T01:30:00","slug":"sarkozy-volta-ao-tribunal-para-tentar-anular-condenacao","status":"publish","type":"post","link":"https:\/\/portaltela.pt\/noticias\/2026\/03\/16\/sarkozy-volta-ao-tribunal-para-tentar-anular-condenacao\/","title":{"rendered":"Sarkozy volta ao tribunal para tentar anular condena\u00e7\u00e3o"},"content":{"rendered":"<p>Nicolas Sarkozy voltou esta segunda-feira ao tribunal para tentar anular a condena\u00e7\u00e3o a cinco anos de pris\u00e3o pela alegada financiamento ilegal da campanha de 2007. O recurso centra-se na decis\u00e3o de condena\u00e7\u00e3o por conspira\u00e7\u00e3o criminosa relacionada com o financiamento vindo da L\u00edbia.<\/p>\n<p>O ex-presidente franc\u00eas, de 71 anos, foi considerado culpado em setembro do ano passado de conspira\u00e7\u00e3o criminosa para obter financiamento ilegal da campanha em troca de favores pol\u00edticos, diplom\u00e1ticos e econ\u00f3micos ao regime de Muammar Khadafi. A senten\u00e7a prev\u00ea o cumprimento de parte da pena.<\/p>\n<p>Sarkozy chegou a cumprir vinte dias de pris\u00e3o, antes de recorrer e ser colocado em pris\u00e3o domicili\u00e1ria com pulseira eletr\u00f3nica. O ex-chefe de Estado descreveu a experi\u00eancia como extenuante, tendo escrito um livro sobre o per\u00edodo.<\/p>\n<p>O recurso est\u00e1 agora em julgamento, com o Minist\u00e9rio P\u00fablico tamb\u00e9m a recorrer. Sarkozy enfrenta novamente os quatro crimes originais: conspira\u00e7\u00e3o criminosa, corrup\u00e7\u00e3o, uso indevido de fundos p\u00fablicos e financiamento ilegal da campanha. A eventual condena\u00e7\u00e3o pode elevar a pena total a dez anos de pris\u00e3o.<\/p>\n<p>Se o tribunal confirmar a condena\u00e7\u00e3o, o caso manter\u00e1 um dos processos mais relevantes a n\u00edvel pol\u00edtico na hist\u00f3ria recente da Fran\u00e7a, envolvendo o antigo chefe de Estado e o regime de Khadafi. N\u00e3o h\u00e1 indica\u00e7\u00e3o de data definida para o veredito.<\/p>\n","protected":false},"excerpt":{"rendered":"<ul>\n<li>Sarkozy voltou ao tribunal para tentar anular a condena\u00e7\u00e3o a cinco anos de pris\u00e3o pela alegada financiamento ilegal da campanha de 2007.<\/li>\n<li>O ex-presidente franc\u00eas foi considerado em setembro do ano passado culpado de conspira\u00e7\u00e3o criminosa para obter financiamento ilegal da L\u00edbia em troca de favores pol\u00edticos, diplom\u00e1ticos e econ\u00f3micos ao regime de Muammar Khadaffi.<\/li>\n<li>Chegou a cumprir vinte dias de pris\u00e3o antes de recorrer e ser colocado em pris\u00e3o domicili\u00e1ria com pulseira eletr\u00f3nica; mais tarde escreveu um livro sobre a experi\u00eancia.<\/li>\n<li>O recurso est\u00e1 em julgamento e o Minist\u00e9rio P\u00fablico tamb\u00e9m recorreu, mantendo o ex-presidente sob julgamento pelos quatro crimes originais: conspira\u00e7\u00e3o criminosa, corrup\u00e7\u00e3o, uso indevido de fundos p\u00fablicos e financiamento ilegal da campanha.<\/li>\n<li>Em caso de nova condena\u00e7\u00e3o, Sarkozy pode enfrentar at\u00e9 dez anos de cadeia.<\/li>\n<\/ul>\n","protected":false},"author":2,"featured_media":412727,"comment_status":"closed","ping_status":"closed","sticky":false,"template":"","format":"standard","meta":{"footnotes":""},"categories":[6815,1],"tags":[6543,5655,83,147,1856,2832],"class_list":["post-412717","post","type-post","status-publish","format-standard","has-post-thumbnail","hentry","category-justica","category-noticias","tag-condenacao","tag-conspiracao","tag-corrupcao","tag-crime","tag-franca","tag-politica"],"yoast_head":"<!-- This site is optimized with the Yoast SEO plugin v27.2 - https:\/\/yoast.com\/product\/yoast-seo-wordpress\/ -->\n<title>Sarkozy volta ao tribunal para tentar anular condena\u00e7\u00e3o - Portal Tela Portugal<\/title>\n<meta name=\"robots\" content=\"index, follow, max-snippet:-1, max-image-preview:large, max-video-preview:-1\" \/>\n<meta property=\"og:locale\" content=\"pt_PT\" \/>\n<meta property=\"og:type\" content=\"article\" \/>\n<meta property=\"og:title\" content=\"Sarkozy volta ao tribunal para tentar anular condena\u00e7\u00e3o - Portal Tela Portugal\" \/>\n<meta property=\"og:description\" content=\"Sarkozy voltou ao tribunal para tentar anular a condena\u00e7\u00e3o a cinco anos de pris\u00e3o pela alegada financiamento ilegal da campanha de 2007. O ex-presidente franc\u00eas foi considerado em setembro do ano passado culpado de conspira\u00e7\u00e3o criminosa para obter financiamento ilegal da L\u00edbia em troca de favores pol\u00edticos, diplom\u00e1ticos e econ\u00f3micos ao regime de Muammar Khadaffi. Chegou a cumprir vinte dias de pris\u00e3o antes de recorrer e ser colocado em pris\u00e3o domicili\u00e1ria com pulseira eletr\u00f3nica; mais tarde escreveu um livro sobre a experi\u00eancia. O recurso est\u00e1 em julgamento e o Minist\u00e9rio P\u00fablico tamb\u00e9m recorreu, mantendo o ex-presidente sob julgamento pelos quatro crimes originais: conspira\u00e7\u00e3o criminosa, corrup\u00e7\u00e3o, uso indevido de fundos p\u00fablicos e financiamento ilegal da campanha. Em caso de nova condena\u00e7\u00e3o, Sarkozy pode enfrentar at\u00e9 dez anos de cadeia.\" \/>\n<meta property=\"og:url\" content=\"https:\/\/portaltela.pt\/noticias\/2026\/03\/16\/sarkozy-volta-ao-tribunal-para-tentar-anular-condenacao\/\" \/>\n<meta property=\"og:site_name\" content=\"Portal Tela Portugal\" \/>\n<meta property=\"article:published_time\" content=\"2026-03-17T01:30:00+00:00\" \/>\n<meta name=\"author\" content=\"Telinha\" \/>\n<meta name=\"twitter:card\" content=\"summary_large_image\" \/>\n<meta name=\"twitter:label1\" content=\"Escrito por\" \/>\n\t<meta name=\"twitter:data1\" content=\"Telinha\" \/>\n\t<meta name=\"twitter:label2\" content=\"Tempo estimado de leitura\" \/>\n\t<meta name=\"twitter:data2\" content=\"1 minuto\" \/>\n<script type=\"application\/ld+json\" class=\"yoast-schema-graph\">{\"@context\":\"https:\/\/schema.org\",\"@graph\":[{\"@type\":\"Article\",\"@id\":\"https:\/\/portaltela.pt\/noticias\/2026\/03\/16\/sarkozy-volta-ao-tribunal-para-tentar-anular-condenacao\/#article\",\"isPartOf\":{\"@id\":\"https:\/\/portaltela.pt\/noticias\/2026\/03\/16\/sarkozy-volta-ao-tribunal-para-tentar-anular-condenacao\/\"},\"author\":{\"name\":\"Telinha\",\"@id\":\"https:\/\/portaltela.pt\/#\/schema\/person\/c4278d4a6028830caff9ee44b42d32ed\"},\"headline\":\"Sarkozy volta ao tribunal para tentar anular condena\u00e7\u00e3o\",\"datePublished\":\"2026-03-17T01:30:00+00:00\",\"mainEntityOfPage\":{\"@id\":\"https:\/\/portaltela.pt\/noticias\/2026\/03\/16\/sarkozy-volta-ao-tribunal-para-tentar-anular-condenacao\/\"},\"wordCount\":251,\"image\":{\"@id\":\"https:\/\/portaltela.pt\/noticias\/2026\/03\/16\/sarkozy-volta-ao-tribunal-para-tentar-anular-condenacao\/#primaryimage\"},\"thumbnailUrl\":\"https:\/\/portaltela.pt\/s.01k8rhncp4jt1\/2026\/03\/img_1500x1000uu2026-03-16-15-52-41-2272767.jpg\",\"keywords\":[\"condena\u00e7\u00e3o\",\"conspira\u00e7\u00e3o\",\"corrup\u00e7\u00e3o\",\"crime\",\"Fran\u00e7a\",\"pol\u00edtica\"],\"articleSection\":[\"Justi\u00e7a\",\"Not\u00edcias\"],\"inLanguage\":\"pt-PT\"},{\"@type\":\"WebPage\",\"@id\":\"https:\/\/portaltela.pt\/noticias\/2026\/03\/16\/sarkozy-volta-ao-tribunal-para-tentar-anular-condenacao\/\",\"url\":\"https:\/\/portaltela.pt\/noticias\/2026\/03\/16\/sarkozy-volta-ao-tribunal-para-tentar-anular-condenacao\/\",\"name\":\"Sarkozy volta ao tribunal para tentar anular condena\u00e7\u00e3o - Portal Tela Portugal\",\"isPartOf\":{\"@id\":\"https:\/\/portaltela.pt\/#website\"},\"primaryImageOfPage\":{\"@id\":\"https:\/\/portaltela.pt\/noticias\/2026\/03\/16\/sarkozy-volta-ao-tribunal-para-tentar-anular-condenacao\/#primaryimage\"},\"image\":{\"@id\":\"https:\/\/portaltela.pt\/noticias\/2026\/03\/16\/sarkozy-volta-ao-tribunal-para-tentar-anular-condenacao\/#primaryimage\"},\"thumbnailUrl\":\"https:\/\/portaltela.pt\/s.01k8rhncp4jt1\/2026\/03\/img_1500x1000uu2026-03-16-15-52-41-2272767.jpg\",\"datePublished\":\"2026-03-17T01:30:00+00:00\",\"author\":{\"@id\":\"https:\/\/portaltela.pt\/#\/schema\/person\/c4278d4a6028830caff9ee44b42d32ed\"},\"breadcrumb\":{\"@id\":\"https:\/\/portaltela.pt\/noticias\/2026\/03\/16\/sarkozy-volta-ao-tribunal-para-tentar-anular-condenacao\/#breadcrumb\"},\"inLanguage\":\"pt-PT\",\"potentialAction\":[{\"@type\":\"ReadAction\",\"target\":[\"https:\/\/portaltela.pt\/noticias\/2026\/03\/16\/sarkozy-volta-ao-tribunal-para-tentar-anular-condenacao\/\"]}]},{\"@type\":\"ImageObject\",\"inLanguage\":\"pt-PT\",\"@id\":\"https:\/\/portaltela.pt\/noticias\/2026\/03\/16\/sarkozy-volta-ao-tribunal-para-tentar-anular-condenacao\/#primaryimage\",\"url\":\"https:\/\/portaltela.pt\/s.01k8rhncp4jt1\/2026\/03\/img_1500x1000uu2026-03-16-15-52-41-2272767.jpg\",\"contentUrl\":\"https:\/\/portaltela.pt\/s.01k8rhncp4jt1\/2026\/03\/img_1500x1000uu2026-03-16-15-52-41-2272767.jpg\",\"width\":796,\"height\":448,\"caption\":\"Sarkozy \u00e0 chegada ao tribunal\"},{\"@type\":\"BreadcrumbList\",\"@id\":\"https:\/\/portaltela.pt\/noticias\/2026\/03\/16\/sarkozy-volta-ao-tribunal-para-tentar-anular-condenacao\/#breadcrumb\",\"itemListElement\":[{\"@type\":\"ListItem\",\"position\":1,\"name\":\"In\u00edcio\",\"item\":\"https:\/\/portaltela.pt\/\"},{\"@type\":\"ListItem\",\"position\":2,\"name\":\"Sarkozy volta ao tribunal para tentar anular condena\u00e7\u00e3o\"}]},{\"@type\":\"WebSite\",\"@id\":\"https:\/\/portaltela.pt\/#website\",\"url\":\"https:\/\/portaltela.pt\/\",\"name\":\"Portal Tela Portugal\",\"description\":\"\",\"potentialAction\":[{\"@type\":\"SearchAction\",\"target\":{\"@type\":\"EntryPoint\",\"urlTemplate\":\"https:\/\/portaltela.pt\/?s={search_term_string}\"},\"query-input\":{\"@type\":\"PropertyValueSpecification\",\"valueRequired\":true,\"valueName\":\"search_term_string\"}}],\"inLanguage\":\"pt-PT\"},{\"@type\":\"Person\",\"@id\":\"https:\/\/portaltela.pt\/#\/schema\/person\/c4278d4a6028830caff9ee44b42d32ed\",\"name\":\"Telinha\",\"image\":{\"@type\":\"ImageObject\",\"inLanguage\":\"pt-PT\",\"@id\":\"https:\/\/portaltela.pt\/s.01k8rhncp4jt1\/2025\/11\/talking-bot-125x125.png\",\"url\":\"https:\/\/portaltela.pt\/s.01k8rhncp4jt1\/2025\/11\/talking-bot-125x125.png\",\"contentUrl\":\"https:\/\/portaltela.pt\/s.01k8rhncp4jt1\/2025\/11\/talking-bot-125x125.png\",\"caption\":\"Telinha\"},\"sameAs\":[\"https:\/\/portaltela.pt\/\"],\"url\":\"https:\/\/portaltela.pt\/por\/367410592786\/\"}]}<\/script>\n<!-- \/ Yoast SEO plugin. -->","yoast_head_json":{"title":"Sarkozy volta ao tribunal para tentar anular condena\u00e7\u00e3o - Portal Tela Portugal","robots":{"index":"index","follow":"follow","max-snippet":"max-snippet:-1","max-image-preview":"max-image-preview:large","max-video-preview":"max-video-preview:-1"},"og_locale":"pt_PT","og_type":"article","og_title":"Sarkozy volta ao tribunal para tentar anular condena\u00e7\u00e3o - Portal Tela Portugal","og_description":"Sarkozy voltou ao tribunal para tentar anular a condena\u00e7\u00e3o a cinco anos de pris\u00e3o pela alegada financiamento ilegal da campanha de 2007. O ex-presidente franc\u00eas foi considerado em setembro do ano passado culpado de conspira\u00e7\u00e3o criminosa para obter financiamento ilegal da L\u00edbia em troca de favores pol\u00edticos, diplom\u00e1ticos e econ\u00f3micos ao regime de Muammar Khadaffi. Chegou a cumprir vinte dias de pris\u00e3o antes de recorrer e ser colocado em pris\u00e3o domicili\u00e1ria com pulseira eletr\u00f3nica; mais tarde escreveu um livro sobre a experi\u00eancia. O recurso est\u00e1 em julgamento e o Minist\u00e9rio P\u00fablico tamb\u00e9m recorreu, mantendo o ex-presidente sob julgamento pelos quatro crimes originais: conspira\u00e7\u00e3o criminosa, corrup\u00e7\u00e3o, uso indevido de fundos p\u00fablicos e financiamento ilegal da campanha. Em caso de nova condena\u00e7\u00e3o, Sarkozy pode enfrentar at\u00e9 dez anos de cadeia.","og_url":"https:\/\/portaltela.pt\/noticias\/2026\/03\/16\/sarkozy-volta-ao-tribunal-para-tentar-anular-condenacao\/","og_site_name":"Portal Tela Portugal","article_published_time":"2026-03-17T01:30:00+00:00","author":"Telinha","twitter_card":"summary_large_image","twitter_misc":{"Escrito por":"Telinha","Tempo estimado de leitura":"1 minuto"},"schema":{"@context":"https:\/\/schema.org","@graph":[{"@type":"Article","@id":"https:\/\/portaltela.pt\/noticias\/2026\/03\/16\/sarkozy-volta-ao-tribunal-para-tentar-anular-condenacao\/#article","isPartOf":{"@id":"https:\/\/portaltela.pt\/noticias\/2026\/03\/16\/sarkozy-volta-ao-tribunal-para-tentar-anular-condenacao\/"},"author":{"name":"Telinha","@id":"https:\/\/portaltela.pt\/#\/schema\/person\/c4278d4a6028830caff9ee44b42d32ed"},"headline":"Sarkozy volta ao tribunal para tentar anular condena\u00e7\u00e3o","datePublished":"2026-03-17T01:30:00+00:00","mainEntityOfPage":{"@id":"https:\/\/portaltela.pt\/noticias\/2026\/03\/16\/sarkozy-volta-ao-tribunal-para-tentar-anular-condenacao\/"},"wordCount":251,"image":{"@id":"https:\/\/portaltela.pt\/noticias\/2026\/03\/16\/sarkozy-volta-ao-tribunal-para-tentar-anular-condenacao\/#primaryimage"},"thumbnailUrl":"https:\/\/portaltela.pt\/s.01k8rhncp4jt1\/2026\/03\/img_1500x1000uu2026-03-16-15-52-41-2272767.jpg","keywords":["condena\u00e7\u00e3o","conspira\u00e7\u00e3o","corrup\u00e7\u00e3o","crime","Fran\u00e7a","pol\u00edtica"],"articleSection":["Justi\u00e7a","Not\u00edcias"],"inLanguage":"pt-PT"},{"@type":"WebPage","@id":"https:\/\/portaltela.pt\/noticias\/2026\/03\/16\/sarkozy-volta-ao-tribunal-para-tentar-anular-condenacao\/","url":"https:\/\/portaltela.pt\/noticias\/2026\/03\/16\/sarkozy-volta-ao-tribunal-para-tentar-anular-condenacao\/","name":"Sarkozy volta ao tribunal para tentar anular condena\u00e7\u00e3o - Portal Tela Portugal","isPartOf":{"@id":"https:\/\/portaltela.pt\/#website"},"primaryImageOfPage":{"@id":"https:\/\/portaltela.pt\/noticias\/2026\/03\/16\/sarkozy-volta-ao-tribunal-para-tentar-anular-condenacao\/#primaryimage"},"image":{"@id":"https:\/\/portaltela.pt\/noticias\/2026\/03\/16\/sarkozy-volta-ao-tribunal-para-tentar-anular-condenacao\/#primaryimage"},"thumbnailUrl":"https:\/\/portaltela.pt\/s.01k8rhncp4jt1\/2026\/03\/img_1500x1000uu2026-03-16-15-52-41-2272767.jpg","datePublished":"2026-03-17T01:30:00+00:00","author":{"@id":"https:\/\/portaltela.pt\/#\/schema\/person\/c4278d4a6028830caff9ee44b42d32ed"},"breadcrumb":{"@id":"https:\/\/portaltela.pt\/noticias\/2026\/03\/16\/sarkozy-volta-ao-tribunal-para-tentar-anular-condenacao\/#breadcrumb"},"inLanguage":"pt-PT","potentialAction":[{"@type":"ReadAction","target":["https:\/\/portaltela.pt\/noticias\/2026\/03\/16\/sarkozy-volta-ao-tribunal-para-tentar-anular-condenacao\/"]}]},{"@type":"ImageObject","inLanguage":"pt-PT","@id":"https:\/\/portaltela.pt\/noticias\/2026\/03\/16\/sarkozy-volta-ao-tribunal-para-tentar-anular-condenacao\/#primaryimage","url":"https:\/\/portaltela.pt\/s.01k8rhncp4jt1\/2026\/03\/img_1500x1000uu2026-03-16-15-52-41-2272767.jpg","contentUrl":"https:\/\/portaltela.pt\/s.01k8rhncp4jt1\/2026\/03\/img_1500x1000uu2026-03-16-15-52-41-2272767.jpg","width":796,"height":448,"caption":"Sarkozy \u00e0 chegada ao tribunal"},{"@type":"BreadcrumbList","@id":"https:\/\/portaltela.pt\/noticias\/2026\/03\/16\/sarkozy-volta-ao-tribunal-para-tentar-anular-condenacao\/#breadcrumb","itemListElement":[{"@type":"ListItem","position":1,"name":"In\u00edcio","item":"https:\/\/portaltela.pt\/"},{"@type":"ListItem","position":2,"name":"Sarkozy volta ao tribunal para tentar anular condena\u00e7\u00e3o"}]},{"@type":"WebSite","@id":"https:\/\/portaltela.pt\/#website","url":"https:\/\/portaltela.pt\/","name":"Portal Tela Portugal","description":"","potentialAction":[{"@type":"SearchAction","target":{"@type":"EntryPoint","urlTemplate":"https:\/\/portaltela.pt\/?s={search_term_string}"},"query-input":{"@type":"PropertyValueSpecification","valueRequired":true,"valueName":"search_term_string"}}],"inLanguage":"pt-PT"},{"@type":"Person","@id":"https:\/\/portaltela.pt\/#\/schema\/person\/c4278d4a6028830caff9ee44b42d32ed","name":"Telinha","image":{"@type":"ImageObject","inLanguage":"pt-PT","@id":"https:\/\/portaltela.pt\/s.01k8rhncp4jt1\/2025\/11\/talking-bot-125x125.png","url":"https:\/\/portaltela.pt\/s.01k8rhncp4jt1\/2025\/11\/talking-bot-125x125.png","contentUrl":"https:\/\/portaltela.pt\/s.01k8rhncp4jt1\/2025\/11\/talking-bot-125x125.png","caption":"Telinha"},"sameAs":["https:\/\/portaltela.pt\/"],"url":"https:\/\/portaltela.pt\/por\/367410592786\/"}]}},"_links":{"self":[{"href":"https:\/\/portaltela.pt\/api\/wp\/v2\/posts\/412717","targetHints":{"allow":["GET"]}}],"collection":[{"href":"https:\/\/portaltela.pt\/api\/wp\/v2\/posts"}],"about":[{"href":"https:\/\/portaltela.pt\/api\/wp\/v2\/types\/post"}],"author":[{"embeddable":true,"href":"https:\/\/portaltela.pt\/api\/wp\/v2\/users\/2"}],"replies":[{"embeddable":true,"href":"https:\/\/portaltela.pt\/api\/wp\/v2\/comments?post=412717"}],"version-history":[{"count":0,"href":"https:\/\/portaltela.pt\/api\/wp\/v2\/posts\/412717\/revisions"}],"wp:featuredmedia":[{"embeddable":true,"href":"https:\/\/portaltela.pt\/api\/wp\/v2\/media\/412727"}],"wp:attachment":[{"href":"https:\/\/portaltela.pt\/api\/wp\/v2\/media?parent=412717"}],"wp:term":[{"taxonomy":"category","embeddable":true,"href":"https:\/\/portaltela.pt\/api\/wp\/v2\/categories?post=412717"},{"taxonomy":"post_tag","embeddable":true,"href":"https:\/\/portaltela.pt\/api\/wp\/v2\/tags?post=412717"}],"curies":[{"name":"wp","href":"https:\/\/api.w.org\/{rel}","templated":true}]}}