{"id":412716,"date":"2026-03-16T22:30:00","date_gmt":"2026-03-17T01:30:00","guid":{"rendered":"https:\/\/portaltela.pt\/noticias\/2026\/03\/16\/mortalidade-em-acidentes-de-mota-uma-vitima-a-cada-dois-dias\/"},"modified":"2026-03-16T22:30:00","modified_gmt":"2026-03-17T01:30:00","slug":"mortalidade-em-acidentes-de-mota-uma-vitima-a-cada-dois-dias","status":"publish","type":"post","link":"https:\/\/portaltela.pt\/noticias\/2026\/03\/16\/mortalidade-em-acidentes-de-mota-uma-vitima-a-cada-dois-dias\/","title":{"rendered":"Mortalidade em acidentes de mota: uma v\u00edtima a cada dois dias"},"content":{"rendered":"<p>Um morto a cada dois dias. Dois feridos graves a cada 24 horas. Mais de um acidente por hora. Este \u00e9 o retrato que surge de acidentes com ve\u00edculos de duas rodas em Portugal, entre 2022 e 2024, segundo dados divulgados pelas autoridades.<\/p>\n<p>A PSP, a GNR e a Autoridade Nacional de Seguran\u00e7a Rodovi\u00e1ria v\u00e3o coordenar uma opera\u00e7\u00e3o de uma semana nas estradas do pa\u00eds. O objetivo \u00e9 sensibilizar condutores de motociclos e ciclomotores para comportamentos mais seguros e intensificar a fiscaliza\u00e7\u00e3o.<\/p>\n<p>A campanha de Seguran\u00e7a Rodovi\u00e1ria Duas Rodas: Agarre-se \u00e0 Vida decorre at\u00e9 ao dia 23 de setembro, com atua\u00e7\u00e3o integrada das tr\u00eas for\u00e7as. O briefing aponta elevada gravidade das colis\u00f5es envolvendo motas e maior vulnerabilidade dos seus utilizadores.<\/p>\n<h3>Campanha e objetivos<\/h3>\n<p>A ANSR sublinha que a maioria das v\u00edtimas graves est\u00e1 ligada a condutores de motociclos. A a\u00e7\u00e3o visa reduzir o n\u00famero de sinistros por meio de a\u00e7\u00f5es de fiscaliza\u00e7\u00e3o, fiscaliza\u00e7\u00e3o educativa e mensagens de preven\u00e7\u00e3o.<\/p>\n<p>Entre os dados da vig\u00eancia 2022-2024, registaram-se mais de 32 mil acidentes com v\u00edtimas envolvendo ve\u00edculos de duas rodas a motor, com 573 mortos e mais de 2600 feridos graves. A m\u00e9dia aponta para 29 acidentes di\u00e1rios com v\u00edtimas.<\/p>\n<p>A opera\u00e7\u00e3o envolve equipas de fiscaliza\u00e7\u00e3o rodovi\u00e1ria, pol\u00edcia de patrulha e unidades t\u00e9cnicas. N\u00e3o foram adiantadas informa\u00e7\u00f5es sobre hor\u00e1rios espec\u00edficos ou locais de atua\u00e7\u00e3o, mantendo o foco na preven\u00e7\u00e3o e na condu\u00e7\u00e3o respons\u00e1vel.<\/p>\n","protected":false},"excerpt":{"rendered":"<ul>\n<li>Um morto a cada dois dias; dois feridos graves a cada 24 horas; mais de um acidente por hora envolvendo ve\u00edculos de duas rodas.<\/li>\n<li>Entre 1 de janeiro de 2022 e 31 de dezembro de 2024 registaram-se mais de 32 mil acidentes com v\u00edtimas envolvendo motos e ciclomotores, com 573 mortes e mais de 2600 feridos graves.<\/li>\n<li>Parte da estat\u00edstica indica 29 acidentes com v\u00edtimas por dia.<\/li>\n<li>A campanha de seguran\u00e7a rodovi\u00e1ria Duas Rodas: Agarre-se \u00e0 Vida \u00e9 organizada pela PSP (Pol\u00edcia de Seguran\u00e7a P\u00fablica), pela GNR (Guarda Nacional Republicana) e pela ANSR (Autoridade Nacional de Seguran\u00e7a Rodovi\u00e1ria) e decorre durante uma semana.<\/li>\n<li>O objetivo \u00e9 sensibilizar condutores de motociclos e ciclomotores para comportamentos mais seguros e refor\u00e7ar a fiscaliza\u00e7\u00e3o; a opera\u00e7\u00e3o vai at\u00e9 segunda-feira, 23.<\/li>\n<\/ul>\n","protected":false},"author":2,"featured_media":412726,"comment_status":"closed","ping_status":"closed","sticky":false,"template":"","format":"standard","meta":{"footnotes":""},"categories":[1],"tags":[5487,1932,1380,3418,1014,2761],"class_list":["post-412716","post","type-post","status-publish","format-standard","has-post-thumbnail","hentry","category-noticias","tag-acidente","tag-acidentes-de-viacao","tag-gnr","tag-policia-de-seguranca-publica","tag-portugal","tag-seguranca-rodoviaria"],"yoast_head":"<!-- This site is optimized with the Yoast SEO plugin v27.2 - https:\/\/yoast.com\/product\/yoast-seo-wordpress\/ -->\n<title>Mortalidade em acidentes de mota: uma v\u00edtima a cada dois dias - Portal Tela Portugal<\/title>\n<meta name=\"robots\" content=\"index, follow, max-snippet:-1, max-image-preview:large, max-video-preview:-1\" \/>\n<meta property=\"og:locale\" content=\"pt_PT\" \/>\n<meta property=\"og:type\" content=\"article\" \/>\n<meta property=\"og:title\" content=\"Mortalidade em acidentes de mota: uma v\u00edtima a cada dois dias - Portal Tela Portugal\" \/>\n<meta property=\"og:description\" content=\"Um morto a cada dois dias; dois feridos graves a cada 24 horas; mais de um acidente por hora envolvendo ve\u00edculos de duas rodas. Entre 1 de janeiro de 2022 e 31 de dezembro de 2024 registaram-se mais de 32 mil acidentes com v\u00edtimas envolvendo motos e ciclomotores, com 573 mortes e mais de 2600 feridos graves. Parte da estat\u00edstica indica 29 acidentes com v\u00edtimas por dia. A campanha de seguran\u00e7a rodovi\u00e1ria Duas Rodas: Agarre-se \u00e0 Vida \u00e9 organizada pela PSP (Pol\u00edcia de Seguran\u00e7a P\u00fablica), pela GNR (Guarda Nacional Republicana) e pela ANSR (Autoridade Nacional de Seguran\u00e7a Rodovi\u00e1ria) e decorre durante uma semana. O objetivo \u00e9 sensibilizar condutores de motociclos e ciclomotores para comportamentos mais seguros e refor\u00e7ar a fiscaliza\u00e7\u00e3o; a opera\u00e7\u00e3o vai at\u00e9 segunda-feira, 23.\" \/>\n<meta property=\"og:url\" content=\"https:\/\/portaltela.pt\/noticias\/2026\/03\/16\/mortalidade-em-acidentes-de-mota-uma-vitima-a-cada-dois-dias\/\" \/>\n<meta property=\"og:site_name\" content=\"Portal Tela Portugal\" \/>\n<meta property=\"article:published_time\" content=\"2026-03-17T01:30:00+00:00\" \/>\n<meta name=\"author\" content=\"Telinha\" \/>\n<meta name=\"twitter:card\" content=\"summary_large_image\" \/>\n<meta name=\"twitter:label1\" content=\"Escrito por\" \/>\n\t<meta name=\"twitter:data1\" content=\"Telinha\" \/>\n\t<meta name=\"twitter:label2\" content=\"Tempo estimado de leitura\" \/>\n\t<meta name=\"twitter:data2\" content=\"1 minuto\" \/>\n<script type=\"application\/ld+json\" class=\"yoast-schema-graph\">{\"@context\":\"https:\/\/schema.org\",\"@graph\":[{\"@type\":\"Article\",\"@id\":\"https:\/\/portaltela.pt\/noticias\/2026\/03\/16\/mortalidade-em-acidentes-de-mota-uma-vitima-a-cada-dois-dias\/#article\",\"isPartOf\":{\"@id\":\"https:\/\/portaltela.pt\/noticias\/2026\/03\/16\/mortalidade-em-acidentes-de-mota-uma-vitima-a-cada-dois-dias\/\"},\"author\":{\"name\":\"Telinha\",\"@id\":\"https:\/\/portaltela.pt\/#\/schema\/person\/c4278d4a6028830caff9ee44b42d32ed\"},\"headline\":\"Mortalidade em acidentes de mota: uma v\u00edtima a cada dois dias\",\"datePublished\":\"2026-03-17T01:30:00+00:00\",\"mainEntityOfPage\":{\"@id\":\"https:\/\/portaltela.pt\/noticias\/2026\/03\/16\/mortalidade-em-acidentes-de-mota-uma-vitima-a-cada-dois-dias\/\"},\"wordCount\":270,\"image\":{\"@id\":\"https:\/\/portaltela.pt\/noticias\/2026\/03\/16\/mortalidade-em-acidentes-de-mota-uma-vitima-a-cada-dois-dias\/#primaryimage\"},\"thumbnailUrl\":\"https:\/\/portaltela.pt\/s.01k8rhncp4jt1\/2026\/03\/img_1500x1000uu2025-06-30-12-29-00-2219611.jpg\",\"keywords\":[\"acidente\",\"acidentes de via\u00e7\u00e3o\",\"GNR\",\"Pol\u00edcia de Seguran\u00e7a P\u00fablica\",\"Portugal\",\"seguran\u00e7a rodovi\u00e1ria\"],\"articleSection\":[\"Not\u00edcias\"],\"inLanguage\":\"pt-PT\"},{\"@type\":\"WebPage\",\"@id\":\"https:\/\/portaltela.pt\/noticias\/2026\/03\/16\/mortalidade-em-acidentes-de-mota-uma-vitima-a-cada-dois-dias\/\",\"url\":\"https:\/\/portaltela.pt\/noticias\/2026\/03\/16\/mortalidade-em-acidentes-de-mota-uma-vitima-a-cada-dois-dias\/\",\"name\":\"Mortalidade em acidentes de mota: uma v\u00edtima a cada dois dias - Portal Tela Portugal\",\"isPartOf\":{\"@id\":\"https:\/\/portaltela.pt\/#website\"},\"primaryImageOfPage\":{\"@id\":\"https:\/\/portaltela.pt\/noticias\/2026\/03\/16\/mortalidade-em-acidentes-de-mota-uma-vitima-a-cada-dois-dias\/#primaryimage\"},\"image\":{\"@id\":\"https:\/\/portaltela.pt\/noticias\/2026\/03\/16\/mortalidade-em-acidentes-de-mota-uma-vitima-a-cada-dois-dias\/#primaryimage\"},\"thumbnailUrl\":\"https:\/\/portaltela.pt\/s.01k8rhncp4jt1\/2026\/03\/img_1500x1000uu2025-06-30-12-29-00-2219611.jpg\",\"datePublished\":\"2026-03-17T01:30:00+00:00\",\"author\":{\"@id\":\"https:\/\/portaltela.pt\/#\/schema\/person\/c4278d4a6028830caff9ee44b42d32ed\"},\"breadcrumb\":{\"@id\":\"https:\/\/portaltela.pt\/noticias\/2026\/03\/16\/mortalidade-em-acidentes-de-mota-uma-vitima-a-cada-dois-dias\/#breadcrumb\"},\"inLanguage\":\"pt-PT\",\"potentialAction\":[{\"@type\":\"ReadAction\",\"target\":[\"https:\/\/portaltela.pt\/noticias\/2026\/03\/16\/mortalidade-em-acidentes-de-mota-uma-vitima-a-cada-dois-dias\/\"]}]},{\"@type\":\"ImageObject\",\"inLanguage\":\"pt-PT\",\"@id\":\"https:\/\/portaltela.pt\/noticias\/2026\/03\/16\/mortalidade-em-acidentes-de-mota-uma-vitima-a-cada-dois-dias\/#primaryimage\",\"url\":\"https:\/\/portaltela.pt\/s.01k8rhncp4jt1\/2026\/03\/img_1500x1000uu2025-06-30-12-29-00-2219611.jpg\",\"contentUrl\":\"https:\/\/portaltela.pt\/s.01k8rhncp4jt1\/2026\/03\/img_1500x1000uu2025-06-30-12-29-00-2219611.jpg\",\"width\":796,\"height\":448,\"caption\":\"Acidentes com motas fizeram 573 v\u00edtimas em tr\u00eas anos\"},{\"@type\":\"BreadcrumbList\",\"@id\":\"https:\/\/portaltela.pt\/noticias\/2026\/03\/16\/mortalidade-em-acidentes-de-mota-uma-vitima-a-cada-dois-dias\/#breadcrumb\",\"itemListElement\":[{\"@type\":\"ListItem\",\"position\":1,\"name\":\"In\u00edcio\",\"item\":\"https:\/\/portaltela.pt\/\"},{\"@type\":\"ListItem\",\"position\":2,\"name\":\"Mortalidade em acidentes de mota: uma v\u00edtima a cada dois dias\"}]},{\"@type\":\"WebSite\",\"@id\":\"https:\/\/portaltela.pt\/#website\",\"url\":\"https:\/\/portaltela.pt\/\",\"name\":\"Portal Tela Portugal\",\"description\":\"\",\"potentialAction\":[{\"@type\":\"SearchAction\",\"target\":{\"@type\":\"EntryPoint\",\"urlTemplate\":\"https:\/\/portaltela.pt\/?s={search_term_string}\"},\"query-input\":{\"@type\":\"PropertyValueSpecification\",\"valueRequired\":true,\"valueName\":\"search_term_string\"}}],\"inLanguage\":\"pt-PT\"},{\"@type\":\"Person\",\"@id\":\"https:\/\/portaltela.pt\/#\/schema\/person\/c4278d4a6028830caff9ee44b42d32ed\",\"name\":\"Telinha\",\"image\":{\"@type\":\"ImageObject\",\"inLanguage\":\"pt-PT\",\"@id\":\"https:\/\/portaltela.pt\/s.01k8rhncp4jt1\/2025\/11\/talking-bot-125x125.png\",\"url\":\"https:\/\/portaltela.pt\/s.01k8rhncp4jt1\/2025\/11\/talking-bot-125x125.png\",\"contentUrl\":\"https:\/\/portaltela.pt\/s.01k8rhncp4jt1\/2025\/11\/talking-bot-125x125.png\",\"caption\":\"Telinha\"},\"sameAs\":[\"https:\/\/portaltela.pt\/\"],\"url\":\"https:\/\/portaltela.pt\/por\/367410592786\/\"}]}<\/script>\n<!-- \/ Yoast SEO plugin. -->","yoast_head_json":{"title":"Mortalidade em acidentes de mota: uma v\u00edtima a cada dois dias - Portal Tela Portugal","robots":{"index":"index","follow":"follow","max-snippet":"max-snippet:-1","max-image-preview":"max-image-preview:large","max-video-preview":"max-video-preview:-1"},"og_locale":"pt_PT","og_type":"article","og_title":"Mortalidade em acidentes de mota: uma v\u00edtima a cada dois dias - Portal Tela Portugal","og_description":"Um morto a cada dois dias; dois feridos graves a cada 24 horas; mais de um acidente por hora envolvendo ve\u00edculos de duas rodas. Entre 1 de janeiro de 2022 e 31 de dezembro de 2024 registaram-se mais de 32 mil acidentes com v\u00edtimas envolvendo motos e ciclomotores, com 573 mortes e mais de 2600 feridos graves. Parte da estat\u00edstica indica 29 acidentes com v\u00edtimas por dia. A campanha de seguran\u00e7a rodovi\u00e1ria Duas Rodas: Agarre-se \u00e0 Vida \u00e9 organizada pela PSP (Pol\u00edcia de Seguran\u00e7a P\u00fablica), pela GNR (Guarda Nacional Republicana) e pela ANSR (Autoridade Nacional de Seguran\u00e7a Rodovi\u00e1ria) e decorre durante uma semana. O objetivo \u00e9 sensibilizar condutores de motociclos e ciclomotores para comportamentos mais seguros e refor\u00e7ar a fiscaliza\u00e7\u00e3o; a opera\u00e7\u00e3o vai at\u00e9 segunda-feira, 23.","og_url":"https:\/\/portaltela.pt\/noticias\/2026\/03\/16\/mortalidade-em-acidentes-de-mota-uma-vitima-a-cada-dois-dias\/","og_site_name":"Portal Tela Portugal","article_published_time":"2026-03-17T01:30:00+00:00","author":"Telinha","twitter_card":"summary_large_image","twitter_misc":{"Escrito por":"Telinha","Tempo estimado de leitura":"1 minuto"},"schema":{"@context":"https:\/\/schema.org","@graph":[{"@type":"Article","@id":"https:\/\/portaltela.pt\/noticias\/2026\/03\/16\/mortalidade-em-acidentes-de-mota-uma-vitima-a-cada-dois-dias\/#article","isPartOf":{"@id":"https:\/\/portaltela.pt\/noticias\/2026\/03\/16\/mortalidade-em-acidentes-de-mota-uma-vitima-a-cada-dois-dias\/"},"author":{"name":"Telinha","@id":"https:\/\/portaltela.pt\/#\/schema\/person\/c4278d4a6028830caff9ee44b42d32ed"},"headline":"Mortalidade em acidentes de mota: uma v\u00edtima a cada dois dias","datePublished":"2026-03-17T01:30:00+00:00","mainEntityOfPage":{"@id":"https:\/\/portaltela.pt\/noticias\/2026\/03\/16\/mortalidade-em-acidentes-de-mota-uma-vitima-a-cada-dois-dias\/"},"wordCount":270,"image":{"@id":"https:\/\/portaltela.pt\/noticias\/2026\/03\/16\/mortalidade-em-acidentes-de-mota-uma-vitima-a-cada-dois-dias\/#primaryimage"},"thumbnailUrl":"https:\/\/portaltela.pt\/s.01k8rhncp4jt1\/2026\/03\/img_1500x1000uu2025-06-30-12-29-00-2219611.jpg","keywords":["acidente","acidentes de via\u00e7\u00e3o","GNR","Pol\u00edcia de Seguran\u00e7a P\u00fablica","Portugal","seguran\u00e7a rodovi\u00e1ria"],"articleSection":["Not\u00edcias"],"inLanguage":"pt-PT"},{"@type":"WebPage","@id":"https:\/\/portaltela.pt\/noticias\/2026\/03\/16\/mortalidade-em-acidentes-de-mota-uma-vitima-a-cada-dois-dias\/","url":"https:\/\/portaltela.pt\/noticias\/2026\/03\/16\/mortalidade-em-acidentes-de-mota-uma-vitima-a-cada-dois-dias\/","name":"Mortalidade em acidentes de mota: uma v\u00edtima a cada dois dias - Portal Tela Portugal","isPartOf":{"@id":"https:\/\/portaltela.pt\/#website"},"primaryImageOfPage":{"@id":"https:\/\/portaltela.pt\/noticias\/2026\/03\/16\/mortalidade-em-acidentes-de-mota-uma-vitima-a-cada-dois-dias\/#primaryimage"},"image":{"@id":"https:\/\/portaltela.pt\/noticias\/2026\/03\/16\/mortalidade-em-acidentes-de-mota-uma-vitima-a-cada-dois-dias\/#primaryimage"},"thumbnailUrl":"https:\/\/portaltela.pt\/s.01k8rhncp4jt1\/2026\/03\/img_1500x1000uu2025-06-30-12-29-00-2219611.jpg","datePublished":"2026-03-17T01:30:00+00:00","author":{"@id":"https:\/\/portaltela.pt\/#\/schema\/person\/c4278d4a6028830caff9ee44b42d32ed"},"breadcrumb":{"@id":"https:\/\/portaltela.pt\/noticias\/2026\/03\/16\/mortalidade-em-acidentes-de-mota-uma-vitima-a-cada-dois-dias\/#breadcrumb"},"inLanguage":"pt-PT","potentialAction":[{"@type":"ReadAction","target":["https:\/\/portaltela.pt\/noticias\/2026\/03\/16\/mortalidade-em-acidentes-de-mota-uma-vitima-a-cada-dois-dias\/"]}]},{"@type":"ImageObject","inLanguage":"pt-PT","@id":"https:\/\/portaltela.pt\/noticias\/2026\/03\/16\/mortalidade-em-acidentes-de-mota-uma-vitima-a-cada-dois-dias\/#primaryimage","url":"https:\/\/portaltela.pt\/s.01k8rhncp4jt1\/2026\/03\/img_1500x1000uu2025-06-30-12-29-00-2219611.jpg","contentUrl":"https:\/\/portaltela.pt\/s.01k8rhncp4jt1\/2026\/03\/img_1500x1000uu2025-06-30-12-29-00-2219611.jpg","width":796,"height":448,"caption":"Acidentes com motas fizeram 573 v\u00edtimas em tr\u00eas anos"},{"@type":"BreadcrumbList","@id":"https:\/\/portaltela.pt\/noticias\/2026\/03\/16\/mortalidade-em-acidentes-de-mota-uma-vitima-a-cada-dois-dias\/#breadcrumb","itemListElement":[{"@type":"ListItem","position":1,"name":"In\u00edcio","item":"https:\/\/portaltela.pt\/"},{"@type":"ListItem","position":2,"name":"Mortalidade em acidentes de mota: uma v\u00edtima a cada dois dias"}]},{"@type":"WebSite","@id":"https:\/\/portaltela.pt\/#website","url":"https:\/\/portaltela.pt\/","name":"Portal Tela Portugal","description":"","potentialAction":[{"@type":"SearchAction","target":{"@type":"EntryPoint","urlTemplate":"https:\/\/portaltela.pt\/?s={search_term_string}"},"query-input":{"@type":"PropertyValueSpecification","valueRequired":true,"valueName":"search_term_string"}}],"inLanguage":"pt-PT"},{"@type":"Person","@id":"https:\/\/portaltela.pt\/#\/schema\/person\/c4278d4a6028830caff9ee44b42d32ed","name":"Telinha","image":{"@type":"ImageObject","inLanguage":"pt-PT","@id":"https:\/\/portaltela.pt\/s.01k8rhncp4jt1\/2025\/11\/talking-bot-125x125.png","url":"https:\/\/portaltela.pt\/s.01k8rhncp4jt1\/2025\/11\/talking-bot-125x125.png","contentUrl":"https:\/\/portaltela.pt\/s.01k8rhncp4jt1\/2025\/11\/talking-bot-125x125.png","caption":"Telinha"},"sameAs":["https:\/\/portaltela.pt\/"],"url":"https:\/\/portaltela.pt\/por\/367410592786\/"}]}},"_links":{"self":[{"href":"https:\/\/portaltela.pt\/api\/wp\/v2\/posts\/412716","targetHints":{"allow":["GET"]}}],"collection":[{"href":"https:\/\/portaltela.pt\/api\/wp\/v2\/posts"}],"about":[{"href":"https:\/\/portaltela.pt\/api\/wp\/v2\/types\/post"}],"author":[{"embeddable":true,"href":"https:\/\/portaltela.pt\/api\/wp\/v2\/users\/2"}],"replies":[{"embeddable":true,"href":"https:\/\/portaltela.pt\/api\/wp\/v2\/comments?post=412716"}],"version-history":[{"count":0,"href":"https:\/\/portaltela.pt\/api\/wp\/v2\/posts\/412716\/revisions"}],"wp:featuredmedia":[{"embeddable":true,"href":"https:\/\/portaltela.pt\/api\/wp\/v2\/media\/412726"}],"wp:attachment":[{"href":"https:\/\/portaltela.pt\/api\/wp\/v2\/media?parent=412716"}],"wp:term":[{"taxonomy":"category","embeddable":true,"href":"https:\/\/portaltela.pt\/api\/wp\/v2\/categories?post=412716"},{"taxonomy":"post_tag","embeddable":true,"href":"https:\/\/portaltela.pt\/api\/wp\/v2\/tags?post=412716"}],"curies":[{"name":"wp","href":"https:\/\/api.w.org\/{rel}","templated":true}]}}