{"id":412709,"date":"2026-03-16T22:30:00","date_gmt":"2026-03-17T01:30:00","guid":{"rendered":"https:\/\/portaltela.pt\/noticias\/2026\/03\/16\/caso-epstein-doacoes-a-universidades-obrigam-mudancas-no-meio-academico\/"},"modified":"2026-03-16T22:30:00","modified_gmt":"2026-03-17T01:30:00","slug":"caso-epstein-doacoes-a-universidades-obrigam-mudancas-no-meio-academico","status":"publish","type":"post","link":"https:\/\/portaltela.pt\/noticias\/2026\/03\/16\/caso-epstein-doacoes-a-universidades-obrigam-mudancas-no-meio-academico\/","title":{"rendered":"Caso Epstein: Doa\u00e7\u00f5es a universidades obrigam mudan\u00e7as no meio acad\u00e9mico"},"content":{"rendered":"<p>Jeffrey Epstein ficou ligado a universidades e ao mundo acad\u00e9mico, e a divulga\u00e7\u00e3o de ficheiros do Department of Justice dos EUA exp\u00f4s as liga\u00e7\u00f5es entre o financial donor e investigadores, docentes e reitores. O conjunto de documentos provocou demiss\u00f5es e mudan\u00e7as de pol\u00edticas internas. Epstein morreu em pris\u00e3o em 2019.<\/p>\n<p>A divulga\u00e7\u00e3o salienta que, apesar de ter sido registado como criminoso sexual, o patrono financiou diversas institui\u00e7\u00f5es e investigadores, muitas vezes atrav\u00e9s de funda\u00e7\u00f5es. A medida levou universidades a rever procedimentos de verifica\u00e7\u00e3o de doadores e a refor\u00e7ar controles sobre as liga\u00e7\u00f5es com entidades privadas.<\/p>\n<p>V\u00e1rios casos destacam-se entre as consequ\u00eancias. Em Columbia, Richard Axel deixou a lideran\u00e7a de um instituto de pesquisa ap\u00f3s a revela\u00e7\u00e3o da rela\u00e7\u00e3o com Epstein, apelando a um erro de julgamento. Em Harvard, Lawrence Summers foi afastado da presid\u00eancia e n\u00e3o regressou \u00e0s aulas. Em Bard College, a dire\u00e7\u00e3o solicitou um plano de transi\u00e7\u00e3o para um novo presidente devido \u00e0s liga\u00e7\u00f5es de Leon Botstein a Epstein, que o maestro afirma terem ficado dentro das suas fun\u00e7\u00f5es de angaria\u00e7\u00e3o de fundos.<\/p>\n<h3>Harvard e outras institui\u00e7\u00f5es<\/h3>\n<p>Harvard foi uma das universidades mais expostas, tendo recebido financiamento de Epstein mesmo ap\u00f3s o registo criminal. O material indica que o geneticista George Church e o bi\u00f3logo Martin Nowak visitaram juntos a ilha associada a Epstein e participaram de reuni\u00f5es em Boston. Nowak chegou a facilitar, segundo o relat\u00f3rio, o acesso de Epstein a escrit\u00f3rios de Harvard at\u00e9 2018.<\/p>\n<p>O conjunto de documentos tamb\u00e9m aponta que Epstein financiou, atrav\u00e9s de institui\u00e7\u00f5es de caridade, universidades como Harvard, a University of Arizona e a University of British Columbia. Contas e transfer\u00eancias apontam para doa\u00e7\u00f5es condicionadas a \u00e1reas de investiga\u00e7\u00e3o que lhe interessavam, incluindo gen\u00e9tica, e para o pagamento de propinas de v\u00e1rias mulheres, segundo relatos.<\/p>\n<p>A not\u00edcia tem levado as institui\u00e7\u00f5es a reavaliarem a forma como interagem com doadores privados, impondo verifica\u00e7\u00f5es mais rigorosas e maior transpar\u00eancia sobre rela\u00e7\u00f5es com entidades filantr\u00f3picas. O Departamento de Justi\u00e7a n\u00e3o divulgou detalhes adicionais no momento.<\/p>\n","protected":false},"excerpt":{"rendered":"<ul>\n<li>A divulga\u00e7\u00e3o dos ficheiros do Departamento de Justi\u00e7a exp\u00f5e liga\u00e7\u00f5es de Jeffrey Epstein ao mundo acad\u00e9mico, levando a demiss\u00f5es e a mudan\u00e7as de procedimentos.<\/li>\n<li>Epstein morreu em 2019 e financiou universidades como Harvard, Arizona e a Universidade da Col\u00fambia Brit\u00e2nica, \u00e0s vezes atrav\u00e9s de institui\u00e7\u00f5es de caridade.<\/li>\n<li>Richard Axel renunciou \u00e0 lideran\u00e7a de um instituto de pesquisa na Universidade de Col\u00fambia; Lawrence Summers foi afastado da presid\u00eancia de Harvard e n\u00e3o retomou as aulas; o Bard College pediu um plano de transi\u00e7\u00e3o devido \u00e0s liga\u00e7\u00f5es com Leon Botstein.<\/li>\n<li>As institui\u00e7\u00f5es, incluindo Harvard, t\u00eam repensado a forma como lidam com doadores privados, com chamadas a verifica\u00e7\u00f5es mais rigorosas.<\/li>\n<li>A divulga\u00e7\u00e3o revela rela\u00e7\u00f5es com cientistas de Harvard, como George Church e Martin Nowak; Nowak deu a Epstein acesso aos escrit\u00f3rios de Harvard at\u00e9 2018 e Epstein usava o escrit\u00f3rio de Nowak para reuni\u00f5es.<\/li>\n<\/ul>\n","protected":false},"author":2,"featured_media":412710,"comment_status":"closed","ping_status":"closed","sticky":false,"template":"","format":"standard","meta":{"footnotes":""},"categories":[1],"tags":[3123,2417,1144,215,5708,58],"class_list":["post-412709","post","type-post","status-publish","format-standard","has-post-thumbnail","hentry","category-noticias","tag-doacoes","tag-financiamento","tag-instituicoes","tag-investigacao","tag-transparencia-publica","tag-universidades"],"yoast_head":"<!-- This site is optimized with the Yoast SEO plugin v27.2 - https:\/\/yoast.com\/product\/yoast-seo-wordpress\/ -->\n<title>Caso Epstein: Doa\u00e7\u00f5es a universidades obrigam mudan\u00e7as no meio acad\u00e9mico - Portal Tela Portugal<\/title>\n<meta name=\"robots\" content=\"index, follow, max-snippet:-1, max-image-preview:large, max-video-preview:-1\" \/>\n<meta property=\"og:locale\" content=\"pt_PT\" \/>\n<meta property=\"og:type\" content=\"article\" \/>\n<meta property=\"og:title\" content=\"Caso Epstein: Doa\u00e7\u00f5es a universidades obrigam mudan\u00e7as no meio acad\u00e9mico - Portal Tela Portugal\" \/>\n<meta property=\"og:description\" content=\"A divulga\u00e7\u00e3o dos ficheiros do Departamento de Justi\u00e7a exp\u00f5e liga\u00e7\u00f5es de Jeffrey Epstein ao mundo acad\u00e9mico, levando a demiss\u00f5es e a mudan\u00e7as de procedimentos. Epstein morreu em 2019 e financiou universidades como Harvard, Arizona e a Universidade da Col\u00fambia Brit\u00e2nica, \u00e0s vezes atrav\u00e9s de institui\u00e7\u00f5es de caridade. Richard Axel renunciou \u00e0 lideran\u00e7a de um instituto de pesquisa na Universidade de Col\u00fambia; Lawrence Summers foi afastado da presid\u00eancia de Harvard e n\u00e3o retomou as aulas; o Bard College pediu um plano de transi\u00e7\u00e3o devido \u00e0s liga\u00e7\u00f5es com Leon Botstein. As institui\u00e7\u00f5es, incluindo Harvard, t\u00eam repensado a forma como lidam com doadores privados, com chamadas a verifica\u00e7\u00f5es mais rigorosas. A divulga\u00e7\u00e3o revela rela\u00e7\u00f5es com cientistas de Harvard, como George Church e Martin Nowak; Nowak deu a Epstein acesso aos escrit\u00f3rios de Harvard at\u00e9 2018 e Epstein usava o escrit\u00f3rio de Nowak para reuni\u00f5es.\" \/>\n<meta property=\"og:url\" content=\"https:\/\/portaltela.pt\/noticias\/2026\/03\/16\/caso-epstein-doacoes-a-universidades-obrigam-mudancas-no-meio-academico\/\" \/>\n<meta property=\"og:site_name\" content=\"Portal Tela Portugal\" \/>\n<meta property=\"article:published_time\" content=\"2026-03-17T01:30:00+00:00\" \/>\n<meta name=\"author\" content=\"Telinha\" \/>\n<meta name=\"twitter:card\" content=\"summary_large_image\" \/>\n<meta name=\"twitter:label1\" content=\"Escrito por\" \/>\n\t<meta name=\"twitter:data1\" content=\"Telinha\" \/>\n\t<meta name=\"twitter:label2\" content=\"Tempo estimado de leitura\" \/>\n\t<meta name=\"twitter:data2\" content=\"2 minutos\" \/>\n<script type=\"application\/ld+json\" class=\"yoast-schema-graph\">{\"@context\":\"https:\/\/schema.org\",\"@graph\":[{\"@type\":\"Article\",\"@id\":\"https:\/\/portaltela.pt\/noticias\/2026\/03\/16\/caso-epstein-doacoes-a-universidades-obrigam-mudancas-no-meio-academico\/#article\",\"isPartOf\":{\"@id\":\"https:\/\/portaltela.pt\/noticias\/2026\/03\/16\/caso-epstein-doacoes-a-universidades-obrigam-mudancas-no-meio-academico\/\"},\"author\":{\"name\":\"Telinha\",\"@id\":\"https:\/\/portaltela.pt\/#\/schema\/person\/c4278d4a6028830caff9ee44b42d32ed\"},\"headline\":\"Caso Epstein: Doa\u00e7\u00f5es a universidades obrigam mudan\u00e7as no meio acad\u00e9mico\",\"datePublished\":\"2026-03-17T01:30:00+00:00\",\"mainEntityOfPage\":{\"@id\":\"https:\/\/portaltela.pt\/noticias\/2026\/03\/16\/caso-epstein-doacoes-a-universidades-obrigam-mudancas-no-meio-academico\/\"},\"wordCount\":391,\"image\":{\"@id\":\"https:\/\/portaltela.pt\/noticias\/2026\/03\/16\/caso-epstein-doacoes-a-universidades-obrigam-mudancas-no-meio-academico\/#primaryimage\"},\"thumbnailUrl\":\"https:\/\/portaltela.pt\/s.01k8rhncp4jt1\/2026\/03\/img_1500x1000uu2026-02-06-15-39-21-2265260.jpg\",\"keywords\":[\"doa\u00e7\u00f5es\",\"financiamento\",\"institui\u00e7\u00f5es\",\"investiga\u00e7\u00e3o\",\"transpar\u00eancia p\u00fablica\",\"universidades\"],\"articleSection\":[\"Not\u00edcias\"],\"inLanguage\":\"pt-PT\"},{\"@type\":\"WebPage\",\"@id\":\"https:\/\/portaltela.pt\/noticias\/2026\/03\/16\/caso-epstein-doacoes-a-universidades-obrigam-mudancas-no-meio-academico\/\",\"url\":\"https:\/\/portaltela.pt\/noticias\/2026\/03\/16\/caso-epstein-doacoes-a-universidades-obrigam-mudancas-no-meio-academico\/\",\"name\":\"Caso Epstein: Doa\u00e7\u00f5es a universidades obrigam mudan\u00e7as no meio acad\u00e9mico - Portal Tela Portugal\",\"isPartOf\":{\"@id\":\"https:\/\/portaltela.pt\/#website\"},\"primaryImageOfPage\":{\"@id\":\"https:\/\/portaltela.pt\/noticias\/2026\/03\/16\/caso-epstein-doacoes-a-universidades-obrigam-mudancas-no-meio-academico\/#primaryimage\"},\"image\":{\"@id\":\"https:\/\/portaltela.pt\/noticias\/2026\/03\/16\/caso-epstein-doacoes-a-universidades-obrigam-mudancas-no-meio-academico\/#primaryimage\"},\"thumbnailUrl\":\"https:\/\/portaltela.pt\/s.01k8rhncp4jt1\/2026\/03\/img_1500x1000uu2026-02-06-15-39-21-2265260.jpg\",\"datePublished\":\"2026-03-17T01:30:00+00:00\",\"author\":{\"@id\":\"https:\/\/portaltela.pt\/#\/schema\/person\/c4278d4a6028830caff9ee44b42d32ed\"},\"breadcrumb\":{\"@id\":\"https:\/\/portaltela.pt\/noticias\/2026\/03\/16\/caso-epstein-doacoes-a-universidades-obrigam-mudancas-no-meio-academico\/#breadcrumb\"},\"inLanguage\":\"pt-PT\",\"potentialAction\":[{\"@type\":\"ReadAction\",\"target\":[\"https:\/\/portaltela.pt\/noticias\/2026\/03\/16\/caso-epstein-doacoes-a-universidades-obrigam-mudancas-no-meio-academico\/\"]}]},{\"@type\":\"ImageObject\",\"inLanguage\":\"pt-PT\",\"@id\":\"https:\/\/portaltela.pt\/noticias\/2026\/03\/16\/caso-epstein-doacoes-a-universidades-obrigam-mudancas-no-meio-academico\/#primaryimage\",\"url\":\"https:\/\/portaltela.pt\/s.01k8rhncp4jt1\/2026\/03\/img_1500x1000uu2026-02-06-15-39-21-2265260.jpg\",\"contentUrl\":\"https:\/\/portaltela.pt\/s.01k8rhncp4jt1\/2026\/03\/img_1500x1000uu2026-02-06-15-39-21-2265260.jpg\",\"width\":1500,\"height\":1000,\"caption\":\"Caso Epstein\"},{\"@type\":\"BreadcrumbList\",\"@id\":\"https:\/\/portaltela.pt\/noticias\/2026\/03\/16\/caso-epstein-doacoes-a-universidades-obrigam-mudancas-no-meio-academico\/#breadcrumb\",\"itemListElement\":[{\"@type\":\"ListItem\",\"position\":1,\"name\":\"In\u00edcio\",\"item\":\"https:\/\/portaltela.pt\/\"},{\"@type\":\"ListItem\",\"position\":2,\"name\":\"Caso Epstein: Doa\u00e7\u00f5es a universidades obrigam mudan\u00e7as no meio acad\u00e9mico\"}]},{\"@type\":\"WebSite\",\"@id\":\"https:\/\/portaltela.pt\/#website\",\"url\":\"https:\/\/portaltela.pt\/\",\"name\":\"Portal Tela Portugal\",\"description\":\"\",\"potentialAction\":[{\"@type\":\"SearchAction\",\"target\":{\"@type\":\"EntryPoint\",\"urlTemplate\":\"https:\/\/portaltela.pt\/?s={search_term_string}\"},\"query-input\":{\"@type\":\"PropertyValueSpecification\",\"valueRequired\":true,\"valueName\":\"search_term_string\"}}],\"inLanguage\":\"pt-PT\"},{\"@type\":\"Person\",\"@id\":\"https:\/\/portaltela.pt\/#\/schema\/person\/c4278d4a6028830caff9ee44b42d32ed\",\"name\":\"Telinha\",\"image\":{\"@type\":\"ImageObject\",\"inLanguage\":\"pt-PT\",\"@id\":\"https:\/\/portaltela.pt\/s.01k8rhncp4jt1\/2025\/11\/talking-bot-125x125.png\",\"url\":\"https:\/\/portaltela.pt\/s.01k8rhncp4jt1\/2025\/11\/talking-bot-125x125.png\",\"contentUrl\":\"https:\/\/portaltela.pt\/s.01k8rhncp4jt1\/2025\/11\/talking-bot-125x125.png\",\"caption\":\"Telinha\"},\"sameAs\":[\"https:\/\/portaltela.pt\/\"],\"url\":\"https:\/\/portaltela.pt\/por\/367410592786\/\"}]}<\/script>\n<!-- \/ Yoast SEO plugin. -->","yoast_head_json":{"title":"Caso Epstein: Doa\u00e7\u00f5es a universidades obrigam mudan\u00e7as no meio acad\u00e9mico - Portal Tela Portugal","robots":{"index":"index","follow":"follow","max-snippet":"max-snippet:-1","max-image-preview":"max-image-preview:large","max-video-preview":"max-video-preview:-1"},"og_locale":"pt_PT","og_type":"article","og_title":"Caso Epstein: Doa\u00e7\u00f5es a universidades obrigam mudan\u00e7as no meio acad\u00e9mico - Portal Tela Portugal","og_description":"A divulga\u00e7\u00e3o dos ficheiros do Departamento de Justi\u00e7a exp\u00f5e liga\u00e7\u00f5es de Jeffrey Epstein ao mundo acad\u00e9mico, levando a demiss\u00f5es e a mudan\u00e7as de procedimentos. Epstein morreu em 2019 e financiou universidades como Harvard, Arizona e a Universidade da Col\u00fambia Brit\u00e2nica, \u00e0s vezes atrav\u00e9s de institui\u00e7\u00f5es de caridade. Richard Axel renunciou \u00e0 lideran\u00e7a de um instituto de pesquisa na Universidade de Col\u00fambia; Lawrence Summers foi afastado da presid\u00eancia de Harvard e n\u00e3o retomou as aulas; o Bard College pediu um plano de transi\u00e7\u00e3o devido \u00e0s liga\u00e7\u00f5es com Leon Botstein. As institui\u00e7\u00f5es, incluindo Harvard, t\u00eam repensado a forma como lidam com doadores privados, com chamadas a verifica\u00e7\u00f5es mais rigorosas. A divulga\u00e7\u00e3o revela rela\u00e7\u00f5es com cientistas de Harvard, como George Church e Martin Nowak; Nowak deu a Epstein acesso aos escrit\u00f3rios de Harvard at\u00e9 2018 e Epstein usava o escrit\u00f3rio de Nowak para reuni\u00f5es.","og_url":"https:\/\/portaltela.pt\/noticias\/2026\/03\/16\/caso-epstein-doacoes-a-universidades-obrigam-mudancas-no-meio-academico\/","og_site_name":"Portal Tela Portugal","article_published_time":"2026-03-17T01:30:00+00:00","author":"Telinha","twitter_card":"summary_large_image","twitter_misc":{"Escrito por":"Telinha","Tempo estimado de leitura":"2 minutos"},"schema":{"@context":"https:\/\/schema.org","@graph":[{"@type":"Article","@id":"https:\/\/portaltela.pt\/noticias\/2026\/03\/16\/caso-epstein-doacoes-a-universidades-obrigam-mudancas-no-meio-academico\/#article","isPartOf":{"@id":"https:\/\/portaltela.pt\/noticias\/2026\/03\/16\/caso-epstein-doacoes-a-universidades-obrigam-mudancas-no-meio-academico\/"},"author":{"name":"Telinha","@id":"https:\/\/portaltela.pt\/#\/schema\/person\/c4278d4a6028830caff9ee44b42d32ed"},"headline":"Caso Epstein: Doa\u00e7\u00f5es a universidades obrigam mudan\u00e7as no meio acad\u00e9mico","datePublished":"2026-03-17T01:30:00+00:00","mainEntityOfPage":{"@id":"https:\/\/portaltela.pt\/noticias\/2026\/03\/16\/caso-epstein-doacoes-a-universidades-obrigam-mudancas-no-meio-academico\/"},"wordCount":391,"image":{"@id":"https:\/\/portaltela.pt\/noticias\/2026\/03\/16\/caso-epstein-doacoes-a-universidades-obrigam-mudancas-no-meio-academico\/#primaryimage"},"thumbnailUrl":"https:\/\/portaltela.pt\/s.01k8rhncp4jt1\/2026\/03\/img_1500x1000uu2026-02-06-15-39-21-2265260.jpg","keywords":["doa\u00e7\u00f5es","financiamento","institui\u00e7\u00f5es","investiga\u00e7\u00e3o","transpar\u00eancia p\u00fablica","universidades"],"articleSection":["Not\u00edcias"],"inLanguage":"pt-PT"},{"@type":"WebPage","@id":"https:\/\/portaltela.pt\/noticias\/2026\/03\/16\/caso-epstein-doacoes-a-universidades-obrigam-mudancas-no-meio-academico\/","url":"https:\/\/portaltela.pt\/noticias\/2026\/03\/16\/caso-epstein-doacoes-a-universidades-obrigam-mudancas-no-meio-academico\/","name":"Caso Epstein: Doa\u00e7\u00f5es a universidades obrigam mudan\u00e7as no meio acad\u00e9mico - Portal Tela Portugal","isPartOf":{"@id":"https:\/\/portaltela.pt\/#website"},"primaryImageOfPage":{"@id":"https:\/\/portaltela.pt\/noticias\/2026\/03\/16\/caso-epstein-doacoes-a-universidades-obrigam-mudancas-no-meio-academico\/#primaryimage"},"image":{"@id":"https:\/\/portaltela.pt\/noticias\/2026\/03\/16\/caso-epstein-doacoes-a-universidades-obrigam-mudancas-no-meio-academico\/#primaryimage"},"thumbnailUrl":"https:\/\/portaltela.pt\/s.01k8rhncp4jt1\/2026\/03\/img_1500x1000uu2026-02-06-15-39-21-2265260.jpg","datePublished":"2026-03-17T01:30:00+00:00","author":{"@id":"https:\/\/portaltela.pt\/#\/schema\/person\/c4278d4a6028830caff9ee44b42d32ed"},"breadcrumb":{"@id":"https:\/\/portaltela.pt\/noticias\/2026\/03\/16\/caso-epstein-doacoes-a-universidades-obrigam-mudancas-no-meio-academico\/#breadcrumb"},"inLanguage":"pt-PT","potentialAction":[{"@type":"ReadAction","target":["https:\/\/portaltela.pt\/noticias\/2026\/03\/16\/caso-epstein-doacoes-a-universidades-obrigam-mudancas-no-meio-academico\/"]}]},{"@type":"ImageObject","inLanguage":"pt-PT","@id":"https:\/\/portaltela.pt\/noticias\/2026\/03\/16\/caso-epstein-doacoes-a-universidades-obrigam-mudancas-no-meio-academico\/#primaryimage","url":"https:\/\/portaltela.pt\/s.01k8rhncp4jt1\/2026\/03\/img_1500x1000uu2026-02-06-15-39-21-2265260.jpg","contentUrl":"https:\/\/portaltela.pt\/s.01k8rhncp4jt1\/2026\/03\/img_1500x1000uu2026-02-06-15-39-21-2265260.jpg","width":1500,"height":1000,"caption":"Caso Epstein"},{"@type":"BreadcrumbList","@id":"https:\/\/portaltela.pt\/noticias\/2026\/03\/16\/caso-epstein-doacoes-a-universidades-obrigam-mudancas-no-meio-academico\/#breadcrumb","itemListElement":[{"@type":"ListItem","position":1,"name":"In\u00edcio","item":"https:\/\/portaltela.pt\/"},{"@type":"ListItem","position":2,"name":"Caso Epstein: Doa\u00e7\u00f5es a universidades obrigam mudan\u00e7as no meio acad\u00e9mico"}]},{"@type":"WebSite","@id":"https:\/\/portaltela.pt\/#website","url":"https:\/\/portaltela.pt\/","name":"Portal Tela Portugal","description":"","potentialAction":[{"@type":"SearchAction","target":{"@type":"EntryPoint","urlTemplate":"https:\/\/portaltela.pt\/?s={search_term_string}"},"query-input":{"@type":"PropertyValueSpecification","valueRequired":true,"valueName":"search_term_string"}}],"inLanguage":"pt-PT"},{"@type":"Person","@id":"https:\/\/portaltela.pt\/#\/schema\/person\/c4278d4a6028830caff9ee44b42d32ed","name":"Telinha","image":{"@type":"ImageObject","inLanguage":"pt-PT","@id":"https:\/\/portaltela.pt\/s.01k8rhncp4jt1\/2025\/11\/talking-bot-125x125.png","url":"https:\/\/portaltela.pt\/s.01k8rhncp4jt1\/2025\/11\/talking-bot-125x125.png","contentUrl":"https:\/\/portaltela.pt\/s.01k8rhncp4jt1\/2025\/11\/talking-bot-125x125.png","caption":"Telinha"},"sameAs":["https:\/\/portaltela.pt\/"],"url":"https:\/\/portaltela.pt\/por\/367410592786\/"}]}},"_links":{"self":[{"href":"https:\/\/portaltela.pt\/api\/wp\/v2\/posts\/412709","targetHints":{"allow":["GET"]}}],"collection":[{"href":"https:\/\/portaltela.pt\/api\/wp\/v2\/posts"}],"about":[{"href":"https:\/\/portaltela.pt\/api\/wp\/v2\/types\/post"}],"author":[{"embeddable":true,"href":"https:\/\/portaltela.pt\/api\/wp\/v2\/users\/2"}],"replies":[{"embeddable":true,"href":"https:\/\/portaltela.pt\/api\/wp\/v2\/comments?post=412709"}],"version-history":[{"count":0,"href":"https:\/\/portaltela.pt\/api\/wp\/v2\/posts\/412709\/revisions"}],"wp:featuredmedia":[{"embeddable":true,"href":"https:\/\/portaltela.pt\/api\/wp\/v2\/media\/412710"}],"wp:attachment":[{"href":"https:\/\/portaltela.pt\/api\/wp\/v2\/media?parent=412709"}],"wp:term":[{"taxonomy":"category","embeddable":true,"href":"https:\/\/portaltela.pt\/api\/wp\/v2\/categories?post=412709"},{"taxonomy":"post_tag","embeddable":true,"href":"https:\/\/portaltela.pt\/api\/wp\/v2\/tags?post=412709"}],"curies":[{"name":"wp","href":"https:\/\/api.w.org\/{rel}","templated":true}]}}