{"id":412686,"date":"2026-03-16T20:47:00","date_gmt":"2026-03-16T23:47:00","guid":{"rendered":"https:\/\/portaltela.pt\/noticias\/2026\/03\/16\/zelensky-recebe-sean-penn-em-kiev-e-agradece-apoio-constante\/"},"modified":"2026-03-16T20:47:00","modified_gmt":"2026-03-16T23:47:00","slug":"zelensky-recebe-sean-penn-em-kiev-e-agradece-apoio-constante","status":"publish","type":"post","link":"https:\/\/portaltela.pt\/noticias\/politica\/2026\/03\/16\/zelensky-recebe-sean-penn-em-kiev-e-agradece-apoio-constante\/","title":{"rendered":"Zelensky recebe Sean Penn em Kiev e agradece apoio constante"},"content":{"rendered":"<p>O presidente ucraniano Volodymyr Zelensky recebeu nesta segunda-feira em Kiev o ator norte-americano Sean Penn, para agradecer-lhe o apoio constante ao pa\u00eds desde o in\u00edcio da guerra em grande escala.<\/p>\n<p>Zelensky comunicou o encontro na rede X, elogiando Penn como um amigo da Ucr\u00e2nia e divulgando uma fotografia da reuni\u00e3o.<\/p>\n<p>Segundo o The New York Times, Penn n\u00e3o compareceu \u00e0 cerim\u00f3nia de os Oscars no domingo, para viajar at\u00e9 \u00e0 Ucr\u00e2nia, onde pretende manter o apoio \u00e0 resist\u00eancia.<\/p>\n<p>Penn j\u00e1 tinha visitado a Ucr\u00e2nia no in\u00edcio do conflito, tendo gravado um document\u00e1rio sobre a resist\u00eancia ucraniana centrado na figura de Zelensky.<\/p>\n<h3>Contexto da visita<\/h3>\n<p>A visita de Penn ocorre num contexto de apoio internacional \u00e0 Ucr\u00e2nia e de divulga\u00e7\u00e3o de relatos da guerra, com o ator envolvido em projects que destacam a resist\u00eancia do pa\u00eds.<\/p>\n<p>N\u00e3o foram divulgados detalhes adicionais sobre agendamento ou pr\u00f3ximos passos do encontro entre Penn e Zelensky.<\/p>\n","protected":false},"excerpt":{"rendered":"<ul>\n<li>O presidente ucraniano Volodymyr Zelensky recebeu, esta segunda-feira, em Kiev o ator Sean Penn.<\/li>\n<li>Zelensky agradeceu a Penn pelo apoio constante \u00e0 causa ucraniana desde o in\u00edcio da guerra em grande escala.<\/li>\n<li>Zelensky escreveu na rede social X que Sean Penn \u00e9 um \u201cverdadeiro amigo da Ucr\u00e2nia\u201d.<\/li>\n<li>Penn n\u00e3o compareceu \u00e0 cerim\u00f3nia dos \u00d3scares no domingo para viajar at\u00e9 \u00e0 Ucr\u00e2nia, segundo o The New York Times.<\/li>\n<li>Penn j\u00e1 tinha visitado a Ucr\u00e2nia no in\u00edcio da guerra, onde gravou um document\u00e1rio sobre a resist\u00eancia ucraniana, centrado na figura do presidente Zelensky.<\/li>\n<\/ul>\n","protected":false},"author":2,"featured_media":412687,"comment_status":"closed","ping_status":"closed","sticky":false,"template":"","format":"standard","meta":{"footnotes":""},"categories":[6912,5],"tags":[6290,6703,81,30,2134],"class_list":["post-412686","post","type-post","status-publish","format-standard","has-post-thumbnail","hentry","category-internacionais","category-politica","tag-apoio-internacional","tag-diplomacia-internacional","tag-internacionais","tag-presidente","tag-ucrania"],"yoast_head":"<!-- This site is optimized with the Yoast SEO plugin v27.2 - https:\/\/yoast.com\/product\/yoast-seo-wordpress\/ -->\n<title>Zelensky recebe Sean Penn em Kiev e agradece apoio constante - Portal Tela Portugal<\/title>\n<meta name=\"robots\" content=\"index, follow, max-snippet:-1, max-image-preview:large, max-video-preview:-1\" \/>\n<meta property=\"og:locale\" content=\"pt_PT\" \/>\n<meta property=\"og:type\" content=\"article\" \/>\n<meta property=\"og:title\" content=\"Zelensky recebe Sean Penn em Kiev e agradece apoio constante - Portal Tela Portugal\" \/>\n<meta property=\"og:description\" content=\"O presidente ucraniano Volodymyr Zelensky recebeu, esta segunda-feira, em Kiev o ator Sean Penn. Zelensky agradeceu a Penn pelo apoio constante \u00e0 causa ucraniana desde o in\u00edcio da guerra em grande escala. Zelensky escreveu na rede social X que Sean Penn \u00e9 um \u201cverdadeiro amigo da Ucr\u00e2nia\u201d. Penn n\u00e3o compareceu \u00e0 cerim\u00f3nia dos \u00d3scares no domingo para viajar at\u00e9 \u00e0 Ucr\u00e2nia, segundo o The New York Times. Penn j\u00e1 tinha visitado a Ucr\u00e2nia no in\u00edcio da guerra, onde gravou um document\u00e1rio sobre a resist\u00eancia ucraniana, centrado na figura do presidente Zelensky.\" \/>\n<meta property=\"og:url\" content=\"https:\/\/portaltela.pt\/noticias\/2026\/03\/16\/zelensky-recebe-sean-penn-em-kiev-e-agradece-apoio-constante\/\" \/>\n<meta property=\"og:site_name\" content=\"Portal Tela Portugal\" \/>\n<meta property=\"article:published_time\" content=\"2026-03-16T23:47:00+00:00\" \/>\n<meta name=\"author\" content=\"Telinha\" \/>\n<meta name=\"twitter:card\" content=\"summary_large_image\" \/>\n<meta name=\"twitter:label1\" content=\"Escrito por\" \/>\n\t<meta name=\"twitter:data1\" content=\"Telinha\" \/>\n\t<meta name=\"twitter:label2\" content=\"Tempo estimado de leitura\" \/>\n\t<meta name=\"twitter:data2\" content=\"1 minuto\" \/>\n<script type=\"application\/ld+json\" class=\"yoast-schema-graph\">{\"@context\":\"https:\/\/schema.org\",\"@graph\":[{\"@type\":\"Article\",\"@id\":\"https:\/\/portaltela.pt\/noticias\/2026\/03\/16\/zelensky-recebe-sean-penn-em-kiev-e-agradece-apoio-constante\/#article\",\"isPartOf\":{\"@id\":\"https:\/\/portaltela.pt\/noticias\/2026\/03\/16\/zelensky-recebe-sean-penn-em-kiev-e-agradece-apoio-constante\/\"},\"author\":{\"name\":\"Telinha\",\"@id\":\"https:\/\/portaltela.pt\/#\/schema\/person\/c4278d4a6028830caff9ee44b42d32ed\"},\"headline\":\"Zelensky recebe Sean Penn em Kiev e agradece apoio constante\",\"datePublished\":\"2026-03-16T23:47:00+00:00\",\"mainEntityOfPage\":{\"@id\":\"https:\/\/portaltela.pt\/noticias\/2026\/03\/16\/zelensky-recebe-sean-penn-em-kiev-e-agradece-apoio-constante\/\"},\"wordCount\":175,\"image\":{\"@id\":\"https:\/\/portaltela.pt\/noticias\/2026\/03\/16\/zelensky-recebe-sean-penn-em-kiev-e-agradece-apoio-constante\/#primaryimage\"},\"thumbnailUrl\":\"https:\/\/portaltela.pt\/s.01k8rhncp4jt1\/2026\/03\/image-1087.jpg\",\"keywords\":[\"apoio internacional\",\"diplomacia internacional\",\"internacionais\",\"presidente\",\"Ucr\u00e2nia\"],\"articleSection\":[\"Internacionais\",\"Pol\u00edtica\"],\"inLanguage\":\"pt-PT\"},{\"@type\":\"WebPage\",\"@id\":\"https:\/\/portaltela.pt\/noticias\/2026\/03\/16\/zelensky-recebe-sean-penn-em-kiev-e-agradece-apoio-constante\/\",\"url\":\"https:\/\/portaltela.pt\/noticias\/2026\/03\/16\/zelensky-recebe-sean-penn-em-kiev-e-agradece-apoio-constante\/\",\"name\":\"Zelensky recebe Sean Penn em Kiev e agradece apoio constante - Portal Tela Portugal\",\"isPartOf\":{\"@id\":\"https:\/\/portaltela.pt\/#website\"},\"primaryImageOfPage\":{\"@id\":\"https:\/\/portaltela.pt\/noticias\/2026\/03\/16\/zelensky-recebe-sean-penn-em-kiev-e-agradece-apoio-constante\/#primaryimage\"},\"image\":{\"@id\":\"https:\/\/portaltela.pt\/noticias\/2026\/03\/16\/zelensky-recebe-sean-penn-em-kiev-e-agradece-apoio-constante\/#primaryimage\"},\"thumbnailUrl\":\"https:\/\/portaltela.pt\/s.01k8rhncp4jt1\/2026\/03\/image-1087.jpg\",\"datePublished\":\"2026-03-16T23:47:00+00:00\",\"author\":{\"@id\":\"https:\/\/portaltela.pt\/#\/schema\/person\/c4278d4a6028830caff9ee44b42d32ed\"},\"breadcrumb\":{\"@id\":\"https:\/\/portaltela.pt\/noticias\/2026\/03\/16\/zelensky-recebe-sean-penn-em-kiev-e-agradece-apoio-constante\/#breadcrumb\"},\"inLanguage\":\"pt-PT\",\"potentialAction\":[{\"@type\":\"ReadAction\",\"target\":[\"https:\/\/portaltela.pt\/noticias\/2026\/03\/16\/zelensky-recebe-sean-penn-em-kiev-e-agradece-apoio-constante\/\"]}]},{\"@type\":\"ImageObject\",\"inLanguage\":\"pt-PT\",\"@id\":\"https:\/\/portaltela.pt\/noticias\/2026\/03\/16\/zelensky-recebe-sean-penn-em-kiev-e-agradece-apoio-constante\/#primaryimage\",\"url\":\"https:\/\/portaltela.pt\/s.01k8rhncp4jt1\/2026\/03\/image-1087.jpg\",\"contentUrl\":\"https:\/\/portaltela.pt\/s.01k8rhncp4jt1\/2026\/03\/image-1087.jpg\",\"width\":796,\"height\":448,\"caption\":\"O presidente ucraniano Volodymyr Zelensky (\u00e0 esquerda) e o ator Sean Penn (\u00e0 direita)\"},{\"@type\":\"BreadcrumbList\",\"@id\":\"https:\/\/portaltela.pt\/noticias\/2026\/03\/16\/zelensky-recebe-sean-penn-em-kiev-e-agradece-apoio-constante\/#breadcrumb\",\"itemListElement\":[{\"@type\":\"ListItem\",\"position\":1,\"name\":\"In\u00edcio\",\"item\":\"https:\/\/portaltela.pt\/\"},{\"@type\":\"ListItem\",\"position\":2,\"name\":\"Zelensky recebe Sean Penn em Kiev e agradece apoio constante\"}]},{\"@type\":\"WebSite\",\"@id\":\"https:\/\/portaltela.pt\/#website\",\"url\":\"https:\/\/portaltela.pt\/\",\"name\":\"Portal Tela Portugal\",\"description\":\"\",\"potentialAction\":[{\"@type\":\"SearchAction\",\"target\":{\"@type\":\"EntryPoint\",\"urlTemplate\":\"https:\/\/portaltela.pt\/?s={search_term_string}\"},\"query-input\":{\"@type\":\"PropertyValueSpecification\",\"valueRequired\":true,\"valueName\":\"search_term_string\"}}],\"inLanguage\":\"pt-PT\"},{\"@type\":\"Person\",\"@id\":\"https:\/\/portaltela.pt\/#\/schema\/person\/c4278d4a6028830caff9ee44b42d32ed\",\"name\":\"Telinha\",\"image\":{\"@type\":\"ImageObject\",\"inLanguage\":\"pt-PT\",\"@id\":\"https:\/\/portaltela.pt\/s.01k8rhncp4jt1\/2025\/11\/talking-bot-125x125.png\",\"url\":\"https:\/\/portaltela.pt\/s.01k8rhncp4jt1\/2025\/11\/talking-bot-125x125.png\",\"contentUrl\":\"https:\/\/portaltela.pt\/s.01k8rhncp4jt1\/2025\/11\/talking-bot-125x125.png\",\"caption\":\"Telinha\"},\"sameAs\":[\"https:\/\/portaltela.pt\/\"],\"url\":\"https:\/\/portaltela.pt\/por\/367410592786\/\"}]}<\/script>\n<!-- \/ Yoast SEO plugin. -->","yoast_head_json":{"title":"Zelensky recebe Sean Penn em Kiev e agradece apoio constante - Portal Tela Portugal","robots":{"index":"index","follow":"follow","max-snippet":"max-snippet:-1","max-image-preview":"max-image-preview:large","max-video-preview":"max-video-preview:-1"},"og_locale":"pt_PT","og_type":"article","og_title":"Zelensky recebe Sean Penn em Kiev e agradece apoio constante - Portal Tela Portugal","og_description":"O presidente ucraniano Volodymyr Zelensky recebeu, esta segunda-feira, em Kiev o ator Sean Penn. Zelensky agradeceu a Penn pelo apoio constante \u00e0 causa ucraniana desde o in\u00edcio da guerra em grande escala. Zelensky escreveu na rede social X que Sean Penn \u00e9 um \u201cverdadeiro amigo da Ucr\u00e2nia\u201d. Penn n\u00e3o compareceu \u00e0 cerim\u00f3nia dos \u00d3scares no domingo para viajar at\u00e9 \u00e0 Ucr\u00e2nia, segundo o The New York Times. Penn j\u00e1 tinha visitado a Ucr\u00e2nia no in\u00edcio da guerra, onde gravou um document\u00e1rio sobre a resist\u00eancia ucraniana, centrado na figura do presidente Zelensky.","og_url":"https:\/\/portaltela.pt\/noticias\/2026\/03\/16\/zelensky-recebe-sean-penn-em-kiev-e-agradece-apoio-constante\/","og_site_name":"Portal Tela Portugal","article_published_time":"2026-03-16T23:47:00+00:00","author":"Telinha","twitter_card":"summary_large_image","twitter_misc":{"Escrito por":"Telinha","Tempo estimado de leitura":"1 minuto"},"schema":{"@context":"https:\/\/schema.org","@graph":[{"@type":"Article","@id":"https:\/\/portaltela.pt\/noticias\/2026\/03\/16\/zelensky-recebe-sean-penn-em-kiev-e-agradece-apoio-constante\/#article","isPartOf":{"@id":"https:\/\/portaltela.pt\/noticias\/2026\/03\/16\/zelensky-recebe-sean-penn-em-kiev-e-agradece-apoio-constante\/"},"author":{"name":"Telinha","@id":"https:\/\/portaltela.pt\/#\/schema\/person\/c4278d4a6028830caff9ee44b42d32ed"},"headline":"Zelensky recebe Sean Penn em Kiev e agradece apoio constante","datePublished":"2026-03-16T23:47:00+00:00","mainEntityOfPage":{"@id":"https:\/\/portaltela.pt\/noticias\/2026\/03\/16\/zelensky-recebe-sean-penn-em-kiev-e-agradece-apoio-constante\/"},"wordCount":175,"image":{"@id":"https:\/\/portaltela.pt\/noticias\/2026\/03\/16\/zelensky-recebe-sean-penn-em-kiev-e-agradece-apoio-constante\/#primaryimage"},"thumbnailUrl":"https:\/\/portaltela.pt\/s.01k8rhncp4jt1\/2026\/03\/image-1087.jpg","keywords":["apoio internacional","diplomacia internacional","internacionais","presidente","Ucr\u00e2nia"],"articleSection":["Internacionais","Pol\u00edtica"],"inLanguage":"pt-PT"},{"@type":"WebPage","@id":"https:\/\/portaltela.pt\/noticias\/2026\/03\/16\/zelensky-recebe-sean-penn-em-kiev-e-agradece-apoio-constante\/","url":"https:\/\/portaltela.pt\/noticias\/2026\/03\/16\/zelensky-recebe-sean-penn-em-kiev-e-agradece-apoio-constante\/","name":"Zelensky recebe Sean Penn em Kiev e agradece apoio constante - Portal Tela Portugal","isPartOf":{"@id":"https:\/\/portaltela.pt\/#website"},"primaryImageOfPage":{"@id":"https:\/\/portaltela.pt\/noticias\/2026\/03\/16\/zelensky-recebe-sean-penn-em-kiev-e-agradece-apoio-constante\/#primaryimage"},"image":{"@id":"https:\/\/portaltela.pt\/noticias\/2026\/03\/16\/zelensky-recebe-sean-penn-em-kiev-e-agradece-apoio-constante\/#primaryimage"},"thumbnailUrl":"https:\/\/portaltela.pt\/s.01k8rhncp4jt1\/2026\/03\/image-1087.jpg","datePublished":"2026-03-16T23:47:00+00:00","author":{"@id":"https:\/\/portaltela.pt\/#\/schema\/person\/c4278d4a6028830caff9ee44b42d32ed"},"breadcrumb":{"@id":"https:\/\/portaltela.pt\/noticias\/2026\/03\/16\/zelensky-recebe-sean-penn-em-kiev-e-agradece-apoio-constante\/#breadcrumb"},"inLanguage":"pt-PT","potentialAction":[{"@type":"ReadAction","target":["https:\/\/portaltela.pt\/noticias\/2026\/03\/16\/zelensky-recebe-sean-penn-em-kiev-e-agradece-apoio-constante\/"]}]},{"@type":"ImageObject","inLanguage":"pt-PT","@id":"https:\/\/portaltela.pt\/noticias\/2026\/03\/16\/zelensky-recebe-sean-penn-em-kiev-e-agradece-apoio-constante\/#primaryimage","url":"https:\/\/portaltela.pt\/s.01k8rhncp4jt1\/2026\/03\/image-1087.jpg","contentUrl":"https:\/\/portaltela.pt\/s.01k8rhncp4jt1\/2026\/03\/image-1087.jpg","width":796,"height":448,"caption":"O presidente ucraniano Volodymyr Zelensky (\u00e0 esquerda) e o ator Sean Penn (\u00e0 direita)"},{"@type":"BreadcrumbList","@id":"https:\/\/portaltela.pt\/noticias\/2026\/03\/16\/zelensky-recebe-sean-penn-em-kiev-e-agradece-apoio-constante\/#breadcrumb","itemListElement":[{"@type":"ListItem","position":1,"name":"In\u00edcio","item":"https:\/\/portaltela.pt\/"},{"@type":"ListItem","position":2,"name":"Zelensky recebe Sean Penn em Kiev e agradece apoio constante"}]},{"@type":"WebSite","@id":"https:\/\/portaltela.pt\/#website","url":"https:\/\/portaltela.pt\/","name":"Portal Tela Portugal","description":"","potentialAction":[{"@type":"SearchAction","target":{"@type":"EntryPoint","urlTemplate":"https:\/\/portaltela.pt\/?s={search_term_string}"},"query-input":{"@type":"PropertyValueSpecification","valueRequired":true,"valueName":"search_term_string"}}],"inLanguage":"pt-PT"},{"@type":"Person","@id":"https:\/\/portaltela.pt\/#\/schema\/person\/c4278d4a6028830caff9ee44b42d32ed","name":"Telinha","image":{"@type":"ImageObject","inLanguage":"pt-PT","@id":"https:\/\/portaltela.pt\/s.01k8rhncp4jt1\/2025\/11\/talking-bot-125x125.png","url":"https:\/\/portaltela.pt\/s.01k8rhncp4jt1\/2025\/11\/talking-bot-125x125.png","contentUrl":"https:\/\/portaltela.pt\/s.01k8rhncp4jt1\/2025\/11\/talking-bot-125x125.png","caption":"Telinha"},"sameAs":["https:\/\/portaltela.pt\/"],"url":"https:\/\/portaltela.pt\/por\/367410592786\/"}]}},"_links":{"self":[{"href":"https:\/\/portaltela.pt\/api\/wp\/v2\/posts\/412686","targetHints":{"allow":["GET"]}}],"collection":[{"href":"https:\/\/portaltela.pt\/api\/wp\/v2\/posts"}],"about":[{"href":"https:\/\/portaltela.pt\/api\/wp\/v2\/types\/post"}],"author":[{"embeddable":true,"href":"https:\/\/portaltela.pt\/api\/wp\/v2\/users\/2"}],"replies":[{"embeddable":true,"href":"https:\/\/portaltela.pt\/api\/wp\/v2\/comments?post=412686"}],"version-history":[{"count":0,"href":"https:\/\/portaltela.pt\/api\/wp\/v2\/posts\/412686\/revisions"}],"wp:featuredmedia":[{"embeddable":true,"href":"https:\/\/portaltela.pt\/api\/wp\/v2\/media\/412687"}],"wp:attachment":[{"href":"https:\/\/portaltela.pt\/api\/wp\/v2\/media?parent=412686"}],"wp:term":[{"taxonomy":"category","embeddable":true,"href":"https:\/\/portaltela.pt\/api\/wp\/v2\/categories?post=412686"},{"taxonomy":"post_tag","embeddable":true,"href":"https:\/\/portaltela.pt\/api\/wp\/v2\/tags?post=412686"}],"curies":[{"name":"wp","href":"https:\/\/api.w.org\/{rel}","templated":true}]}}