{"id":412630,"date":"2026-03-16T18:31:57","date_gmt":"2026-03-16T21:31:57","guid":{"rendered":"https:\/\/portaltela.pt\/noticias\/2026\/03\/16\/patroes-e-ugt-mostram-disponibilidade-para-negociar-alteracoes-a-lei-laboral\/"},"modified":"2026-03-16T18:31:57","modified_gmt":"2026-03-16T21:31:57","slug":"patroes-e-ugt-mostram-disponibilidade-para-negociar-alteracoes-a-lei-laboral","status":"publish","type":"post","link":"https:\/\/portaltela.pt\/noticias\/2026\/03\/16\/patroes-e-ugt-mostram-disponibilidade-para-negociar-alteracoes-a-lei-laboral\/","title":{"rendered":"Patr\u00f5es e UGT mostram disponibilidade para negociar altera\u00e7\u00f5es \u00e0 lei laboral"},"content":{"rendered":"<p>O Governo, a UGT e as quatro confedera\u00e7\u00f5es empresariais reuniram-se pela segunda vez na semana para discutir altera\u00e7\u00f5es \u00e0 lei laboral. Houve boa disposi\u00e7\u00e3o entre as partes, com sinais de maior disponibilidade para chegar a um acordo, segundo informa\u00e7\u00e3o de participantes.<\/p>\n<p>A CIP afirmou estar mais otimista do que h\u00e1 semanas, destacando avan\u00e7os em v\u00e1rias mat\u00e9rias, especialmente no que diz respeito ao trabalho suplementar. O objetivo \u00e9 ajustar limites e remunera\u00e7\u00f5es para refletir o esfor\u00e7o pedido pela UGT.<\/p>\n<p>A CCP tamb\u00e9m reportou progresso significativo no aprofundamento de alguns pontos, sem consenso total sobre todas as mat\u00e9rias. Os respons\u00e1veis enfatizaram que, se for poss\u00edvel chegar a acordo na maioria dos pontos, incluindo os fundamentais, poder\u00e1 avan\u00e7ar o entendimento.<\/p>\n<h3>Desdobramentos da negocia\u00e7\u00e3o<\/h3>\n<p>A reuni\u00e3o, j\u00e1 a 50.\u00aa do processo, manteve o foco em mat\u00e9rias como o limite de horas de trabalho, a remunera\u00e7\u00e3o e a dura\u00e7\u00e3o dos contratos a termo. Mant\u00eam-se abertos os debates sobre a eleva\u00e7\u00e3o do limite anual de horas e a dura\u00e7\u00e3o m\u00e1xima dos contratos.<\/p>\n<p>Os participantes indicaram que a dura\u00e7\u00e3o m\u00ednima de um contrato a termo pode subir para um ano, em contraste com os seis meses atuais, com discuss\u00e3o ainda em torno do teto m\u00e1ximo. Tamb\u00e9m se discute uma eventual melhoria da remunera\u00e7\u00e3o para acompanhar o esfor\u00e7o exigido.<\/p>\n<p>O tom geral, segundo os intervenientes, \u00e9 de cautela. Embora haja espa\u00e7o para acordo, n\u00e3o h\u00e1 confirma\u00e7\u00e3o de que o processo tenha chegado a um texto final. A negocia\u00e7\u00e3o continua com as partes a indicarem disponibilidade para encontrar solu\u00e7\u00f5es comuns.<\/p>\n","protected":false},"excerpt":{"rendered":"<ul>\n<li>A CIP afirmou que h\u00e1 maior disponibilidade entre patr\u00f5es, Governo e confedera\u00e7\u00f5es para chegar a um acordo sobre as altera\u00e7\u00f5es \u00e0 lei laboral, ap\u00f3s a reuni\u00e3o n\u00famero 50.<\/li>\n<li>A UGT apontou uma atitude diferente por parte do Governo e dos patr\u00f5es, considerando que ainda h\u00e1 pedra para partir.<\/li>\n<li>Entre os avan\u00e7os, destaca-se o tema do trabalho suplementar e a eventual mudan\u00e7a do limite de horas anuais, de 200 para 300, al\u00e9m de melhorar a remunera\u00e7\u00e3o do trabalhador.<\/li>\n<li>Sobre contratos a termo, ficou definido que estes tenham dura\u00e7\u00e3o m\u00ednima de um ano; permanece em aberto a defini\u00e7\u00e3o da dura\u00e7\u00e3o m\u00e1xima, que poder\u00e1 ir at\u00e9 dois anos e meio.<\/li>\n<li>Os presidentes da CIP e da Confedera\u00e7\u00e3o do Com\u00e9rcio e Servi\u00e7os reiteraram que o acordo est\u00e1 longe de estar fechado, embora haja otimismo e avan\u00e7o em v\u00e1rios pontos.<\/li>\n<\/ul>\n","protected":false},"author":2,"featured_media":412632,"comment_status":"closed","ping_status":"closed","sticky":false,"template":"","format":"standard","meta":{"footnotes":""},"categories":[1],"tags":[6331,1125,43,3897,2201,1072],"class_list":["post-412630","post","type-post","status-publish","format-standard","has-post-thumbnail","hentry","category-noticias","tag-condicoes-de-trabalho","tag-contratos","tag-leis","tag-negociacoes","tag-trabalho","tag-trabalho-suplementar"],"yoast_head":"<!-- This site is optimized with the Yoast SEO plugin v27.2 - https:\/\/yoast.com\/product\/yoast-seo-wordpress\/ -->\n<title>Patr\u00f5es e UGT mostram disponibilidade para negociar altera\u00e7\u00f5es \u00e0 lei laboral - Portal Tela Portugal<\/title>\n<meta name=\"robots\" content=\"index, follow, max-snippet:-1, max-image-preview:large, max-video-preview:-1\" \/>\n<meta property=\"og:locale\" content=\"pt_PT\" \/>\n<meta property=\"og:type\" content=\"article\" \/>\n<meta property=\"og:title\" content=\"Patr\u00f5es e UGT mostram disponibilidade para negociar altera\u00e7\u00f5es \u00e0 lei laboral - Portal Tela Portugal\" \/>\n<meta property=\"og:description\" content=\"A CIP afirmou que h\u00e1 maior disponibilidade entre patr\u00f5es, Governo e confedera\u00e7\u00f5es para chegar a um acordo sobre as altera\u00e7\u00f5es \u00e0 lei laboral, ap\u00f3s a reuni\u00e3o n\u00famero 50. A UGT apontou uma atitude diferente por parte do Governo e dos patr\u00f5es, considerando que ainda h\u00e1 pedra para partir. Entre os avan\u00e7os, destaca-se o tema do trabalho suplementar e a eventual mudan\u00e7a do limite de horas anuais, de 200 para 300, al\u00e9m de melhorar a remunera\u00e7\u00e3o do trabalhador. Sobre contratos a termo, ficou definido que estes tenham dura\u00e7\u00e3o m\u00ednima de um ano; permanece em aberto a defini\u00e7\u00e3o da dura\u00e7\u00e3o m\u00e1xima, que poder\u00e1 ir at\u00e9 dois anos e meio. Os presidentes da CIP e da Confedera\u00e7\u00e3o do Com\u00e9rcio e Servi\u00e7os reiteraram que o acordo est\u00e1 longe de estar fechado, embora haja otimismo e avan\u00e7o em v\u00e1rios pontos.\" \/>\n<meta property=\"og:url\" content=\"https:\/\/portaltela.pt\/noticias\/2026\/03\/16\/patroes-e-ugt-mostram-disponibilidade-para-negociar-alteracoes-a-lei-laboral\/\" \/>\n<meta property=\"og:site_name\" content=\"Portal Tela Portugal\" \/>\n<meta property=\"article:published_time\" content=\"2026-03-16T21:31:57+00:00\" \/>\n<meta name=\"author\" content=\"Telinha\" \/>\n<meta name=\"twitter:card\" content=\"summary_large_image\" \/>\n<meta name=\"twitter:label1\" content=\"Escrito por\" \/>\n\t<meta name=\"twitter:data1\" content=\"Telinha\" \/>\n\t<meta name=\"twitter:label2\" content=\"Tempo estimado de leitura\" \/>\n\t<meta name=\"twitter:data2\" content=\"1 minuto\" \/>\n<script type=\"application\/ld+json\" class=\"yoast-schema-graph\">{\"@context\":\"https:\/\/schema.org\",\"@graph\":[{\"@type\":\"Article\",\"@id\":\"https:\/\/portaltela.pt\/noticias\/2026\/03\/16\/patroes-e-ugt-mostram-disponibilidade-para-negociar-alteracoes-a-lei-laboral\/#article\",\"isPartOf\":{\"@id\":\"https:\/\/portaltela.pt\/noticias\/2026\/03\/16\/patroes-e-ugt-mostram-disponibilidade-para-negociar-alteracoes-a-lei-laboral\/\"},\"author\":{\"name\":\"Telinha\",\"@id\":\"https:\/\/portaltela.pt\/#\/schema\/person\/c4278d4a6028830caff9ee44b42d32ed\"},\"headline\":\"Patr\u00f5es e UGT mostram disponibilidade para negociar altera\u00e7\u00f5es \u00e0 lei laboral\",\"datePublished\":\"2026-03-16T21:31:57+00:00\",\"mainEntityOfPage\":{\"@id\":\"https:\/\/portaltela.pt\/noticias\/2026\/03\/16\/patroes-e-ugt-mostram-disponibilidade-para-negociar-alteracoes-a-lei-laboral\/\"},\"wordCount\":294,\"image\":{\"@id\":\"https:\/\/portaltela.pt\/noticias\/2026\/03\/16\/patroes-e-ugt-mostram-disponibilidade-para-negociar-alteracoes-a-lei-laboral\/#primaryimage\"},\"thumbnailUrl\":\"https:\/\/portaltela.pt\/s.01k8rhncp4jt1\/2026\/03\/img_1280x721uu2025-09-13-19-12-18-2235106.jpg\",\"keywords\":[\"condi\u00e7\u00f5es de trabalho\",\"contratos\",\"leis\",\"negocia\u00e7\u00f5es\",\"trabalho\",\"trabalho suplementar\"],\"articleSection\":[\"Not\u00edcias\"],\"inLanguage\":\"pt-PT\"},{\"@type\":\"WebPage\",\"@id\":\"https:\/\/portaltela.pt\/noticias\/2026\/03\/16\/patroes-e-ugt-mostram-disponibilidade-para-negociar-alteracoes-a-lei-laboral\/\",\"url\":\"https:\/\/portaltela.pt\/noticias\/2026\/03\/16\/patroes-e-ugt-mostram-disponibilidade-para-negociar-alteracoes-a-lei-laboral\/\",\"name\":\"Patr\u00f5es e UGT mostram disponibilidade para negociar altera\u00e7\u00f5es \u00e0 lei laboral - Portal Tela Portugal\",\"isPartOf\":{\"@id\":\"https:\/\/portaltela.pt\/#website\"},\"primaryImageOfPage\":{\"@id\":\"https:\/\/portaltela.pt\/noticias\/2026\/03\/16\/patroes-e-ugt-mostram-disponibilidade-para-negociar-alteracoes-a-lei-laboral\/#primaryimage\"},\"image\":{\"@id\":\"https:\/\/portaltela.pt\/noticias\/2026\/03\/16\/patroes-e-ugt-mostram-disponibilidade-para-negociar-alteracoes-a-lei-laboral\/#primaryimage\"},\"thumbnailUrl\":\"https:\/\/portaltela.pt\/s.01k8rhncp4jt1\/2026\/03\/img_1280x721uu2025-09-13-19-12-18-2235106.jpg\",\"datePublished\":\"2026-03-16T21:31:57+00:00\",\"author\":{\"@id\":\"https:\/\/portaltela.pt\/#\/schema\/person\/c4278d4a6028830caff9ee44b42d32ed\"},\"breadcrumb\":{\"@id\":\"https:\/\/portaltela.pt\/noticias\/2026\/03\/16\/patroes-e-ugt-mostram-disponibilidade-para-negociar-alteracoes-a-lei-laboral\/#breadcrumb\"},\"inLanguage\":\"pt-PT\",\"potentialAction\":[{\"@type\":\"ReadAction\",\"target\":[\"https:\/\/portaltela.pt\/noticias\/2026\/03\/16\/patroes-e-ugt-mostram-disponibilidade-para-negociar-alteracoes-a-lei-laboral\/\"]}]},{\"@type\":\"ImageObject\",\"inLanguage\":\"pt-PT\",\"@id\":\"https:\/\/portaltela.pt\/noticias\/2026\/03\/16\/patroes-e-ugt-mostram-disponibilidade-para-negociar-alteracoes-a-lei-laboral\/#primaryimage\",\"url\":\"https:\/\/portaltela.pt\/s.01k8rhncp4jt1\/2026\/03\/img_1280x721uu2025-09-13-19-12-18-2235106.jpg\",\"contentUrl\":\"https:\/\/portaltela.pt\/s.01k8rhncp4jt1\/2026\/03\/img_1280x721uu2025-09-13-19-12-18-2235106.jpg\",\"width\":796,\"height\":448,\"caption\":\"Protesto contra reforma laboral concentra-se junto \u00e0 Assembleia da Rep\u00fablica\"},{\"@type\":\"BreadcrumbList\",\"@id\":\"https:\/\/portaltela.pt\/noticias\/2026\/03\/16\/patroes-e-ugt-mostram-disponibilidade-para-negociar-alteracoes-a-lei-laboral\/#breadcrumb\",\"itemListElement\":[{\"@type\":\"ListItem\",\"position\":1,\"name\":\"In\u00edcio\",\"item\":\"https:\/\/portaltela.pt\/\"},{\"@type\":\"ListItem\",\"position\":2,\"name\":\"Patr\u00f5es e UGT mostram disponibilidade para negociar altera\u00e7\u00f5es \u00e0 lei laboral\"}]},{\"@type\":\"WebSite\",\"@id\":\"https:\/\/portaltela.pt\/#website\",\"url\":\"https:\/\/portaltela.pt\/\",\"name\":\"Portal Tela Portugal\",\"description\":\"\",\"potentialAction\":[{\"@type\":\"SearchAction\",\"target\":{\"@type\":\"EntryPoint\",\"urlTemplate\":\"https:\/\/portaltela.pt\/?s={search_term_string}\"},\"query-input\":{\"@type\":\"PropertyValueSpecification\",\"valueRequired\":true,\"valueName\":\"search_term_string\"}}],\"inLanguage\":\"pt-PT\"},{\"@type\":\"Person\",\"@id\":\"https:\/\/portaltela.pt\/#\/schema\/person\/c4278d4a6028830caff9ee44b42d32ed\",\"name\":\"Telinha\",\"image\":{\"@type\":\"ImageObject\",\"inLanguage\":\"pt-PT\",\"@id\":\"https:\/\/portaltela.pt\/s.01k8rhncp4jt1\/2025\/11\/talking-bot-125x125.png\",\"url\":\"https:\/\/portaltela.pt\/s.01k8rhncp4jt1\/2025\/11\/talking-bot-125x125.png\",\"contentUrl\":\"https:\/\/portaltela.pt\/s.01k8rhncp4jt1\/2025\/11\/talking-bot-125x125.png\",\"caption\":\"Telinha\"},\"sameAs\":[\"https:\/\/portaltela.pt\/\"],\"url\":\"https:\/\/portaltela.pt\/por\/367410592786\/\"}]}<\/script>\n<!-- \/ Yoast SEO plugin. -->","yoast_head_json":{"title":"Patr\u00f5es e UGT mostram disponibilidade para negociar altera\u00e7\u00f5es \u00e0 lei laboral - Portal Tela Portugal","robots":{"index":"index","follow":"follow","max-snippet":"max-snippet:-1","max-image-preview":"max-image-preview:large","max-video-preview":"max-video-preview:-1"},"og_locale":"pt_PT","og_type":"article","og_title":"Patr\u00f5es e UGT mostram disponibilidade para negociar altera\u00e7\u00f5es \u00e0 lei laboral - Portal Tela Portugal","og_description":"A CIP afirmou que h\u00e1 maior disponibilidade entre patr\u00f5es, Governo e confedera\u00e7\u00f5es para chegar a um acordo sobre as altera\u00e7\u00f5es \u00e0 lei laboral, ap\u00f3s a reuni\u00e3o n\u00famero 50. A UGT apontou uma atitude diferente por parte do Governo e dos patr\u00f5es, considerando que ainda h\u00e1 pedra para partir. Entre os avan\u00e7os, destaca-se o tema do trabalho suplementar e a eventual mudan\u00e7a do limite de horas anuais, de 200 para 300, al\u00e9m de melhorar a remunera\u00e7\u00e3o do trabalhador. Sobre contratos a termo, ficou definido que estes tenham dura\u00e7\u00e3o m\u00ednima de um ano; permanece em aberto a defini\u00e7\u00e3o da dura\u00e7\u00e3o m\u00e1xima, que poder\u00e1 ir at\u00e9 dois anos e meio. Os presidentes da CIP e da Confedera\u00e7\u00e3o do Com\u00e9rcio e Servi\u00e7os reiteraram que o acordo est\u00e1 longe de estar fechado, embora haja otimismo e avan\u00e7o em v\u00e1rios pontos.","og_url":"https:\/\/portaltela.pt\/noticias\/2026\/03\/16\/patroes-e-ugt-mostram-disponibilidade-para-negociar-alteracoes-a-lei-laboral\/","og_site_name":"Portal Tela Portugal","article_published_time":"2026-03-16T21:31:57+00:00","author":"Telinha","twitter_card":"summary_large_image","twitter_misc":{"Escrito por":"Telinha","Tempo estimado de leitura":"1 minuto"},"schema":{"@context":"https:\/\/schema.org","@graph":[{"@type":"Article","@id":"https:\/\/portaltela.pt\/noticias\/2026\/03\/16\/patroes-e-ugt-mostram-disponibilidade-para-negociar-alteracoes-a-lei-laboral\/#article","isPartOf":{"@id":"https:\/\/portaltela.pt\/noticias\/2026\/03\/16\/patroes-e-ugt-mostram-disponibilidade-para-negociar-alteracoes-a-lei-laboral\/"},"author":{"name":"Telinha","@id":"https:\/\/portaltela.pt\/#\/schema\/person\/c4278d4a6028830caff9ee44b42d32ed"},"headline":"Patr\u00f5es e UGT mostram disponibilidade para negociar altera\u00e7\u00f5es \u00e0 lei laboral","datePublished":"2026-03-16T21:31:57+00:00","mainEntityOfPage":{"@id":"https:\/\/portaltela.pt\/noticias\/2026\/03\/16\/patroes-e-ugt-mostram-disponibilidade-para-negociar-alteracoes-a-lei-laboral\/"},"wordCount":294,"image":{"@id":"https:\/\/portaltela.pt\/noticias\/2026\/03\/16\/patroes-e-ugt-mostram-disponibilidade-para-negociar-alteracoes-a-lei-laboral\/#primaryimage"},"thumbnailUrl":"https:\/\/portaltela.pt\/s.01k8rhncp4jt1\/2026\/03\/img_1280x721uu2025-09-13-19-12-18-2235106.jpg","keywords":["condi\u00e7\u00f5es de trabalho","contratos","leis","negocia\u00e7\u00f5es","trabalho","trabalho suplementar"],"articleSection":["Not\u00edcias"],"inLanguage":"pt-PT"},{"@type":"WebPage","@id":"https:\/\/portaltela.pt\/noticias\/2026\/03\/16\/patroes-e-ugt-mostram-disponibilidade-para-negociar-alteracoes-a-lei-laboral\/","url":"https:\/\/portaltela.pt\/noticias\/2026\/03\/16\/patroes-e-ugt-mostram-disponibilidade-para-negociar-alteracoes-a-lei-laboral\/","name":"Patr\u00f5es e UGT mostram disponibilidade para negociar altera\u00e7\u00f5es \u00e0 lei laboral - Portal Tela Portugal","isPartOf":{"@id":"https:\/\/portaltela.pt\/#website"},"primaryImageOfPage":{"@id":"https:\/\/portaltela.pt\/noticias\/2026\/03\/16\/patroes-e-ugt-mostram-disponibilidade-para-negociar-alteracoes-a-lei-laboral\/#primaryimage"},"image":{"@id":"https:\/\/portaltela.pt\/noticias\/2026\/03\/16\/patroes-e-ugt-mostram-disponibilidade-para-negociar-alteracoes-a-lei-laboral\/#primaryimage"},"thumbnailUrl":"https:\/\/portaltela.pt\/s.01k8rhncp4jt1\/2026\/03\/img_1280x721uu2025-09-13-19-12-18-2235106.jpg","datePublished":"2026-03-16T21:31:57+00:00","author":{"@id":"https:\/\/portaltela.pt\/#\/schema\/person\/c4278d4a6028830caff9ee44b42d32ed"},"breadcrumb":{"@id":"https:\/\/portaltela.pt\/noticias\/2026\/03\/16\/patroes-e-ugt-mostram-disponibilidade-para-negociar-alteracoes-a-lei-laboral\/#breadcrumb"},"inLanguage":"pt-PT","potentialAction":[{"@type":"ReadAction","target":["https:\/\/portaltela.pt\/noticias\/2026\/03\/16\/patroes-e-ugt-mostram-disponibilidade-para-negociar-alteracoes-a-lei-laboral\/"]}]},{"@type":"ImageObject","inLanguage":"pt-PT","@id":"https:\/\/portaltela.pt\/noticias\/2026\/03\/16\/patroes-e-ugt-mostram-disponibilidade-para-negociar-alteracoes-a-lei-laboral\/#primaryimage","url":"https:\/\/portaltela.pt\/s.01k8rhncp4jt1\/2026\/03\/img_1280x721uu2025-09-13-19-12-18-2235106.jpg","contentUrl":"https:\/\/portaltela.pt\/s.01k8rhncp4jt1\/2026\/03\/img_1280x721uu2025-09-13-19-12-18-2235106.jpg","width":796,"height":448,"caption":"Protesto contra reforma laboral concentra-se junto \u00e0 Assembleia da Rep\u00fablica"},{"@type":"BreadcrumbList","@id":"https:\/\/portaltela.pt\/noticias\/2026\/03\/16\/patroes-e-ugt-mostram-disponibilidade-para-negociar-alteracoes-a-lei-laboral\/#breadcrumb","itemListElement":[{"@type":"ListItem","position":1,"name":"In\u00edcio","item":"https:\/\/portaltela.pt\/"},{"@type":"ListItem","position":2,"name":"Patr\u00f5es e UGT mostram disponibilidade para negociar altera\u00e7\u00f5es \u00e0 lei laboral"}]},{"@type":"WebSite","@id":"https:\/\/portaltela.pt\/#website","url":"https:\/\/portaltela.pt\/","name":"Portal Tela Portugal","description":"","potentialAction":[{"@type":"SearchAction","target":{"@type":"EntryPoint","urlTemplate":"https:\/\/portaltela.pt\/?s={search_term_string}"},"query-input":{"@type":"PropertyValueSpecification","valueRequired":true,"valueName":"search_term_string"}}],"inLanguage":"pt-PT"},{"@type":"Person","@id":"https:\/\/portaltela.pt\/#\/schema\/person\/c4278d4a6028830caff9ee44b42d32ed","name":"Telinha","image":{"@type":"ImageObject","inLanguage":"pt-PT","@id":"https:\/\/portaltela.pt\/s.01k8rhncp4jt1\/2025\/11\/talking-bot-125x125.png","url":"https:\/\/portaltela.pt\/s.01k8rhncp4jt1\/2025\/11\/talking-bot-125x125.png","contentUrl":"https:\/\/portaltela.pt\/s.01k8rhncp4jt1\/2025\/11\/talking-bot-125x125.png","caption":"Telinha"},"sameAs":["https:\/\/portaltela.pt\/"],"url":"https:\/\/portaltela.pt\/por\/367410592786\/"}]}},"_links":{"self":[{"href":"https:\/\/portaltela.pt\/api\/wp\/v2\/posts\/412630","targetHints":{"allow":["GET"]}}],"collection":[{"href":"https:\/\/portaltela.pt\/api\/wp\/v2\/posts"}],"about":[{"href":"https:\/\/portaltela.pt\/api\/wp\/v2\/types\/post"}],"author":[{"embeddable":true,"href":"https:\/\/portaltela.pt\/api\/wp\/v2\/users\/2"}],"replies":[{"embeddable":true,"href":"https:\/\/portaltela.pt\/api\/wp\/v2\/comments?post=412630"}],"version-history":[{"count":0,"href":"https:\/\/portaltela.pt\/api\/wp\/v2\/posts\/412630\/revisions"}],"wp:featuredmedia":[{"embeddable":true,"href":"https:\/\/portaltela.pt\/api\/wp\/v2\/media\/412632"}],"wp:attachment":[{"href":"https:\/\/portaltela.pt\/api\/wp\/v2\/media?parent=412630"}],"wp:term":[{"taxonomy":"category","embeddable":true,"href":"https:\/\/portaltela.pt\/api\/wp\/v2\/categories?post=412630"},{"taxonomy":"post_tag","embeddable":true,"href":"https:\/\/portaltela.pt\/api\/wp\/v2\/tags?post=412630"}],"curies":[{"name":"wp","href":"https:\/\/api.w.org\/{rel}","templated":true}]}}