{"id":412628,"date":"2026-03-16T18:27:00","date_gmt":"2026-03-16T21:27:00","guid":{"rendered":"https:\/\/portaltela.pt\/noticias\/2026\/03\/16\/mariana-envolvida-em-crime-de-homicidio-e-desmembramento-para-ficar-com-heranca\/"},"modified":"2026-03-16T18:27:00","modified_gmt":"2026-03-16T21:27:00","slug":"mariana-envolvida-em-crime-de-homicidio-e-desmembramento-para-ficar-com-heranca","status":"publish","type":"post","link":"https:\/\/portaltela.pt\/justica\/2026\/03\/16\/mariana-envolvida-em-crime-de-homicidio-e-desmembramento-para-ficar-com-heranca\/","title":{"rendered":"Mariana envolvida em crime de homic\u00eddio e desmembramento para ficar com heran\u00e7a"},"content":{"rendered":"<p>Mariana ajudou a namorada a matar e desmembrar Diogo para ficar com a heran\u00e7a, segundo a segunda parte do Investiga\u00e7\u00e3o CM, publicada a 16 de mar\u00e7o de 2026. O caso permanece em fase de investiga\u00e7\u00e3o, com foco no poss\u00edvel motivo financeiro.<\/p>\n<p>Em interrogat\u00f3rio, Mariana e Maria declararam que n\u00e3o tinham planeado o homic\u00eddio. As v\u00e1rias declara\u00e7\u00f5es in\u00e9ditas foram partilhadas no \u00e2mbito do processo, com as autoridades a analisar consist\u00eancia entre os depoimentos e as provas.<\/p>\n<p>A investiga\u00e7\u00e3o continua a apurar as circunst\u00e2ncias do crime, incluindo eventuais c\u00famplices e o papel de cada um na a\u00e7\u00e3o. N\u00e3o foram ainda divulgadas acusa\u00e7\u00f5es formais nem datas de julgamento.<\/p>\n","protected":false},"excerpt":{"rendered":"<ul>\n<li>Mariana e a namorada ajudaram a matar e desmembrar Diogo para ficar com a heran\u00e7a.<\/li>\n<li>A not\u00edcia corresponde \u00e0 segunda parte do Investiga\u00e7\u00e3o CM, publicada a 16 de mar\u00e7o de 2026.<\/li>\n<li>Em interrogat\u00f3rio, Mariana e Maria afirmam n\u00e3o ter planejado matar Diogo, segundo as declara\u00e7\u00f5es in\u00e9ditas.<\/li>\n<li>O texto ressalva que as declara\u00e7\u00f5es apresentadas s\u00e3o in\u00e9ditas e relativas ao caso.<\/li>\n<li>Al\u00e9m desta mat\u00e9ria, aparecem outras manchetes na edi\u00e7\u00e3o, incluindo uma enfermeira acusada de assassinato na Indon\u00e9sia, e temas sobre o Estreito de Ormuz, um meme de Leonardo DiCaprio e agress\u00f5es em Massam\u00e1.<\/li>\n<\/ul>\n","protected":false},"author":2,"featured_media":412629,"comment_status":"closed","ping_status":"closed","sticky":false,"template":"","format":"standard","meta":{"footnotes":""},"categories":[6907,6815],"tags":[4197,147,177,4871,1345,217],"class_list":["post-412628","post","type-post","status-publish","format-standard","has-post-thumbnail","hentry","category-crime","category-justica","tag-acusacao-crime","tag-crime","tag-crimes","tag-heranca","tag-homicidio","tag-investigacao-criminal"],"yoast_head":"<!-- This site is optimized with the Yoast SEO plugin v27.2 - https:\/\/yoast.com\/product\/yoast-seo-wordpress\/ -->\n<title>Mariana envolvida em crime de homic\u00eddio e desmembramento para ficar com heran\u00e7a - Portal Tela Portugal<\/title>\n<meta name=\"robots\" content=\"index, follow, max-snippet:-1, max-image-preview:large, max-video-preview:-1\" \/>\n<meta property=\"og:locale\" content=\"pt_PT\" \/>\n<meta property=\"og:type\" content=\"article\" \/>\n<meta property=\"og:title\" content=\"Mariana envolvida em crime de homic\u00eddio e desmembramento para ficar com heran\u00e7a - Portal Tela Portugal\" \/>\n<meta property=\"og:description\" content=\"Mariana e a namorada ajudaram a matar e desmembrar Diogo para ficar com a heran\u00e7a. A not\u00edcia corresponde \u00e0 segunda parte do Investiga\u00e7\u00e3o CM, publicada a 16 de mar\u00e7o de 2026. Em interrogat\u00f3rio, Mariana e Maria afirmam n\u00e3o ter planejado matar Diogo, segundo as declara\u00e7\u00f5es in\u00e9ditas. O texto ressalva que as declara\u00e7\u00f5es apresentadas s\u00e3o in\u00e9ditas e relativas ao caso. Al\u00e9m desta mat\u00e9ria, aparecem outras manchetes na edi\u00e7\u00e3o, incluindo uma enfermeira acusada de assassinato na Indon\u00e9sia, e temas sobre o Estreito de Ormuz, um meme de Leonardo DiCaprio e agress\u00f5es em Massam\u00e1.\" \/>\n<meta property=\"og:url\" content=\"https:\/\/portaltela.pt\/noticias\/2026\/03\/16\/mariana-envolvida-em-crime-de-homicidio-e-desmembramento-para-ficar-com-heranca\/\" \/>\n<meta property=\"og:site_name\" content=\"Portal Tela Portugal\" \/>\n<meta property=\"article:published_time\" content=\"2026-03-16T21:27:00+00:00\" \/>\n<meta name=\"author\" content=\"Telinha\" \/>\n<meta name=\"twitter:card\" content=\"summary_large_image\" \/>\n<meta name=\"twitter:label1\" content=\"Escrito por\" \/>\n\t<meta name=\"twitter:data1\" content=\"Telinha\" \/>\n\t<meta name=\"twitter:label2\" content=\"Tempo estimado de leitura\" \/>\n\t<meta name=\"twitter:data2\" content=\"1 minuto\" \/>\n<script type=\"application\/ld+json\" class=\"yoast-schema-graph\">{\"@context\":\"https:\/\/schema.org\",\"@graph\":[{\"@type\":\"Article\",\"@id\":\"https:\/\/portaltela.pt\/noticias\/2026\/03\/16\/mariana-envolvida-em-crime-de-homicidio-e-desmembramento-para-ficar-com-heranca\/#article\",\"isPartOf\":{\"@id\":\"https:\/\/portaltela.pt\/noticias\/2026\/03\/16\/mariana-envolvida-em-crime-de-homicidio-e-desmembramento-para-ficar-com-heranca\/\"},\"author\":{\"name\":\"Telinha\",\"@id\":\"https:\/\/portaltela.pt\/#\/schema\/person\/c4278d4a6028830caff9ee44b42d32ed\"},\"headline\":\"Mariana envolvida em crime de homic\u00eddio e desmembramento para ficar com heran\u00e7a\",\"datePublished\":\"2026-03-16T21:27:00+00:00\",\"mainEntityOfPage\":{\"@id\":\"https:\/\/portaltela.pt\/noticias\/2026\/03\/16\/mariana-envolvida-em-crime-de-homicidio-e-desmembramento-para-ficar-com-heranca\/\"},\"wordCount\":135,\"image\":{\"@id\":\"https:\/\/portaltela.pt\/noticias\/2026\/03\/16\/mariana-envolvida-em-crime-de-homicidio-e-desmembramento-para-ficar-com-heranca\/#primaryimage\"},\"thumbnailUrl\":\"https:\/\/portaltela.pt\/s.01k8rhncp4jt1\/2026\/03\/img_1280x722uu2026-03-16-19-25-18-2272818.jpg\",\"keywords\":[\"acusa\u00e7\u00e3o-crime\",\"crime\",\"crimes\",\"Heran\u00e7a\",\"homic\u00eddio\",\"investiga\u00e7\u00e3o criminal\"],\"articleSection\":[\"Crime\",\"Justi\u00e7a\"],\"inLanguage\":\"pt-PT\"},{\"@type\":\"WebPage\",\"@id\":\"https:\/\/portaltela.pt\/noticias\/2026\/03\/16\/mariana-envolvida-em-crime-de-homicidio-e-desmembramento-para-ficar-com-heranca\/\",\"url\":\"https:\/\/portaltela.pt\/noticias\/2026\/03\/16\/mariana-envolvida-em-crime-de-homicidio-e-desmembramento-para-ficar-com-heranca\/\",\"name\":\"Mariana envolvida em crime de homic\u00eddio e desmembramento para ficar com heran\u00e7a - Portal Tela Portugal\",\"isPartOf\":{\"@id\":\"https:\/\/portaltela.pt\/#website\"},\"primaryImageOfPage\":{\"@id\":\"https:\/\/portaltela.pt\/noticias\/2026\/03\/16\/mariana-envolvida-em-crime-de-homicidio-e-desmembramento-para-ficar-com-heranca\/#primaryimage\"},\"image\":{\"@id\":\"https:\/\/portaltela.pt\/noticias\/2026\/03\/16\/mariana-envolvida-em-crime-de-homicidio-e-desmembramento-para-ficar-com-heranca\/#primaryimage\"},\"thumbnailUrl\":\"https:\/\/portaltela.pt\/s.01k8rhncp4jt1\/2026\/03\/img_1280x722uu2026-03-16-19-25-18-2272818.jpg\",\"datePublished\":\"2026-03-16T21:27:00+00:00\",\"author\":{\"@id\":\"https:\/\/portaltela.pt\/#\/schema\/person\/c4278d4a6028830caff9ee44b42d32ed\"},\"breadcrumb\":{\"@id\":\"https:\/\/portaltela.pt\/noticias\/2026\/03\/16\/mariana-envolvida-em-crime-de-homicidio-e-desmembramento-para-ficar-com-heranca\/#breadcrumb\"},\"inLanguage\":\"pt-PT\",\"potentialAction\":[{\"@type\":\"ReadAction\",\"target\":[\"https:\/\/portaltela.pt\/noticias\/2026\/03\/16\/mariana-envolvida-em-crime-de-homicidio-e-desmembramento-para-ficar-com-heranca\/\"]}]},{\"@type\":\"ImageObject\",\"inLanguage\":\"pt-PT\",\"@id\":\"https:\/\/portaltela.pt\/noticias\/2026\/03\/16\/mariana-envolvida-em-crime-de-homicidio-e-desmembramento-para-ficar-com-heranca\/#primaryimage\",\"url\":\"https:\/\/portaltela.pt\/s.01k8rhncp4jt1\/2026\/03\/img_1280x722uu2026-03-16-19-25-18-2272818.jpg\",\"contentUrl\":\"https:\/\/portaltela.pt\/s.01k8rhncp4jt1\/2026\/03\/img_1280x722uu2026-03-16-19-25-18-2272818.jpg\",\"width\":796,\"height\":448,\"caption\":\"Photo\"},{\"@type\":\"BreadcrumbList\",\"@id\":\"https:\/\/portaltela.pt\/noticias\/2026\/03\/16\/mariana-envolvida-em-crime-de-homicidio-e-desmembramento-para-ficar-com-heranca\/#breadcrumb\",\"itemListElement\":[{\"@type\":\"ListItem\",\"position\":1,\"name\":\"In\u00edcio\",\"item\":\"https:\/\/portaltela.pt\/\"},{\"@type\":\"ListItem\",\"position\":2,\"name\":\"Mariana envolvida em crime de homic\u00eddio e desmembramento para ficar com heran\u00e7a\"}]},{\"@type\":\"WebSite\",\"@id\":\"https:\/\/portaltela.pt\/#website\",\"url\":\"https:\/\/portaltela.pt\/\",\"name\":\"Portal Tela Portugal\",\"description\":\"\",\"potentialAction\":[{\"@type\":\"SearchAction\",\"target\":{\"@type\":\"EntryPoint\",\"urlTemplate\":\"https:\/\/portaltela.pt\/?s={search_term_string}\"},\"query-input\":{\"@type\":\"PropertyValueSpecification\",\"valueRequired\":true,\"valueName\":\"search_term_string\"}}],\"inLanguage\":\"pt-PT\"},{\"@type\":\"Person\",\"@id\":\"https:\/\/portaltela.pt\/#\/schema\/person\/c4278d4a6028830caff9ee44b42d32ed\",\"name\":\"Telinha\",\"image\":{\"@type\":\"ImageObject\",\"inLanguage\":\"pt-PT\",\"@id\":\"https:\/\/portaltela.pt\/s.01k8rhncp4jt1\/2025\/11\/talking-bot-125x125.png\",\"url\":\"https:\/\/portaltela.pt\/s.01k8rhncp4jt1\/2025\/11\/talking-bot-125x125.png\",\"contentUrl\":\"https:\/\/portaltela.pt\/s.01k8rhncp4jt1\/2025\/11\/talking-bot-125x125.png\",\"caption\":\"Telinha\"},\"sameAs\":[\"https:\/\/portaltela.pt\/\"],\"url\":\"https:\/\/portaltela.pt\/por\/367410592786\/\"}]}<\/script>\n<!-- \/ Yoast SEO plugin. -->","yoast_head_json":{"title":"Mariana envolvida em crime de homic\u00eddio e desmembramento para ficar com heran\u00e7a - Portal Tela Portugal","robots":{"index":"index","follow":"follow","max-snippet":"max-snippet:-1","max-image-preview":"max-image-preview:large","max-video-preview":"max-video-preview:-1"},"og_locale":"pt_PT","og_type":"article","og_title":"Mariana envolvida em crime de homic\u00eddio e desmembramento para ficar com heran\u00e7a - Portal Tela Portugal","og_description":"Mariana e a namorada ajudaram a matar e desmembrar Diogo para ficar com a heran\u00e7a. A not\u00edcia corresponde \u00e0 segunda parte do Investiga\u00e7\u00e3o CM, publicada a 16 de mar\u00e7o de 2026. Em interrogat\u00f3rio, Mariana e Maria afirmam n\u00e3o ter planejado matar Diogo, segundo as declara\u00e7\u00f5es in\u00e9ditas. O texto ressalva que as declara\u00e7\u00f5es apresentadas s\u00e3o in\u00e9ditas e relativas ao caso. Al\u00e9m desta mat\u00e9ria, aparecem outras manchetes na edi\u00e7\u00e3o, incluindo uma enfermeira acusada de assassinato na Indon\u00e9sia, e temas sobre o Estreito de Ormuz, um meme de Leonardo DiCaprio e agress\u00f5es em Massam\u00e1.","og_url":"https:\/\/portaltela.pt\/noticias\/2026\/03\/16\/mariana-envolvida-em-crime-de-homicidio-e-desmembramento-para-ficar-com-heranca\/","og_site_name":"Portal Tela Portugal","article_published_time":"2026-03-16T21:27:00+00:00","author":"Telinha","twitter_card":"summary_large_image","twitter_misc":{"Escrito por":"Telinha","Tempo estimado de leitura":"1 minuto"},"schema":{"@context":"https:\/\/schema.org","@graph":[{"@type":"Article","@id":"https:\/\/portaltela.pt\/noticias\/2026\/03\/16\/mariana-envolvida-em-crime-de-homicidio-e-desmembramento-para-ficar-com-heranca\/#article","isPartOf":{"@id":"https:\/\/portaltela.pt\/noticias\/2026\/03\/16\/mariana-envolvida-em-crime-de-homicidio-e-desmembramento-para-ficar-com-heranca\/"},"author":{"name":"Telinha","@id":"https:\/\/portaltela.pt\/#\/schema\/person\/c4278d4a6028830caff9ee44b42d32ed"},"headline":"Mariana envolvida em crime de homic\u00eddio e desmembramento para ficar com heran\u00e7a","datePublished":"2026-03-16T21:27:00+00:00","mainEntityOfPage":{"@id":"https:\/\/portaltela.pt\/noticias\/2026\/03\/16\/mariana-envolvida-em-crime-de-homicidio-e-desmembramento-para-ficar-com-heranca\/"},"wordCount":135,"image":{"@id":"https:\/\/portaltela.pt\/noticias\/2026\/03\/16\/mariana-envolvida-em-crime-de-homicidio-e-desmembramento-para-ficar-com-heranca\/#primaryimage"},"thumbnailUrl":"https:\/\/portaltela.pt\/s.01k8rhncp4jt1\/2026\/03\/img_1280x722uu2026-03-16-19-25-18-2272818.jpg","keywords":["acusa\u00e7\u00e3o-crime","crime","crimes","Heran\u00e7a","homic\u00eddio","investiga\u00e7\u00e3o criminal"],"articleSection":["Crime","Justi\u00e7a"],"inLanguage":"pt-PT"},{"@type":"WebPage","@id":"https:\/\/portaltela.pt\/noticias\/2026\/03\/16\/mariana-envolvida-em-crime-de-homicidio-e-desmembramento-para-ficar-com-heranca\/","url":"https:\/\/portaltela.pt\/noticias\/2026\/03\/16\/mariana-envolvida-em-crime-de-homicidio-e-desmembramento-para-ficar-com-heranca\/","name":"Mariana envolvida em crime de homic\u00eddio e desmembramento para ficar com heran\u00e7a - Portal Tela Portugal","isPartOf":{"@id":"https:\/\/portaltela.pt\/#website"},"primaryImageOfPage":{"@id":"https:\/\/portaltela.pt\/noticias\/2026\/03\/16\/mariana-envolvida-em-crime-de-homicidio-e-desmembramento-para-ficar-com-heranca\/#primaryimage"},"image":{"@id":"https:\/\/portaltela.pt\/noticias\/2026\/03\/16\/mariana-envolvida-em-crime-de-homicidio-e-desmembramento-para-ficar-com-heranca\/#primaryimage"},"thumbnailUrl":"https:\/\/portaltela.pt\/s.01k8rhncp4jt1\/2026\/03\/img_1280x722uu2026-03-16-19-25-18-2272818.jpg","datePublished":"2026-03-16T21:27:00+00:00","author":{"@id":"https:\/\/portaltela.pt\/#\/schema\/person\/c4278d4a6028830caff9ee44b42d32ed"},"breadcrumb":{"@id":"https:\/\/portaltela.pt\/noticias\/2026\/03\/16\/mariana-envolvida-em-crime-de-homicidio-e-desmembramento-para-ficar-com-heranca\/#breadcrumb"},"inLanguage":"pt-PT","potentialAction":[{"@type":"ReadAction","target":["https:\/\/portaltela.pt\/noticias\/2026\/03\/16\/mariana-envolvida-em-crime-de-homicidio-e-desmembramento-para-ficar-com-heranca\/"]}]},{"@type":"ImageObject","inLanguage":"pt-PT","@id":"https:\/\/portaltela.pt\/noticias\/2026\/03\/16\/mariana-envolvida-em-crime-de-homicidio-e-desmembramento-para-ficar-com-heranca\/#primaryimage","url":"https:\/\/portaltela.pt\/s.01k8rhncp4jt1\/2026\/03\/img_1280x722uu2026-03-16-19-25-18-2272818.jpg","contentUrl":"https:\/\/portaltela.pt\/s.01k8rhncp4jt1\/2026\/03\/img_1280x722uu2026-03-16-19-25-18-2272818.jpg","width":796,"height":448,"caption":"Photo"},{"@type":"BreadcrumbList","@id":"https:\/\/portaltela.pt\/noticias\/2026\/03\/16\/mariana-envolvida-em-crime-de-homicidio-e-desmembramento-para-ficar-com-heranca\/#breadcrumb","itemListElement":[{"@type":"ListItem","position":1,"name":"In\u00edcio","item":"https:\/\/portaltela.pt\/"},{"@type":"ListItem","position":2,"name":"Mariana envolvida em crime de homic\u00eddio e desmembramento para ficar com heran\u00e7a"}]},{"@type":"WebSite","@id":"https:\/\/portaltela.pt\/#website","url":"https:\/\/portaltela.pt\/","name":"Portal Tela Portugal","description":"","potentialAction":[{"@type":"SearchAction","target":{"@type":"EntryPoint","urlTemplate":"https:\/\/portaltela.pt\/?s={search_term_string}"},"query-input":{"@type":"PropertyValueSpecification","valueRequired":true,"valueName":"search_term_string"}}],"inLanguage":"pt-PT"},{"@type":"Person","@id":"https:\/\/portaltela.pt\/#\/schema\/person\/c4278d4a6028830caff9ee44b42d32ed","name":"Telinha","image":{"@type":"ImageObject","inLanguage":"pt-PT","@id":"https:\/\/portaltela.pt\/s.01k8rhncp4jt1\/2025\/11\/talking-bot-125x125.png","url":"https:\/\/portaltela.pt\/s.01k8rhncp4jt1\/2025\/11\/talking-bot-125x125.png","contentUrl":"https:\/\/portaltela.pt\/s.01k8rhncp4jt1\/2025\/11\/talking-bot-125x125.png","caption":"Telinha"},"sameAs":["https:\/\/portaltela.pt\/"],"url":"https:\/\/portaltela.pt\/por\/367410592786\/"}]}},"_links":{"self":[{"href":"https:\/\/portaltela.pt\/api\/wp\/v2\/posts\/412628","targetHints":{"allow":["GET"]}}],"collection":[{"href":"https:\/\/portaltela.pt\/api\/wp\/v2\/posts"}],"about":[{"href":"https:\/\/portaltela.pt\/api\/wp\/v2\/types\/post"}],"author":[{"embeddable":true,"href":"https:\/\/portaltela.pt\/api\/wp\/v2\/users\/2"}],"replies":[{"embeddable":true,"href":"https:\/\/portaltela.pt\/api\/wp\/v2\/comments?post=412628"}],"version-history":[{"count":0,"href":"https:\/\/portaltela.pt\/api\/wp\/v2\/posts\/412628\/revisions"}],"wp:featuredmedia":[{"embeddable":true,"href":"https:\/\/portaltela.pt\/api\/wp\/v2\/media\/412629"}],"wp:attachment":[{"href":"https:\/\/portaltela.pt\/api\/wp\/v2\/media?parent=412628"}],"wp:term":[{"taxonomy":"category","embeddable":true,"href":"https:\/\/portaltela.pt\/api\/wp\/v2\/categories?post=412628"},{"taxonomy":"post_tag","embeddable":true,"href":"https:\/\/portaltela.pt\/api\/wp\/v2\/tags?post=412628"}],"curies":[{"name":"wp","href":"https:\/\/api.w.org\/{rel}","templated":true}]}}