{"id":412620,"date":"2026-03-16T18:27:00","date_gmt":"2026-03-16T21:27:00","guid":{"rendered":"https:\/\/portaltela.pt\/noticias\/2026\/03\/16\/enfermeira-acusada-de-homicidio-aguarda-extradicao-para-portugal\/"},"modified":"2026-03-16T18:27:00","modified_gmt":"2026-03-16T21:27:00","slug":"enfermeira-acusada-de-homicidio-aguarda-extradicao-para-portugal","status":"publish","type":"post","link":"https:\/\/portaltela.pt\/justica\/2026\/03\/16\/enfermeira-acusada-de-homicidio-aguarda-extradicao-para-portugal\/","title":{"rendered":"Enfermeira acusada de homic\u00eddio aguarda extradi\u00e7\u00e3o para Portugal"},"content":{"rendered":"<p>Mariana Fonseca, ex-enfermeira, continua detida no estrangeiro \u00e0 espera do desfecho de um processo de extradi\u00e7\u00e3o para Portugal. A deten\u00e7\u00e3o ocorreu na Indon\u00e9sia, onde foi interceptada pela Interpol. O caso envolve o homic\u00eddio de Diogo Gon\u00e7alves, ocorrido no Algarve em 2020, e a subsequente desmembramento da v\u00edtima. A acusa\u00e7\u00e3o aponta a inten\u00e7\u00e3o de obter dinheiro de uma heran\u00e7a.<\/p>\n<p>Mariana Fonseca foi igualmente associada a Maria Malveira, ent\u00e3o companheira da suspeita, que ter\u00e1 participado no crime. A investiga\u00e7\u00e3o aponta que o plano visava receber a heran\u00e7a da fam\u00edlia da v\u00edtima. O homic\u00eddio ocorreu num contexto que levou \u00e0 condena\u00e7\u00e3o de ambos por morte, segundo informa\u00e7\u00f5es dispon\u00edveis.<\/p>\n<p>O estado de Portugal tem mantido atualiza\u00e7\u00f5es sobre o processo de extradi\u00e7\u00e3o, que pode ser convertido em deporta\u00e7\u00e3o. As autoridades portuguesas aguardam o desfecho do processo na Indon\u00e9sia, onde a deten\u00e7\u00e3o est\u00e1 a ocorrer \u00e0 guarda das autoridades internacionais. A pena associada \u00e9 de 23 anos de cadeia pela pr\u00e1tica do homic\u00eddio.<\/p>\n<h3>Processo de extradi\u00e7\u00e3o<\/h3>\n<p>A Interpol confirmou a deten\u00e7\u00e3o no territ\u00f3rio indon\u00e9sio, ap\u00f3s vigil\u00e2ncia internacional. O pr\u00f3ximo passo envolve avalia\u00e7\u00f5es legais que podem resultar numa extradi\u00e7\u00e3o para cumprir a pena em territ\u00f3rio portugu\u00eas. A admissibilidade depende de acordos entre os dois pa\u00edses e do enquadramento jur\u00eddico local.<\/p>\n<p>A equipa jur\u00eddica envolvida prepara defesas e recursos que possam alterar o momento da entrega a Portugal. Fontes oficiais destacam que, se a extradi\u00e7\u00e3o for confirmada, a aplica\u00e7\u00e3o da pena ser\u00e1 efetuada no sistema prisional nacional. A comunidade local no Algarve recorda o caso com pedidos de justi\u00e7a r\u00e1pida.<\/p>\n","protected":false},"excerpt":{"rendered":"<ul>\n<li>Mariana Fonseca, ex-enfermeira, permanece detida na Indon\u00e9sia pela Interpol, \u00e0 espera de extradi\u00e7\u00e3o para Portugal.<\/li>\n<li>Foi condenada a 23 anos de pris\u00e3o pelo homic\u00eddio de Diogo Gon\u00e7alves, ocorrido no Algarve em 2020, em contexto de plano para receber heran\u00e7a.<\/li>\n<li>A acusa\u00e7\u00e3o aponta que a ent\u00e3o companheira, Maria Malveira, participou no crime, que incluiu desmembramento da v\u00edtima.<\/li>\n<li>Na altura da deten\u00e7\u00e3o, Mariana Fonseca encontrava-se a trabalhar num restaurante.<\/li>\n<li>O processo na Indon\u00e9sia decide entre deporta\u00e7\u00e3o ou extradi\u00e7\u00e3o para cumprir a pena em territ\u00f3rio portugu\u00eas.<\/li>\n<\/ul>\n","protected":false},"author":2,"featured_media":412626,"comment_status":"closed","ping_status":"closed","sticky":false,"template":"","format":"standard","meta":{"footnotes":""},"categories":[6907,6815],"tags":[928,147,5833,1345,2711,1014],"class_list":["post-412620","post","type-post","status-publish","format-standard","has-post-thumbnail","hentry","category-crime","category-justica","tag-algarve","tag-crime","tag-extradicoes","tag-homicidio","tag-interpol","tag-portugal"],"yoast_head":"<!-- This site is optimized with the Yoast SEO plugin v27.2 - https:\/\/yoast.com\/product\/yoast-seo-wordpress\/ -->\n<title>Enfermeira acusada de homic\u00eddio aguarda extradi\u00e7\u00e3o para Portugal - Portal Tela Portugal<\/title>\n<meta name=\"robots\" content=\"index, follow, max-snippet:-1, max-image-preview:large, max-video-preview:-1\" \/>\n<meta property=\"og:locale\" content=\"pt_PT\" \/>\n<meta property=\"og:type\" content=\"article\" \/>\n<meta property=\"og:title\" content=\"Enfermeira acusada de homic\u00eddio aguarda extradi\u00e7\u00e3o para Portugal - Portal Tela Portugal\" \/>\n<meta property=\"og:description\" content=\"Mariana Fonseca, ex-enfermeira, permanece detida na Indon\u00e9sia pela Interpol, \u00e0 espera de extradi\u00e7\u00e3o para Portugal. Foi condenada a 23 anos de pris\u00e3o pelo homic\u00eddio de Diogo Gon\u00e7alves, ocorrido no Algarve em 2020, em contexto de plano para receber heran\u00e7a. A acusa\u00e7\u00e3o aponta que a ent\u00e3o companheira, Maria Malveira, participou no crime, que incluiu desmembramento da v\u00edtima. Na altura da deten\u00e7\u00e3o, Mariana Fonseca encontrava-se a trabalhar num restaurante. O processo na Indon\u00e9sia decide entre deporta\u00e7\u00e3o ou extradi\u00e7\u00e3o para cumprir a pena em territ\u00f3rio portugu\u00eas.\" \/>\n<meta property=\"og:url\" content=\"https:\/\/portaltela.pt\/noticias\/2026\/03\/16\/enfermeira-acusada-de-homicidio-aguarda-extradicao-para-portugal\/\" \/>\n<meta property=\"og:site_name\" content=\"Portal Tela Portugal\" \/>\n<meta property=\"article:published_time\" content=\"2026-03-16T21:27:00+00:00\" \/>\n<meta name=\"author\" content=\"Telinha\" \/>\n<meta name=\"twitter:card\" content=\"summary_large_image\" \/>\n<meta name=\"twitter:label1\" content=\"Escrito por\" \/>\n\t<meta name=\"twitter:data1\" content=\"Telinha\" \/>\n\t<meta name=\"twitter:label2\" content=\"Tempo estimado de leitura\" \/>\n\t<meta name=\"twitter:data2\" content=\"1 minuto\" \/>\n<script type=\"application\/ld+json\" class=\"yoast-schema-graph\">{\"@context\":\"https:\/\/schema.org\",\"@graph\":[{\"@type\":\"Article\",\"@id\":\"https:\/\/portaltela.pt\/noticias\/2026\/03\/16\/enfermeira-acusada-de-homicidio-aguarda-extradicao-para-portugal\/#article\",\"isPartOf\":{\"@id\":\"https:\/\/portaltela.pt\/noticias\/2026\/03\/16\/enfermeira-acusada-de-homicidio-aguarda-extradicao-para-portugal\/\"},\"author\":{\"name\":\"Telinha\",\"@id\":\"https:\/\/portaltela.pt\/#\/schema\/person\/c4278d4a6028830caff9ee44b42d32ed\"},\"headline\":\"Enfermeira acusada de homic\u00eddio aguarda extradi\u00e7\u00e3o para Portugal\",\"datePublished\":\"2026-03-16T21:27:00+00:00\",\"mainEntityOfPage\":{\"@id\":\"https:\/\/portaltela.pt\/noticias\/2026\/03\/16\/enfermeira-acusada-de-homicidio-aguarda-extradicao-para-portugal\/\"},\"wordCount\":299,\"image\":{\"@id\":\"https:\/\/portaltela.pt\/noticias\/2026\/03\/16\/enfermeira-acusada-de-homicidio-aguarda-extradicao-para-portugal\/#primaryimage\"},\"thumbnailUrl\":\"https:\/\/portaltela.pt\/s.01k8rhncp4jt1\/2026\/03\/img_1500x1000uu2026-03-11-20-23-13-2271824-im-639092850432538818.jpg\",\"keywords\":[\"Algarve\",\"crime\",\"extradi\u00e7\u00f5es\",\"homic\u00eddio\",\"Interpol\",\"Portugal\"],\"articleSection\":[\"Crime\",\"Justi\u00e7a\"],\"inLanguage\":\"pt-PT\"},{\"@type\":\"WebPage\",\"@id\":\"https:\/\/portaltela.pt\/noticias\/2026\/03\/16\/enfermeira-acusada-de-homicidio-aguarda-extradicao-para-portugal\/\",\"url\":\"https:\/\/portaltela.pt\/noticias\/2026\/03\/16\/enfermeira-acusada-de-homicidio-aguarda-extradicao-para-portugal\/\",\"name\":\"Enfermeira acusada de homic\u00eddio aguarda extradi\u00e7\u00e3o para Portugal - Portal Tela Portugal\",\"isPartOf\":{\"@id\":\"https:\/\/portaltela.pt\/#website\"},\"primaryImageOfPage\":{\"@id\":\"https:\/\/portaltela.pt\/noticias\/2026\/03\/16\/enfermeira-acusada-de-homicidio-aguarda-extradicao-para-portugal\/#primaryimage\"},\"image\":{\"@id\":\"https:\/\/portaltela.pt\/noticias\/2026\/03\/16\/enfermeira-acusada-de-homicidio-aguarda-extradicao-para-portugal\/#primaryimage\"},\"thumbnailUrl\":\"https:\/\/portaltela.pt\/s.01k8rhncp4jt1\/2026\/03\/img_1500x1000uu2026-03-11-20-23-13-2271824-im-639092850432538818.jpg\",\"datePublished\":\"2026-03-16T21:27:00+00:00\",\"author\":{\"@id\":\"https:\/\/portaltela.pt\/#\/schema\/person\/c4278d4a6028830caff9ee44b42d32ed\"},\"breadcrumb\":{\"@id\":\"https:\/\/portaltela.pt\/noticias\/2026\/03\/16\/enfermeira-acusada-de-homicidio-aguarda-extradicao-para-portugal\/#breadcrumb\"},\"inLanguage\":\"pt-PT\",\"potentialAction\":[{\"@type\":\"ReadAction\",\"target\":[\"https:\/\/portaltela.pt\/noticias\/2026\/03\/16\/enfermeira-acusada-de-homicidio-aguarda-extradicao-para-portugal\/\"]}]},{\"@type\":\"ImageObject\",\"inLanguage\":\"pt-PT\",\"@id\":\"https:\/\/portaltela.pt\/noticias\/2026\/03\/16\/enfermeira-acusada-de-homicidio-aguarda-extradicao-para-portugal\/#primaryimage\",\"url\":\"https:\/\/portaltela.pt\/s.01k8rhncp4jt1\/2026\/03\/img_1500x1000uu2026-03-11-20-23-13-2271824-im-639092850432538818.jpg\",\"contentUrl\":\"https:\/\/portaltela.pt\/s.01k8rhncp4jt1\/2026\/03\/img_1500x1000uu2026-03-11-20-23-13-2271824-im-639092850432538818.jpg\",\"width\":796,\"height\":448,\"caption\":\"Extradi\u00e7\u00e3o de enfermeira condenada por homic\u00eddio no Algarve aguarda processo na Indon\u00e9sia\"},{\"@type\":\"BreadcrumbList\",\"@id\":\"https:\/\/portaltela.pt\/noticias\/2026\/03\/16\/enfermeira-acusada-de-homicidio-aguarda-extradicao-para-portugal\/#breadcrumb\",\"itemListElement\":[{\"@type\":\"ListItem\",\"position\":1,\"name\":\"In\u00edcio\",\"item\":\"https:\/\/portaltela.pt\/\"},{\"@type\":\"ListItem\",\"position\":2,\"name\":\"Enfermeira acusada de homic\u00eddio aguarda extradi\u00e7\u00e3o para Portugal\"}]},{\"@type\":\"WebSite\",\"@id\":\"https:\/\/portaltela.pt\/#website\",\"url\":\"https:\/\/portaltela.pt\/\",\"name\":\"Portal Tela Portugal\",\"description\":\"\",\"potentialAction\":[{\"@type\":\"SearchAction\",\"target\":{\"@type\":\"EntryPoint\",\"urlTemplate\":\"https:\/\/portaltela.pt\/?s={search_term_string}\"},\"query-input\":{\"@type\":\"PropertyValueSpecification\",\"valueRequired\":true,\"valueName\":\"search_term_string\"}}],\"inLanguage\":\"pt-PT\"},{\"@type\":\"Person\",\"@id\":\"https:\/\/portaltela.pt\/#\/schema\/person\/c4278d4a6028830caff9ee44b42d32ed\",\"name\":\"Telinha\",\"image\":{\"@type\":\"ImageObject\",\"inLanguage\":\"pt-PT\",\"@id\":\"https:\/\/portaltela.pt\/s.01k8rhncp4jt1\/2025\/11\/talking-bot-125x125.png\",\"url\":\"https:\/\/portaltela.pt\/s.01k8rhncp4jt1\/2025\/11\/talking-bot-125x125.png\",\"contentUrl\":\"https:\/\/portaltela.pt\/s.01k8rhncp4jt1\/2025\/11\/talking-bot-125x125.png\",\"caption\":\"Telinha\"},\"sameAs\":[\"https:\/\/portaltela.pt\/\"],\"url\":\"https:\/\/portaltela.pt\/por\/367410592786\/\"}]}<\/script>\n<!-- \/ Yoast SEO plugin. -->","yoast_head_json":{"title":"Enfermeira acusada de homic\u00eddio aguarda extradi\u00e7\u00e3o para Portugal - Portal Tela Portugal","robots":{"index":"index","follow":"follow","max-snippet":"max-snippet:-1","max-image-preview":"max-image-preview:large","max-video-preview":"max-video-preview:-1"},"og_locale":"pt_PT","og_type":"article","og_title":"Enfermeira acusada de homic\u00eddio aguarda extradi\u00e7\u00e3o para Portugal - Portal Tela Portugal","og_description":"Mariana Fonseca, ex-enfermeira, permanece detida na Indon\u00e9sia pela Interpol, \u00e0 espera de extradi\u00e7\u00e3o para Portugal. Foi condenada a 23 anos de pris\u00e3o pelo homic\u00eddio de Diogo Gon\u00e7alves, ocorrido no Algarve em 2020, em contexto de plano para receber heran\u00e7a. A acusa\u00e7\u00e3o aponta que a ent\u00e3o companheira, Maria Malveira, participou no crime, que incluiu desmembramento da v\u00edtima. Na altura da deten\u00e7\u00e3o, Mariana Fonseca encontrava-se a trabalhar num restaurante. O processo na Indon\u00e9sia decide entre deporta\u00e7\u00e3o ou extradi\u00e7\u00e3o para cumprir a pena em territ\u00f3rio portugu\u00eas.","og_url":"https:\/\/portaltela.pt\/noticias\/2026\/03\/16\/enfermeira-acusada-de-homicidio-aguarda-extradicao-para-portugal\/","og_site_name":"Portal Tela Portugal","article_published_time":"2026-03-16T21:27:00+00:00","author":"Telinha","twitter_card":"summary_large_image","twitter_misc":{"Escrito por":"Telinha","Tempo estimado de leitura":"1 minuto"},"schema":{"@context":"https:\/\/schema.org","@graph":[{"@type":"Article","@id":"https:\/\/portaltela.pt\/noticias\/2026\/03\/16\/enfermeira-acusada-de-homicidio-aguarda-extradicao-para-portugal\/#article","isPartOf":{"@id":"https:\/\/portaltela.pt\/noticias\/2026\/03\/16\/enfermeira-acusada-de-homicidio-aguarda-extradicao-para-portugal\/"},"author":{"name":"Telinha","@id":"https:\/\/portaltela.pt\/#\/schema\/person\/c4278d4a6028830caff9ee44b42d32ed"},"headline":"Enfermeira acusada de homic\u00eddio aguarda extradi\u00e7\u00e3o para Portugal","datePublished":"2026-03-16T21:27:00+00:00","mainEntityOfPage":{"@id":"https:\/\/portaltela.pt\/noticias\/2026\/03\/16\/enfermeira-acusada-de-homicidio-aguarda-extradicao-para-portugal\/"},"wordCount":299,"image":{"@id":"https:\/\/portaltela.pt\/noticias\/2026\/03\/16\/enfermeira-acusada-de-homicidio-aguarda-extradicao-para-portugal\/#primaryimage"},"thumbnailUrl":"https:\/\/portaltela.pt\/s.01k8rhncp4jt1\/2026\/03\/img_1500x1000uu2026-03-11-20-23-13-2271824-im-639092850432538818.jpg","keywords":["Algarve","crime","extradi\u00e7\u00f5es","homic\u00eddio","Interpol","Portugal"],"articleSection":["Crime","Justi\u00e7a"],"inLanguage":"pt-PT"},{"@type":"WebPage","@id":"https:\/\/portaltela.pt\/noticias\/2026\/03\/16\/enfermeira-acusada-de-homicidio-aguarda-extradicao-para-portugal\/","url":"https:\/\/portaltela.pt\/noticias\/2026\/03\/16\/enfermeira-acusada-de-homicidio-aguarda-extradicao-para-portugal\/","name":"Enfermeira acusada de homic\u00eddio aguarda extradi\u00e7\u00e3o para Portugal - Portal Tela Portugal","isPartOf":{"@id":"https:\/\/portaltela.pt\/#website"},"primaryImageOfPage":{"@id":"https:\/\/portaltela.pt\/noticias\/2026\/03\/16\/enfermeira-acusada-de-homicidio-aguarda-extradicao-para-portugal\/#primaryimage"},"image":{"@id":"https:\/\/portaltela.pt\/noticias\/2026\/03\/16\/enfermeira-acusada-de-homicidio-aguarda-extradicao-para-portugal\/#primaryimage"},"thumbnailUrl":"https:\/\/portaltela.pt\/s.01k8rhncp4jt1\/2026\/03\/img_1500x1000uu2026-03-11-20-23-13-2271824-im-639092850432538818.jpg","datePublished":"2026-03-16T21:27:00+00:00","author":{"@id":"https:\/\/portaltela.pt\/#\/schema\/person\/c4278d4a6028830caff9ee44b42d32ed"},"breadcrumb":{"@id":"https:\/\/portaltela.pt\/noticias\/2026\/03\/16\/enfermeira-acusada-de-homicidio-aguarda-extradicao-para-portugal\/#breadcrumb"},"inLanguage":"pt-PT","potentialAction":[{"@type":"ReadAction","target":["https:\/\/portaltela.pt\/noticias\/2026\/03\/16\/enfermeira-acusada-de-homicidio-aguarda-extradicao-para-portugal\/"]}]},{"@type":"ImageObject","inLanguage":"pt-PT","@id":"https:\/\/portaltela.pt\/noticias\/2026\/03\/16\/enfermeira-acusada-de-homicidio-aguarda-extradicao-para-portugal\/#primaryimage","url":"https:\/\/portaltela.pt\/s.01k8rhncp4jt1\/2026\/03\/img_1500x1000uu2026-03-11-20-23-13-2271824-im-639092850432538818.jpg","contentUrl":"https:\/\/portaltela.pt\/s.01k8rhncp4jt1\/2026\/03\/img_1500x1000uu2026-03-11-20-23-13-2271824-im-639092850432538818.jpg","width":796,"height":448,"caption":"Extradi\u00e7\u00e3o de enfermeira condenada por homic\u00eddio no Algarve aguarda processo na Indon\u00e9sia"},{"@type":"BreadcrumbList","@id":"https:\/\/portaltela.pt\/noticias\/2026\/03\/16\/enfermeira-acusada-de-homicidio-aguarda-extradicao-para-portugal\/#breadcrumb","itemListElement":[{"@type":"ListItem","position":1,"name":"In\u00edcio","item":"https:\/\/portaltela.pt\/"},{"@type":"ListItem","position":2,"name":"Enfermeira acusada de homic\u00eddio aguarda extradi\u00e7\u00e3o para Portugal"}]},{"@type":"WebSite","@id":"https:\/\/portaltela.pt\/#website","url":"https:\/\/portaltela.pt\/","name":"Portal Tela Portugal","description":"","potentialAction":[{"@type":"SearchAction","target":{"@type":"EntryPoint","urlTemplate":"https:\/\/portaltela.pt\/?s={search_term_string}"},"query-input":{"@type":"PropertyValueSpecification","valueRequired":true,"valueName":"search_term_string"}}],"inLanguage":"pt-PT"},{"@type":"Person","@id":"https:\/\/portaltela.pt\/#\/schema\/person\/c4278d4a6028830caff9ee44b42d32ed","name":"Telinha","image":{"@type":"ImageObject","inLanguage":"pt-PT","@id":"https:\/\/portaltela.pt\/s.01k8rhncp4jt1\/2025\/11\/talking-bot-125x125.png","url":"https:\/\/portaltela.pt\/s.01k8rhncp4jt1\/2025\/11\/talking-bot-125x125.png","contentUrl":"https:\/\/portaltela.pt\/s.01k8rhncp4jt1\/2025\/11\/talking-bot-125x125.png","caption":"Telinha"},"sameAs":["https:\/\/portaltela.pt\/"],"url":"https:\/\/portaltela.pt\/por\/367410592786\/"}]}},"_links":{"self":[{"href":"https:\/\/portaltela.pt\/api\/wp\/v2\/posts\/412620","targetHints":{"allow":["GET"]}}],"collection":[{"href":"https:\/\/portaltela.pt\/api\/wp\/v2\/posts"}],"about":[{"href":"https:\/\/portaltela.pt\/api\/wp\/v2\/types\/post"}],"author":[{"embeddable":true,"href":"https:\/\/portaltela.pt\/api\/wp\/v2\/users\/2"}],"replies":[{"embeddable":true,"href":"https:\/\/portaltela.pt\/api\/wp\/v2\/comments?post=412620"}],"version-history":[{"count":0,"href":"https:\/\/portaltela.pt\/api\/wp\/v2\/posts\/412620\/revisions"}],"wp:featuredmedia":[{"embeddable":true,"href":"https:\/\/portaltela.pt\/api\/wp\/v2\/media\/412626"}],"wp:attachment":[{"href":"https:\/\/portaltela.pt\/api\/wp\/v2\/media?parent=412620"}],"wp:term":[{"taxonomy":"category","embeddable":true,"href":"https:\/\/portaltela.pt\/api\/wp\/v2\/categories?post=412620"},{"taxonomy":"post_tag","embeddable":true,"href":"https:\/\/portaltela.pt\/api\/wp\/v2\/tags?post=412620"}],"curies":[{"name":"wp","href":"https:\/\/api.w.org\/{rel}","templated":true}]}}