{"id":412614,"date":"2026-03-16T18:19:00","date_gmt":"2026-03-16T21:19:00","guid":{"rendered":"https:\/\/portaltela.pt\/noticias\/2026\/03\/16\/ugt-anteve-acordo-sobre-leis-laborais\/"},"modified":"2026-03-16T18:19:00","modified_gmt":"2026-03-16T21:19:00","slug":"ugt-anteve-acordo-sobre-leis-laborais","status":"publish","type":"post","link":"https:\/\/portaltela.pt\/noticias\/2026\/03\/16\/ugt-anteve-acordo-sobre-leis-laborais\/","title":{"rendered":"UGT antev\u00ea acordo sobre leis laborais"},"content":{"rendered":"<p>O acordo sobre o pacote laboral poder\u00e1 estar pr\u00f3ximo. O secret\u00e1rio-geral da UGT saiu mais otimista da reuni\u00e3o com a ministra do Trabalho e os patr\u00f5es, enquanto a CGTP ficou \u00e0 porta. M\u00e1rio Mour\u00e3o vai analisar a proposta do Governo, mas diz que h\u00e1 avan\u00e7os. A ministra afirma que j\u00e1 existem 80 artigos consolidados.<\/p>\n<p>A reuni\u00e3o, realizada no Minist\u00e9rio do Trabalho, contou com a participa\u00e7\u00e3o de representantes da UGT e dos patr\u00f5es. A CGTP tentou entrar, mas ficou de fora. Tiago Oliveira, da CGTP, criticou o processo, defendendo a participa\u00e7\u00e3o da central.<\/p>\n<p>\u00c0 sa\u00edda, Mour\u00e3o destacou uma postura negocial diferente, com mais vontade de chegar a acordo. Abarca-se, segundo ele, uma evolu\u00e7\u00e3o no patamar de negocia\u00e7\u00e3o, impulsionada pelo apelo do presidente Ant\u00f3nio Jos\u00e9 Seguro.<\/p>\n<h3>Proposta \u00e9 bastante diferente da inicial<\/h3>\n<p>A ministra Maria Ros\u00e1rio Ramalho disse que a proposta em discuss\u00e3o \u00e9 significativamente diferente da primeira. Existem 80 artigos consolidados e a discuss\u00e3o est\u00e1 agora em torno de 10 a 15 normas.<\/p>\n<p>O Governo j\u00e1 indicou que prepara uma nova vers\u00e3o da proposta. A CETI sindical aponta que ainda n\u00e3o est\u00e1 assegurada a maioria para o acordo, dependente de compromissos de todas as partes.<\/p>\n<p>Entre as mudan\u00e7as, constam medidas sobre despedimentos, isen\u00e7\u00e3o de hor\u00e1rio, f\u00e9rias, compensa\u00e7\u00f5es, desligar e lay-off. O objetivo \u00e9 aproximar posi\u00e7\u00f5es entre trabalhadores e empregadores.<\/p>\n<p>Despedimentos passa a manter a n\u00e3o reintegra\u00e7\u00e3o quando ilegais, ainda que a simplifica\u00e7\u00e3o esteja afastada. O hor\u00e1rio de trabalho ter\u00e1 mais situa\u00e7\u00f5es com isen\u00e7\u00e3o, com poss\u00edvel alargamento para fun\u00e7\u00f5es essenciais.<\/p>\n<p>As f\u00e9rias podem incluir tr\u00eas dias adicionais por assiduidade, com pais de crian\u00e7as at\u00e9 12 anos beneficiados pela jornada cont\u00ednua. A compensa\u00e7\u00e3o por despedimento sobe para 15 dias por ano trabalhado.<\/p>\n<p>O Governo pretende tamb\u00e9m permitir contactos fora de horas sem exigir resposta, se bem fundamentado no contrato. O lay-off simplificado vigora quando h\u00e1 calamidade decretada.<\/p>\n<p>A ministra reiterou que, se n\u00e3o houver fumo branco, o anteprojeto original poder\u00e1 seguir para o Parlamento enriquecido com contributos da negocia\u00e7\u00e3o. A nova reuni\u00e3o do Governo poder\u00e1 ser convocada.<\/p>\n","protected":false},"excerpt":{"rendered":"<ul>\n<li>A UGT mostrou-se mais otimista sobre um acordo nas leis laborais ap\u00f3s a reuni\u00e3o com a ministra do Trabalho e os patr\u00f5es; a CGTP ficou \u00e0 porta.<\/li>\n<li>O secret\u00e1rio-geral da UGT, M\u00e1rio Mour\u00e3o, afirma ver um \u201cpatamar diferente\u201d e admite a possibilidade de acordo, se houver esfor\u00e7o de todas as partes; a ministra diz que j\u00e1 existem 80 artigos consolidados.<\/li>\n<li>A proposta em discuss\u00e3o \u00e9 bastante diferente da inicial; restam cerca de 10 a 15 normas a apreciar e pode seguir para o anteprojeto original enriquecido se n\u00e3o houver fumo branco.<\/li>\n<li>O Governo anunciou uma nova proposta com v\u00e1rias concess\u00f5es a seguir, incluindo mudan\u00e7as nos despedimentos, no hor\u00e1rio, nas f\u00e9rias, nas compensa\u00e7\u00f5es e no lay-off.<\/li>\n<li>Principais pontos de negocia\u00e7\u00e3o: despedimentos com n\u00e3o reintegra\u00e7\u00e3o em casos ilegais; mais isen\u00e7\u00f5es de hor\u00e1rio (at\u00e9 300 horas\/ano); f\u00e9rias e compensa\u00e7\u00f5es at\u00e9 15 dias\/ano; direito a desligar fora de horas; lay-off simplificado acima do sal\u00e1rio m\u00ednimo em situa\u00e7\u00f5es de calamidade.<\/li>\n<\/ul>\n","protected":false},"author":2,"featured_media":412623,"comment_status":"closed","ping_status":"closed","sticky":false,"template":"","format":"standard","meta":{"footnotes":""},"categories":[1],"tags":[1125,3020,5455,3901,966,2201],"class_list":["post-412614","post","type-post","status-publish","format-standard","has-post-thumbnail","hentry","category-noticias","tag-contratos","tag-despedimentos","tag-ferias","tag-horarios","tag-sindicatos","tag-trabalho"],"yoast_head":"<!-- This site is optimized with the Yoast SEO plugin v27.2 - https:\/\/yoast.com\/product\/yoast-seo-wordpress\/ -->\n<title>UGT antev\u00ea acordo sobre leis laborais - Portal Tela Portugal<\/title>\n<meta name=\"robots\" content=\"index, follow, max-snippet:-1, max-image-preview:large, max-video-preview:-1\" \/>\n<meta property=\"og:locale\" content=\"pt_PT\" \/>\n<meta property=\"og:type\" content=\"article\" \/>\n<meta property=\"og:title\" content=\"UGT antev\u00ea acordo sobre leis laborais - Portal Tela Portugal\" \/>\n<meta property=\"og:description\" content=\"A UGT mostrou-se mais otimista sobre um acordo nas leis laborais ap\u00f3s a reuni\u00e3o com a ministra do Trabalho e os patr\u00f5es; a CGTP ficou \u00e0 porta. O secret\u00e1rio-geral da UGT, M\u00e1rio Mour\u00e3o, afirma ver um \u201cpatamar diferente\u201d e admite a possibilidade de acordo, se houver esfor\u00e7o de todas as partes; a ministra diz que j\u00e1 existem 80 artigos consolidados. A proposta em discuss\u00e3o \u00e9 bastante diferente da inicial; restam cerca de 10 a 15 normas a apreciar e pode seguir para o anteprojeto original enriquecido se n\u00e3o houver fumo branco. O Governo anunciou uma nova proposta com v\u00e1rias concess\u00f5es a seguir, incluindo mudan\u00e7as nos despedimentos, no hor\u00e1rio, nas f\u00e9rias, nas compensa\u00e7\u00f5es e no lay-off. Principais pontos de negocia\u00e7\u00e3o: despedimentos com n\u00e3o reintegra\u00e7\u00e3o em casos ilegais; mais isen\u00e7\u00f5es de hor\u00e1rio (at\u00e9 300 horas\/ano); f\u00e9rias e compensa\u00e7\u00f5es at\u00e9 15 dias\/ano; direito a desligar fora de horas; lay-off simplificado acima do sal\u00e1rio m\u00ednimo em situa\u00e7\u00f5es de calamidade.\" \/>\n<meta property=\"og:url\" content=\"https:\/\/portaltela.pt\/noticias\/2026\/03\/16\/ugt-anteve-acordo-sobre-leis-laborais\/\" \/>\n<meta property=\"og:site_name\" content=\"Portal Tela Portugal\" \/>\n<meta property=\"article:published_time\" content=\"2026-03-16T21:19:00+00:00\" \/>\n<meta name=\"author\" content=\"Telinha\" \/>\n<meta name=\"twitter:card\" content=\"summary_large_image\" \/>\n<meta name=\"twitter:label1\" content=\"Escrito por\" \/>\n\t<meta name=\"twitter:data1\" content=\"Telinha\" \/>\n\t<meta name=\"twitter:label2\" content=\"Tempo estimado de leitura\" \/>\n\t<meta name=\"twitter:data2\" content=\"2 minutos\" \/>\n<script type=\"application\/ld+json\" class=\"yoast-schema-graph\">{\"@context\":\"https:\/\/schema.org\",\"@graph\":[{\"@type\":\"Article\",\"@id\":\"https:\/\/portaltela.pt\/noticias\/2026\/03\/16\/ugt-anteve-acordo-sobre-leis-laborais\/#article\",\"isPartOf\":{\"@id\":\"https:\/\/portaltela.pt\/noticias\/2026\/03\/16\/ugt-anteve-acordo-sobre-leis-laborais\/\"},\"author\":{\"name\":\"Telinha\",\"@id\":\"https:\/\/portaltela.pt\/#\/schema\/person\/c4278d4a6028830caff9ee44b42d32ed\"},\"headline\":\"UGT antev\u00ea acordo sobre leis laborais\",\"datePublished\":\"2026-03-16T21:19:00+00:00\",\"mainEntityOfPage\":{\"@id\":\"https:\/\/portaltela.pt\/noticias\/2026\/03\/16\/ugt-anteve-acordo-sobre-leis-laborais\/\"},\"wordCount\":374,\"image\":{\"@id\":\"https:\/\/portaltela.pt\/noticias\/2026\/03\/16\/ugt-anteve-acordo-sobre-leis-laborais\/#primaryimage\"},\"thumbnailUrl\":\"https:\/\/portaltela.pt\/s.01k8rhncp4jt1\/2026\/03\/image-1085.jpg\",\"keywords\":[\"contratos\",\"despedimentos\",\"f\u00e9rias\",\"hor\u00e1rios\",\"sindicatos\",\"trabalho\"],\"articleSection\":[\"Not\u00edcias\"],\"inLanguage\":\"pt-PT\"},{\"@type\":\"WebPage\",\"@id\":\"https:\/\/portaltela.pt\/noticias\/2026\/03\/16\/ugt-anteve-acordo-sobre-leis-laborais\/\",\"url\":\"https:\/\/portaltela.pt\/noticias\/2026\/03\/16\/ugt-anteve-acordo-sobre-leis-laborais\/\",\"name\":\"UGT antev\u00ea acordo sobre leis laborais - Portal Tela Portugal\",\"isPartOf\":{\"@id\":\"https:\/\/portaltela.pt\/#website\"},\"primaryImageOfPage\":{\"@id\":\"https:\/\/portaltela.pt\/noticias\/2026\/03\/16\/ugt-anteve-acordo-sobre-leis-laborais\/#primaryimage\"},\"image\":{\"@id\":\"https:\/\/portaltela.pt\/noticias\/2026\/03\/16\/ugt-anteve-acordo-sobre-leis-laborais\/#primaryimage\"},\"thumbnailUrl\":\"https:\/\/portaltela.pt\/s.01k8rhncp4jt1\/2026\/03\/image-1085.jpg\",\"datePublished\":\"2026-03-16T21:19:00+00:00\",\"author\":{\"@id\":\"https:\/\/portaltela.pt\/#\/schema\/person\/c4278d4a6028830caff9ee44b42d32ed\"},\"breadcrumb\":{\"@id\":\"https:\/\/portaltela.pt\/noticias\/2026\/03\/16\/ugt-anteve-acordo-sobre-leis-laborais\/#breadcrumb\"},\"inLanguage\":\"pt-PT\",\"potentialAction\":[{\"@type\":\"ReadAction\",\"target\":[\"https:\/\/portaltela.pt\/noticias\/2026\/03\/16\/ugt-anteve-acordo-sobre-leis-laborais\/\"]}]},{\"@type\":\"ImageObject\",\"inLanguage\":\"pt-PT\",\"@id\":\"https:\/\/portaltela.pt\/noticias\/2026\/03\/16\/ugt-anteve-acordo-sobre-leis-laborais\/#primaryimage\",\"url\":\"https:\/\/portaltela.pt\/s.01k8rhncp4jt1\/2026\/03\/image-1085.jpg\",\"contentUrl\":\"https:\/\/portaltela.pt\/s.01k8rhncp4jt1\/2026\/03\/image-1085.jpg\",\"width\":796,\"height\":448,\"caption\":\"M\u00e1rio Mour\u00e3o, da UGT, encontrou-se com Tiago Oliveira, da CGTP-IN, \u00e0 entrada para o Minist\u00e9rio do Trabalho\"},{\"@type\":\"BreadcrumbList\",\"@id\":\"https:\/\/portaltela.pt\/noticias\/2026\/03\/16\/ugt-anteve-acordo-sobre-leis-laborais\/#breadcrumb\",\"itemListElement\":[{\"@type\":\"ListItem\",\"position\":1,\"name\":\"In\u00edcio\",\"item\":\"https:\/\/portaltela.pt\/\"},{\"@type\":\"ListItem\",\"position\":2,\"name\":\"UGT antev\u00ea acordo sobre leis laborais\"}]},{\"@type\":\"WebSite\",\"@id\":\"https:\/\/portaltela.pt\/#website\",\"url\":\"https:\/\/portaltela.pt\/\",\"name\":\"Portal Tela Portugal\",\"description\":\"\",\"potentialAction\":[{\"@type\":\"SearchAction\",\"target\":{\"@type\":\"EntryPoint\",\"urlTemplate\":\"https:\/\/portaltela.pt\/?s={search_term_string}\"},\"query-input\":{\"@type\":\"PropertyValueSpecification\",\"valueRequired\":true,\"valueName\":\"search_term_string\"}}],\"inLanguage\":\"pt-PT\"},{\"@type\":\"Person\",\"@id\":\"https:\/\/portaltela.pt\/#\/schema\/person\/c4278d4a6028830caff9ee44b42d32ed\",\"name\":\"Telinha\",\"image\":{\"@type\":\"ImageObject\",\"inLanguage\":\"pt-PT\",\"@id\":\"https:\/\/portaltela.pt\/s.01k8rhncp4jt1\/2025\/11\/talking-bot-125x125.png\",\"url\":\"https:\/\/portaltela.pt\/s.01k8rhncp4jt1\/2025\/11\/talking-bot-125x125.png\",\"contentUrl\":\"https:\/\/portaltela.pt\/s.01k8rhncp4jt1\/2025\/11\/talking-bot-125x125.png\",\"caption\":\"Telinha\"},\"sameAs\":[\"https:\/\/portaltela.pt\/\"],\"url\":\"https:\/\/portaltela.pt\/por\/367410592786\/\"}]}<\/script>\n<!-- \/ Yoast SEO plugin. -->","yoast_head_json":{"title":"UGT antev\u00ea acordo sobre leis laborais - Portal Tela Portugal","robots":{"index":"index","follow":"follow","max-snippet":"max-snippet:-1","max-image-preview":"max-image-preview:large","max-video-preview":"max-video-preview:-1"},"og_locale":"pt_PT","og_type":"article","og_title":"UGT antev\u00ea acordo sobre leis laborais - Portal Tela Portugal","og_description":"A UGT mostrou-se mais otimista sobre um acordo nas leis laborais ap\u00f3s a reuni\u00e3o com a ministra do Trabalho e os patr\u00f5es; a CGTP ficou \u00e0 porta. O secret\u00e1rio-geral da UGT, M\u00e1rio Mour\u00e3o, afirma ver um \u201cpatamar diferente\u201d e admite a possibilidade de acordo, se houver esfor\u00e7o de todas as partes; a ministra diz que j\u00e1 existem 80 artigos consolidados. A proposta em discuss\u00e3o \u00e9 bastante diferente da inicial; restam cerca de 10 a 15 normas a apreciar e pode seguir para o anteprojeto original enriquecido se n\u00e3o houver fumo branco. O Governo anunciou uma nova proposta com v\u00e1rias concess\u00f5es a seguir, incluindo mudan\u00e7as nos despedimentos, no hor\u00e1rio, nas f\u00e9rias, nas compensa\u00e7\u00f5es e no lay-off. Principais pontos de negocia\u00e7\u00e3o: despedimentos com n\u00e3o reintegra\u00e7\u00e3o em casos ilegais; mais isen\u00e7\u00f5es de hor\u00e1rio (at\u00e9 300 horas\/ano); f\u00e9rias e compensa\u00e7\u00f5es at\u00e9 15 dias\/ano; direito a desligar fora de horas; lay-off simplificado acima do sal\u00e1rio m\u00ednimo em situa\u00e7\u00f5es de calamidade.","og_url":"https:\/\/portaltela.pt\/noticias\/2026\/03\/16\/ugt-anteve-acordo-sobre-leis-laborais\/","og_site_name":"Portal Tela Portugal","article_published_time":"2026-03-16T21:19:00+00:00","author":"Telinha","twitter_card":"summary_large_image","twitter_misc":{"Escrito por":"Telinha","Tempo estimado de leitura":"2 minutos"},"schema":{"@context":"https:\/\/schema.org","@graph":[{"@type":"Article","@id":"https:\/\/portaltela.pt\/noticias\/2026\/03\/16\/ugt-anteve-acordo-sobre-leis-laborais\/#article","isPartOf":{"@id":"https:\/\/portaltela.pt\/noticias\/2026\/03\/16\/ugt-anteve-acordo-sobre-leis-laborais\/"},"author":{"name":"Telinha","@id":"https:\/\/portaltela.pt\/#\/schema\/person\/c4278d4a6028830caff9ee44b42d32ed"},"headline":"UGT antev\u00ea acordo sobre leis laborais","datePublished":"2026-03-16T21:19:00+00:00","mainEntityOfPage":{"@id":"https:\/\/portaltela.pt\/noticias\/2026\/03\/16\/ugt-anteve-acordo-sobre-leis-laborais\/"},"wordCount":374,"image":{"@id":"https:\/\/portaltela.pt\/noticias\/2026\/03\/16\/ugt-anteve-acordo-sobre-leis-laborais\/#primaryimage"},"thumbnailUrl":"https:\/\/portaltela.pt\/s.01k8rhncp4jt1\/2026\/03\/image-1085.jpg","keywords":["contratos","despedimentos","f\u00e9rias","hor\u00e1rios","sindicatos","trabalho"],"articleSection":["Not\u00edcias"],"inLanguage":"pt-PT"},{"@type":"WebPage","@id":"https:\/\/portaltela.pt\/noticias\/2026\/03\/16\/ugt-anteve-acordo-sobre-leis-laborais\/","url":"https:\/\/portaltela.pt\/noticias\/2026\/03\/16\/ugt-anteve-acordo-sobre-leis-laborais\/","name":"UGT antev\u00ea acordo sobre leis laborais - Portal Tela Portugal","isPartOf":{"@id":"https:\/\/portaltela.pt\/#website"},"primaryImageOfPage":{"@id":"https:\/\/portaltela.pt\/noticias\/2026\/03\/16\/ugt-anteve-acordo-sobre-leis-laborais\/#primaryimage"},"image":{"@id":"https:\/\/portaltela.pt\/noticias\/2026\/03\/16\/ugt-anteve-acordo-sobre-leis-laborais\/#primaryimage"},"thumbnailUrl":"https:\/\/portaltela.pt\/s.01k8rhncp4jt1\/2026\/03\/image-1085.jpg","datePublished":"2026-03-16T21:19:00+00:00","author":{"@id":"https:\/\/portaltela.pt\/#\/schema\/person\/c4278d4a6028830caff9ee44b42d32ed"},"breadcrumb":{"@id":"https:\/\/portaltela.pt\/noticias\/2026\/03\/16\/ugt-anteve-acordo-sobre-leis-laborais\/#breadcrumb"},"inLanguage":"pt-PT","potentialAction":[{"@type":"ReadAction","target":["https:\/\/portaltela.pt\/noticias\/2026\/03\/16\/ugt-anteve-acordo-sobre-leis-laborais\/"]}]},{"@type":"ImageObject","inLanguage":"pt-PT","@id":"https:\/\/portaltela.pt\/noticias\/2026\/03\/16\/ugt-anteve-acordo-sobre-leis-laborais\/#primaryimage","url":"https:\/\/portaltela.pt\/s.01k8rhncp4jt1\/2026\/03\/image-1085.jpg","contentUrl":"https:\/\/portaltela.pt\/s.01k8rhncp4jt1\/2026\/03\/image-1085.jpg","width":796,"height":448,"caption":"M\u00e1rio Mour\u00e3o, da UGT, encontrou-se com Tiago Oliveira, da CGTP-IN, \u00e0 entrada para o Minist\u00e9rio do Trabalho"},{"@type":"BreadcrumbList","@id":"https:\/\/portaltela.pt\/noticias\/2026\/03\/16\/ugt-anteve-acordo-sobre-leis-laborais\/#breadcrumb","itemListElement":[{"@type":"ListItem","position":1,"name":"In\u00edcio","item":"https:\/\/portaltela.pt\/"},{"@type":"ListItem","position":2,"name":"UGT antev\u00ea acordo sobre leis laborais"}]},{"@type":"WebSite","@id":"https:\/\/portaltela.pt\/#website","url":"https:\/\/portaltela.pt\/","name":"Portal Tela Portugal","description":"","potentialAction":[{"@type":"SearchAction","target":{"@type":"EntryPoint","urlTemplate":"https:\/\/portaltela.pt\/?s={search_term_string}"},"query-input":{"@type":"PropertyValueSpecification","valueRequired":true,"valueName":"search_term_string"}}],"inLanguage":"pt-PT"},{"@type":"Person","@id":"https:\/\/portaltela.pt\/#\/schema\/person\/c4278d4a6028830caff9ee44b42d32ed","name":"Telinha","image":{"@type":"ImageObject","inLanguage":"pt-PT","@id":"https:\/\/portaltela.pt\/s.01k8rhncp4jt1\/2025\/11\/talking-bot-125x125.png","url":"https:\/\/portaltela.pt\/s.01k8rhncp4jt1\/2025\/11\/talking-bot-125x125.png","contentUrl":"https:\/\/portaltela.pt\/s.01k8rhncp4jt1\/2025\/11\/talking-bot-125x125.png","caption":"Telinha"},"sameAs":["https:\/\/portaltela.pt\/"],"url":"https:\/\/portaltela.pt\/por\/367410592786\/"}]}},"_links":{"self":[{"href":"https:\/\/portaltela.pt\/api\/wp\/v2\/posts\/412614","targetHints":{"allow":["GET"]}}],"collection":[{"href":"https:\/\/portaltela.pt\/api\/wp\/v2\/posts"}],"about":[{"href":"https:\/\/portaltela.pt\/api\/wp\/v2\/types\/post"}],"author":[{"embeddable":true,"href":"https:\/\/portaltela.pt\/api\/wp\/v2\/users\/2"}],"replies":[{"embeddable":true,"href":"https:\/\/portaltela.pt\/api\/wp\/v2\/comments?post=412614"}],"version-history":[{"count":0,"href":"https:\/\/portaltela.pt\/api\/wp\/v2\/posts\/412614\/revisions"}],"wp:featuredmedia":[{"embeddable":true,"href":"https:\/\/portaltela.pt\/api\/wp\/v2\/media\/412623"}],"wp:attachment":[{"href":"https:\/\/portaltela.pt\/api\/wp\/v2\/media?parent=412614"}],"wp:term":[{"taxonomy":"category","embeddable":true,"href":"https:\/\/portaltela.pt\/api\/wp\/v2\/categories?post=412614"},{"taxonomy":"post_tag","embeddable":true,"href":"https:\/\/portaltela.pt\/api\/wp\/v2\/tags?post=412614"}],"curies":[{"name":"wp","href":"https:\/\/api.w.org\/{rel}","templated":true}]}}