{"id":412606,"date":"2026-03-16T18:00:52","date_gmt":"2026-03-16T21:00:52","guid":{"rendered":"https:\/\/portaltela.pt\/noticias\/2026\/03\/16\/paulo-tavares-destaca-evolucao-de-nun-alvares-entre-supertaca-e-taca-da-liga\/"},"modified":"2026-03-16T18:00:52","modified_gmt":"2026-03-16T21:00:52","slug":"paulo-tavares-destaca-evolucao-de-nun-alvares-entre-supertaca-e-taca-da-liga","status":"publish","type":"post","link":"https:\/\/portaltela.pt\/desporto\/futebol\/2026\/03\/16\/paulo-tavares-destaca-evolucao-de-nun-alvares-entre-supertaca-e-taca-da-liga\/","title":{"rendered":"Paulo Tavares destaca evolu\u00e7\u00e3o de Nun&#8217;\u00c1lvares entre Superta\u00e7a e Ta\u00e7a da Liga"},"content":{"rendered":"<p>Paulo Tavares destacou a evolu\u00e7\u00e3o do Nun\u2019\u00c1lvares, ap\u00f3s a vit\u00f3ria na Ta\u00e7a da Liga feminina de futsal no domingo, que confirmou o avan\u00e7o face \u00e0 conquista da Superta\u00e7a no in\u00edcio da \u00e9poca. A equipa de Fafe venceu o Benfica no desempate por pen\u00e1ltis, ap\u00f3s 1-1 no tempo extra, em Gondomar.<\/p>\n<p>O treinador, de 62 anos, est\u00e1 \u00e0 frente do Nun\u2019\u00c1lvares desde a \u00e9poca 2024\/25. Este triunfo representou o terceiro t\u00edtulo do clube sob a sua batuta. A final de Gondomar teve o desfecho 5-4 nas grandes penalidades, ap\u00f3s prolongamento.<\/p>\n<h3>Evolu\u00e7\u00e3o da equipa<\/h3>\n<p>Tavares explicou que o trabalho para a Superta\u00e7a n\u00e3o foi alterado para a Ta\u00e7a da Liga. A equipa foi mais eficaz defensivamente, anulando o pivot advers\u00e1rio, e melhorou na circula\u00e7\u00e3o de bola no ataque. O t\u00e9cnico enfatizou o maior controlo do jogo frente ao Benfica.<\/p>\n<p>O t\u00e9cnico reconhece que a equipa cumpre os objetivos da temporada, j\u00e1 depois do t\u00edtulo nacional de 2024\/25 frente ao Santa Luzia. Houve uma reconfigura\u00e7\u00e3o do plantel, com sete entradas e sete sa\u00eddas, ap\u00f3s a sa\u00edda de jogadoras importantes como C\u00e1tia Morgado, C\u00e1tia Balona e Pisko.<\/p>\n<h3>Perspetivas e pr\u00f3ximos desafios<\/h3>\n<p>A equipa termina a fase regular em segundo lugar e j\u00e1 tem compromisso com o \u00c1rvore na primeira ronda do playoff do t\u00edtulo. Em Ta\u00e7a de Portugal, o Nun\u2019\u00c1lvares disputa as meias-finais, com Benfica, Sp. Braga e Gondomar tamb\u00e9m na luta.<\/p>\n<p>Tavares defende um ciclo de ambi\u00e7\u00e3o: vencer a Ta\u00e7a de Portugal, manter-se na luta na Ta\u00e7a da Liga e disputar o campeonato com uma forma\u00e7\u00e3o mais competitiva, fruto do maior n\u00famero de jogadoras.<\/p>\n<h3>Torneio Europeu e advers\u00e1rios<\/h3>\n<p>O Nun\u2019\u00c1lvares tem ainda o Torneio Europeu das Campe\u00e3s Femininas, a 28 e 29 de mar\u00e7o, em Fafe. Entre os concorrentes esperados destacam-se Futsi Atl\u00e9tico Navalcarnero (Espanha) e Okasa Falconara (It\u00e1lia). O clube tamb\u00e9m conhece menos o G\u00f3rzno Nowy Swit (Pol\u00f3nia).<\/p>\n","protected":false},"excerpt":{"rendered":"<ul>\n<li>O Nun&#8217;\u00c1lvares ganhou a Ta\u00e7a da Liga feminina de futsal ao vencer o Benfica nos pen\u00e1ltis (5-4) ap\u00f3s 1-1 no tempo regulamentar e prolongamento, em Gondomar.<\/li>\n<li>A conquista evidencia a evolu\u00e7\u00e3o da equipa desde a Superta\u00e7a, disputada em setembro, triunfo tamb\u00e9m frente ao Benfica (3-2).<\/li>\n<li>O treinador Paulo Tavares, que comanda o clube de Fafe desde 2024\/25, destacou que a equipa soube ter bola e ferir o Benfica na final, o que justificou a vit\u00f3ria.<\/li>\n<li>A \u00e9poca ficou marcada por uma reestrutura\u00e7\u00e3o: sa\u00edram sete jogadoras e entraram sete, mantendo objetivos de vencer a Superta\u00e7a e chegar \u00e0s finais da Ta\u00e7a da Liga, Ta\u00e7a de Portugal e campeonato.<\/li>\n<li>O Nun&#8217;\u00c1lvares, segundo classificado na fase regular, prepara-se para o playoff do t\u00edtulo frente ao \u00c1rvore e para as meias-finais da Ta\u00e7a de Portugal, mantendo ambi\u00e7\u00e3o de conquistar mais t\u00edtulos, incluindo o Torneio Europeu das Campe\u00e3s.<\/li>\n<\/ul>\n","protected":false},"author":2,"featured_media":412611,"comment_status":"closed","ping_status":"closed","sticky":false,"template":"","format":"standard","meta":{"footnotes":""},"categories":[21,24],"tags":[1946,152,1147,161,1243,4174],"class_list":["post-412606","post","type-post","status-publish","format-standard","has-post-thumbnail","hentry","category-desporto","category-futebol","tag-benfica","tag-desporto","tag-fafe","tag-futsal","tag-gondomar","tag-nunalvares"],"yoast_head":"<!-- This site is optimized with the Yoast SEO plugin v27.2 - https:\/\/yoast.com\/product\/yoast-seo-wordpress\/ -->\n<title>Paulo Tavares destaca evolu\u00e7\u00e3o de Nun&#039;\u00c1lvares entre Superta\u00e7a e Ta\u00e7a da Liga - Portal Tela Portugal<\/title>\n<meta name=\"robots\" content=\"index, follow, max-snippet:-1, max-image-preview:large, max-video-preview:-1\" \/>\n<meta property=\"og:locale\" content=\"pt_PT\" \/>\n<meta property=\"og:type\" content=\"article\" \/>\n<meta property=\"og:title\" content=\"Paulo Tavares destaca evolu\u00e7\u00e3o de Nun&#039;\u00c1lvares entre Superta\u00e7a e Ta\u00e7a da Liga - Portal Tela Portugal\" \/>\n<meta property=\"og:description\" content=\"O Nun&#039;\u00c1lvares ganhou a Ta\u00e7a da Liga feminina de futsal ao vencer o Benfica nos pen\u00e1ltis (5-4) ap\u00f3s 1-1 no tempo regulamentar e prolongamento, em Gondomar. A conquista evidencia a evolu\u00e7\u00e3o da equipa desde a Superta\u00e7a, disputada em setembro, triunfo tamb\u00e9m frente ao Benfica (3-2). O treinador Paulo Tavares, que comanda o clube de Fafe desde 2024\/25, destacou que a equipa soube ter bola e ferir o Benfica na final, o que justificou a vit\u00f3ria. A \u00e9poca ficou marcada por uma reestrutura\u00e7\u00e3o: sa\u00edram sete jogadoras e entraram sete, mantendo objetivos de vencer a Superta\u00e7a e chegar \u00e0s finais da Ta\u00e7a da Liga, Ta\u00e7a de Portugal e campeonato. O Nun&#039;\u00c1lvares, segundo classificado na fase regular, prepara-se para o playoff do t\u00edtulo frente ao \u00c1rvore e para as meias-finais da Ta\u00e7a de Portugal, mantendo ambi\u00e7\u00e3o de conquistar mais t\u00edtulos, incluindo o Torneio Europeu das Campe\u00e3s.\" \/>\n<meta property=\"og:url\" content=\"https:\/\/portaltela.pt\/noticias\/2026\/03\/16\/paulo-tavares-destaca-evolucao-de-nun-alvares-entre-supertaca-e-taca-da-liga\/\" \/>\n<meta property=\"og:site_name\" content=\"Portal Tela Portugal\" \/>\n<meta property=\"article:published_time\" content=\"2026-03-16T21:00:52+00:00\" \/>\n<meta name=\"author\" content=\"Telinha\" \/>\n<meta name=\"twitter:card\" content=\"summary_large_image\" \/>\n<meta name=\"twitter:label1\" content=\"Escrito por\" \/>\n\t<meta name=\"twitter:data1\" content=\"Telinha\" \/>\n\t<meta name=\"twitter:label2\" content=\"Tempo estimado de leitura\" \/>\n\t<meta name=\"twitter:data2\" content=\"2 minutos\" \/>\n<script type=\"application\/ld+json\" class=\"yoast-schema-graph\">{\"@context\":\"https:\/\/schema.org\",\"@graph\":[{\"@type\":\"Article\",\"@id\":\"https:\/\/portaltela.pt\/noticias\/2026\/03\/16\/paulo-tavares-destaca-evolucao-de-nun-alvares-entre-supertaca-e-taca-da-liga\/#article\",\"isPartOf\":{\"@id\":\"https:\/\/portaltela.pt\/noticias\/2026\/03\/16\/paulo-tavares-destaca-evolucao-de-nun-alvares-entre-supertaca-e-taca-da-liga\/\"},\"author\":{\"name\":\"Telinha\",\"@id\":\"https:\/\/portaltela.pt\/#\/schema\/person\/c4278d4a6028830caff9ee44b42d32ed\"},\"headline\":\"Paulo Tavares destaca evolu\u00e7\u00e3o de Nun&#8217;\u00c1lvares entre Superta\u00e7a e Ta\u00e7a da Liga\",\"datePublished\":\"2026-03-16T21:00:52+00:00\",\"mainEntityOfPage\":{\"@id\":\"https:\/\/portaltela.pt\/noticias\/2026\/03\/16\/paulo-tavares-destaca-evolucao-de-nun-alvares-entre-supertaca-e-taca-da-liga\/\"},\"wordCount\":362,\"image\":{\"@id\":\"https:\/\/portaltela.pt\/noticias\/2026\/03\/16\/paulo-tavares-destaca-evolucao-de-nun-alvares-entre-supertaca-e-taca-da-liga\/#primaryimage\"},\"thumbnailUrl\":\"https:\/\/portaltela.pt\/s.01k8rhncp4jt1\/2026\/03\/img_920x518uu2026-03-16-21-00-46-2427476.jpg\",\"keywords\":[\"Benfica\",\"desporto\",\"Fafe\",\"futsal\",\"Gondomar\",\"Nun'\u00c1lvares\"],\"articleSection\":[\"Desporto\",\"Futebol\"],\"inLanguage\":\"pt-PT\"},{\"@type\":\"WebPage\",\"@id\":\"https:\/\/portaltela.pt\/noticias\/2026\/03\/16\/paulo-tavares-destaca-evolucao-de-nun-alvares-entre-supertaca-e-taca-da-liga\/\",\"url\":\"https:\/\/portaltela.pt\/noticias\/2026\/03\/16\/paulo-tavares-destaca-evolucao-de-nun-alvares-entre-supertaca-e-taca-da-liga\/\",\"name\":\"Paulo Tavares destaca evolu\u00e7\u00e3o de Nun'\u00c1lvares entre Superta\u00e7a e Ta\u00e7a da Liga - Portal Tela Portugal\",\"isPartOf\":{\"@id\":\"https:\/\/portaltela.pt\/#website\"},\"primaryImageOfPage\":{\"@id\":\"https:\/\/portaltela.pt\/noticias\/2026\/03\/16\/paulo-tavares-destaca-evolucao-de-nun-alvares-entre-supertaca-e-taca-da-liga\/#primaryimage\"},\"image\":{\"@id\":\"https:\/\/portaltela.pt\/noticias\/2026\/03\/16\/paulo-tavares-destaca-evolucao-de-nun-alvares-entre-supertaca-e-taca-da-liga\/#primaryimage\"},\"thumbnailUrl\":\"https:\/\/portaltela.pt\/s.01k8rhncp4jt1\/2026\/03\/img_920x518uu2026-03-16-21-00-46-2427476.jpg\",\"datePublished\":\"2026-03-16T21:00:52+00:00\",\"author\":{\"@id\":\"https:\/\/portaltela.pt\/#\/schema\/person\/c4278d4a6028830caff9ee44b42d32ed\"},\"breadcrumb\":{\"@id\":\"https:\/\/portaltela.pt\/noticias\/2026\/03\/16\/paulo-tavares-destaca-evolucao-de-nun-alvares-entre-supertaca-e-taca-da-liga\/#breadcrumb\"},\"inLanguage\":\"pt-PT\",\"potentialAction\":[{\"@type\":\"ReadAction\",\"target\":[\"https:\/\/portaltela.pt\/noticias\/2026\/03\/16\/paulo-tavares-destaca-evolucao-de-nun-alvares-entre-supertaca-e-taca-da-liga\/\"]}]},{\"@type\":\"ImageObject\",\"inLanguage\":\"pt-PT\",\"@id\":\"https:\/\/portaltela.pt\/noticias\/2026\/03\/16\/paulo-tavares-destaca-evolucao-de-nun-alvares-entre-supertaca-e-taca-da-liga\/#primaryimage\",\"url\":\"https:\/\/portaltela.pt\/s.01k8rhncp4jt1\/2026\/03\/img_920x518uu2026-03-16-21-00-46-2427476.jpg\",\"contentUrl\":\"https:\/\/portaltela.pt\/s.01k8rhncp4jt1\/2026\/03\/img_920x518uu2026-03-16-21-00-46-2427476.jpg\",\"width\":796,\"height\":448,\"caption\":\"Paulo Tavares v\u00ea com bons olhos a evolu\u00e7\u00e3o do Nun'\u00c1lvares\"},{\"@type\":\"BreadcrumbList\",\"@id\":\"https:\/\/portaltela.pt\/noticias\/2026\/03\/16\/paulo-tavares-destaca-evolucao-de-nun-alvares-entre-supertaca-e-taca-da-liga\/#breadcrumb\",\"itemListElement\":[{\"@type\":\"ListItem\",\"position\":1,\"name\":\"In\u00edcio\",\"item\":\"https:\/\/portaltela.pt\/\"},{\"@type\":\"ListItem\",\"position\":2,\"name\":\"Paulo Tavares destaca evolu\u00e7\u00e3o de Nun&#8217;\u00c1lvares entre Superta\u00e7a e Ta\u00e7a da Liga\"}]},{\"@type\":\"WebSite\",\"@id\":\"https:\/\/portaltela.pt\/#website\",\"url\":\"https:\/\/portaltela.pt\/\",\"name\":\"Portal Tela Portugal\",\"description\":\"\",\"potentialAction\":[{\"@type\":\"SearchAction\",\"target\":{\"@type\":\"EntryPoint\",\"urlTemplate\":\"https:\/\/portaltela.pt\/?s={search_term_string}\"},\"query-input\":{\"@type\":\"PropertyValueSpecification\",\"valueRequired\":true,\"valueName\":\"search_term_string\"}}],\"inLanguage\":\"pt-PT\"},{\"@type\":\"Person\",\"@id\":\"https:\/\/portaltela.pt\/#\/schema\/person\/c4278d4a6028830caff9ee44b42d32ed\",\"name\":\"Telinha\",\"image\":{\"@type\":\"ImageObject\",\"inLanguage\":\"pt-PT\",\"@id\":\"https:\/\/portaltela.pt\/s.01k8rhncp4jt1\/2025\/11\/talking-bot-125x125.png\",\"url\":\"https:\/\/portaltela.pt\/s.01k8rhncp4jt1\/2025\/11\/talking-bot-125x125.png\",\"contentUrl\":\"https:\/\/portaltela.pt\/s.01k8rhncp4jt1\/2025\/11\/talking-bot-125x125.png\",\"caption\":\"Telinha\"},\"sameAs\":[\"https:\/\/portaltela.pt\/\"],\"url\":\"https:\/\/portaltela.pt\/por\/367410592786\/\"}]}<\/script>\n<!-- \/ Yoast SEO plugin. -->","yoast_head_json":{"title":"Paulo Tavares destaca evolu\u00e7\u00e3o de Nun'\u00c1lvares entre Superta\u00e7a e Ta\u00e7a da Liga - Portal Tela Portugal","robots":{"index":"index","follow":"follow","max-snippet":"max-snippet:-1","max-image-preview":"max-image-preview:large","max-video-preview":"max-video-preview:-1"},"og_locale":"pt_PT","og_type":"article","og_title":"Paulo Tavares destaca evolu\u00e7\u00e3o de Nun'\u00c1lvares entre Superta\u00e7a e Ta\u00e7a da Liga - Portal Tela Portugal","og_description":"O Nun'\u00c1lvares ganhou a Ta\u00e7a da Liga feminina de futsal ao vencer o Benfica nos pen\u00e1ltis (5-4) ap\u00f3s 1-1 no tempo regulamentar e prolongamento, em Gondomar. A conquista evidencia a evolu\u00e7\u00e3o da equipa desde a Superta\u00e7a, disputada em setembro, triunfo tamb\u00e9m frente ao Benfica (3-2). O treinador Paulo Tavares, que comanda o clube de Fafe desde 2024\/25, destacou que a equipa soube ter bola e ferir o Benfica na final, o que justificou a vit\u00f3ria. A \u00e9poca ficou marcada por uma reestrutura\u00e7\u00e3o: sa\u00edram sete jogadoras e entraram sete, mantendo objetivos de vencer a Superta\u00e7a e chegar \u00e0s finais da Ta\u00e7a da Liga, Ta\u00e7a de Portugal e campeonato. O Nun'\u00c1lvares, segundo classificado na fase regular, prepara-se para o playoff do t\u00edtulo frente ao \u00c1rvore e para as meias-finais da Ta\u00e7a de Portugal, mantendo ambi\u00e7\u00e3o de conquistar mais t\u00edtulos, incluindo o Torneio Europeu das Campe\u00e3s.","og_url":"https:\/\/portaltela.pt\/noticias\/2026\/03\/16\/paulo-tavares-destaca-evolucao-de-nun-alvares-entre-supertaca-e-taca-da-liga\/","og_site_name":"Portal Tela Portugal","article_published_time":"2026-03-16T21:00:52+00:00","author":"Telinha","twitter_card":"summary_large_image","twitter_misc":{"Escrito por":"Telinha","Tempo estimado de leitura":"2 minutos"},"schema":{"@context":"https:\/\/schema.org","@graph":[{"@type":"Article","@id":"https:\/\/portaltela.pt\/noticias\/2026\/03\/16\/paulo-tavares-destaca-evolucao-de-nun-alvares-entre-supertaca-e-taca-da-liga\/#article","isPartOf":{"@id":"https:\/\/portaltela.pt\/noticias\/2026\/03\/16\/paulo-tavares-destaca-evolucao-de-nun-alvares-entre-supertaca-e-taca-da-liga\/"},"author":{"name":"Telinha","@id":"https:\/\/portaltela.pt\/#\/schema\/person\/c4278d4a6028830caff9ee44b42d32ed"},"headline":"Paulo Tavares destaca evolu\u00e7\u00e3o de Nun&#8217;\u00c1lvares entre Superta\u00e7a e Ta\u00e7a da Liga","datePublished":"2026-03-16T21:00:52+00:00","mainEntityOfPage":{"@id":"https:\/\/portaltela.pt\/noticias\/2026\/03\/16\/paulo-tavares-destaca-evolucao-de-nun-alvares-entre-supertaca-e-taca-da-liga\/"},"wordCount":362,"image":{"@id":"https:\/\/portaltela.pt\/noticias\/2026\/03\/16\/paulo-tavares-destaca-evolucao-de-nun-alvares-entre-supertaca-e-taca-da-liga\/#primaryimage"},"thumbnailUrl":"https:\/\/portaltela.pt\/s.01k8rhncp4jt1\/2026\/03\/img_920x518uu2026-03-16-21-00-46-2427476.jpg","keywords":["Benfica","desporto","Fafe","futsal","Gondomar","Nun'\u00c1lvares"],"articleSection":["Desporto","Futebol"],"inLanguage":"pt-PT"},{"@type":"WebPage","@id":"https:\/\/portaltela.pt\/noticias\/2026\/03\/16\/paulo-tavares-destaca-evolucao-de-nun-alvares-entre-supertaca-e-taca-da-liga\/","url":"https:\/\/portaltela.pt\/noticias\/2026\/03\/16\/paulo-tavares-destaca-evolucao-de-nun-alvares-entre-supertaca-e-taca-da-liga\/","name":"Paulo Tavares destaca evolu\u00e7\u00e3o de Nun'\u00c1lvares entre Superta\u00e7a e Ta\u00e7a da Liga - Portal Tela Portugal","isPartOf":{"@id":"https:\/\/portaltela.pt\/#website"},"primaryImageOfPage":{"@id":"https:\/\/portaltela.pt\/noticias\/2026\/03\/16\/paulo-tavares-destaca-evolucao-de-nun-alvares-entre-supertaca-e-taca-da-liga\/#primaryimage"},"image":{"@id":"https:\/\/portaltela.pt\/noticias\/2026\/03\/16\/paulo-tavares-destaca-evolucao-de-nun-alvares-entre-supertaca-e-taca-da-liga\/#primaryimage"},"thumbnailUrl":"https:\/\/portaltela.pt\/s.01k8rhncp4jt1\/2026\/03\/img_920x518uu2026-03-16-21-00-46-2427476.jpg","datePublished":"2026-03-16T21:00:52+00:00","author":{"@id":"https:\/\/portaltela.pt\/#\/schema\/person\/c4278d4a6028830caff9ee44b42d32ed"},"breadcrumb":{"@id":"https:\/\/portaltela.pt\/noticias\/2026\/03\/16\/paulo-tavares-destaca-evolucao-de-nun-alvares-entre-supertaca-e-taca-da-liga\/#breadcrumb"},"inLanguage":"pt-PT","potentialAction":[{"@type":"ReadAction","target":["https:\/\/portaltela.pt\/noticias\/2026\/03\/16\/paulo-tavares-destaca-evolucao-de-nun-alvares-entre-supertaca-e-taca-da-liga\/"]}]},{"@type":"ImageObject","inLanguage":"pt-PT","@id":"https:\/\/portaltela.pt\/noticias\/2026\/03\/16\/paulo-tavares-destaca-evolucao-de-nun-alvares-entre-supertaca-e-taca-da-liga\/#primaryimage","url":"https:\/\/portaltela.pt\/s.01k8rhncp4jt1\/2026\/03\/img_920x518uu2026-03-16-21-00-46-2427476.jpg","contentUrl":"https:\/\/portaltela.pt\/s.01k8rhncp4jt1\/2026\/03\/img_920x518uu2026-03-16-21-00-46-2427476.jpg","width":796,"height":448,"caption":"Paulo Tavares v\u00ea com bons olhos a evolu\u00e7\u00e3o do Nun'\u00c1lvares"},{"@type":"BreadcrumbList","@id":"https:\/\/portaltela.pt\/noticias\/2026\/03\/16\/paulo-tavares-destaca-evolucao-de-nun-alvares-entre-supertaca-e-taca-da-liga\/#breadcrumb","itemListElement":[{"@type":"ListItem","position":1,"name":"In\u00edcio","item":"https:\/\/portaltela.pt\/"},{"@type":"ListItem","position":2,"name":"Paulo Tavares destaca evolu\u00e7\u00e3o de Nun&#8217;\u00c1lvares entre Superta\u00e7a e Ta\u00e7a da Liga"}]},{"@type":"WebSite","@id":"https:\/\/portaltela.pt\/#website","url":"https:\/\/portaltela.pt\/","name":"Portal Tela Portugal","description":"","potentialAction":[{"@type":"SearchAction","target":{"@type":"EntryPoint","urlTemplate":"https:\/\/portaltela.pt\/?s={search_term_string}"},"query-input":{"@type":"PropertyValueSpecification","valueRequired":true,"valueName":"search_term_string"}}],"inLanguage":"pt-PT"},{"@type":"Person","@id":"https:\/\/portaltela.pt\/#\/schema\/person\/c4278d4a6028830caff9ee44b42d32ed","name":"Telinha","image":{"@type":"ImageObject","inLanguage":"pt-PT","@id":"https:\/\/portaltela.pt\/s.01k8rhncp4jt1\/2025\/11\/talking-bot-125x125.png","url":"https:\/\/portaltela.pt\/s.01k8rhncp4jt1\/2025\/11\/talking-bot-125x125.png","contentUrl":"https:\/\/portaltela.pt\/s.01k8rhncp4jt1\/2025\/11\/talking-bot-125x125.png","caption":"Telinha"},"sameAs":["https:\/\/portaltela.pt\/"],"url":"https:\/\/portaltela.pt\/por\/367410592786\/"}]}},"_links":{"self":[{"href":"https:\/\/portaltela.pt\/api\/wp\/v2\/posts\/412606","targetHints":{"allow":["GET"]}}],"collection":[{"href":"https:\/\/portaltela.pt\/api\/wp\/v2\/posts"}],"about":[{"href":"https:\/\/portaltela.pt\/api\/wp\/v2\/types\/post"}],"author":[{"embeddable":true,"href":"https:\/\/portaltela.pt\/api\/wp\/v2\/users\/2"}],"replies":[{"embeddable":true,"href":"https:\/\/portaltela.pt\/api\/wp\/v2\/comments?post=412606"}],"version-history":[{"count":0,"href":"https:\/\/portaltela.pt\/api\/wp\/v2\/posts\/412606\/revisions"}],"wp:featuredmedia":[{"embeddable":true,"href":"https:\/\/portaltela.pt\/api\/wp\/v2\/media\/412611"}],"wp:attachment":[{"href":"https:\/\/portaltela.pt\/api\/wp\/v2\/media?parent=412606"}],"wp:term":[{"taxonomy":"category","embeddable":true,"href":"https:\/\/portaltela.pt\/api\/wp\/v2\/categories?post=412606"},{"taxonomy":"post_tag","embeddable":true,"href":"https:\/\/portaltela.pt\/api\/wp\/v2\/tags?post=412606"}],"curies":[{"name":"wp","href":"https:\/\/api.w.org\/{rel}","templated":true}]}}