{"id":412599,"date":"2026-03-16T18:03:00","date_gmt":"2026-03-16T21:03:00","guid":{"rendered":"https:\/\/portaltela.pt\/noticias\/2026\/03\/16\/chuva-e-trovoadas-a-partir-de-terca-feira-impulsionadas-pela-depressao-therese\/"},"modified":"2026-03-16T18:03:00","modified_gmt":"2026-03-16T21:03:00","slug":"chuva-e-trovoadas-a-partir-de-terca-feira-impulsionadas-pela-depressao-therese","status":"publish","type":"post","link":"https:\/\/portaltela.pt\/noticias\/2026\/03\/16\/chuva-e-trovoadas-a-partir-de-terca-feira-impulsionadas-pela-depressao-therese\/","title":{"rendered":"Chuva e trovoadas a partir de ter\u00e7a-feira, impulsionadas pela depress\u00e3o Therese"},"content":{"rendered":"<p>Entre ter\u00e7a-feira e s\u00e1bado, Portugal continental pode registar chuva por vezes intensa com trovoadas, devido \u00e0 depress\u00e3o Therese, segundo o IPMA. O centro da depress\u00e3o ficar\u00e1 a oeste de Portugal.<\/p>\n<p>O instituto indica aumento da nebulosidade a partir de ter\u00e7a, com aguaceiros a partir do final da tarde, mais prov\u00e1veis no litoral do Sul. Quarta-feira, os aguaceiros dever\u00e3o intensificar-se no Centro e Sul, sobretudo junto ao litoral.<\/p>\n<p>O vento ser\u00e1 de quadrante leste a sul, ganhando for\u00e7a, com rajadas at\u00e9 65 km\/h nas zonas costeiras e altas. A agita\u00e7\u00e3o mar\u00edtima na Costa Ocidental deve crescer, com ondas de noroeste perto de quatro metros.<\/p>\n<p>At\u00e9 ao momento n\u00e3o existem avisos meteorol\u00f3gicos emitidos, devido \u00e0 incerteza sobre a posi\u00e7\u00e3o exata da depress\u00e3o nos dias seguintes, o que afeta localiza\u00e7\u00e3o e volume de precipita\u00e7\u00e3o.<\/p>\n<h3>Previs\u00e3o por regi\u00e3o<\/h3>\n<p>No litoral sul, h\u00e1 maior probabilidade de aguaceiros fortes e trovoadas, enquanto o Centro pode registar maior incid\u00eancia de chuva persistente. As eleva\u00e7\u00f5es tamb\u00e9m devem sentir ventos intensos.<\/p>\n","protected":false},"excerpt":{"rendered":"<ul>\n<li>A depress\u00e3o Therese ficar\u00e1 centrada a oeste de Portugal continental, afetando o tempo de ter\u00e7a-feira at\u00e9 s\u00e1bado.<\/li>\n<li>Espera\u2011se nebulosidade crescente e aguaceiros a partir do final da tarde de ter\u00e7a-feira, mais prov\u00e1veis no litoral sul.<\/li>\n<li>Na quarta-feira admite-se ocorr\u00eancia de aguaceiros, mais prov\u00e1veis no Centro e Sul e no litoral, com trovoada em situa\u00e7\u00e3o pontual.<\/li>\n<li>O vento oscilar\u00e1 entre os quadrantes leste e sul, ganhando intensidade e com rajadas at\u00e9 65 quil\u00f3metros por hora na costa e nas terras altas.<\/li>\n<li>A agita\u00e7\u00e3o mar\u00edtima dever\u00e1 apresentar aumento tempor\u00e1rio na costa ocidental, com ondas de noroeste junto \u00e0 costa, perto de quatro metros de altura significativa; ainda n\u00e3o h\u00e1 aviso meteorol\u00f3gico emitido devido \u00e0 incerteza da posi\u00e7\u00e3o da depress\u00e3o.<\/li>\n<\/ul>\n","protected":false},"author":2,"featured_media":412607,"comment_status":"closed","ping_status":"closed","sticky":false,"template":"","format":"standard","meta":{"footnotes":""},"categories":[1],"tags":[1309,5329,45,1014,4961,4782],"class_list":["post-412599","post","type-post","status-publish","format-standard","has-post-thumbnail","hentry","category-noticias","tag-centro","tag-chuva","tag-meio-ambiente","tag-portugal","tag-trovoadas","tag-vento"],"yoast_head":"<!-- This site is optimized with the Yoast SEO plugin v27.2 - https:\/\/yoast.com\/product\/yoast-seo-wordpress\/ -->\n<title>Chuva e trovoadas a partir de ter\u00e7a-feira, impulsionadas pela depress\u00e3o Therese - Portal Tela Portugal<\/title>\n<meta name=\"robots\" content=\"index, follow, max-snippet:-1, max-image-preview:large, max-video-preview:-1\" \/>\n<meta property=\"og:locale\" content=\"pt_PT\" \/>\n<meta property=\"og:type\" content=\"article\" \/>\n<meta property=\"og:title\" content=\"Chuva e trovoadas a partir de ter\u00e7a-feira, impulsionadas pela depress\u00e3o Therese - Portal Tela Portugal\" \/>\n<meta property=\"og:description\" content=\"A depress\u00e3o Therese ficar\u00e1 centrada a oeste de Portugal continental, afetando o tempo de ter\u00e7a-feira at\u00e9 s\u00e1bado. Espera\u2011se nebulosidade crescente e aguaceiros a partir do final da tarde de ter\u00e7a-feira, mais prov\u00e1veis no litoral sul. Na quarta-feira admite-se ocorr\u00eancia de aguaceiros, mais prov\u00e1veis no Centro e Sul e no litoral, com trovoada em situa\u00e7\u00e3o pontual. O vento oscilar\u00e1 entre os quadrantes leste e sul, ganhando intensidade e com rajadas at\u00e9 65 quil\u00f3metros por hora na costa e nas terras altas. A agita\u00e7\u00e3o mar\u00edtima dever\u00e1 apresentar aumento tempor\u00e1rio na costa ocidental, com ondas de noroeste junto \u00e0 costa, perto de quatro metros de altura significativa; ainda n\u00e3o h\u00e1 aviso meteorol\u00f3gico emitido devido \u00e0 incerteza da posi\u00e7\u00e3o da depress\u00e3o.\" \/>\n<meta property=\"og:url\" content=\"https:\/\/portaltela.pt\/noticias\/2026\/03\/16\/chuva-e-trovoadas-a-partir-de-terca-feira-impulsionadas-pela-depressao-therese\/\" \/>\n<meta property=\"og:site_name\" content=\"Portal Tela Portugal\" \/>\n<meta property=\"article:published_time\" content=\"2026-03-16T21:03:00+00:00\" \/>\n<meta name=\"author\" content=\"Telinha\" \/>\n<meta name=\"twitter:card\" content=\"summary_large_image\" \/>\n<meta name=\"twitter:label1\" content=\"Escrito por\" \/>\n\t<meta name=\"twitter:data1\" content=\"Telinha\" \/>\n\t<meta name=\"twitter:label2\" content=\"Tempo estimado de leitura\" \/>\n\t<meta name=\"twitter:data2\" content=\"1 minuto\" \/>\n<script type=\"application\/ld+json\" class=\"yoast-schema-graph\">{\"@context\":\"https:\/\/schema.org\",\"@graph\":[{\"@type\":\"Article\",\"@id\":\"https:\/\/portaltela.pt\/noticias\/2026\/03\/16\/chuva-e-trovoadas-a-partir-de-terca-feira-impulsionadas-pela-depressao-therese\/#article\",\"isPartOf\":{\"@id\":\"https:\/\/portaltela.pt\/noticias\/2026\/03\/16\/chuva-e-trovoadas-a-partir-de-terca-feira-impulsionadas-pela-depressao-therese\/\"},\"author\":{\"name\":\"Telinha\",\"@id\":\"https:\/\/portaltela.pt\/#\/schema\/person\/c4278d4a6028830caff9ee44b42d32ed\"},\"headline\":\"Chuva e trovoadas a partir de ter\u00e7a-feira, impulsionadas pela depress\u00e3o Therese\",\"datePublished\":\"2026-03-16T21:03:00+00:00\",\"mainEntityOfPage\":{\"@id\":\"https:\/\/portaltela.pt\/noticias\/2026\/03\/16\/chuva-e-trovoadas-a-partir-de-terca-feira-impulsionadas-pela-depressao-therese\/\"},\"wordCount\":194,\"image\":{\"@id\":\"https:\/\/portaltela.pt\/noticias\/2026\/03\/16\/chuva-e-trovoadas-a-partir-de-terca-feira-impulsionadas-pela-depressao-therese\/#primaryimage\"},\"thumbnailUrl\":\"https:\/\/portaltela.pt\/s.01k8rhncp4jt1\/2026\/03\/image-1084.jpg\",\"keywords\":[\"Centro\",\"chuva\",\"meio-ambiente\",\"Portugal\",\"trovoadas\",\"vento\"],\"articleSection\":[\"Not\u00edcias\"],\"inLanguage\":\"pt-PT\"},{\"@type\":\"WebPage\",\"@id\":\"https:\/\/portaltela.pt\/noticias\/2026\/03\/16\/chuva-e-trovoadas-a-partir-de-terca-feira-impulsionadas-pela-depressao-therese\/\",\"url\":\"https:\/\/portaltela.pt\/noticias\/2026\/03\/16\/chuva-e-trovoadas-a-partir-de-terca-feira-impulsionadas-pela-depressao-therese\/\",\"name\":\"Chuva e trovoadas a partir de ter\u00e7a-feira, impulsionadas pela depress\u00e3o Therese - Portal Tela Portugal\",\"isPartOf\":{\"@id\":\"https:\/\/portaltela.pt\/#website\"},\"primaryImageOfPage\":{\"@id\":\"https:\/\/portaltela.pt\/noticias\/2026\/03\/16\/chuva-e-trovoadas-a-partir-de-terca-feira-impulsionadas-pela-depressao-therese\/#primaryimage\"},\"image\":{\"@id\":\"https:\/\/portaltela.pt\/noticias\/2026\/03\/16\/chuva-e-trovoadas-a-partir-de-terca-feira-impulsionadas-pela-depressao-therese\/#primaryimage\"},\"thumbnailUrl\":\"https:\/\/portaltela.pt\/s.01k8rhncp4jt1\/2026\/03\/image-1084.jpg\",\"datePublished\":\"2026-03-16T21:03:00+00:00\",\"author\":{\"@id\":\"https:\/\/portaltela.pt\/#\/schema\/person\/c4278d4a6028830caff9ee44b42d32ed\"},\"breadcrumb\":{\"@id\":\"https:\/\/portaltela.pt\/noticias\/2026\/03\/16\/chuva-e-trovoadas-a-partir-de-terca-feira-impulsionadas-pela-depressao-therese\/#breadcrumb\"},\"inLanguage\":\"pt-PT\",\"potentialAction\":[{\"@type\":\"ReadAction\",\"target\":[\"https:\/\/portaltela.pt\/noticias\/2026\/03\/16\/chuva-e-trovoadas-a-partir-de-terca-feira-impulsionadas-pela-depressao-therese\/\"]}]},{\"@type\":\"ImageObject\",\"inLanguage\":\"pt-PT\",\"@id\":\"https:\/\/portaltela.pt\/noticias\/2026\/03\/16\/chuva-e-trovoadas-a-partir-de-terca-feira-impulsionadas-pela-depressao-therese\/#primaryimage\",\"url\":\"https:\/\/portaltela.pt\/s.01k8rhncp4jt1\/2026\/03\/image-1084.jpg\",\"contentUrl\":\"https:\/\/portaltela.pt\/s.01k8rhncp4jt1\/2026\/03\/image-1084.jpg\",\"width\":796,\"height\":448,\"caption\":\"A depress\u00e3o Therese \\\"ir\u00e1 ficar centrada a oeste de Portugal continental\\\"\"},{\"@type\":\"BreadcrumbList\",\"@id\":\"https:\/\/portaltela.pt\/noticias\/2026\/03\/16\/chuva-e-trovoadas-a-partir-de-terca-feira-impulsionadas-pela-depressao-therese\/#breadcrumb\",\"itemListElement\":[{\"@type\":\"ListItem\",\"position\":1,\"name\":\"In\u00edcio\",\"item\":\"https:\/\/portaltela.pt\/\"},{\"@type\":\"ListItem\",\"position\":2,\"name\":\"Chuva e trovoadas a partir de ter\u00e7a-feira, impulsionadas pela depress\u00e3o Therese\"}]},{\"@type\":\"WebSite\",\"@id\":\"https:\/\/portaltela.pt\/#website\",\"url\":\"https:\/\/portaltela.pt\/\",\"name\":\"Portal Tela Portugal\",\"description\":\"\",\"potentialAction\":[{\"@type\":\"SearchAction\",\"target\":{\"@type\":\"EntryPoint\",\"urlTemplate\":\"https:\/\/portaltela.pt\/?s={search_term_string}\"},\"query-input\":{\"@type\":\"PropertyValueSpecification\",\"valueRequired\":true,\"valueName\":\"search_term_string\"}}],\"inLanguage\":\"pt-PT\"},{\"@type\":\"Person\",\"@id\":\"https:\/\/portaltela.pt\/#\/schema\/person\/c4278d4a6028830caff9ee44b42d32ed\",\"name\":\"Telinha\",\"image\":{\"@type\":\"ImageObject\",\"inLanguage\":\"pt-PT\",\"@id\":\"https:\/\/portaltela.pt\/s.01k8rhncp4jt1\/2025\/11\/talking-bot-125x125.png\",\"url\":\"https:\/\/portaltela.pt\/s.01k8rhncp4jt1\/2025\/11\/talking-bot-125x125.png\",\"contentUrl\":\"https:\/\/portaltela.pt\/s.01k8rhncp4jt1\/2025\/11\/talking-bot-125x125.png\",\"caption\":\"Telinha\"},\"sameAs\":[\"https:\/\/portaltela.pt\/\"],\"url\":\"https:\/\/portaltela.pt\/por\/367410592786\/\"}]}<\/script>\n<!-- \/ Yoast SEO plugin. -->","yoast_head_json":{"title":"Chuva e trovoadas a partir de ter\u00e7a-feira, impulsionadas pela depress\u00e3o Therese - Portal Tela Portugal","robots":{"index":"index","follow":"follow","max-snippet":"max-snippet:-1","max-image-preview":"max-image-preview:large","max-video-preview":"max-video-preview:-1"},"og_locale":"pt_PT","og_type":"article","og_title":"Chuva e trovoadas a partir de ter\u00e7a-feira, impulsionadas pela depress\u00e3o Therese - Portal Tela Portugal","og_description":"A depress\u00e3o Therese ficar\u00e1 centrada a oeste de Portugal continental, afetando o tempo de ter\u00e7a-feira at\u00e9 s\u00e1bado. Espera\u2011se nebulosidade crescente e aguaceiros a partir do final da tarde de ter\u00e7a-feira, mais prov\u00e1veis no litoral sul. Na quarta-feira admite-se ocorr\u00eancia de aguaceiros, mais prov\u00e1veis no Centro e Sul e no litoral, com trovoada em situa\u00e7\u00e3o pontual. O vento oscilar\u00e1 entre os quadrantes leste e sul, ganhando intensidade e com rajadas at\u00e9 65 quil\u00f3metros por hora na costa e nas terras altas. A agita\u00e7\u00e3o mar\u00edtima dever\u00e1 apresentar aumento tempor\u00e1rio na costa ocidental, com ondas de noroeste junto \u00e0 costa, perto de quatro metros de altura significativa; ainda n\u00e3o h\u00e1 aviso meteorol\u00f3gico emitido devido \u00e0 incerteza da posi\u00e7\u00e3o da depress\u00e3o.","og_url":"https:\/\/portaltela.pt\/noticias\/2026\/03\/16\/chuva-e-trovoadas-a-partir-de-terca-feira-impulsionadas-pela-depressao-therese\/","og_site_name":"Portal Tela Portugal","article_published_time":"2026-03-16T21:03:00+00:00","author":"Telinha","twitter_card":"summary_large_image","twitter_misc":{"Escrito por":"Telinha","Tempo estimado de leitura":"1 minuto"},"schema":{"@context":"https:\/\/schema.org","@graph":[{"@type":"Article","@id":"https:\/\/portaltela.pt\/noticias\/2026\/03\/16\/chuva-e-trovoadas-a-partir-de-terca-feira-impulsionadas-pela-depressao-therese\/#article","isPartOf":{"@id":"https:\/\/portaltela.pt\/noticias\/2026\/03\/16\/chuva-e-trovoadas-a-partir-de-terca-feira-impulsionadas-pela-depressao-therese\/"},"author":{"name":"Telinha","@id":"https:\/\/portaltela.pt\/#\/schema\/person\/c4278d4a6028830caff9ee44b42d32ed"},"headline":"Chuva e trovoadas a partir de ter\u00e7a-feira, impulsionadas pela depress\u00e3o Therese","datePublished":"2026-03-16T21:03:00+00:00","mainEntityOfPage":{"@id":"https:\/\/portaltela.pt\/noticias\/2026\/03\/16\/chuva-e-trovoadas-a-partir-de-terca-feira-impulsionadas-pela-depressao-therese\/"},"wordCount":194,"image":{"@id":"https:\/\/portaltela.pt\/noticias\/2026\/03\/16\/chuva-e-trovoadas-a-partir-de-terca-feira-impulsionadas-pela-depressao-therese\/#primaryimage"},"thumbnailUrl":"https:\/\/portaltela.pt\/s.01k8rhncp4jt1\/2026\/03\/image-1084.jpg","keywords":["Centro","chuva","meio-ambiente","Portugal","trovoadas","vento"],"articleSection":["Not\u00edcias"],"inLanguage":"pt-PT"},{"@type":"WebPage","@id":"https:\/\/portaltela.pt\/noticias\/2026\/03\/16\/chuva-e-trovoadas-a-partir-de-terca-feira-impulsionadas-pela-depressao-therese\/","url":"https:\/\/portaltela.pt\/noticias\/2026\/03\/16\/chuva-e-trovoadas-a-partir-de-terca-feira-impulsionadas-pela-depressao-therese\/","name":"Chuva e trovoadas a partir de ter\u00e7a-feira, impulsionadas pela depress\u00e3o Therese - Portal Tela Portugal","isPartOf":{"@id":"https:\/\/portaltela.pt\/#website"},"primaryImageOfPage":{"@id":"https:\/\/portaltela.pt\/noticias\/2026\/03\/16\/chuva-e-trovoadas-a-partir-de-terca-feira-impulsionadas-pela-depressao-therese\/#primaryimage"},"image":{"@id":"https:\/\/portaltela.pt\/noticias\/2026\/03\/16\/chuva-e-trovoadas-a-partir-de-terca-feira-impulsionadas-pela-depressao-therese\/#primaryimage"},"thumbnailUrl":"https:\/\/portaltela.pt\/s.01k8rhncp4jt1\/2026\/03\/image-1084.jpg","datePublished":"2026-03-16T21:03:00+00:00","author":{"@id":"https:\/\/portaltela.pt\/#\/schema\/person\/c4278d4a6028830caff9ee44b42d32ed"},"breadcrumb":{"@id":"https:\/\/portaltela.pt\/noticias\/2026\/03\/16\/chuva-e-trovoadas-a-partir-de-terca-feira-impulsionadas-pela-depressao-therese\/#breadcrumb"},"inLanguage":"pt-PT","potentialAction":[{"@type":"ReadAction","target":["https:\/\/portaltela.pt\/noticias\/2026\/03\/16\/chuva-e-trovoadas-a-partir-de-terca-feira-impulsionadas-pela-depressao-therese\/"]}]},{"@type":"ImageObject","inLanguage":"pt-PT","@id":"https:\/\/portaltela.pt\/noticias\/2026\/03\/16\/chuva-e-trovoadas-a-partir-de-terca-feira-impulsionadas-pela-depressao-therese\/#primaryimage","url":"https:\/\/portaltela.pt\/s.01k8rhncp4jt1\/2026\/03\/image-1084.jpg","contentUrl":"https:\/\/portaltela.pt\/s.01k8rhncp4jt1\/2026\/03\/image-1084.jpg","width":796,"height":448,"caption":"A depress\u00e3o Therese \"ir\u00e1 ficar centrada a oeste de Portugal continental\""},{"@type":"BreadcrumbList","@id":"https:\/\/portaltela.pt\/noticias\/2026\/03\/16\/chuva-e-trovoadas-a-partir-de-terca-feira-impulsionadas-pela-depressao-therese\/#breadcrumb","itemListElement":[{"@type":"ListItem","position":1,"name":"In\u00edcio","item":"https:\/\/portaltela.pt\/"},{"@type":"ListItem","position":2,"name":"Chuva e trovoadas a partir de ter\u00e7a-feira, impulsionadas pela depress\u00e3o Therese"}]},{"@type":"WebSite","@id":"https:\/\/portaltela.pt\/#website","url":"https:\/\/portaltela.pt\/","name":"Portal Tela Portugal","description":"","potentialAction":[{"@type":"SearchAction","target":{"@type":"EntryPoint","urlTemplate":"https:\/\/portaltela.pt\/?s={search_term_string}"},"query-input":{"@type":"PropertyValueSpecification","valueRequired":true,"valueName":"search_term_string"}}],"inLanguage":"pt-PT"},{"@type":"Person","@id":"https:\/\/portaltela.pt\/#\/schema\/person\/c4278d4a6028830caff9ee44b42d32ed","name":"Telinha","image":{"@type":"ImageObject","inLanguage":"pt-PT","@id":"https:\/\/portaltela.pt\/s.01k8rhncp4jt1\/2025\/11\/talking-bot-125x125.png","url":"https:\/\/portaltela.pt\/s.01k8rhncp4jt1\/2025\/11\/talking-bot-125x125.png","contentUrl":"https:\/\/portaltela.pt\/s.01k8rhncp4jt1\/2025\/11\/talking-bot-125x125.png","caption":"Telinha"},"sameAs":["https:\/\/portaltela.pt\/"],"url":"https:\/\/portaltela.pt\/por\/367410592786\/"}]}},"_links":{"self":[{"href":"https:\/\/portaltela.pt\/api\/wp\/v2\/posts\/412599","targetHints":{"allow":["GET"]}}],"collection":[{"href":"https:\/\/portaltela.pt\/api\/wp\/v2\/posts"}],"about":[{"href":"https:\/\/portaltela.pt\/api\/wp\/v2\/types\/post"}],"author":[{"embeddable":true,"href":"https:\/\/portaltela.pt\/api\/wp\/v2\/users\/2"}],"replies":[{"embeddable":true,"href":"https:\/\/portaltela.pt\/api\/wp\/v2\/comments?post=412599"}],"version-history":[{"count":0,"href":"https:\/\/portaltela.pt\/api\/wp\/v2\/posts\/412599\/revisions"}],"wp:featuredmedia":[{"embeddable":true,"href":"https:\/\/portaltela.pt\/api\/wp\/v2\/media\/412607"}],"wp:attachment":[{"href":"https:\/\/portaltela.pt\/api\/wp\/v2\/media?parent=412599"}],"wp:term":[{"taxonomy":"category","embeddable":true,"href":"https:\/\/portaltela.pt\/api\/wp\/v2\/categories?post=412599"},{"taxonomy":"post_tag","embeddable":true,"href":"https:\/\/portaltela.pt\/api\/wp\/v2\/tags?post=412599"}],"curies":[{"name":"wp","href":"https:\/\/api.w.org\/{rel}","templated":true}]}}