{"id":412598,"date":"2026-03-16T17:29:00","date_gmt":"2026-03-16T20:29:00","guid":{"rendered":"https:\/\/portaltela.pt\/noticias\/2026\/03\/16\/policia-mocambicana-apreende-1-400-sacos-de-carvao-com-destino-a-africa-do-sul\/"},"modified":"2026-03-16T17:29:00","modified_gmt":"2026-03-16T20:29:00","slug":"policia-mocambicana-apreende-1-400-sacos-de-carvao-com-destino-a-africa-do-sul","status":"publish","type":"post","link":"https:\/\/portaltela.pt\/policia\/2026\/03\/16\/policia-mocambicana-apreende-1-400-sacos-de-carvao-com-destino-a-africa-do-sul\/","title":{"rendered":"Pol\u00edcia mo\u00e7ambicana apreende 1.400 sacos de carv\u00e3o com destino \u00e0 \u00c1frica do Sul"},"content":{"rendered":"<p>A pol\u00edcia mo\u00e7ambicana deteve dois indiv\u00edduos na posse ilegal de 1.400 sacos de carv\u00e3o vegetal na prov\u00edncia de Maputo, no sul do pa\u00eds. A opera\u00e7\u00e3o, anunciada hoje pelas autoridades, aponta para um poss\u00edvel destino do material: a \u00c1frica do Sul.<\/p>\n<p>Segundo as informa\u00e7\u00f5es oficiais, o carv\u00e3o foi apreendido durante uma a\u00e7\u00e3o de fiscaliza\u00e7\u00e3o na regi\u00e3o de Maputo. Os detidos est\u00e3o envolvidos na posse e transporte do produto.<\/p>\n<p>A pol\u00edcia indicou que o material apreendido est\u00e1 a ser contabilizado e encaminhado aos servi\u00e7os competentes para peritagem e avalia\u00e7\u00e3o. A investiga\u00e7\u00e3o visa esclarecer a proveni\u00eancia e o circuito de distribui\u00e7\u00e3o.<\/p>\n<p>Ainda n\u00e3o foram divulgadas identidades dos detidos nem detalhes sobre eventuais liga\u00e7\u00f5es a redes de contrabando. As autoridades mant\u00eam o foco na verifica\u00e7\u00e3o de todas as etapas da cadeia de abastecimento.<\/p>\n","protected":false},"excerpt":{"rendered":"<ul>\n<li>A pol\u00edcia mo\u00e7ambicana deteve duas pessoas na posse de 1.400 sacos de carv\u00e3o vegetal na prov\u00edncia de Maputo, sul de Mo\u00e7ambique.<\/li>\n<li>A apreens\u00e3o ocorreu na regi\u00e3o de Maputo e foi anunciada pela pol\u00edcia.<\/li>\n<li>A investiga\u00e7\u00e3o aponta que o carv\u00e3o tinha como destino a \u00c1frica do Sul.<\/li>\n<li>N\u00e3o h\u00e1 detalhes sobre as identidades ou cargos dos detidos nem sobre eventuais infra\u00e7\u00f5es espec\u00edficas.<\/li>\n<\/ul>\n","protected":false},"author":2,"featured_media":412605,"comment_status":"closed","ping_status":"closed","sticky":false,"template":"","format":"standard","meta":{"footnotes":""},"categories":[6907,6781],"tags":[5227,7000,5115,2506,1911,3418],"class_list":["post-412598","post","type-post","status-publish","format-standard","has-post-thumbnail","hentry","category-crime","category-policia","tag-africa","tag-apreensoes","tag-contrabando","tag-maputo","tag-mocambique","tag-policia-de-seguranca-publica"],"yoast_head":"<!-- This site is optimized with the Yoast SEO plugin v27.2 - https:\/\/yoast.com\/product\/yoast-seo-wordpress\/ -->\n<title>Pol\u00edcia mo\u00e7ambicana apreende 1.400 sacos de carv\u00e3o com destino \u00e0 \u00c1frica do Sul - Portal Tela Portugal<\/title>\n<meta name=\"robots\" content=\"index, follow, max-snippet:-1, max-image-preview:large, max-video-preview:-1\" \/>\n<meta property=\"og:locale\" content=\"pt_PT\" \/>\n<meta property=\"og:type\" content=\"article\" \/>\n<meta property=\"og:title\" content=\"Pol\u00edcia mo\u00e7ambicana apreende 1.400 sacos de carv\u00e3o com destino \u00e0 \u00c1frica do Sul - Portal Tela Portugal\" \/>\n<meta property=\"og:description\" content=\"A pol\u00edcia mo\u00e7ambicana deteve duas pessoas na posse de 1.400 sacos de carv\u00e3o vegetal na prov\u00edncia de Maputo, sul de Mo\u00e7ambique. A apreens\u00e3o ocorreu na regi\u00e3o de Maputo e foi anunciada pela pol\u00edcia. A investiga\u00e7\u00e3o aponta que o carv\u00e3o tinha como destino a \u00c1frica do Sul. N\u00e3o h\u00e1 detalhes sobre as identidades ou cargos dos detidos nem sobre eventuais infra\u00e7\u00f5es espec\u00edficas.\" \/>\n<meta property=\"og:url\" content=\"https:\/\/portaltela.pt\/noticias\/2026\/03\/16\/policia-mocambicana-apreende-1-400-sacos-de-carvao-com-destino-a-africa-do-sul\/\" \/>\n<meta property=\"og:site_name\" content=\"Portal Tela Portugal\" \/>\n<meta property=\"article:published_time\" content=\"2026-03-16T20:29:00+00:00\" \/>\n<meta name=\"author\" content=\"Telinha\" \/>\n<meta name=\"twitter:card\" content=\"summary_large_image\" \/>\n<meta name=\"twitter:label1\" content=\"Escrito por\" \/>\n\t<meta name=\"twitter:data1\" content=\"Telinha\" \/>\n\t<meta name=\"twitter:label2\" content=\"Tempo estimado de leitura\" \/>\n\t<meta name=\"twitter:data2\" content=\"1 minuto\" \/>\n<script type=\"application\/ld+json\" class=\"yoast-schema-graph\">{\"@context\":\"https:\/\/schema.org\",\"@graph\":[{\"@type\":\"Article\",\"@id\":\"https:\/\/portaltela.pt\/noticias\/2026\/03\/16\/policia-mocambicana-apreende-1-400-sacos-de-carvao-com-destino-a-africa-do-sul\/#article\",\"isPartOf\":{\"@id\":\"https:\/\/portaltela.pt\/noticias\/2026\/03\/16\/policia-mocambicana-apreende-1-400-sacos-de-carvao-com-destino-a-africa-do-sul\/\"},\"author\":{\"name\":\"Telinha\",\"@id\":\"https:\/\/portaltela.pt\/#\/schema\/person\/c4278d4a6028830caff9ee44b42d32ed\"},\"headline\":\"Pol\u00edcia mo\u00e7ambicana apreende 1.400 sacos de carv\u00e3o com destino \u00e0 \u00c1frica do Sul\",\"datePublished\":\"2026-03-16T20:29:00+00:00\",\"mainEntityOfPage\":{\"@id\":\"https:\/\/portaltela.pt\/noticias\/2026\/03\/16\/policia-mocambicana-apreende-1-400-sacos-de-carvao-com-destino-a-africa-do-sul\/\"},\"wordCount\":166,\"image\":{\"@id\":\"https:\/\/portaltela.pt\/noticias\/2026\/03\/16\/policia-mocambicana-apreende-1-400-sacos-de-carvao-com-destino-a-africa-do-sul\/#primaryimage\"},\"thumbnailUrl\":\"https:\/\/portaltela.pt\/s.01k8rhncp4jt1\/2026\/03\/CACHE_780X1200_ANALOG_WATERMARKED_38772989_3035188_17062022023017.jpg\",\"keywords\":[\"\u00c1frica\",\"apreens\u00f5es\",\"contrabando\",\"Maputo\",\"Mo\u00e7ambique\",\"Pol\u00edcia de Seguran\u00e7a P\u00fablica\"],\"articleSection\":[\"Crime\",\"Pol\u00edcia\"],\"inLanguage\":\"pt-PT\"},{\"@type\":\"WebPage\",\"@id\":\"https:\/\/portaltela.pt\/noticias\/2026\/03\/16\/policia-mocambicana-apreende-1-400-sacos-de-carvao-com-destino-a-africa-do-sul\/\",\"url\":\"https:\/\/portaltela.pt\/noticias\/2026\/03\/16\/policia-mocambicana-apreende-1-400-sacos-de-carvao-com-destino-a-africa-do-sul\/\",\"name\":\"Pol\u00edcia mo\u00e7ambicana apreende 1.400 sacos de carv\u00e3o com destino \u00e0 \u00c1frica do Sul - Portal Tela Portugal\",\"isPartOf\":{\"@id\":\"https:\/\/portaltela.pt\/#website\"},\"primaryImageOfPage\":{\"@id\":\"https:\/\/portaltela.pt\/noticias\/2026\/03\/16\/policia-mocambicana-apreende-1-400-sacos-de-carvao-com-destino-a-africa-do-sul\/#primaryimage\"},\"image\":{\"@id\":\"https:\/\/portaltela.pt\/noticias\/2026\/03\/16\/policia-mocambicana-apreende-1-400-sacos-de-carvao-com-destino-a-africa-do-sul\/#primaryimage\"},\"thumbnailUrl\":\"https:\/\/portaltela.pt\/s.01k8rhncp4jt1\/2026\/03\/CACHE_780X1200_ANALOG_WATERMARKED_38772989_3035188_17062022023017.jpg\",\"datePublished\":\"2026-03-16T20:29:00+00:00\",\"author\":{\"@id\":\"https:\/\/portaltela.pt\/#\/schema\/person\/c4278d4a6028830caff9ee44b42d32ed\"},\"breadcrumb\":{\"@id\":\"https:\/\/portaltela.pt\/noticias\/2026\/03\/16\/policia-mocambicana-apreende-1-400-sacos-de-carvao-com-destino-a-africa-do-sul\/#breadcrumb\"},\"inLanguage\":\"pt-PT\",\"potentialAction\":[{\"@type\":\"ReadAction\",\"target\":[\"https:\/\/portaltela.pt\/noticias\/2026\/03\/16\/policia-mocambicana-apreende-1-400-sacos-de-carvao-com-destino-a-africa-do-sul\/\"]}]},{\"@type\":\"ImageObject\",\"inLanguage\":\"pt-PT\",\"@id\":\"https:\/\/portaltela.pt\/noticias\/2026\/03\/16\/policia-mocambicana-apreende-1-400-sacos-de-carvao-com-destino-a-africa-do-sul\/#primaryimage\",\"url\":\"https:\/\/portaltela.pt\/s.01k8rhncp4jt1\/2026\/03\/CACHE_780X1200_ANALOG_WATERMARKED_38772989_3035188_17062022023017.jpg\",\"contentUrl\":\"https:\/\/portaltela.pt\/s.01k8rhncp4jt1\/2026\/03\/CACHE_780X1200_ANALOG_WATERMARKED_38772989_3035188_17062022023017.jpg\",\"width\":796,\"height\":448,\"caption\":\"Pol\u00edcia mo\u00e7ambicana apreende 1.400 sacos de carv\u00e3o com destino \u00e0 \u00c1frica do Sul\"},{\"@type\":\"BreadcrumbList\",\"@id\":\"https:\/\/portaltela.pt\/noticias\/2026\/03\/16\/policia-mocambicana-apreende-1-400-sacos-de-carvao-com-destino-a-africa-do-sul\/#breadcrumb\",\"itemListElement\":[{\"@type\":\"ListItem\",\"position\":1,\"name\":\"In\u00edcio\",\"item\":\"https:\/\/portaltela.pt\/\"},{\"@type\":\"ListItem\",\"position\":2,\"name\":\"Pol\u00edcia mo\u00e7ambicana apreende 1.400 sacos de carv\u00e3o com destino \u00e0 \u00c1frica do Sul\"}]},{\"@type\":\"WebSite\",\"@id\":\"https:\/\/portaltela.pt\/#website\",\"url\":\"https:\/\/portaltela.pt\/\",\"name\":\"Portal Tela Portugal\",\"description\":\"\",\"potentialAction\":[{\"@type\":\"SearchAction\",\"target\":{\"@type\":\"EntryPoint\",\"urlTemplate\":\"https:\/\/portaltela.pt\/?s={search_term_string}\"},\"query-input\":{\"@type\":\"PropertyValueSpecification\",\"valueRequired\":true,\"valueName\":\"search_term_string\"}}],\"inLanguage\":\"pt-PT\"},{\"@type\":\"Person\",\"@id\":\"https:\/\/portaltela.pt\/#\/schema\/person\/c4278d4a6028830caff9ee44b42d32ed\",\"name\":\"Telinha\",\"image\":{\"@type\":\"ImageObject\",\"inLanguage\":\"pt-PT\",\"@id\":\"https:\/\/portaltela.pt\/s.01k8rhncp4jt1\/2025\/11\/talking-bot-125x125.png\",\"url\":\"https:\/\/portaltela.pt\/s.01k8rhncp4jt1\/2025\/11\/talking-bot-125x125.png\",\"contentUrl\":\"https:\/\/portaltela.pt\/s.01k8rhncp4jt1\/2025\/11\/talking-bot-125x125.png\",\"caption\":\"Telinha\"},\"sameAs\":[\"https:\/\/portaltela.pt\/\"],\"url\":\"https:\/\/portaltela.pt\/por\/367410592786\/\"}]}<\/script>\n<!-- \/ Yoast SEO plugin. -->","yoast_head_json":{"title":"Pol\u00edcia mo\u00e7ambicana apreende 1.400 sacos de carv\u00e3o com destino \u00e0 \u00c1frica do Sul - Portal Tela Portugal","robots":{"index":"index","follow":"follow","max-snippet":"max-snippet:-1","max-image-preview":"max-image-preview:large","max-video-preview":"max-video-preview:-1"},"og_locale":"pt_PT","og_type":"article","og_title":"Pol\u00edcia mo\u00e7ambicana apreende 1.400 sacos de carv\u00e3o com destino \u00e0 \u00c1frica do Sul - Portal Tela Portugal","og_description":"A pol\u00edcia mo\u00e7ambicana deteve duas pessoas na posse de 1.400 sacos de carv\u00e3o vegetal na prov\u00edncia de Maputo, sul de Mo\u00e7ambique. A apreens\u00e3o ocorreu na regi\u00e3o de Maputo e foi anunciada pela pol\u00edcia. A investiga\u00e7\u00e3o aponta que o carv\u00e3o tinha como destino a \u00c1frica do Sul. N\u00e3o h\u00e1 detalhes sobre as identidades ou cargos dos detidos nem sobre eventuais infra\u00e7\u00f5es espec\u00edficas.","og_url":"https:\/\/portaltela.pt\/noticias\/2026\/03\/16\/policia-mocambicana-apreende-1-400-sacos-de-carvao-com-destino-a-africa-do-sul\/","og_site_name":"Portal Tela Portugal","article_published_time":"2026-03-16T20:29:00+00:00","author":"Telinha","twitter_card":"summary_large_image","twitter_misc":{"Escrito por":"Telinha","Tempo estimado de leitura":"1 minuto"},"schema":{"@context":"https:\/\/schema.org","@graph":[{"@type":"Article","@id":"https:\/\/portaltela.pt\/noticias\/2026\/03\/16\/policia-mocambicana-apreende-1-400-sacos-de-carvao-com-destino-a-africa-do-sul\/#article","isPartOf":{"@id":"https:\/\/portaltela.pt\/noticias\/2026\/03\/16\/policia-mocambicana-apreende-1-400-sacos-de-carvao-com-destino-a-africa-do-sul\/"},"author":{"name":"Telinha","@id":"https:\/\/portaltela.pt\/#\/schema\/person\/c4278d4a6028830caff9ee44b42d32ed"},"headline":"Pol\u00edcia mo\u00e7ambicana apreende 1.400 sacos de carv\u00e3o com destino \u00e0 \u00c1frica do Sul","datePublished":"2026-03-16T20:29:00+00:00","mainEntityOfPage":{"@id":"https:\/\/portaltela.pt\/noticias\/2026\/03\/16\/policia-mocambicana-apreende-1-400-sacos-de-carvao-com-destino-a-africa-do-sul\/"},"wordCount":166,"image":{"@id":"https:\/\/portaltela.pt\/noticias\/2026\/03\/16\/policia-mocambicana-apreende-1-400-sacos-de-carvao-com-destino-a-africa-do-sul\/#primaryimage"},"thumbnailUrl":"https:\/\/portaltela.pt\/s.01k8rhncp4jt1\/2026\/03\/CACHE_780X1200_ANALOG_WATERMARKED_38772989_3035188_17062022023017.jpg","keywords":["\u00c1frica","apreens\u00f5es","contrabando","Maputo","Mo\u00e7ambique","Pol\u00edcia de Seguran\u00e7a P\u00fablica"],"articleSection":["Crime","Pol\u00edcia"],"inLanguage":"pt-PT"},{"@type":"WebPage","@id":"https:\/\/portaltela.pt\/noticias\/2026\/03\/16\/policia-mocambicana-apreende-1-400-sacos-de-carvao-com-destino-a-africa-do-sul\/","url":"https:\/\/portaltela.pt\/noticias\/2026\/03\/16\/policia-mocambicana-apreende-1-400-sacos-de-carvao-com-destino-a-africa-do-sul\/","name":"Pol\u00edcia mo\u00e7ambicana apreende 1.400 sacos de carv\u00e3o com destino \u00e0 \u00c1frica do Sul - Portal Tela Portugal","isPartOf":{"@id":"https:\/\/portaltela.pt\/#website"},"primaryImageOfPage":{"@id":"https:\/\/portaltela.pt\/noticias\/2026\/03\/16\/policia-mocambicana-apreende-1-400-sacos-de-carvao-com-destino-a-africa-do-sul\/#primaryimage"},"image":{"@id":"https:\/\/portaltela.pt\/noticias\/2026\/03\/16\/policia-mocambicana-apreende-1-400-sacos-de-carvao-com-destino-a-africa-do-sul\/#primaryimage"},"thumbnailUrl":"https:\/\/portaltela.pt\/s.01k8rhncp4jt1\/2026\/03\/CACHE_780X1200_ANALOG_WATERMARKED_38772989_3035188_17062022023017.jpg","datePublished":"2026-03-16T20:29:00+00:00","author":{"@id":"https:\/\/portaltela.pt\/#\/schema\/person\/c4278d4a6028830caff9ee44b42d32ed"},"breadcrumb":{"@id":"https:\/\/portaltela.pt\/noticias\/2026\/03\/16\/policia-mocambicana-apreende-1-400-sacos-de-carvao-com-destino-a-africa-do-sul\/#breadcrumb"},"inLanguage":"pt-PT","potentialAction":[{"@type":"ReadAction","target":["https:\/\/portaltela.pt\/noticias\/2026\/03\/16\/policia-mocambicana-apreende-1-400-sacos-de-carvao-com-destino-a-africa-do-sul\/"]}]},{"@type":"ImageObject","inLanguage":"pt-PT","@id":"https:\/\/portaltela.pt\/noticias\/2026\/03\/16\/policia-mocambicana-apreende-1-400-sacos-de-carvao-com-destino-a-africa-do-sul\/#primaryimage","url":"https:\/\/portaltela.pt\/s.01k8rhncp4jt1\/2026\/03\/CACHE_780X1200_ANALOG_WATERMARKED_38772989_3035188_17062022023017.jpg","contentUrl":"https:\/\/portaltela.pt\/s.01k8rhncp4jt1\/2026\/03\/CACHE_780X1200_ANALOG_WATERMARKED_38772989_3035188_17062022023017.jpg","width":796,"height":448,"caption":"Pol\u00edcia mo\u00e7ambicana apreende 1.400 sacos de carv\u00e3o com destino \u00e0 \u00c1frica do Sul"},{"@type":"BreadcrumbList","@id":"https:\/\/portaltela.pt\/noticias\/2026\/03\/16\/policia-mocambicana-apreende-1-400-sacos-de-carvao-com-destino-a-africa-do-sul\/#breadcrumb","itemListElement":[{"@type":"ListItem","position":1,"name":"In\u00edcio","item":"https:\/\/portaltela.pt\/"},{"@type":"ListItem","position":2,"name":"Pol\u00edcia mo\u00e7ambicana apreende 1.400 sacos de carv\u00e3o com destino \u00e0 \u00c1frica do Sul"}]},{"@type":"WebSite","@id":"https:\/\/portaltela.pt\/#website","url":"https:\/\/portaltela.pt\/","name":"Portal Tela Portugal","description":"","potentialAction":[{"@type":"SearchAction","target":{"@type":"EntryPoint","urlTemplate":"https:\/\/portaltela.pt\/?s={search_term_string}"},"query-input":{"@type":"PropertyValueSpecification","valueRequired":true,"valueName":"search_term_string"}}],"inLanguage":"pt-PT"},{"@type":"Person","@id":"https:\/\/portaltela.pt\/#\/schema\/person\/c4278d4a6028830caff9ee44b42d32ed","name":"Telinha","image":{"@type":"ImageObject","inLanguage":"pt-PT","@id":"https:\/\/portaltela.pt\/s.01k8rhncp4jt1\/2025\/11\/talking-bot-125x125.png","url":"https:\/\/portaltela.pt\/s.01k8rhncp4jt1\/2025\/11\/talking-bot-125x125.png","contentUrl":"https:\/\/portaltela.pt\/s.01k8rhncp4jt1\/2025\/11\/talking-bot-125x125.png","caption":"Telinha"},"sameAs":["https:\/\/portaltela.pt\/"],"url":"https:\/\/portaltela.pt\/por\/367410592786\/"}]}},"_links":{"self":[{"href":"https:\/\/portaltela.pt\/api\/wp\/v2\/posts\/412598","targetHints":{"allow":["GET"]}}],"collection":[{"href":"https:\/\/portaltela.pt\/api\/wp\/v2\/posts"}],"about":[{"href":"https:\/\/portaltela.pt\/api\/wp\/v2\/types\/post"}],"author":[{"embeddable":true,"href":"https:\/\/portaltela.pt\/api\/wp\/v2\/users\/2"}],"replies":[{"embeddable":true,"href":"https:\/\/portaltela.pt\/api\/wp\/v2\/comments?post=412598"}],"version-history":[{"count":0,"href":"https:\/\/portaltela.pt\/api\/wp\/v2\/posts\/412598\/revisions"}],"wp:featuredmedia":[{"embeddable":true,"href":"https:\/\/portaltela.pt\/api\/wp\/v2\/media\/412605"}],"wp:attachment":[{"href":"https:\/\/portaltela.pt\/api\/wp\/v2\/media?parent=412598"}],"wp:term":[{"taxonomy":"category","embeddable":true,"href":"https:\/\/portaltela.pt\/api\/wp\/v2\/categories?post=412598"},{"taxonomy":"post_tag","embeddable":true,"href":"https:\/\/portaltela.pt\/api\/wp\/v2\/tags?post=412598"}],"curies":[{"name":"wp","href":"https:\/\/api.w.org\/{rel}","templated":true}]}}