{"id":412588,"date":"2026-03-16T17:45:00","date_gmt":"2026-03-16T20:45:00","guid":{"rendered":"https:\/\/portaltela.pt\/noticias\/2026\/03\/16\/associacao-dos-profissionais-da-gnr-pede-ao-mai-cumprir-acordo-assinado-em-2024\/"},"modified":"2026-03-16T17:45:00","modified_gmt":"2026-03-16T20:45:00","slug":"associacao-dos-profissionais-da-gnr-pede-ao-mai-cumprir-acordo-assinado-em-2024","status":"publish","type":"post","link":"https:\/\/portaltela.pt\/seguranca\/2026\/03\/16\/associacao-dos-profissionais-da-gnr-pede-ao-mai-cumprir-acordo-assinado-em-2024\/","title":{"rendered":"Associa\u00e7\u00e3o dos Profissionais da GNR pede ao MAI cumprir acordo assinado em 2024"},"content":{"rendered":"<p>A Associa\u00e7\u00e3o dos Profissionais da Guarda (APG\/GNR) lan\u00e7ou um apelo ao Minist\u00e9rio da Administra\u00e7\u00e3o Interna para cumprir o acordo assinado com o Governo em julho de 2024, que inclui a revis\u00e3o do estatuto remunerat\u00f3rio. A posi\u00e7\u00e3o foi comunicada numa coletiva em que se refor\u00e7ou a necessidade de avan\u00e7ar com as mudan\u00e7as acordadas. A APG \u00e9 a associa\u00e7\u00e3o socioprofissional mais representativa da GNR.<\/p>\n<p>Na reuni\u00e3o com o novo ministro da Administra\u00e7\u00e3o Interna, Lu\u00eds Neves, a APG apresentou os problemas mais prementes a resolver, entre eles o cumprimento do acordo de 2024 e quest\u00f5es associadas \u00e0 avalia\u00e7\u00e3o do desempenho. O encontro decorreu numa altura em que v\u00e1rias associa\u00e7\u00f5es da GNR e sindicatos da PSP s\u00e3o recebidos pelo ministro.<\/p>\n<p>Segundo o presidente da APG, C\u00e9sar Nogueira, persiste a posi\u00e7\u00e3o de que a n\u00e3o execu\u00e7\u00e3o integral do acordo tem impactos diretos na carreira dos militares. Nogueira indicou que, nos \u00faltimos anos, entre 200 a 300 militares da GNR teriam abdicado de promo\u00e7\u00f5es, porque as progres\u00ads\u00f5es n\u00e3o reflectem ganhos adicionais e implicam mudan\u00e7as de fun\u00e7\u00e3o e de local de trabalho.<\/p>\n<h3>Reivindica\u00e7\u00f5es da APG\/GNR<\/h3>\n<p>O dirigente destacou que a revis\u00e3o do estatuto remunerat\u00f3rio \u00e9 essencial para evitar que as promo\u00e7\u00f5es deixem de representar benef\u00edcio para os militares. A APG tamb\u00e9m aponta para consequ\u00eancias negativas associadas \u00e0s regras de reforma que entraram em vigor este ano, com estimativas de cortes nas pens\u00f5es entre 30% e 40%.<\/p>\n<p>O ministro recebeu pela primeira vez sindicatos da PSP, incluindo entidades sem negocia\u00e7\u00e3o com o Governo. Na semana anterior, j\u00e1 tinham sido ouvidas tamb\u00e9m as associa\u00e7\u00f5es da PSP e dois sindicatos de pol\u00edcia, que tamb\u00e9m defenderam altera\u00e7\u00f5es ao regime remunerat\u00f3rio.<\/p>\n","protected":false},"excerpt":{"rendered":"<ul>\n<li>A Associa\u00e7\u00e3o dos Profissionais da Guarda (APG\/GNR) pediu ao ministro da Administra\u00e7\u00e3o Interna, Lu\u00eds Neves, que cumpra o acordo assinado com o Governo em julho de 2024, incluindo a revis\u00e3o remunerat\u00f3ria.<\/li>\n<li>A n\u00e3o revis\u00e3o do estatuto remunerat\u00f3rio est\u00e1 a levar entre 200 e 300 militares da GNR a abdicar de promo\u00e7\u00f5es, pois passam a ganhar o mesmo e podem ter de mudar de fun\u00e7\u00e3o.<\/li>\n<li>A APG reuniu-se com o novo ministro para apresentar os problemas mais urgentes, incluindo o cumprimento do acordo de 2024 e a avalia\u00e7\u00e3o do estatuto.<\/li>\n<li>O presidente C\u00e9sar Nogueira disse que \u00e9 necess\u00e1rio acabar com as novas regras de reformas que reduzem as pens\u00f5es entre 30 por cento e 40 por cento.<\/li>\n<li>O ministro recebeu, pela primeira vez, associa\u00e7\u00f5es da GNR e sindicatos da PSP; na semana anterior j\u00e1 tinha ouvido outras organiza\u00e7\u00f5es sindicais, defendendo altera\u00e7\u00f5es ao regime remunerat\u00f3rio.<\/li>\n<\/ul>\n","protected":false},"author":2,"featured_media":412589,"comment_status":"closed","ping_status":"closed","sticky":false,"template":"","format":"standard","meta":{"footnotes":""},"categories":[6781,6779],"tags":[5798,168,6180,36,2818,250],"class_list":["post-412588","post","type-post","status-publish","format-standard","has-post-thumbnail","hentry","category-policia","category-seguranca","tag-administracao-interna","tag-administracao-publica","tag-pensoes","tag-reforma","tag-remuneracoes","tag-seguranca-publica"],"yoast_head":"<!-- This site is optimized with the Yoast SEO plugin v27.2 - https:\/\/yoast.com\/product\/yoast-seo-wordpress\/ -->\n<title>Associa\u00e7\u00e3o dos Profissionais da GNR pede ao MAI cumprir acordo assinado em 2024 - Portal Tela Portugal<\/title>\n<meta name=\"robots\" content=\"index, follow, max-snippet:-1, max-image-preview:large, max-video-preview:-1\" \/>\n<meta property=\"og:locale\" content=\"pt_PT\" \/>\n<meta property=\"og:type\" content=\"article\" \/>\n<meta property=\"og:title\" content=\"Associa\u00e7\u00e3o dos Profissionais da GNR pede ao MAI cumprir acordo assinado em 2024 - Portal Tela Portugal\" \/>\n<meta property=\"og:description\" content=\"A Associa\u00e7\u00e3o dos Profissionais da Guarda (APG\/GNR) pediu ao ministro da Administra\u00e7\u00e3o Interna, Lu\u00eds Neves, que cumpra o acordo assinado com o Governo em julho de 2024, incluindo a revis\u00e3o remunerat\u00f3ria. A n\u00e3o revis\u00e3o do estatuto remunerat\u00f3rio est\u00e1 a levar entre 200 e 300 militares da GNR a abdicar de promo\u00e7\u00f5es, pois passam a ganhar o mesmo e podem ter de mudar de fun\u00e7\u00e3o. A APG reuniu-se com o novo ministro para apresentar os problemas mais urgentes, incluindo o cumprimento do acordo de 2024 e a avalia\u00e7\u00e3o do estatuto. O presidente C\u00e9sar Nogueira disse que \u00e9 necess\u00e1rio acabar com as novas regras de reformas que reduzem as pens\u00f5es entre 30 por cento e 40 por cento. O ministro recebeu, pela primeira vez, associa\u00e7\u00f5es da GNR e sindicatos da PSP; na semana anterior j\u00e1 tinha ouvido outras organiza\u00e7\u00f5es sindicais, defendendo altera\u00e7\u00f5es ao regime remunerat\u00f3rio.\" \/>\n<meta property=\"og:url\" content=\"https:\/\/portaltela.pt\/noticias\/2026\/03\/16\/associacao-dos-profissionais-da-gnr-pede-ao-mai-cumprir-acordo-assinado-em-2024\/\" \/>\n<meta property=\"og:site_name\" content=\"Portal Tela Portugal\" \/>\n<meta property=\"article:published_time\" content=\"2026-03-16T20:45:00+00:00\" \/>\n<meta name=\"author\" content=\"Telinha\" \/>\n<meta name=\"twitter:card\" content=\"summary_large_image\" \/>\n<meta name=\"twitter:label1\" content=\"Escrito por\" \/>\n\t<meta name=\"twitter:data1\" content=\"Telinha\" \/>\n\t<meta name=\"twitter:label2\" content=\"Tempo estimado de leitura\" \/>\n\t<meta name=\"twitter:data2\" content=\"2 minutos\" \/>\n<script type=\"application\/ld+json\" class=\"yoast-schema-graph\">{\"@context\":\"https:\/\/schema.org\",\"@graph\":[{\"@type\":\"Article\",\"@id\":\"https:\/\/portaltela.pt\/noticias\/2026\/03\/16\/associacao-dos-profissionais-da-gnr-pede-ao-mai-cumprir-acordo-assinado-em-2024\/#article\",\"isPartOf\":{\"@id\":\"https:\/\/portaltela.pt\/noticias\/2026\/03\/16\/associacao-dos-profissionais-da-gnr-pede-ao-mai-cumprir-acordo-assinado-em-2024\/\"},\"author\":{\"name\":\"Telinha\",\"@id\":\"https:\/\/portaltela.pt\/#\/schema\/person\/c4278d4a6028830caff9ee44b42d32ed\"},\"headline\":\"Associa\u00e7\u00e3o dos Profissionais da GNR pede ao MAI cumprir acordo assinado em 2024\",\"datePublished\":\"2026-03-16T20:45:00+00:00\",\"mainEntityOfPage\":{\"@id\":\"https:\/\/portaltela.pt\/noticias\/2026\/03\/16\/associacao-dos-profissionais-da-gnr-pede-ao-mai-cumprir-acordo-assinado-em-2024\/\"},\"wordCount\":319,\"image\":{\"@id\":\"https:\/\/portaltela.pt\/noticias\/2026\/03\/16\/associacao-dos-profissionais-da-gnr-pede-ao-mai-cumprir-acordo-assinado-em-2024\/#primaryimage\"},\"thumbnailUrl\":\"https:\/\/portaltela.pt\/s.01k8rhncp4jt1\/2026\/03\/2074794.jpg\",\"keywords\":[\"Administra\u00e7\u00e3o Interna\",\"administra\u00e7\u00e3o p\u00fablica\",\"pens\u00f5es\",\"reforma\",\"Remunera\u00e7\u00f5es\",\"seguran\u00e7a p\u00fablica\"],\"articleSection\":[\"Pol\u00edcia\",\"Seguran\u00e7a\"],\"inLanguage\":\"pt-PT\"},{\"@type\":\"WebPage\",\"@id\":\"https:\/\/portaltela.pt\/noticias\/2026\/03\/16\/associacao-dos-profissionais-da-gnr-pede-ao-mai-cumprir-acordo-assinado-em-2024\/\",\"url\":\"https:\/\/portaltela.pt\/noticias\/2026\/03\/16\/associacao-dos-profissionais-da-gnr-pede-ao-mai-cumprir-acordo-assinado-em-2024\/\",\"name\":\"Associa\u00e7\u00e3o dos Profissionais da GNR pede ao MAI cumprir acordo assinado em 2024 - Portal Tela Portugal\",\"isPartOf\":{\"@id\":\"https:\/\/portaltela.pt\/#website\"},\"primaryImageOfPage\":{\"@id\":\"https:\/\/portaltela.pt\/noticias\/2026\/03\/16\/associacao-dos-profissionais-da-gnr-pede-ao-mai-cumprir-acordo-assinado-em-2024\/#primaryimage\"},\"image\":{\"@id\":\"https:\/\/portaltela.pt\/noticias\/2026\/03\/16\/associacao-dos-profissionais-da-gnr-pede-ao-mai-cumprir-acordo-assinado-em-2024\/#primaryimage\"},\"thumbnailUrl\":\"https:\/\/portaltela.pt\/s.01k8rhncp4jt1\/2026\/03\/2074794.jpg\",\"datePublished\":\"2026-03-16T20:45:00+00:00\",\"author\":{\"@id\":\"https:\/\/portaltela.pt\/#\/schema\/person\/c4278d4a6028830caff9ee44b42d32ed\"},\"breadcrumb\":{\"@id\":\"https:\/\/portaltela.pt\/noticias\/2026\/03\/16\/associacao-dos-profissionais-da-gnr-pede-ao-mai-cumprir-acordo-assinado-em-2024\/#breadcrumb\"},\"inLanguage\":\"pt-PT\",\"potentialAction\":[{\"@type\":\"ReadAction\",\"target\":[\"https:\/\/portaltela.pt\/noticias\/2026\/03\/16\/associacao-dos-profissionais-da-gnr-pede-ao-mai-cumprir-acordo-assinado-em-2024\/\"]}]},{\"@type\":\"ImageObject\",\"inLanguage\":\"pt-PT\",\"@id\":\"https:\/\/portaltela.pt\/noticias\/2026\/03\/16\/associacao-dos-profissionais-da-gnr-pede-ao-mai-cumprir-acordo-assinado-em-2024\/#primaryimage\",\"url\":\"https:\/\/portaltela.pt\/s.01k8rhncp4jt1\/2026\/03\/2074794.jpg\",\"contentUrl\":\"https:\/\/portaltela.pt\/s.01k8rhncp4jt1\/2026\/03\/2074794.jpg\",\"width\":796,\"height\":448,\"caption\":\"O ministro da Administra\u00e7\u00e3o Interna, Lu\u00eds Neves, tem estado a receber as associa\u00e7\u00f5es s\u00f3cio-profissionais da GNR e da PSP\"},{\"@type\":\"BreadcrumbList\",\"@id\":\"https:\/\/portaltela.pt\/noticias\/2026\/03\/16\/associacao-dos-profissionais-da-gnr-pede-ao-mai-cumprir-acordo-assinado-em-2024\/#breadcrumb\",\"itemListElement\":[{\"@type\":\"ListItem\",\"position\":1,\"name\":\"In\u00edcio\",\"item\":\"https:\/\/portaltela.pt\/\"},{\"@type\":\"ListItem\",\"position\":2,\"name\":\"Associa\u00e7\u00e3o dos Profissionais da GNR pede ao MAI cumprir acordo assinado em 2024\"}]},{\"@type\":\"WebSite\",\"@id\":\"https:\/\/portaltela.pt\/#website\",\"url\":\"https:\/\/portaltela.pt\/\",\"name\":\"Portal Tela Portugal\",\"description\":\"\",\"potentialAction\":[{\"@type\":\"SearchAction\",\"target\":{\"@type\":\"EntryPoint\",\"urlTemplate\":\"https:\/\/portaltela.pt\/?s={search_term_string}\"},\"query-input\":{\"@type\":\"PropertyValueSpecification\",\"valueRequired\":true,\"valueName\":\"search_term_string\"}}],\"inLanguage\":\"pt-PT\"},{\"@type\":\"Person\",\"@id\":\"https:\/\/portaltela.pt\/#\/schema\/person\/c4278d4a6028830caff9ee44b42d32ed\",\"name\":\"Telinha\",\"image\":{\"@type\":\"ImageObject\",\"inLanguage\":\"pt-PT\",\"@id\":\"https:\/\/portaltela.pt\/s.01k8rhncp4jt1\/2025\/11\/talking-bot-125x125.png\",\"url\":\"https:\/\/portaltela.pt\/s.01k8rhncp4jt1\/2025\/11\/talking-bot-125x125.png\",\"contentUrl\":\"https:\/\/portaltela.pt\/s.01k8rhncp4jt1\/2025\/11\/talking-bot-125x125.png\",\"caption\":\"Telinha\"},\"sameAs\":[\"https:\/\/portaltela.pt\/\"],\"url\":\"https:\/\/portaltela.pt\/por\/367410592786\/\"}]}<\/script>\n<!-- \/ Yoast SEO plugin. -->","yoast_head_json":{"title":"Associa\u00e7\u00e3o dos Profissionais da GNR pede ao MAI cumprir acordo assinado em 2024 - Portal Tela Portugal","robots":{"index":"index","follow":"follow","max-snippet":"max-snippet:-1","max-image-preview":"max-image-preview:large","max-video-preview":"max-video-preview:-1"},"og_locale":"pt_PT","og_type":"article","og_title":"Associa\u00e7\u00e3o dos Profissionais da GNR pede ao MAI cumprir acordo assinado em 2024 - Portal Tela Portugal","og_description":"A Associa\u00e7\u00e3o dos Profissionais da Guarda (APG\/GNR) pediu ao ministro da Administra\u00e7\u00e3o Interna, Lu\u00eds Neves, que cumpra o acordo assinado com o Governo em julho de 2024, incluindo a revis\u00e3o remunerat\u00f3ria. A n\u00e3o revis\u00e3o do estatuto remunerat\u00f3rio est\u00e1 a levar entre 200 e 300 militares da GNR a abdicar de promo\u00e7\u00f5es, pois passam a ganhar o mesmo e podem ter de mudar de fun\u00e7\u00e3o. A APG reuniu-se com o novo ministro para apresentar os problemas mais urgentes, incluindo o cumprimento do acordo de 2024 e a avalia\u00e7\u00e3o do estatuto. O presidente C\u00e9sar Nogueira disse que \u00e9 necess\u00e1rio acabar com as novas regras de reformas que reduzem as pens\u00f5es entre 30 por cento e 40 por cento. O ministro recebeu, pela primeira vez, associa\u00e7\u00f5es da GNR e sindicatos da PSP; na semana anterior j\u00e1 tinha ouvido outras organiza\u00e7\u00f5es sindicais, defendendo altera\u00e7\u00f5es ao regime remunerat\u00f3rio.","og_url":"https:\/\/portaltela.pt\/noticias\/2026\/03\/16\/associacao-dos-profissionais-da-gnr-pede-ao-mai-cumprir-acordo-assinado-em-2024\/","og_site_name":"Portal Tela Portugal","article_published_time":"2026-03-16T20:45:00+00:00","author":"Telinha","twitter_card":"summary_large_image","twitter_misc":{"Escrito por":"Telinha","Tempo estimado de leitura":"2 minutos"},"schema":{"@context":"https:\/\/schema.org","@graph":[{"@type":"Article","@id":"https:\/\/portaltela.pt\/noticias\/2026\/03\/16\/associacao-dos-profissionais-da-gnr-pede-ao-mai-cumprir-acordo-assinado-em-2024\/#article","isPartOf":{"@id":"https:\/\/portaltela.pt\/noticias\/2026\/03\/16\/associacao-dos-profissionais-da-gnr-pede-ao-mai-cumprir-acordo-assinado-em-2024\/"},"author":{"name":"Telinha","@id":"https:\/\/portaltela.pt\/#\/schema\/person\/c4278d4a6028830caff9ee44b42d32ed"},"headline":"Associa\u00e7\u00e3o dos Profissionais da GNR pede ao MAI cumprir acordo assinado em 2024","datePublished":"2026-03-16T20:45:00+00:00","mainEntityOfPage":{"@id":"https:\/\/portaltela.pt\/noticias\/2026\/03\/16\/associacao-dos-profissionais-da-gnr-pede-ao-mai-cumprir-acordo-assinado-em-2024\/"},"wordCount":319,"image":{"@id":"https:\/\/portaltela.pt\/noticias\/2026\/03\/16\/associacao-dos-profissionais-da-gnr-pede-ao-mai-cumprir-acordo-assinado-em-2024\/#primaryimage"},"thumbnailUrl":"https:\/\/portaltela.pt\/s.01k8rhncp4jt1\/2026\/03\/2074794.jpg","keywords":["Administra\u00e7\u00e3o Interna","administra\u00e7\u00e3o p\u00fablica","pens\u00f5es","reforma","Remunera\u00e7\u00f5es","seguran\u00e7a p\u00fablica"],"articleSection":["Pol\u00edcia","Seguran\u00e7a"],"inLanguage":"pt-PT"},{"@type":"WebPage","@id":"https:\/\/portaltela.pt\/noticias\/2026\/03\/16\/associacao-dos-profissionais-da-gnr-pede-ao-mai-cumprir-acordo-assinado-em-2024\/","url":"https:\/\/portaltela.pt\/noticias\/2026\/03\/16\/associacao-dos-profissionais-da-gnr-pede-ao-mai-cumprir-acordo-assinado-em-2024\/","name":"Associa\u00e7\u00e3o dos Profissionais da GNR pede ao MAI cumprir acordo assinado em 2024 - Portal Tela Portugal","isPartOf":{"@id":"https:\/\/portaltela.pt\/#website"},"primaryImageOfPage":{"@id":"https:\/\/portaltela.pt\/noticias\/2026\/03\/16\/associacao-dos-profissionais-da-gnr-pede-ao-mai-cumprir-acordo-assinado-em-2024\/#primaryimage"},"image":{"@id":"https:\/\/portaltela.pt\/noticias\/2026\/03\/16\/associacao-dos-profissionais-da-gnr-pede-ao-mai-cumprir-acordo-assinado-em-2024\/#primaryimage"},"thumbnailUrl":"https:\/\/portaltela.pt\/s.01k8rhncp4jt1\/2026\/03\/2074794.jpg","datePublished":"2026-03-16T20:45:00+00:00","author":{"@id":"https:\/\/portaltela.pt\/#\/schema\/person\/c4278d4a6028830caff9ee44b42d32ed"},"breadcrumb":{"@id":"https:\/\/portaltela.pt\/noticias\/2026\/03\/16\/associacao-dos-profissionais-da-gnr-pede-ao-mai-cumprir-acordo-assinado-em-2024\/#breadcrumb"},"inLanguage":"pt-PT","potentialAction":[{"@type":"ReadAction","target":["https:\/\/portaltela.pt\/noticias\/2026\/03\/16\/associacao-dos-profissionais-da-gnr-pede-ao-mai-cumprir-acordo-assinado-em-2024\/"]}]},{"@type":"ImageObject","inLanguage":"pt-PT","@id":"https:\/\/portaltela.pt\/noticias\/2026\/03\/16\/associacao-dos-profissionais-da-gnr-pede-ao-mai-cumprir-acordo-assinado-em-2024\/#primaryimage","url":"https:\/\/portaltela.pt\/s.01k8rhncp4jt1\/2026\/03\/2074794.jpg","contentUrl":"https:\/\/portaltela.pt\/s.01k8rhncp4jt1\/2026\/03\/2074794.jpg","width":796,"height":448,"caption":"O ministro da Administra\u00e7\u00e3o Interna, Lu\u00eds Neves, tem estado a receber as associa\u00e7\u00f5es s\u00f3cio-profissionais da GNR e da PSP"},{"@type":"BreadcrumbList","@id":"https:\/\/portaltela.pt\/noticias\/2026\/03\/16\/associacao-dos-profissionais-da-gnr-pede-ao-mai-cumprir-acordo-assinado-em-2024\/#breadcrumb","itemListElement":[{"@type":"ListItem","position":1,"name":"In\u00edcio","item":"https:\/\/portaltela.pt\/"},{"@type":"ListItem","position":2,"name":"Associa\u00e7\u00e3o dos Profissionais da GNR pede ao MAI cumprir acordo assinado em 2024"}]},{"@type":"WebSite","@id":"https:\/\/portaltela.pt\/#website","url":"https:\/\/portaltela.pt\/","name":"Portal Tela Portugal","description":"","potentialAction":[{"@type":"SearchAction","target":{"@type":"EntryPoint","urlTemplate":"https:\/\/portaltela.pt\/?s={search_term_string}"},"query-input":{"@type":"PropertyValueSpecification","valueRequired":true,"valueName":"search_term_string"}}],"inLanguage":"pt-PT"},{"@type":"Person","@id":"https:\/\/portaltela.pt\/#\/schema\/person\/c4278d4a6028830caff9ee44b42d32ed","name":"Telinha","image":{"@type":"ImageObject","inLanguage":"pt-PT","@id":"https:\/\/portaltela.pt\/s.01k8rhncp4jt1\/2025\/11\/talking-bot-125x125.png","url":"https:\/\/portaltela.pt\/s.01k8rhncp4jt1\/2025\/11\/talking-bot-125x125.png","contentUrl":"https:\/\/portaltela.pt\/s.01k8rhncp4jt1\/2025\/11\/talking-bot-125x125.png","caption":"Telinha"},"sameAs":["https:\/\/portaltela.pt\/"],"url":"https:\/\/portaltela.pt\/por\/367410592786\/"}]}},"_links":{"self":[{"href":"https:\/\/portaltela.pt\/api\/wp\/v2\/posts\/412588","targetHints":{"allow":["GET"]}}],"collection":[{"href":"https:\/\/portaltela.pt\/api\/wp\/v2\/posts"}],"about":[{"href":"https:\/\/portaltela.pt\/api\/wp\/v2\/types\/post"}],"author":[{"embeddable":true,"href":"https:\/\/portaltela.pt\/api\/wp\/v2\/users\/2"}],"replies":[{"embeddable":true,"href":"https:\/\/portaltela.pt\/api\/wp\/v2\/comments?post=412588"}],"version-history":[{"count":0,"href":"https:\/\/portaltela.pt\/api\/wp\/v2\/posts\/412588\/revisions"}],"wp:featuredmedia":[{"embeddable":true,"href":"https:\/\/portaltela.pt\/api\/wp\/v2\/media\/412589"}],"wp:attachment":[{"href":"https:\/\/portaltela.pt\/api\/wp\/v2\/media?parent=412588"}],"wp:term":[{"taxonomy":"category","embeddable":true,"href":"https:\/\/portaltela.pt\/api\/wp\/v2\/categories?post=412588"},{"taxonomy":"post_tag","embeddable":true,"href":"https:\/\/portaltela.pt\/api\/wp\/v2\/tags?post=412588"}],"curies":[{"name":"wp","href":"https:\/\/api.w.org\/{rel}","templated":true}]}}