{"id":412571,"date":"2026-03-16T17:15:00","date_gmt":"2026-03-16T20:15:00","guid":{"rendered":"https:\/\/portaltela.pt\/noticias\/2026\/03\/16\/grupo-de-amigos-mantem-tradicao-de-viajar-juntos-ha-30-anos\/"},"modified":"2026-03-16T17:15:00","modified_gmt":"2026-03-16T20:15:00","slug":"grupo-de-amigos-mantem-tradicao-de-viajar-juntos-ha-30-anos","status":"publish","type":"post","link":"https:\/\/portaltela.pt\/noticias\/2026\/03\/16\/grupo-de-amigos-mantem-tradicao-de-viajar-juntos-ha-30-anos\/","title":{"rendered":"Grupo de amigos mant\u00e9m tradi\u00e7\u00e3o de viajar juntos h\u00e1 30 anos"},"content":{"rendered":"<p>O grupo de seis amigos mant\u00e9m uma tradi\u00e7\u00e3o antiga: uma viagem anual que come\u00e7ou em 1995. Ao longo de quase tr\u00eas d\u00e9cadas, a ronda de destinos tem sido a \u201ct\u00e1bua de salva\u00e7\u00e3o\u201d do grupo, que viaja por locais de A a Z pelo mundo.<\/p>\n<p>Quem integra o grupo inclui Colin Cather, cuja despedida de solteiro em 1994 na Irlanda do Norte ficou como embri\u00e3o da ideia. A tradi\u00e7\u00e3o ganhou forma no ano seguinte, consolidando-se como um ritual anual entre amigos pr\u00f3ximos.<\/p>\n<p>A origem remete a uma celebra\u00e7\u00e3o que nasceu com v\u00e1rias bebidas numa estadia na Irlanda do Norte em 1994. Em Caen, Fran\u00e7a, em 1997, ficou registada a cria\u00e7\u00e3o do Clube A a Z, que passou a representar o esp\u00edrito de viagens do grupo ao longo dos anos.<\/p>\n<p>Ao longo dos anos, o grupo diversificou os destinos, mantendo a periodicidade anual independentemente das mudan\u00e7as pessoais dos elementos da comitiva. As viagens continuam a ser descritas como fonte de companheirismo e partilha entre os seis amigos.<\/p>\n","protected":false},"excerpt":{"rendered":"<ul>\n<li>Seis amigos cumprem, desde 1995, uma viagem anual que se tornou numa t\u00e1bua de salva\u00e7\u00e3o.<\/li>\n<li>O conceito contempla destinos pelo mundo, organizados de A a Z.<\/li>\n<li>Tudo come\u00e7ou em 1994, numa despedida de solteiro na Irlanda do Norte, acompanhada por v\u00e1rias bebidas.<\/li>\n<li>O Clube A a Z abriu em Caen, Fran\u00e7a, em 1997.<\/li>\n<li>Os membros fundadores citados s\u00e3o Mike Murdoch, Graham Dunlop, Chris Patterson, Colin Cather, Neil Hughes e Brian McKenna.<\/li>\n<\/ul>\n","protected":false},"author":2,"featured_media":412577,"comment_status":"closed","ping_status":"closed","sticky":false,"template":"","format":"standard","meta":{"footnotes":""},"categories":[1],"tags":[5860,3035,2318,169,71,6037],"class_list":["post-412571","post","type-post","status-publish","format-standard","has-post-thumbnail","hentry","category-noticias","tag-amigos","tag-comunidade","tag-sociedade","tag-turismo","tag-viagens","tag-viagens-internacionais"],"yoast_head":"<!-- This site is optimized with the Yoast SEO plugin v27.2 - https:\/\/yoast.com\/product\/yoast-seo-wordpress\/ -->\n<title>Grupo de amigos mant\u00e9m tradi\u00e7\u00e3o de viajar juntos h\u00e1 30 anos - Portal Tela Portugal<\/title>\n<meta name=\"robots\" content=\"index, follow, max-snippet:-1, max-image-preview:large, max-video-preview:-1\" \/>\n<meta property=\"og:locale\" content=\"pt_PT\" \/>\n<meta property=\"og:type\" content=\"article\" \/>\n<meta property=\"og:title\" content=\"Grupo de amigos mant\u00e9m tradi\u00e7\u00e3o de viajar juntos h\u00e1 30 anos - Portal Tela Portugal\" \/>\n<meta property=\"og:description\" content=\"Seis amigos cumprem, desde 1995, uma viagem anual que se tornou numa t\u00e1bua de salva\u00e7\u00e3o. O conceito contempla destinos pelo mundo, organizados de A a Z. Tudo come\u00e7ou em 1994, numa despedida de solteiro na Irlanda do Norte, acompanhada por v\u00e1rias bebidas. O Clube A a Z abriu em Caen, Fran\u00e7a, em 1997. Os membros fundadores citados s\u00e3o Mike Murdoch, Graham Dunlop, Chris Patterson, Colin Cather, Neil Hughes e Brian McKenna.\" \/>\n<meta property=\"og:url\" content=\"https:\/\/portaltela.pt\/noticias\/2026\/03\/16\/grupo-de-amigos-mantem-tradicao-de-viajar-juntos-ha-30-anos\/\" \/>\n<meta property=\"og:site_name\" content=\"Portal Tela Portugal\" \/>\n<meta property=\"article:published_time\" content=\"2026-03-16T20:15:00+00:00\" \/>\n<meta name=\"author\" content=\"Telinha\" \/>\n<meta name=\"twitter:card\" content=\"summary_large_image\" \/>\n<meta name=\"twitter:label1\" content=\"Escrito por\" \/>\n\t<meta name=\"twitter:data1\" content=\"Telinha\" \/>\n\t<meta name=\"twitter:label2\" content=\"Tempo estimado de leitura\" \/>\n\t<meta name=\"twitter:data2\" content=\"1 minuto\" \/>\n<script type=\"application\/ld+json\" class=\"yoast-schema-graph\">{\"@context\":\"https:\/\/schema.org\",\"@graph\":[{\"@type\":\"Article\",\"@id\":\"https:\/\/portaltela.pt\/noticias\/2026\/03\/16\/grupo-de-amigos-mantem-tradicao-de-viajar-juntos-ha-30-anos\/#article\",\"isPartOf\":{\"@id\":\"https:\/\/portaltela.pt\/noticias\/2026\/03\/16\/grupo-de-amigos-mantem-tradicao-de-viajar-juntos-ha-30-anos\/\"},\"author\":{\"name\":\"Telinha\",\"@id\":\"https:\/\/portaltela.pt\/#\/schema\/person\/c4278d4a6028830caff9ee44b42d32ed\"},\"headline\":\"Grupo de amigos mant\u00e9m tradi\u00e7\u00e3o de viajar juntos h\u00e1 30 anos\",\"datePublished\":\"2026-03-16T20:15:00+00:00\",\"mainEntityOfPage\":{\"@id\":\"https:\/\/portaltela.pt\/noticias\/2026\/03\/16\/grupo-de-amigos-mantem-tradicao-de-viajar-juntos-ha-30-anos\/\"},\"wordCount\":189,\"image\":{\"@id\":\"https:\/\/portaltela.pt\/noticias\/2026\/03\/16\/grupo-de-amigos-mantem-tradicao-de-viajar-juntos-ha-30-anos\/#primaryimage\"},\"thumbnailUrl\":\"https:\/\/portaltela.pt\/s.01k8rhncp4jt1\/2026\/03\/2074770.jpg\",\"keywords\":[\"amigos\",\"comunidade\",\"sociedade\",\"turismo\",\"viagens\",\"viagens internacionais\"],\"articleSection\":[\"Not\u00edcias\"],\"inLanguage\":\"pt-PT\"},{\"@type\":\"WebPage\",\"@id\":\"https:\/\/portaltela.pt\/noticias\/2026\/03\/16\/grupo-de-amigos-mantem-tradicao-de-viajar-juntos-ha-30-anos\/\",\"url\":\"https:\/\/portaltela.pt\/noticias\/2026\/03\/16\/grupo-de-amigos-mantem-tradicao-de-viajar-juntos-ha-30-anos\/\",\"name\":\"Grupo de amigos mant\u00e9m tradi\u00e7\u00e3o de viajar juntos h\u00e1 30 anos - Portal Tela Portugal\",\"isPartOf\":{\"@id\":\"https:\/\/portaltela.pt\/#website\"},\"primaryImageOfPage\":{\"@id\":\"https:\/\/portaltela.pt\/noticias\/2026\/03\/16\/grupo-de-amigos-mantem-tradicao-de-viajar-juntos-ha-30-anos\/#primaryimage\"},\"image\":{\"@id\":\"https:\/\/portaltela.pt\/noticias\/2026\/03\/16\/grupo-de-amigos-mantem-tradicao-de-viajar-juntos-ha-30-anos\/#primaryimage\"},\"thumbnailUrl\":\"https:\/\/portaltela.pt\/s.01k8rhncp4jt1\/2026\/03\/2074770.jpg\",\"datePublished\":\"2026-03-16T20:15:00+00:00\",\"author\":{\"@id\":\"https:\/\/portaltela.pt\/#\/schema\/person\/c4278d4a6028830caff9ee44b42d32ed\"},\"breadcrumb\":{\"@id\":\"https:\/\/portaltela.pt\/noticias\/2026\/03\/16\/grupo-de-amigos-mantem-tradicao-de-viajar-juntos-ha-30-anos\/#breadcrumb\"},\"inLanguage\":\"pt-PT\",\"potentialAction\":[{\"@type\":\"ReadAction\",\"target\":[\"https:\/\/portaltela.pt\/noticias\/2026\/03\/16\/grupo-de-amigos-mantem-tradicao-de-viajar-juntos-ha-30-anos\/\"]}]},{\"@type\":\"ImageObject\",\"inLanguage\":\"pt-PT\",\"@id\":\"https:\/\/portaltela.pt\/noticias\/2026\/03\/16\/grupo-de-amigos-mantem-tradicao-de-viajar-juntos-ha-30-anos\/#primaryimage\",\"url\":\"https:\/\/portaltela.pt\/s.01k8rhncp4jt1\/2026\/03\/2074770.jpg\",\"contentUrl\":\"https:\/\/portaltela.pt\/s.01k8rhncp4jt1\/2026\/03\/2074770.jpg\",\"width\":796,\"height\":448,\"caption\":\"O Clube A a Z em Caen, Fran\u00e7a, em 1997. Da esquerda para a direita: Mike Murdoch, Graham Dunlop, Chris Patterson, Colin Cather, Neil Hughes e Brian McKenna.\"},{\"@type\":\"BreadcrumbList\",\"@id\":\"https:\/\/portaltela.pt\/noticias\/2026\/03\/16\/grupo-de-amigos-mantem-tradicao-de-viajar-juntos-ha-30-anos\/#breadcrumb\",\"itemListElement\":[{\"@type\":\"ListItem\",\"position\":1,\"name\":\"In\u00edcio\",\"item\":\"https:\/\/portaltela.pt\/\"},{\"@type\":\"ListItem\",\"position\":2,\"name\":\"Grupo de amigos mant\u00e9m tradi\u00e7\u00e3o de viajar juntos h\u00e1 30 anos\"}]},{\"@type\":\"WebSite\",\"@id\":\"https:\/\/portaltela.pt\/#website\",\"url\":\"https:\/\/portaltela.pt\/\",\"name\":\"Portal Tela Portugal\",\"description\":\"\",\"potentialAction\":[{\"@type\":\"SearchAction\",\"target\":{\"@type\":\"EntryPoint\",\"urlTemplate\":\"https:\/\/portaltela.pt\/?s={search_term_string}\"},\"query-input\":{\"@type\":\"PropertyValueSpecification\",\"valueRequired\":true,\"valueName\":\"search_term_string\"}}],\"inLanguage\":\"pt-PT\"},{\"@type\":\"Person\",\"@id\":\"https:\/\/portaltela.pt\/#\/schema\/person\/c4278d4a6028830caff9ee44b42d32ed\",\"name\":\"Telinha\",\"image\":{\"@type\":\"ImageObject\",\"inLanguage\":\"pt-PT\",\"@id\":\"https:\/\/portaltela.pt\/s.01k8rhncp4jt1\/2025\/11\/talking-bot-125x125.png\",\"url\":\"https:\/\/portaltela.pt\/s.01k8rhncp4jt1\/2025\/11\/talking-bot-125x125.png\",\"contentUrl\":\"https:\/\/portaltela.pt\/s.01k8rhncp4jt1\/2025\/11\/talking-bot-125x125.png\",\"caption\":\"Telinha\"},\"sameAs\":[\"https:\/\/portaltela.pt\/\"],\"url\":\"https:\/\/portaltela.pt\/por\/367410592786\/\"}]}<\/script>\n<!-- \/ Yoast SEO plugin. -->","yoast_head_json":{"title":"Grupo de amigos mant\u00e9m tradi\u00e7\u00e3o de viajar juntos h\u00e1 30 anos - Portal Tela Portugal","robots":{"index":"index","follow":"follow","max-snippet":"max-snippet:-1","max-image-preview":"max-image-preview:large","max-video-preview":"max-video-preview:-1"},"og_locale":"pt_PT","og_type":"article","og_title":"Grupo de amigos mant\u00e9m tradi\u00e7\u00e3o de viajar juntos h\u00e1 30 anos - Portal Tela Portugal","og_description":"Seis amigos cumprem, desde 1995, uma viagem anual que se tornou numa t\u00e1bua de salva\u00e7\u00e3o. O conceito contempla destinos pelo mundo, organizados de A a Z. Tudo come\u00e7ou em 1994, numa despedida de solteiro na Irlanda do Norte, acompanhada por v\u00e1rias bebidas. O Clube A a Z abriu em Caen, Fran\u00e7a, em 1997. Os membros fundadores citados s\u00e3o Mike Murdoch, Graham Dunlop, Chris Patterson, Colin Cather, Neil Hughes e Brian McKenna.","og_url":"https:\/\/portaltela.pt\/noticias\/2026\/03\/16\/grupo-de-amigos-mantem-tradicao-de-viajar-juntos-ha-30-anos\/","og_site_name":"Portal Tela Portugal","article_published_time":"2026-03-16T20:15:00+00:00","author":"Telinha","twitter_card":"summary_large_image","twitter_misc":{"Escrito por":"Telinha","Tempo estimado de leitura":"1 minuto"},"schema":{"@context":"https:\/\/schema.org","@graph":[{"@type":"Article","@id":"https:\/\/portaltela.pt\/noticias\/2026\/03\/16\/grupo-de-amigos-mantem-tradicao-de-viajar-juntos-ha-30-anos\/#article","isPartOf":{"@id":"https:\/\/portaltela.pt\/noticias\/2026\/03\/16\/grupo-de-amigos-mantem-tradicao-de-viajar-juntos-ha-30-anos\/"},"author":{"name":"Telinha","@id":"https:\/\/portaltela.pt\/#\/schema\/person\/c4278d4a6028830caff9ee44b42d32ed"},"headline":"Grupo de amigos mant\u00e9m tradi\u00e7\u00e3o de viajar juntos h\u00e1 30 anos","datePublished":"2026-03-16T20:15:00+00:00","mainEntityOfPage":{"@id":"https:\/\/portaltela.pt\/noticias\/2026\/03\/16\/grupo-de-amigos-mantem-tradicao-de-viajar-juntos-ha-30-anos\/"},"wordCount":189,"image":{"@id":"https:\/\/portaltela.pt\/noticias\/2026\/03\/16\/grupo-de-amigos-mantem-tradicao-de-viajar-juntos-ha-30-anos\/#primaryimage"},"thumbnailUrl":"https:\/\/portaltela.pt\/s.01k8rhncp4jt1\/2026\/03\/2074770.jpg","keywords":["amigos","comunidade","sociedade","turismo","viagens","viagens internacionais"],"articleSection":["Not\u00edcias"],"inLanguage":"pt-PT"},{"@type":"WebPage","@id":"https:\/\/portaltela.pt\/noticias\/2026\/03\/16\/grupo-de-amigos-mantem-tradicao-de-viajar-juntos-ha-30-anos\/","url":"https:\/\/portaltela.pt\/noticias\/2026\/03\/16\/grupo-de-amigos-mantem-tradicao-de-viajar-juntos-ha-30-anos\/","name":"Grupo de amigos mant\u00e9m tradi\u00e7\u00e3o de viajar juntos h\u00e1 30 anos - Portal Tela Portugal","isPartOf":{"@id":"https:\/\/portaltela.pt\/#website"},"primaryImageOfPage":{"@id":"https:\/\/portaltela.pt\/noticias\/2026\/03\/16\/grupo-de-amigos-mantem-tradicao-de-viajar-juntos-ha-30-anos\/#primaryimage"},"image":{"@id":"https:\/\/portaltela.pt\/noticias\/2026\/03\/16\/grupo-de-amigos-mantem-tradicao-de-viajar-juntos-ha-30-anos\/#primaryimage"},"thumbnailUrl":"https:\/\/portaltela.pt\/s.01k8rhncp4jt1\/2026\/03\/2074770.jpg","datePublished":"2026-03-16T20:15:00+00:00","author":{"@id":"https:\/\/portaltela.pt\/#\/schema\/person\/c4278d4a6028830caff9ee44b42d32ed"},"breadcrumb":{"@id":"https:\/\/portaltela.pt\/noticias\/2026\/03\/16\/grupo-de-amigos-mantem-tradicao-de-viajar-juntos-ha-30-anos\/#breadcrumb"},"inLanguage":"pt-PT","potentialAction":[{"@type":"ReadAction","target":["https:\/\/portaltela.pt\/noticias\/2026\/03\/16\/grupo-de-amigos-mantem-tradicao-de-viajar-juntos-ha-30-anos\/"]}]},{"@type":"ImageObject","inLanguage":"pt-PT","@id":"https:\/\/portaltela.pt\/noticias\/2026\/03\/16\/grupo-de-amigos-mantem-tradicao-de-viajar-juntos-ha-30-anos\/#primaryimage","url":"https:\/\/portaltela.pt\/s.01k8rhncp4jt1\/2026\/03\/2074770.jpg","contentUrl":"https:\/\/portaltela.pt\/s.01k8rhncp4jt1\/2026\/03\/2074770.jpg","width":796,"height":448,"caption":"O Clube A a Z em Caen, Fran\u00e7a, em 1997. Da esquerda para a direita: Mike Murdoch, Graham Dunlop, Chris Patterson, Colin Cather, Neil Hughes e Brian McKenna."},{"@type":"BreadcrumbList","@id":"https:\/\/portaltela.pt\/noticias\/2026\/03\/16\/grupo-de-amigos-mantem-tradicao-de-viajar-juntos-ha-30-anos\/#breadcrumb","itemListElement":[{"@type":"ListItem","position":1,"name":"In\u00edcio","item":"https:\/\/portaltela.pt\/"},{"@type":"ListItem","position":2,"name":"Grupo de amigos mant\u00e9m tradi\u00e7\u00e3o de viajar juntos h\u00e1 30 anos"}]},{"@type":"WebSite","@id":"https:\/\/portaltela.pt\/#website","url":"https:\/\/portaltela.pt\/","name":"Portal Tela Portugal","description":"","potentialAction":[{"@type":"SearchAction","target":{"@type":"EntryPoint","urlTemplate":"https:\/\/portaltela.pt\/?s={search_term_string}"},"query-input":{"@type":"PropertyValueSpecification","valueRequired":true,"valueName":"search_term_string"}}],"inLanguage":"pt-PT"},{"@type":"Person","@id":"https:\/\/portaltela.pt\/#\/schema\/person\/c4278d4a6028830caff9ee44b42d32ed","name":"Telinha","image":{"@type":"ImageObject","inLanguage":"pt-PT","@id":"https:\/\/portaltela.pt\/s.01k8rhncp4jt1\/2025\/11\/talking-bot-125x125.png","url":"https:\/\/portaltela.pt\/s.01k8rhncp4jt1\/2025\/11\/talking-bot-125x125.png","contentUrl":"https:\/\/portaltela.pt\/s.01k8rhncp4jt1\/2025\/11\/talking-bot-125x125.png","caption":"Telinha"},"sameAs":["https:\/\/portaltela.pt\/"],"url":"https:\/\/portaltela.pt\/por\/367410592786\/"}]}},"_links":{"self":[{"href":"https:\/\/portaltela.pt\/api\/wp\/v2\/posts\/412571","targetHints":{"allow":["GET"]}}],"collection":[{"href":"https:\/\/portaltela.pt\/api\/wp\/v2\/posts"}],"about":[{"href":"https:\/\/portaltela.pt\/api\/wp\/v2\/types\/post"}],"author":[{"embeddable":true,"href":"https:\/\/portaltela.pt\/api\/wp\/v2\/users\/2"}],"replies":[{"embeddable":true,"href":"https:\/\/portaltela.pt\/api\/wp\/v2\/comments?post=412571"}],"version-history":[{"count":0,"href":"https:\/\/portaltela.pt\/api\/wp\/v2\/posts\/412571\/revisions"}],"wp:featuredmedia":[{"embeddable":true,"href":"https:\/\/portaltela.pt\/api\/wp\/v2\/media\/412577"}],"wp:attachment":[{"href":"https:\/\/portaltela.pt\/api\/wp\/v2\/media?parent=412571"}],"wp:term":[{"taxonomy":"category","embeddable":true,"href":"https:\/\/portaltela.pt\/api\/wp\/v2\/categories?post=412571"},{"taxonomy":"post_tag","embeddable":true,"href":"https:\/\/portaltela.pt\/api\/wp\/v2\/tags?post=412571"}],"curies":[{"name":"wp","href":"https:\/\/api.w.org\/{rel}","templated":true}]}}