{"id":412541,"date":"2026-03-16T16:59:21","date_gmt":"2026-03-16T19:59:21","guid":{"rendered":"https:\/\/portaltela.pt\/noticias\/2026\/03\/16\/familia-com-quatro-menores-fica-sem-caravana-onde-vivia-em-lisboa\/"},"modified":"2026-03-16T16:59:21","modified_gmt":"2026-03-16T19:59:21","slug":"familia-com-quatro-menores-fica-sem-caravana-onde-vivia-em-lisboa","status":"publish","type":"post","link":"https:\/\/portaltela.pt\/noticias\/2026\/03\/16\/familia-com-quatro-menores-fica-sem-caravana-onde-vivia-em-lisboa\/","title":{"rendered":"Fam\u00edlia com quatro menores fica sem caravana onde vivia em Lisboa"},"content":{"rendered":"<p>A fam\u00edlia de seis pessoas que vivia numa caravana no Bairro Portugal Novo, em Lisboa, viu o ve\u00edculo ser apreendido pela C\u00e2mara Municipal na segunda-feira. O ve\u00edculo servia de habita\u00e7\u00e3o h\u00e1 dois anos, mas foi confundido com propriedade indevida, sem aviso pr\u00e9vio nem apoio social informado.<\/p>\n<p>A situa\u00e7\u00e3o envolve um casal com quatro filhos menores que residiam no Largo Roque Laia. Segundo o PCP, a caravana esteve sob a supervis\u00e3o da autarquia, que j\u00e1 tinha conhecimento da car\u00eancia habitacional grave da fam\u00edlia e tinha apresentado uma candidatura ao Programa de Arrendamento Apoiado.<\/p>\n<p>A opera\u00e7\u00e3o foi executada pela C\u00e2mara Municipal de Lisboa, presidida por Carlos Moedas, sem qualquer acompanhamento social. A Junta de Freguesia do Areeiro tamb\u00e9m tinha conhecimento do caso e havia intervindo para manter a fam\u00edlia em condi\u00e7\u00f5es seguras, incluindo a poda de uma \u00e1rvore acima da caravana.<\/p>\n<p>O PCP contesta que a retirada n\u00e3o pode ocorrer sem acompanhamento social nem sem uma solu\u00e7\u00e3o habitacional digna. A verea\u00e7\u00e3o comunista pediu, por carta, esclarecimentos sobre a motiva\u00e7\u00e3o do confisco e o estado da candidatura ao Arrendamento Apoiado, questionando tamb\u00e9m a coordena\u00e7\u00e3o entre a C\u00e2mara e a Junta de Freguesia.<\/p>\n<p>Para o PCP, as solu\u00e7\u00f5es de fundo passam pela resolu\u00e7\u00e3o dos problemas que levaram \u00e0 situa\u00e7\u00e3o de sem-abrigo, como o acesso \u00e0 habita\u00e7\u00e3o, desemprego e fragilidade financeira. A autarquia n\u00e3o apresentou at\u00e9 ao momento uma resposta oficial sobre uma alternativa para a fam\u00edlia.<\/p>\n<p>A ag\u00eancia Lusa questionou o gabinete do presidente da C\u00e2mara sobre o caso, mantendo-se aguardada uma resposta institucional.<\/p>\n","protected":false},"excerpt":{"rendered":"<ul>\n<li>Uma fam\u00edlia de seis pessoas, com quatro filhos menores, viu na segunda-feira o ve\u00edculo (caravana) confiscado pela C\u00e2mara Municipal de Lisboa no Bairro Portugal Novo, sem aviso pr\u00e9vio nem acompanhamento social.<\/li>\n<li>A caravana servia de habita\u00e7\u00e3o h\u00e1 dois anos, no Largo Roque Laia, e a situa\u00e7\u00e3o de car\u00eancia habitacional era do conhecimento da c\u00e2mara, que tinha sido apresentada uma candidatura ao Programa de Arrendamento Apoiado.<\/li>\n<li>O PCP afirma que a apreens\u00e3o ocorreu sem aviso e sem apoio social, e acrescenta que a Junta de Freguesia do Areeiro tamb\u00e9m estava informada, tendo garantido que n\u00e3o sairiam sem uma solu\u00e7\u00e3o.<\/li>\n<li>A verea\u00e7\u00e3o comunista sustenta que a a\u00e7\u00e3o n\u00e3o resolve o problema e pode agravar a situa\u00e7\u00e3o, apresentando um requerimento ao presidente da C\u00e2mara, Carlos Moedas, para esclarecer o confisco e o andamento da candidatura.<\/li>\n<li>A ag\u00eancia Lusa questionou o gabinete do presidente da C\u00e2mara sobre o caso, aguardando resposta.<\/li>\n<\/ul>\n","protected":false},"author":2,"featured_media":412542,"comment_status":"closed","ping_status":"closed","sticky":false,"template":"","format":"standard","meta":{"footnotes":""},"categories":[1],"tags":[7176,3014,150,1167,981,3152],"class_list":["post-412541","post","type-post","status-publish","format-standard","has-post-thumbnail","hentry","category-noticias","tag-areeiro","tag-arrendamento","tag-habitacao","tag-habitacao-social","tag-lisboa","tag-sem-abrigo"],"yoast_head":"<!-- This site is optimized with the Yoast SEO plugin v27.2 - https:\/\/yoast.com\/product\/yoast-seo-wordpress\/ -->\n<title>Fam\u00edlia com quatro menores fica sem caravana onde vivia em Lisboa - Portal Tela Portugal<\/title>\n<meta name=\"robots\" content=\"index, follow, max-snippet:-1, max-image-preview:large, max-video-preview:-1\" \/>\n<meta property=\"og:locale\" content=\"pt_PT\" \/>\n<meta property=\"og:type\" content=\"article\" \/>\n<meta property=\"og:title\" content=\"Fam\u00edlia com quatro menores fica sem caravana onde vivia em Lisboa - Portal Tela Portugal\" \/>\n<meta property=\"og:description\" content=\"Uma fam\u00edlia de seis pessoas, com quatro filhos menores, viu na segunda-feira o ve\u00edculo (caravana) confiscado pela C\u00e2mara Municipal de Lisboa no Bairro Portugal Novo, sem aviso pr\u00e9vio nem acompanhamento social. A caravana servia de habita\u00e7\u00e3o h\u00e1 dois anos, no Largo Roque Laia, e a situa\u00e7\u00e3o de car\u00eancia habitacional era do conhecimento da c\u00e2mara, que tinha sido apresentada uma candidatura ao Programa de Arrendamento Apoiado. O PCP afirma que a apreens\u00e3o ocorreu sem aviso e sem apoio social, e acrescenta que a Junta de Freguesia do Areeiro tamb\u00e9m estava informada, tendo garantido que n\u00e3o sairiam sem uma solu\u00e7\u00e3o. A verea\u00e7\u00e3o comunista sustenta que a a\u00e7\u00e3o n\u00e3o resolve o problema e pode agravar a situa\u00e7\u00e3o, apresentando um requerimento ao presidente da C\u00e2mara, Carlos Moedas, para esclarecer o confisco e o andamento da candidatura. A ag\u00eancia Lusa questionou o gabinete do presidente da C\u00e2mara sobre o caso, aguardando resposta.\" \/>\n<meta property=\"og:url\" content=\"https:\/\/portaltela.pt\/noticias\/2026\/03\/16\/familia-com-quatro-menores-fica-sem-caravana-onde-vivia-em-lisboa\/\" \/>\n<meta property=\"og:site_name\" content=\"Portal Tela Portugal\" \/>\n<meta property=\"article:published_time\" content=\"2026-03-16T19:59:21+00:00\" \/>\n<meta name=\"author\" content=\"Telinha\" \/>\n<meta name=\"twitter:card\" content=\"summary_large_image\" \/>\n<meta name=\"twitter:label1\" content=\"Escrito por\" \/>\n\t<meta name=\"twitter:data1\" content=\"Telinha\" \/>\n\t<meta name=\"twitter:label2\" content=\"Tempo estimado de leitura\" \/>\n\t<meta name=\"twitter:data2\" content=\"1 minuto\" \/>\n<script type=\"application\/ld+json\" class=\"yoast-schema-graph\">{\"@context\":\"https:\/\/schema.org\",\"@graph\":[{\"@type\":\"Article\",\"@id\":\"https:\/\/portaltela.pt\/noticias\/2026\/03\/16\/familia-com-quatro-menores-fica-sem-caravana-onde-vivia-em-lisboa\/#article\",\"isPartOf\":{\"@id\":\"https:\/\/portaltela.pt\/noticias\/2026\/03\/16\/familia-com-quatro-menores-fica-sem-caravana-onde-vivia-em-lisboa\/\"},\"author\":{\"name\":\"Telinha\",\"@id\":\"https:\/\/portaltela.pt\/#\/schema\/person\/c4278d4a6028830caff9ee44b42d32ed\"},\"headline\":\"Fam\u00edlia com quatro menores fica sem caravana onde vivia em Lisboa\",\"datePublished\":\"2026-03-16T19:59:21+00:00\",\"mainEntityOfPage\":{\"@id\":\"https:\/\/portaltela.pt\/noticias\/2026\/03\/16\/familia-com-quatro-menores-fica-sem-caravana-onde-vivia-em-lisboa\/\"},\"wordCount\":290,\"image\":{\"@id\":\"https:\/\/portaltela.pt\/noticias\/2026\/03\/16\/familia-com-quatro-menores-fica-sem-caravana-onde-vivia-em-lisboa\/#primaryimage\"},\"thumbnailUrl\":\"https:\/\/portaltela.pt\/s.01k8rhncp4jt1\/2026\/03\/img_1500x1000uu2021-07-20-16-58-07-1062411.jpg\",\"keywords\":[\"Areeiro\",\"arrendamento\",\"habita\u00e7\u00e3o\",\"habita\u00e7\u00e3o social\",\"Lisboa\",\"sem-abrigo\"],\"articleSection\":[\"Not\u00edcias\"],\"inLanguage\":\"pt-PT\"},{\"@type\":\"WebPage\",\"@id\":\"https:\/\/portaltela.pt\/noticias\/2026\/03\/16\/familia-com-quatro-menores-fica-sem-caravana-onde-vivia-em-lisboa\/\",\"url\":\"https:\/\/portaltela.pt\/noticias\/2026\/03\/16\/familia-com-quatro-menores-fica-sem-caravana-onde-vivia-em-lisboa\/\",\"name\":\"Fam\u00edlia com quatro menores fica sem caravana onde vivia em Lisboa - Portal Tela Portugal\",\"isPartOf\":{\"@id\":\"https:\/\/portaltela.pt\/#website\"},\"primaryImageOfPage\":{\"@id\":\"https:\/\/portaltela.pt\/noticias\/2026\/03\/16\/familia-com-quatro-menores-fica-sem-caravana-onde-vivia-em-lisboa\/#primaryimage\"},\"image\":{\"@id\":\"https:\/\/portaltela.pt\/noticias\/2026\/03\/16\/familia-com-quatro-menores-fica-sem-caravana-onde-vivia-em-lisboa\/#primaryimage\"},\"thumbnailUrl\":\"https:\/\/portaltela.pt\/s.01k8rhncp4jt1\/2026\/03\/img_1500x1000uu2021-07-20-16-58-07-1062411.jpg\",\"datePublished\":\"2026-03-16T19:59:21+00:00\",\"author\":{\"@id\":\"https:\/\/portaltela.pt\/#\/schema\/person\/c4278d4a6028830caff9ee44b42d32ed\"},\"breadcrumb\":{\"@id\":\"https:\/\/portaltela.pt\/noticias\/2026\/03\/16\/familia-com-quatro-menores-fica-sem-caravana-onde-vivia-em-lisboa\/#breadcrumb\"},\"inLanguage\":\"pt-PT\",\"potentialAction\":[{\"@type\":\"ReadAction\",\"target\":[\"https:\/\/portaltela.pt\/noticias\/2026\/03\/16\/familia-com-quatro-menores-fica-sem-caravana-onde-vivia-em-lisboa\/\"]}]},{\"@type\":\"ImageObject\",\"inLanguage\":\"pt-PT\",\"@id\":\"https:\/\/portaltela.pt\/noticias\/2026\/03\/16\/familia-com-quatro-menores-fica-sem-caravana-onde-vivia-em-lisboa\/#primaryimage\",\"url\":\"https:\/\/portaltela.pt\/s.01k8rhncp4jt1\/2026\/03\/img_1500x1000uu2021-07-20-16-58-07-1062411.jpg\",\"contentUrl\":\"https:\/\/portaltela.pt\/s.01k8rhncp4jt1\/2026\/03\/img_1500x1000uu2021-07-20-16-58-07-1062411.jpg\",\"width\":796,\"height\":448,\"caption\":\"Autocaravana\"},{\"@type\":\"BreadcrumbList\",\"@id\":\"https:\/\/portaltela.pt\/noticias\/2026\/03\/16\/familia-com-quatro-menores-fica-sem-caravana-onde-vivia-em-lisboa\/#breadcrumb\",\"itemListElement\":[{\"@type\":\"ListItem\",\"position\":1,\"name\":\"In\u00edcio\",\"item\":\"https:\/\/portaltela.pt\/\"},{\"@type\":\"ListItem\",\"position\":2,\"name\":\"Fam\u00edlia com quatro menores fica sem caravana onde vivia em Lisboa\"}]},{\"@type\":\"WebSite\",\"@id\":\"https:\/\/portaltela.pt\/#website\",\"url\":\"https:\/\/portaltela.pt\/\",\"name\":\"Portal Tela Portugal\",\"description\":\"\",\"potentialAction\":[{\"@type\":\"SearchAction\",\"target\":{\"@type\":\"EntryPoint\",\"urlTemplate\":\"https:\/\/portaltela.pt\/?s={search_term_string}\"},\"query-input\":{\"@type\":\"PropertyValueSpecification\",\"valueRequired\":true,\"valueName\":\"search_term_string\"}}],\"inLanguage\":\"pt-PT\"},{\"@type\":\"Person\",\"@id\":\"https:\/\/portaltela.pt\/#\/schema\/person\/c4278d4a6028830caff9ee44b42d32ed\",\"name\":\"Telinha\",\"image\":{\"@type\":\"ImageObject\",\"inLanguage\":\"pt-PT\",\"@id\":\"https:\/\/portaltela.pt\/s.01k8rhncp4jt1\/2025\/11\/talking-bot-125x125.png\",\"url\":\"https:\/\/portaltela.pt\/s.01k8rhncp4jt1\/2025\/11\/talking-bot-125x125.png\",\"contentUrl\":\"https:\/\/portaltela.pt\/s.01k8rhncp4jt1\/2025\/11\/talking-bot-125x125.png\",\"caption\":\"Telinha\"},\"sameAs\":[\"https:\/\/portaltela.pt\/\"],\"url\":\"https:\/\/portaltela.pt\/por\/367410592786\/\"}]}<\/script>\n<!-- \/ Yoast SEO plugin. -->","yoast_head_json":{"title":"Fam\u00edlia com quatro menores fica sem caravana onde vivia em Lisboa - Portal Tela Portugal","robots":{"index":"index","follow":"follow","max-snippet":"max-snippet:-1","max-image-preview":"max-image-preview:large","max-video-preview":"max-video-preview:-1"},"og_locale":"pt_PT","og_type":"article","og_title":"Fam\u00edlia com quatro menores fica sem caravana onde vivia em Lisboa - Portal Tela Portugal","og_description":"Uma fam\u00edlia de seis pessoas, com quatro filhos menores, viu na segunda-feira o ve\u00edculo (caravana) confiscado pela C\u00e2mara Municipal de Lisboa no Bairro Portugal Novo, sem aviso pr\u00e9vio nem acompanhamento social. A caravana servia de habita\u00e7\u00e3o h\u00e1 dois anos, no Largo Roque Laia, e a situa\u00e7\u00e3o de car\u00eancia habitacional era do conhecimento da c\u00e2mara, que tinha sido apresentada uma candidatura ao Programa de Arrendamento Apoiado. O PCP afirma que a apreens\u00e3o ocorreu sem aviso e sem apoio social, e acrescenta que a Junta de Freguesia do Areeiro tamb\u00e9m estava informada, tendo garantido que n\u00e3o sairiam sem uma solu\u00e7\u00e3o. A verea\u00e7\u00e3o comunista sustenta que a a\u00e7\u00e3o n\u00e3o resolve o problema e pode agravar a situa\u00e7\u00e3o, apresentando um requerimento ao presidente da C\u00e2mara, Carlos Moedas, para esclarecer o confisco e o andamento da candidatura. A ag\u00eancia Lusa questionou o gabinete do presidente da C\u00e2mara sobre o caso, aguardando resposta.","og_url":"https:\/\/portaltela.pt\/noticias\/2026\/03\/16\/familia-com-quatro-menores-fica-sem-caravana-onde-vivia-em-lisboa\/","og_site_name":"Portal Tela Portugal","article_published_time":"2026-03-16T19:59:21+00:00","author":"Telinha","twitter_card":"summary_large_image","twitter_misc":{"Escrito por":"Telinha","Tempo estimado de leitura":"1 minuto"},"schema":{"@context":"https:\/\/schema.org","@graph":[{"@type":"Article","@id":"https:\/\/portaltela.pt\/noticias\/2026\/03\/16\/familia-com-quatro-menores-fica-sem-caravana-onde-vivia-em-lisboa\/#article","isPartOf":{"@id":"https:\/\/portaltela.pt\/noticias\/2026\/03\/16\/familia-com-quatro-menores-fica-sem-caravana-onde-vivia-em-lisboa\/"},"author":{"name":"Telinha","@id":"https:\/\/portaltela.pt\/#\/schema\/person\/c4278d4a6028830caff9ee44b42d32ed"},"headline":"Fam\u00edlia com quatro menores fica sem caravana onde vivia em Lisboa","datePublished":"2026-03-16T19:59:21+00:00","mainEntityOfPage":{"@id":"https:\/\/portaltela.pt\/noticias\/2026\/03\/16\/familia-com-quatro-menores-fica-sem-caravana-onde-vivia-em-lisboa\/"},"wordCount":290,"image":{"@id":"https:\/\/portaltela.pt\/noticias\/2026\/03\/16\/familia-com-quatro-menores-fica-sem-caravana-onde-vivia-em-lisboa\/#primaryimage"},"thumbnailUrl":"https:\/\/portaltela.pt\/s.01k8rhncp4jt1\/2026\/03\/img_1500x1000uu2021-07-20-16-58-07-1062411.jpg","keywords":["Areeiro","arrendamento","habita\u00e7\u00e3o","habita\u00e7\u00e3o social","Lisboa","sem-abrigo"],"articleSection":["Not\u00edcias"],"inLanguage":"pt-PT"},{"@type":"WebPage","@id":"https:\/\/portaltela.pt\/noticias\/2026\/03\/16\/familia-com-quatro-menores-fica-sem-caravana-onde-vivia-em-lisboa\/","url":"https:\/\/portaltela.pt\/noticias\/2026\/03\/16\/familia-com-quatro-menores-fica-sem-caravana-onde-vivia-em-lisboa\/","name":"Fam\u00edlia com quatro menores fica sem caravana onde vivia em Lisboa - Portal Tela Portugal","isPartOf":{"@id":"https:\/\/portaltela.pt\/#website"},"primaryImageOfPage":{"@id":"https:\/\/portaltela.pt\/noticias\/2026\/03\/16\/familia-com-quatro-menores-fica-sem-caravana-onde-vivia-em-lisboa\/#primaryimage"},"image":{"@id":"https:\/\/portaltela.pt\/noticias\/2026\/03\/16\/familia-com-quatro-menores-fica-sem-caravana-onde-vivia-em-lisboa\/#primaryimage"},"thumbnailUrl":"https:\/\/portaltela.pt\/s.01k8rhncp4jt1\/2026\/03\/img_1500x1000uu2021-07-20-16-58-07-1062411.jpg","datePublished":"2026-03-16T19:59:21+00:00","author":{"@id":"https:\/\/portaltela.pt\/#\/schema\/person\/c4278d4a6028830caff9ee44b42d32ed"},"breadcrumb":{"@id":"https:\/\/portaltela.pt\/noticias\/2026\/03\/16\/familia-com-quatro-menores-fica-sem-caravana-onde-vivia-em-lisboa\/#breadcrumb"},"inLanguage":"pt-PT","potentialAction":[{"@type":"ReadAction","target":["https:\/\/portaltela.pt\/noticias\/2026\/03\/16\/familia-com-quatro-menores-fica-sem-caravana-onde-vivia-em-lisboa\/"]}]},{"@type":"ImageObject","inLanguage":"pt-PT","@id":"https:\/\/portaltela.pt\/noticias\/2026\/03\/16\/familia-com-quatro-menores-fica-sem-caravana-onde-vivia-em-lisboa\/#primaryimage","url":"https:\/\/portaltela.pt\/s.01k8rhncp4jt1\/2026\/03\/img_1500x1000uu2021-07-20-16-58-07-1062411.jpg","contentUrl":"https:\/\/portaltela.pt\/s.01k8rhncp4jt1\/2026\/03\/img_1500x1000uu2021-07-20-16-58-07-1062411.jpg","width":796,"height":448,"caption":"Autocaravana"},{"@type":"BreadcrumbList","@id":"https:\/\/portaltela.pt\/noticias\/2026\/03\/16\/familia-com-quatro-menores-fica-sem-caravana-onde-vivia-em-lisboa\/#breadcrumb","itemListElement":[{"@type":"ListItem","position":1,"name":"In\u00edcio","item":"https:\/\/portaltela.pt\/"},{"@type":"ListItem","position":2,"name":"Fam\u00edlia com quatro menores fica sem caravana onde vivia em Lisboa"}]},{"@type":"WebSite","@id":"https:\/\/portaltela.pt\/#website","url":"https:\/\/portaltela.pt\/","name":"Portal Tela Portugal","description":"","potentialAction":[{"@type":"SearchAction","target":{"@type":"EntryPoint","urlTemplate":"https:\/\/portaltela.pt\/?s={search_term_string}"},"query-input":{"@type":"PropertyValueSpecification","valueRequired":true,"valueName":"search_term_string"}}],"inLanguage":"pt-PT"},{"@type":"Person","@id":"https:\/\/portaltela.pt\/#\/schema\/person\/c4278d4a6028830caff9ee44b42d32ed","name":"Telinha","image":{"@type":"ImageObject","inLanguage":"pt-PT","@id":"https:\/\/portaltela.pt\/s.01k8rhncp4jt1\/2025\/11\/talking-bot-125x125.png","url":"https:\/\/portaltela.pt\/s.01k8rhncp4jt1\/2025\/11\/talking-bot-125x125.png","contentUrl":"https:\/\/portaltela.pt\/s.01k8rhncp4jt1\/2025\/11\/talking-bot-125x125.png","caption":"Telinha"},"sameAs":["https:\/\/portaltela.pt\/"],"url":"https:\/\/portaltela.pt\/por\/367410592786\/"}]}},"_links":{"self":[{"href":"https:\/\/portaltela.pt\/api\/wp\/v2\/posts\/412541","targetHints":{"allow":["GET"]}}],"collection":[{"href":"https:\/\/portaltela.pt\/api\/wp\/v2\/posts"}],"about":[{"href":"https:\/\/portaltela.pt\/api\/wp\/v2\/types\/post"}],"author":[{"embeddable":true,"href":"https:\/\/portaltela.pt\/api\/wp\/v2\/users\/2"}],"replies":[{"embeddable":true,"href":"https:\/\/portaltela.pt\/api\/wp\/v2\/comments?post=412541"}],"version-history":[{"count":0,"href":"https:\/\/portaltela.pt\/api\/wp\/v2\/posts\/412541\/revisions"}],"wp:featuredmedia":[{"embeddable":true,"href":"https:\/\/portaltela.pt\/api\/wp\/v2\/media\/412542"}],"wp:attachment":[{"href":"https:\/\/portaltela.pt\/api\/wp\/v2\/media?parent=412541"}],"wp:term":[{"taxonomy":"category","embeddable":true,"href":"https:\/\/portaltela.pt\/api\/wp\/v2\/categories?post=412541"},{"taxonomy":"post_tag","embeddable":true,"href":"https:\/\/portaltela.pt\/api\/wp\/v2\/tags?post=412541"}],"curies":[{"name":"wp","href":"https:\/\/api.w.org\/{rel}","templated":true}]}}