{"id":412511,"date":"2026-03-16T16:47:02","date_gmt":"2026-03-16T19:47:02","guid":{"rendered":"https:\/\/portaltela.pt\/noticias\/2026\/03\/16\/museu-d-orsay-inaugura-duas-exposicoes-de-renoir-pinturas-e-desenhos\/"},"modified":"2026-03-16T16:47:02","modified_gmt":"2026-03-16T19:47:02","slug":"museu-d-orsay-inaugura-duas-exposicoes-de-renoir-pinturas-e-desenhos","status":"publish","type":"post","link":"https:\/\/portaltela.pt\/noticias\/2026\/03\/16\/museu-d-orsay-inaugura-duas-exposicoes-de-renoir-pinturas-e-desenhos\/","title":{"rendered":"Museu d&#8217;Orsay inaugura duas exposi\u00e7\u00f5es de Renoir: pinturas e desenhos"},"content":{"rendered":"<p>O Mus\u00e9e d&#8217;Orsay, em Paris, abre duas exposi\u00e7\u00f5es dedicadas a Pierre-Auguste Renoir. A mostra Renoir et l&#8217;amour foca nos primeiros quadros do artista, enquanto Renoir dessinateur destaca o papel do desenho na sua obra. A dupla revisita a carreira do pintor impressionista.<\/p>\n<p>As exposi\u00e7\u00f5es come\u00e7am no dia 17 de mar\u00e7o e v\u00e3o at\u00e9 19 de julho. O espa\u00e7o parisiense re\u00fane pintura de Renoir em destaque e um conjunto de desenhos, aguarelas, past\u00e9is e sanguines que mostram a versatilidade t\u00e9cnica do artista.<\/p>\n<p>Entre os destaques, o Luncheon des Barques, de 1881, est\u00e1 de regresso a Paris. Raramente emprestado, o quadro costuma permanecer em Washington, e passa a integrar a sele\u00e7\u00e3o de Renoir nesta mostra.<\/p>\n<p>A exposi\u00e7\u00e3o dedicada aos desenhos revela que Renoir dominava todas as t\u00e9cnicas ao longo de quase seis d\u00e9cadas. A curadoria destaca que o museu revela um lado pouco conhecido do artista al\u00e9m da cor e da luz.<\/p>\n<h3>Exposi\u00e7\u00f5es e obras-chave<\/h3>\n<p>Paul Perrin, diretor de conserva\u00e7\u00e3o do museu, descreve tr\u00eas casais que dan\u00e7am como um ponto alto da carreira de Renoir. Segundo ele, a representa\u00e7\u00e3o de amor, ternura e desejo marca uma express\u00e3o singular do artista.<\/p>\n<p>Para Perrin, a mostra de desenhos permite ver Renoir como desenhador ativo ao longo da sua carreira. A exposi\u00e7\u00e3o inclui desenhos, aguarelas e outras t\u00e9cnicas, expandindo a compreens\u00e3o do seu g\u00e9nio criativo.<\/p>\n","protected":false},"excerpt":{"rendered":"<ul>\n<li>A partir de 17 de mar\u00e7o, o Mus\u00e9e d&#8217;Orsay dedica duas exposi\u00e7\u00f5es a Pierre-Auguste Renoir: \u201cRenoir et l&#8217;amour\u201d (primeiros quadros) e \u201cRenoir dessinateur\u201d (import\u00e2ncia do desenho na sua obra).<\/li>\n<li>As exposi\u00e7\u00f5es, que se prolongam at\u00e9 19 de julho, exploram a carreira do artista impressionista, destacando a linha e a cor.<\/li>\n<li>Um dos pontos altos \u00e9 \u201cO Almo\u00e7o dos Barqueiros\u201d (1881), que regressa a Paris vindo de Washington, exibida entre as obras-primas de Renoir.<\/li>\n<li>Est\u00e3o reunidas tr\u00eas telas de dan\u00e7a, incluindo uma pe\u00e7a rara de uma cole\u00e7\u00e3o privada, com coment\u00e1rio de Paul Perrin sobre a import\u00e2ncia do tema.<\/li>\n<li>A segunda parte da mostra foca-se nos desenhos de Renoir, revelando um lado pouco conhecido do artista e a sua maestria em v\u00e1rias t\u00e9cnicas.<\/li>\n<\/ul>\n","protected":false},"author":2,"featured_media":412517,"comment_status":"closed","ping_status":"closed","sticky":false,"template":"","format":"standard","meta":{"footnotes":""},"categories":[1],"tags":[70,1397,1192,3163,248],"class_list":["post-412511","post","type-post","status-publish","format-standard","has-post-thumbnail","hentry","category-noticias","tag-arte","tag-exposicoes","tag-museus-arquivos","tag-paris","tag-pintura"],"yoast_head":"<!-- This site is optimized with the Yoast SEO plugin v27.2 - https:\/\/yoast.com\/product\/yoast-seo-wordpress\/ -->\n<title>Museu d&#039;Orsay inaugura duas exposi\u00e7\u00f5es de Renoir: pinturas e desenhos - Portal Tela Portugal<\/title>\n<meta name=\"robots\" content=\"index, follow, max-snippet:-1, max-image-preview:large, max-video-preview:-1\" \/>\n<meta property=\"og:locale\" content=\"pt_PT\" \/>\n<meta property=\"og:type\" content=\"article\" \/>\n<meta property=\"og:title\" content=\"Museu d&#039;Orsay inaugura duas exposi\u00e7\u00f5es de Renoir: pinturas e desenhos - Portal Tela Portugal\" \/>\n<meta property=\"og:description\" content=\"A partir de 17 de mar\u00e7o, o Mus\u00e9e d&#039;Orsay dedica duas exposi\u00e7\u00f5es a Pierre-Auguste Renoir: \u201cRenoir et l&#039;amour\u201d (primeiros quadros) e \u201cRenoir dessinateur\u201d (import\u00e2ncia do desenho na sua obra). As exposi\u00e7\u00f5es, que se prolongam at\u00e9 19 de julho, exploram a carreira do artista impressionista, destacando a linha e a cor. Um dos pontos altos \u00e9 \u201cO Almo\u00e7o dos Barqueiros\u201d (1881), que regressa a Paris vindo de Washington, exibida entre as obras-primas de Renoir. Est\u00e3o reunidas tr\u00eas telas de dan\u00e7a, incluindo uma pe\u00e7a rara de uma cole\u00e7\u00e3o privada, com coment\u00e1rio de Paul Perrin sobre a import\u00e2ncia do tema. A segunda parte da mostra foca-se nos desenhos de Renoir, revelando um lado pouco conhecido do artista e a sua maestria em v\u00e1rias t\u00e9cnicas.\" \/>\n<meta property=\"og:url\" content=\"https:\/\/portaltela.pt\/noticias\/2026\/03\/16\/museu-d-orsay-inaugura-duas-exposicoes-de-renoir-pinturas-e-desenhos\/\" \/>\n<meta property=\"og:site_name\" content=\"Portal Tela Portugal\" \/>\n<meta property=\"article:published_time\" content=\"2026-03-16T19:47:02+00:00\" \/>\n<meta name=\"author\" content=\"Telinha\" \/>\n<meta name=\"twitter:card\" content=\"summary_large_image\" \/>\n<meta name=\"twitter:label1\" content=\"Escrito por\" \/>\n\t<meta name=\"twitter:data1\" content=\"Telinha\" \/>\n\t<meta name=\"twitter:label2\" content=\"Tempo estimado de leitura\" \/>\n\t<meta name=\"twitter:data2\" content=\"1 minuto\" \/>\n<script type=\"application\/ld+json\" class=\"yoast-schema-graph\">{\"@context\":\"https:\/\/schema.org\",\"@graph\":[{\"@type\":\"Article\",\"@id\":\"https:\/\/portaltela.pt\/noticias\/2026\/03\/16\/museu-d-orsay-inaugura-duas-exposicoes-de-renoir-pinturas-e-desenhos\/#article\",\"isPartOf\":{\"@id\":\"https:\/\/portaltela.pt\/noticias\/2026\/03\/16\/museu-d-orsay-inaugura-duas-exposicoes-de-renoir-pinturas-e-desenhos\/\"},\"author\":{\"name\":\"Telinha\",\"@id\":\"https:\/\/portaltela.pt\/#\/schema\/person\/c4278d4a6028830caff9ee44b42d32ed\"},\"headline\":\"Museu d&#8217;Orsay inaugura duas exposi\u00e7\u00f5es de Renoir: pinturas e desenhos\",\"datePublished\":\"2026-03-16T19:47:02+00:00\",\"mainEntityOfPage\":{\"@id\":\"https:\/\/portaltela.pt\/noticias\/2026\/03\/16\/museu-d-orsay-inaugura-duas-exposicoes-de-renoir-pinturas-e-desenhos\/\"},\"wordCount\":256,\"image\":{\"@id\":\"https:\/\/portaltela.pt\/noticias\/2026\/03\/16\/museu-d-orsay-inaugura-duas-exposicoes-de-renoir-pinturas-e-desenhos\/#primaryimage\"},\"thumbnailUrl\":\"https:\/\/portaltela.pt\/s.01k8rhncp4jt1\/2026\/03\/1536x864_cmsv2_50697c10-bf5f-58b8-8064-6cd92523c756-9687472.jpg\",\"keywords\":[\"arte\",\"exposi\u00e7\u00f5es\",\"museus\/arquivos\",\"Paris\",\"pintura\"],\"articleSection\":[\"Not\u00edcias\"],\"inLanguage\":\"pt-PT\"},{\"@type\":\"WebPage\",\"@id\":\"https:\/\/portaltela.pt\/noticias\/2026\/03\/16\/museu-d-orsay-inaugura-duas-exposicoes-de-renoir-pinturas-e-desenhos\/\",\"url\":\"https:\/\/portaltela.pt\/noticias\/2026\/03\/16\/museu-d-orsay-inaugura-duas-exposicoes-de-renoir-pinturas-e-desenhos\/\",\"name\":\"Museu d'Orsay inaugura duas exposi\u00e7\u00f5es de Renoir: pinturas e desenhos - Portal Tela Portugal\",\"isPartOf\":{\"@id\":\"https:\/\/portaltela.pt\/#website\"},\"primaryImageOfPage\":{\"@id\":\"https:\/\/portaltela.pt\/noticias\/2026\/03\/16\/museu-d-orsay-inaugura-duas-exposicoes-de-renoir-pinturas-e-desenhos\/#primaryimage\"},\"image\":{\"@id\":\"https:\/\/portaltela.pt\/noticias\/2026\/03\/16\/museu-d-orsay-inaugura-duas-exposicoes-de-renoir-pinturas-e-desenhos\/#primaryimage\"},\"thumbnailUrl\":\"https:\/\/portaltela.pt\/s.01k8rhncp4jt1\/2026\/03\/1536x864_cmsv2_50697c10-bf5f-58b8-8064-6cd92523c756-9687472.jpg\",\"datePublished\":\"2026-03-16T19:47:02+00:00\",\"author\":{\"@id\":\"https:\/\/portaltela.pt\/#\/schema\/person\/c4278d4a6028830caff9ee44b42d32ed\"},\"breadcrumb\":{\"@id\":\"https:\/\/portaltela.pt\/noticias\/2026\/03\/16\/museu-d-orsay-inaugura-duas-exposicoes-de-renoir-pinturas-e-desenhos\/#breadcrumb\"},\"inLanguage\":\"pt-PT\",\"potentialAction\":[{\"@type\":\"ReadAction\",\"target\":[\"https:\/\/portaltela.pt\/noticias\/2026\/03\/16\/museu-d-orsay-inaugura-duas-exposicoes-de-renoir-pinturas-e-desenhos\/\"]}]},{\"@type\":\"ImageObject\",\"inLanguage\":\"pt-PT\",\"@id\":\"https:\/\/portaltela.pt\/noticias\/2026\/03\/16\/museu-d-orsay-inaugura-duas-exposicoes-de-renoir-pinturas-e-desenhos\/#primaryimage\",\"url\":\"https:\/\/portaltela.pt\/s.01k8rhncp4jt1\/2026\/03\/1536x864_cmsv2_50697c10-bf5f-58b8-8064-6cd92523c756-9687472.jpg\",\"contentUrl\":\"https:\/\/portaltela.pt\/s.01k8rhncp4jt1\/2026\/03\/1536x864_cmsv2_50697c10-bf5f-58b8-8064-6cd92523c756-9687472.jpg\",\"width\":796,\"height\":448,\"caption\":\"O interior do Museu d'Orsay em Paris\"},{\"@type\":\"BreadcrumbList\",\"@id\":\"https:\/\/portaltela.pt\/noticias\/2026\/03\/16\/museu-d-orsay-inaugura-duas-exposicoes-de-renoir-pinturas-e-desenhos\/#breadcrumb\",\"itemListElement\":[{\"@type\":\"ListItem\",\"position\":1,\"name\":\"In\u00edcio\",\"item\":\"https:\/\/portaltela.pt\/\"},{\"@type\":\"ListItem\",\"position\":2,\"name\":\"Museu d&#8217;Orsay inaugura duas exposi\u00e7\u00f5es de Renoir: pinturas e desenhos\"}]},{\"@type\":\"WebSite\",\"@id\":\"https:\/\/portaltela.pt\/#website\",\"url\":\"https:\/\/portaltela.pt\/\",\"name\":\"Portal Tela Portugal\",\"description\":\"\",\"potentialAction\":[{\"@type\":\"SearchAction\",\"target\":{\"@type\":\"EntryPoint\",\"urlTemplate\":\"https:\/\/portaltela.pt\/?s={search_term_string}\"},\"query-input\":{\"@type\":\"PropertyValueSpecification\",\"valueRequired\":true,\"valueName\":\"search_term_string\"}}],\"inLanguage\":\"pt-PT\"},{\"@type\":\"Person\",\"@id\":\"https:\/\/portaltela.pt\/#\/schema\/person\/c4278d4a6028830caff9ee44b42d32ed\",\"name\":\"Telinha\",\"image\":{\"@type\":\"ImageObject\",\"inLanguage\":\"pt-PT\",\"@id\":\"https:\/\/portaltela.pt\/s.01k8rhncp4jt1\/2025\/11\/talking-bot-125x125.png\",\"url\":\"https:\/\/portaltela.pt\/s.01k8rhncp4jt1\/2025\/11\/talking-bot-125x125.png\",\"contentUrl\":\"https:\/\/portaltela.pt\/s.01k8rhncp4jt1\/2025\/11\/talking-bot-125x125.png\",\"caption\":\"Telinha\"},\"sameAs\":[\"https:\/\/portaltela.pt\/\"],\"url\":\"https:\/\/portaltela.pt\/por\/367410592786\/\"}]}<\/script>\n<!-- \/ Yoast SEO plugin. -->","yoast_head_json":{"title":"Museu d'Orsay inaugura duas exposi\u00e7\u00f5es de Renoir: pinturas e desenhos - Portal Tela Portugal","robots":{"index":"index","follow":"follow","max-snippet":"max-snippet:-1","max-image-preview":"max-image-preview:large","max-video-preview":"max-video-preview:-1"},"og_locale":"pt_PT","og_type":"article","og_title":"Museu d'Orsay inaugura duas exposi\u00e7\u00f5es de Renoir: pinturas e desenhos - Portal Tela Portugal","og_description":"A partir de 17 de mar\u00e7o, o Mus\u00e9e d'Orsay dedica duas exposi\u00e7\u00f5es a Pierre-Auguste Renoir: \u201cRenoir et l'amour\u201d (primeiros quadros) e \u201cRenoir dessinateur\u201d (import\u00e2ncia do desenho na sua obra). As exposi\u00e7\u00f5es, que se prolongam at\u00e9 19 de julho, exploram a carreira do artista impressionista, destacando a linha e a cor. Um dos pontos altos \u00e9 \u201cO Almo\u00e7o dos Barqueiros\u201d (1881), que regressa a Paris vindo de Washington, exibida entre as obras-primas de Renoir. Est\u00e3o reunidas tr\u00eas telas de dan\u00e7a, incluindo uma pe\u00e7a rara de uma cole\u00e7\u00e3o privada, com coment\u00e1rio de Paul Perrin sobre a import\u00e2ncia do tema. A segunda parte da mostra foca-se nos desenhos de Renoir, revelando um lado pouco conhecido do artista e a sua maestria em v\u00e1rias t\u00e9cnicas.","og_url":"https:\/\/portaltela.pt\/noticias\/2026\/03\/16\/museu-d-orsay-inaugura-duas-exposicoes-de-renoir-pinturas-e-desenhos\/","og_site_name":"Portal Tela Portugal","article_published_time":"2026-03-16T19:47:02+00:00","author":"Telinha","twitter_card":"summary_large_image","twitter_misc":{"Escrito por":"Telinha","Tempo estimado de leitura":"1 minuto"},"schema":{"@context":"https:\/\/schema.org","@graph":[{"@type":"Article","@id":"https:\/\/portaltela.pt\/noticias\/2026\/03\/16\/museu-d-orsay-inaugura-duas-exposicoes-de-renoir-pinturas-e-desenhos\/#article","isPartOf":{"@id":"https:\/\/portaltela.pt\/noticias\/2026\/03\/16\/museu-d-orsay-inaugura-duas-exposicoes-de-renoir-pinturas-e-desenhos\/"},"author":{"name":"Telinha","@id":"https:\/\/portaltela.pt\/#\/schema\/person\/c4278d4a6028830caff9ee44b42d32ed"},"headline":"Museu d&#8217;Orsay inaugura duas exposi\u00e7\u00f5es de Renoir: pinturas e desenhos","datePublished":"2026-03-16T19:47:02+00:00","mainEntityOfPage":{"@id":"https:\/\/portaltela.pt\/noticias\/2026\/03\/16\/museu-d-orsay-inaugura-duas-exposicoes-de-renoir-pinturas-e-desenhos\/"},"wordCount":256,"image":{"@id":"https:\/\/portaltela.pt\/noticias\/2026\/03\/16\/museu-d-orsay-inaugura-duas-exposicoes-de-renoir-pinturas-e-desenhos\/#primaryimage"},"thumbnailUrl":"https:\/\/portaltela.pt\/s.01k8rhncp4jt1\/2026\/03\/1536x864_cmsv2_50697c10-bf5f-58b8-8064-6cd92523c756-9687472.jpg","keywords":["arte","exposi\u00e7\u00f5es","museus\/arquivos","Paris","pintura"],"articleSection":["Not\u00edcias"],"inLanguage":"pt-PT"},{"@type":"WebPage","@id":"https:\/\/portaltela.pt\/noticias\/2026\/03\/16\/museu-d-orsay-inaugura-duas-exposicoes-de-renoir-pinturas-e-desenhos\/","url":"https:\/\/portaltela.pt\/noticias\/2026\/03\/16\/museu-d-orsay-inaugura-duas-exposicoes-de-renoir-pinturas-e-desenhos\/","name":"Museu d'Orsay inaugura duas exposi\u00e7\u00f5es de Renoir: pinturas e desenhos - Portal Tela Portugal","isPartOf":{"@id":"https:\/\/portaltela.pt\/#website"},"primaryImageOfPage":{"@id":"https:\/\/portaltela.pt\/noticias\/2026\/03\/16\/museu-d-orsay-inaugura-duas-exposicoes-de-renoir-pinturas-e-desenhos\/#primaryimage"},"image":{"@id":"https:\/\/portaltela.pt\/noticias\/2026\/03\/16\/museu-d-orsay-inaugura-duas-exposicoes-de-renoir-pinturas-e-desenhos\/#primaryimage"},"thumbnailUrl":"https:\/\/portaltela.pt\/s.01k8rhncp4jt1\/2026\/03\/1536x864_cmsv2_50697c10-bf5f-58b8-8064-6cd92523c756-9687472.jpg","datePublished":"2026-03-16T19:47:02+00:00","author":{"@id":"https:\/\/portaltela.pt\/#\/schema\/person\/c4278d4a6028830caff9ee44b42d32ed"},"breadcrumb":{"@id":"https:\/\/portaltela.pt\/noticias\/2026\/03\/16\/museu-d-orsay-inaugura-duas-exposicoes-de-renoir-pinturas-e-desenhos\/#breadcrumb"},"inLanguage":"pt-PT","potentialAction":[{"@type":"ReadAction","target":["https:\/\/portaltela.pt\/noticias\/2026\/03\/16\/museu-d-orsay-inaugura-duas-exposicoes-de-renoir-pinturas-e-desenhos\/"]}]},{"@type":"ImageObject","inLanguage":"pt-PT","@id":"https:\/\/portaltela.pt\/noticias\/2026\/03\/16\/museu-d-orsay-inaugura-duas-exposicoes-de-renoir-pinturas-e-desenhos\/#primaryimage","url":"https:\/\/portaltela.pt\/s.01k8rhncp4jt1\/2026\/03\/1536x864_cmsv2_50697c10-bf5f-58b8-8064-6cd92523c756-9687472.jpg","contentUrl":"https:\/\/portaltela.pt\/s.01k8rhncp4jt1\/2026\/03\/1536x864_cmsv2_50697c10-bf5f-58b8-8064-6cd92523c756-9687472.jpg","width":796,"height":448,"caption":"O interior do Museu d'Orsay em Paris"},{"@type":"BreadcrumbList","@id":"https:\/\/portaltela.pt\/noticias\/2026\/03\/16\/museu-d-orsay-inaugura-duas-exposicoes-de-renoir-pinturas-e-desenhos\/#breadcrumb","itemListElement":[{"@type":"ListItem","position":1,"name":"In\u00edcio","item":"https:\/\/portaltela.pt\/"},{"@type":"ListItem","position":2,"name":"Museu d&#8217;Orsay inaugura duas exposi\u00e7\u00f5es de Renoir: pinturas e desenhos"}]},{"@type":"WebSite","@id":"https:\/\/portaltela.pt\/#website","url":"https:\/\/portaltela.pt\/","name":"Portal Tela Portugal","description":"","potentialAction":[{"@type":"SearchAction","target":{"@type":"EntryPoint","urlTemplate":"https:\/\/portaltela.pt\/?s={search_term_string}"},"query-input":{"@type":"PropertyValueSpecification","valueRequired":true,"valueName":"search_term_string"}}],"inLanguage":"pt-PT"},{"@type":"Person","@id":"https:\/\/portaltela.pt\/#\/schema\/person\/c4278d4a6028830caff9ee44b42d32ed","name":"Telinha","image":{"@type":"ImageObject","inLanguage":"pt-PT","@id":"https:\/\/portaltela.pt\/s.01k8rhncp4jt1\/2025\/11\/talking-bot-125x125.png","url":"https:\/\/portaltela.pt\/s.01k8rhncp4jt1\/2025\/11\/talking-bot-125x125.png","contentUrl":"https:\/\/portaltela.pt\/s.01k8rhncp4jt1\/2025\/11\/talking-bot-125x125.png","caption":"Telinha"},"sameAs":["https:\/\/portaltela.pt\/"],"url":"https:\/\/portaltela.pt\/por\/367410592786\/"}]}},"_links":{"self":[{"href":"https:\/\/portaltela.pt\/api\/wp\/v2\/posts\/412511","targetHints":{"allow":["GET"]}}],"collection":[{"href":"https:\/\/portaltela.pt\/api\/wp\/v2\/posts"}],"about":[{"href":"https:\/\/portaltela.pt\/api\/wp\/v2\/types\/post"}],"author":[{"embeddable":true,"href":"https:\/\/portaltela.pt\/api\/wp\/v2\/users\/2"}],"replies":[{"embeddable":true,"href":"https:\/\/portaltela.pt\/api\/wp\/v2\/comments?post=412511"}],"version-history":[{"count":0,"href":"https:\/\/portaltela.pt\/api\/wp\/v2\/posts\/412511\/revisions"}],"wp:featuredmedia":[{"embeddable":true,"href":"https:\/\/portaltela.pt\/api\/wp\/v2\/media\/412517"}],"wp:attachment":[{"href":"https:\/\/portaltela.pt\/api\/wp\/v2\/media?parent=412511"}],"wp:term":[{"taxonomy":"category","embeddable":true,"href":"https:\/\/portaltela.pt\/api\/wp\/v2\/categories?post=412511"},{"taxonomy":"post_tag","embeddable":true,"href":"https:\/\/portaltela.pt\/api\/wp\/v2\/tags?post=412511"}],"curies":[{"name":"wp","href":"https:\/\/api.w.org\/{rel}","templated":true}]}}