{"id":412508,"date":"2026-03-16T16:17:00","date_gmt":"2026-03-16T19:17:00","guid":{"rendered":"https:\/\/portaltela.pt\/noticias\/2026\/03\/16\/teste-sanguineo-pode-prever-demencia-ate-25-anos-antes-dos-sintomas\/"},"modified":"2026-03-16T16:17:00","modified_gmt":"2026-03-16T19:17:00","slug":"teste-sanguineo-pode-prever-demencia-ate-25-anos-antes-dos-sintomas","status":"publish","type":"post","link":"https:\/\/portaltela.pt\/saude\/2026\/03\/16\/teste-sanguineo-pode-prever-demencia-ate-25-anos-antes-dos-sintomas\/","title":{"rendered":"Teste sangu\u00edneo pode prever dem\u00eancia at\u00e9 25 anos antes dos sintomas"},"content":{"rendered":"<p>Um biomarcador encontrado em an\u00e1lises ao sangue pode prever o aparecimento de dem\u00eancia at\u00e9 25 anos antes dos primeiros sintomas, segundo um estudo da Universidade da Calif\u00f3rnia, EUA. A investiga\u00e7\u00e3o acompanhou 2766 mulheres com 65\u201379 anos, ao longo de 25 anos.<\/p>\n<p>Os investigadores analisaram os n\u00edveis da prote\u00edna p-tau217, associada a altera\u00e7\u00f5es cerebrais da doen\u00e7a de Alzheimer. Mulheres com valores mais elevados no in\u00edcio do estudo apresentavam maior probabilidade de desenvolver d\u00e9fices cognitivos e dem\u00eancia mais tarde.<\/p>\n<p>O estudo indica que medir p-tau217 no sangue pode identificar, com anteced\u00eancia, pessoas em risco elevado. O horizonte de tempo de v\u00e1rias d\u00e9cadas pode permitir estrat\u00e9gias de preven\u00e7\u00e3o e monitoriza\u00e7\u00e3o mais direcionadas.<\/p>\n<p>Acentua-se que os biomarcadores sangu\u00edneos s\u00e3o menos invasivos e potencialmente mais acess\u00edveis do que exames de imagem ou l\u00edquidos do sistema nervoso. Estas caracter\u00edsticas favorecem a investiga\u00e7\u00e3o sobre fatores de risco e preven\u00e7\u00e3o da dem\u00eancia.<\/p>\n<p>Neste momento, os autores destacam que ainda n\u00e3o se deve recorrer aos biomarcadores para uso cl\u00ednico em pessoas sem sintomas. s\u00e3o necess\u00e1rios mais estudos para perceber como aplicar o teste de p-tau217 na pr\u00e1tica di\u00e1ria.<\/p>\n<p>O objetivo final \u00e9 n\u00e3o apenas prever, mas retardar ou impedir o aparecimento da dem\u00eancia, conforme os investigadores. O estudo foi publicado na revista JAMA Network Open.<\/p>\n","protected":false},"excerpt":{"rendered":"<ul>\n<li>Estudo da Universidade da Calif\u00f3rnia acompanhou 2.766 mulheres, com idades entre 65 e 79 anos, ao longo de 25 anos.<\/li>\n<li>N\u00edveis elevados de p-tau217 no sangue no in\u00edcio do estudo estiveram ligados a maior probabilidade de d\u00e9fices cognitivos e de dem\u00eancia no futuro.<\/li>\n<li>O biomarcador pode prever o risco at\u00e9 25 anos antes dos sintomas, oferecendo uma alternativa menos invasiva que exames de imagem ou l\u00edquor.<\/li>\n<li>Hoje em dia n\u00e3o \u00e9 recomendado para uso cl\u00ednico em pessoas sem sinais de d\u00e9fice cognitivo; ainda s\u00e3o necess\u00e1rios mais estudos para definir a aplica\u00e7\u00e3o pr\u00e1tica.<\/li>\n<li>O objetivo \u00e9, no futuro, atrasar ou prevenir a dem\u00eancia atrav\u00e9s de interven\u00e7\u00f5es precoces com base neste indicador.<\/li>\n<\/ul>\n","protected":false},"author":2,"featured_media":412514,"comment_status":"closed","ping_status":"closed","sticky":false,"template":"","format":"standard","meta":{"footnotes":""},"categories":[6745],"tags":[1992,268,61,215,7211,172],"class_list":["post-412508","post","type-post","status-publish","format-standard","has-post-thumbnail","hentry","category-saude","tag-ciencia","tag-demencia","tag-doencas","tag-investigacao","tag-medicina","tag-saude"],"yoast_head":"<!-- This site is optimized with the Yoast SEO plugin v27.2 - https:\/\/yoast.com\/product\/yoast-seo-wordpress\/ -->\n<title>Teste sangu\u00edneo pode prever dem\u00eancia at\u00e9 25 anos antes dos sintomas - Portal Tela Portugal<\/title>\n<meta name=\"robots\" content=\"index, follow, max-snippet:-1, max-image-preview:large, max-video-preview:-1\" \/>\n<meta property=\"og:locale\" content=\"pt_PT\" \/>\n<meta property=\"og:type\" content=\"article\" \/>\n<meta property=\"og:title\" content=\"Teste sangu\u00edneo pode prever dem\u00eancia at\u00e9 25 anos antes dos sintomas - Portal Tela Portugal\" \/>\n<meta property=\"og:description\" content=\"Estudo da Universidade da Calif\u00f3rnia acompanhou 2.766 mulheres, com idades entre 65 e 79 anos, ao longo de 25 anos. N\u00edveis elevados de p-tau217 no sangue no in\u00edcio do estudo estiveram ligados a maior probabilidade de d\u00e9fices cognitivos e de dem\u00eancia no futuro. O biomarcador pode prever o risco at\u00e9 25 anos antes dos sintomas, oferecendo uma alternativa menos invasiva que exames de imagem ou l\u00edquor. Hoje em dia n\u00e3o \u00e9 recomendado para uso cl\u00ednico em pessoas sem sinais de d\u00e9fice cognitivo; ainda s\u00e3o necess\u00e1rios mais estudos para definir a aplica\u00e7\u00e3o pr\u00e1tica. O objetivo \u00e9, no futuro, atrasar ou prevenir a dem\u00eancia atrav\u00e9s de interven\u00e7\u00f5es precoces com base neste indicador.\" \/>\n<meta property=\"og:url\" content=\"https:\/\/portaltela.pt\/noticias\/2026\/03\/16\/teste-sanguineo-pode-prever-demencia-ate-25-anos-antes-dos-sintomas\/\" \/>\n<meta property=\"og:site_name\" content=\"Portal Tela Portugal\" \/>\n<meta property=\"article:published_time\" content=\"2026-03-16T19:17:00+00:00\" \/>\n<meta name=\"author\" content=\"Telinha\" \/>\n<meta name=\"twitter:card\" content=\"summary_large_image\" \/>\n<meta name=\"twitter:label1\" content=\"Escrito por\" \/>\n\t<meta name=\"twitter:data1\" content=\"Telinha\" \/>\n\t<meta name=\"twitter:label2\" content=\"Tempo estimado de leitura\" \/>\n\t<meta name=\"twitter:data2\" content=\"1 minuto\" \/>\n<script type=\"application\/ld+json\" class=\"yoast-schema-graph\">{\"@context\":\"https:\/\/schema.org\",\"@graph\":[{\"@type\":\"Article\",\"@id\":\"https:\/\/portaltela.pt\/noticias\/2026\/03\/16\/teste-sanguineo-pode-prever-demencia-ate-25-anos-antes-dos-sintomas\/#article\",\"isPartOf\":{\"@id\":\"https:\/\/portaltela.pt\/noticias\/2026\/03\/16\/teste-sanguineo-pode-prever-demencia-ate-25-anos-antes-dos-sintomas\/\"},\"author\":{\"name\":\"Telinha\",\"@id\":\"https:\/\/portaltela.pt\/#\/schema\/person\/c4278d4a6028830caff9ee44b42d32ed\"},\"headline\":\"Teste sangu\u00edneo pode prever dem\u00eancia at\u00e9 25 anos antes dos sintomas\",\"datePublished\":\"2026-03-16T19:17:00+00:00\",\"mainEntityOfPage\":{\"@id\":\"https:\/\/portaltela.pt\/noticias\/2026\/03\/16\/teste-sanguineo-pode-prever-demencia-ate-25-anos-antes-dos-sintomas\/\"},\"wordCount\":246,\"image\":{\"@id\":\"https:\/\/portaltela.pt\/noticias\/2026\/03\/16\/teste-sanguineo-pode-prever-demencia-ate-25-anos-antes-dos-sintomas\/#primaryimage\"},\"thumbnailUrl\":\"https:\/\/portaltela.pt\/s.01k8rhncp4jt1\/2026\/03\/tpUHdbIMAGENStypeJPGshare1oBarraFacebook_Publico-32.jpg\",\"keywords\":[\"ci\u00eancia\",\"dem\u00eancia\",\"doen\u00e7as\",\"investiga\u00e7\u00e3o\",\"medicina\",\"sa\u00fade\"],\"articleSection\":[\"Sa\u00fade\"],\"inLanguage\":\"pt-PT\"},{\"@type\":\"WebPage\",\"@id\":\"https:\/\/portaltela.pt\/noticias\/2026\/03\/16\/teste-sanguineo-pode-prever-demencia-ate-25-anos-antes-dos-sintomas\/\",\"url\":\"https:\/\/portaltela.pt\/noticias\/2026\/03\/16\/teste-sanguineo-pode-prever-demencia-ate-25-anos-antes-dos-sintomas\/\",\"name\":\"Teste sangu\u00edneo pode prever dem\u00eancia at\u00e9 25 anos antes dos sintomas - Portal Tela Portugal\",\"isPartOf\":{\"@id\":\"https:\/\/portaltela.pt\/#website\"},\"primaryImageOfPage\":{\"@id\":\"https:\/\/portaltela.pt\/noticias\/2026\/03\/16\/teste-sanguineo-pode-prever-demencia-ate-25-anos-antes-dos-sintomas\/#primaryimage\"},\"image\":{\"@id\":\"https:\/\/portaltela.pt\/noticias\/2026\/03\/16\/teste-sanguineo-pode-prever-demencia-ate-25-anos-antes-dos-sintomas\/#primaryimage\"},\"thumbnailUrl\":\"https:\/\/portaltela.pt\/s.01k8rhncp4jt1\/2026\/03\/tpUHdbIMAGENStypeJPGshare1oBarraFacebook_Publico-32.jpg\",\"datePublished\":\"2026-03-16T19:17:00+00:00\",\"author\":{\"@id\":\"https:\/\/portaltela.pt\/#\/schema\/person\/c4278d4a6028830caff9ee44b42d32ed\"},\"breadcrumb\":{\"@id\":\"https:\/\/portaltela.pt\/noticias\/2026\/03\/16\/teste-sanguineo-pode-prever-demencia-ate-25-anos-antes-dos-sintomas\/#breadcrumb\"},\"inLanguage\":\"pt-PT\",\"potentialAction\":[{\"@type\":\"ReadAction\",\"target\":[\"https:\/\/portaltela.pt\/noticias\/2026\/03\/16\/teste-sanguineo-pode-prever-demencia-ate-25-anos-antes-dos-sintomas\/\"]}]},{\"@type\":\"ImageObject\",\"inLanguage\":\"pt-PT\",\"@id\":\"https:\/\/portaltela.pt\/noticias\/2026\/03\/16\/teste-sanguineo-pode-prever-demencia-ate-25-anos-antes-dos-sintomas\/#primaryimage\",\"url\":\"https:\/\/portaltela.pt\/s.01k8rhncp4jt1\/2026\/03\/tpUHdbIMAGENStypeJPGshare1oBarraFacebook_Publico-32.jpg\",\"contentUrl\":\"https:\/\/portaltela.pt\/s.01k8rhncp4jt1\/2026\/03\/tpUHdbIMAGENStypeJPGshare1oBarraFacebook_Publico-32.jpg\",\"width\":1200,\"height\":630,\"caption\":\"Os indicadores das an\u00e1lises ao sangue s\u00e3o prometedores, mas ainda n\u00e3o est\u00e3o validados para uso cl\u00ednico\"},{\"@type\":\"BreadcrumbList\",\"@id\":\"https:\/\/portaltela.pt\/noticias\/2026\/03\/16\/teste-sanguineo-pode-prever-demencia-ate-25-anos-antes-dos-sintomas\/#breadcrumb\",\"itemListElement\":[{\"@type\":\"ListItem\",\"position\":1,\"name\":\"In\u00edcio\",\"item\":\"https:\/\/portaltela.pt\/\"},{\"@type\":\"ListItem\",\"position\":2,\"name\":\"Teste sangu\u00edneo pode prever dem\u00eancia at\u00e9 25 anos antes dos sintomas\"}]},{\"@type\":\"WebSite\",\"@id\":\"https:\/\/portaltela.pt\/#website\",\"url\":\"https:\/\/portaltela.pt\/\",\"name\":\"Portal Tela Portugal\",\"description\":\"\",\"potentialAction\":[{\"@type\":\"SearchAction\",\"target\":{\"@type\":\"EntryPoint\",\"urlTemplate\":\"https:\/\/portaltela.pt\/?s={search_term_string}\"},\"query-input\":{\"@type\":\"PropertyValueSpecification\",\"valueRequired\":true,\"valueName\":\"search_term_string\"}}],\"inLanguage\":\"pt-PT\"},{\"@type\":\"Person\",\"@id\":\"https:\/\/portaltela.pt\/#\/schema\/person\/c4278d4a6028830caff9ee44b42d32ed\",\"name\":\"Telinha\",\"image\":{\"@type\":\"ImageObject\",\"inLanguage\":\"pt-PT\",\"@id\":\"https:\/\/portaltela.pt\/s.01k8rhncp4jt1\/2025\/11\/talking-bot-125x125.png\",\"url\":\"https:\/\/portaltela.pt\/s.01k8rhncp4jt1\/2025\/11\/talking-bot-125x125.png\",\"contentUrl\":\"https:\/\/portaltela.pt\/s.01k8rhncp4jt1\/2025\/11\/talking-bot-125x125.png\",\"caption\":\"Telinha\"},\"sameAs\":[\"https:\/\/portaltela.pt\/\"],\"url\":\"https:\/\/portaltela.pt\/por\/367410592786\/\"}]}<\/script>\n<!-- \/ Yoast SEO plugin. -->","yoast_head_json":{"title":"Teste sangu\u00edneo pode prever dem\u00eancia at\u00e9 25 anos antes dos sintomas - Portal Tela Portugal","robots":{"index":"index","follow":"follow","max-snippet":"max-snippet:-1","max-image-preview":"max-image-preview:large","max-video-preview":"max-video-preview:-1"},"og_locale":"pt_PT","og_type":"article","og_title":"Teste sangu\u00edneo pode prever dem\u00eancia at\u00e9 25 anos antes dos sintomas - Portal Tela Portugal","og_description":"Estudo da Universidade da Calif\u00f3rnia acompanhou 2.766 mulheres, com idades entre 65 e 79 anos, ao longo de 25 anos. N\u00edveis elevados de p-tau217 no sangue no in\u00edcio do estudo estiveram ligados a maior probabilidade de d\u00e9fices cognitivos e de dem\u00eancia no futuro. O biomarcador pode prever o risco at\u00e9 25 anos antes dos sintomas, oferecendo uma alternativa menos invasiva que exames de imagem ou l\u00edquor. Hoje em dia n\u00e3o \u00e9 recomendado para uso cl\u00ednico em pessoas sem sinais de d\u00e9fice cognitivo; ainda s\u00e3o necess\u00e1rios mais estudos para definir a aplica\u00e7\u00e3o pr\u00e1tica. O objetivo \u00e9, no futuro, atrasar ou prevenir a dem\u00eancia atrav\u00e9s de interven\u00e7\u00f5es precoces com base neste indicador.","og_url":"https:\/\/portaltela.pt\/noticias\/2026\/03\/16\/teste-sanguineo-pode-prever-demencia-ate-25-anos-antes-dos-sintomas\/","og_site_name":"Portal Tela Portugal","article_published_time":"2026-03-16T19:17:00+00:00","author":"Telinha","twitter_card":"summary_large_image","twitter_misc":{"Escrito por":"Telinha","Tempo estimado de leitura":"1 minuto"},"schema":{"@context":"https:\/\/schema.org","@graph":[{"@type":"Article","@id":"https:\/\/portaltela.pt\/noticias\/2026\/03\/16\/teste-sanguineo-pode-prever-demencia-ate-25-anos-antes-dos-sintomas\/#article","isPartOf":{"@id":"https:\/\/portaltela.pt\/noticias\/2026\/03\/16\/teste-sanguineo-pode-prever-demencia-ate-25-anos-antes-dos-sintomas\/"},"author":{"name":"Telinha","@id":"https:\/\/portaltela.pt\/#\/schema\/person\/c4278d4a6028830caff9ee44b42d32ed"},"headline":"Teste sangu\u00edneo pode prever dem\u00eancia at\u00e9 25 anos antes dos sintomas","datePublished":"2026-03-16T19:17:00+00:00","mainEntityOfPage":{"@id":"https:\/\/portaltela.pt\/noticias\/2026\/03\/16\/teste-sanguineo-pode-prever-demencia-ate-25-anos-antes-dos-sintomas\/"},"wordCount":246,"image":{"@id":"https:\/\/portaltela.pt\/noticias\/2026\/03\/16\/teste-sanguineo-pode-prever-demencia-ate-25-anos-antes-dos-sintomas\/#primaryimage"},"thumbnailUrl":"https:\/\/portaltela.pt\/s.01k8rhncp4jt1\/2026\/03\/tpUHdbIMAGENStypeJPGshare1oBarraFacebook_Publico-32.jpg","keywords":["ci\u00eancia","dem\u00eancia","doen\u00e7as","investiga\u00e7\u00e3o","medicina","sa\u00fade"],"articleSection":["Sa\u00fade"],"inLanguage":"pt-PT"},{"@type":"WebPage","@id":"https:\/\/portaltela.pt\/noticias\/2026\/03\/16\/teste-sanguineo-pode-prever-demencia-ate-25-anos-antes-dos-sintomas\/","url":"https:\/\/portaltela.pt\/noticias\/2026\/03\/16\/teste-sanguineo-pode-prever-demencia-ate-25-anos-antes-dos-sintomas\/","name":"Teste sangu\u00edneo pode prever dem\u00eancia at\u00e9 25 anos antes dos sintomas - Portal Tela Portugal","isPartOf":{"@id":"https:\/\/portaltela.pt\/#website"},"primaryImageOfPage":{"@id":"https:\/\/portaltela.pt\/noticias\/2026\/03\/16\/teste-sanguineo-pode-prever-demencia-ate-25-anos-antes-dos-sintomas\/#primaryimage"},"image":{"@id":"https:\/\/portaltela.pt\/noticias\/2026\/03\/16\/teste-sanguineo-pode-prever-demencia-ate-25-anos-antes-dos-sintomas\/#primaryimage"},"thumbnailUrl":"https:\/\/portaltela.pt\/s.01k8rhncp4jt1\/2026\/03\/tpUHdbIMAGENStypeJPGshare1oBarraFacebook_Publico-32.jpg","datePublished":"2026-03-16T19:17:00+00:00","author":{"@id":"https:\/\/portaltela.pt\/#\/schema\/person\/c4278d4a6028830caff9ee44b42d32ed"},"breadcrumb":{"@id":"https:\/\/portaltela.pt\/noticias\/2026\/03\/16\/teste-sanguineo-pode-prever-demencia-ate-25-anos-antes-dos-sintomas\/#breadcrumb"},"inLanguage":"pt-PT","potentialAction":[{"@type":"ReadAction","target":["https:\/\/portaltela.pt\/noticias\/2026\/03\/16\/teste-sanguineo-pode-prever-demencia-ate-25-anos-antes-dos-sintomas\/"]}]},{"@type":"ImageObject","inLanguage":"pt-PT","@id":"https:\/\/portaltela.pt\/noticias\/2026\/03\/16\/teste-sanguineo-pode-prever-demencia-ate-25-anos-antes-dos-sintomas\/#primaryimage","url":"https:\/\/portaltela.pt\/s.01k8rhncp4jt1\/2026\/03\/tpUHdbIMAGENStypeJPGshare1oBarraFacebook_Publico-32.jpg","contentUrl":"https:\/\/portaltela.pt\/s.01k8rhncp4jt1\/2026\/03\/tpUHdbIMAGENStypeJPGshare1oBarraFacebook_Publico-32.jpg","width":1200,"height":630,"caption":"Os indicadores das an\u00e1lises ao sangue s\u00e3o prometedores, mas ainda n\u00e3o est\u00e3o validados para uso cl\u00ednico"},{"@type":"BreadcrumbList","@id":"https:\/\/portaltela.pt\/noticias\/2026\/03\/16\/teste-sanguineo-pode-prever-demencia-ate-25-anos-antes-dos-sintomas\/#breadcrumb","itemListElement":[{"@type":"ListItem","position":1,"name":"In\u00edcio","item":"https:\/\/portaltela.pt\/"},{"@type":"ListItem","position":2,"name":"Teste sangu\u00edneo pode prever dem\u00eancia at\u00e9 25 anos antes dos sintomas"}]},{"@type":"WebSite","@id":"https:\/\/portaltela.pt\/#website","url":"https:\/\/portaltela.pt\/","name":"Portal Tela Portugal","description":"","potentialAction":[{"@type":"SearchAction","target":{"@type":"EntryPoint","urlTemplate":"https:\/\/portaltela.pt\/?s={search_term_string}"},"query-input":{"@type":"PropertyValueSpecification","valueRequired":true,"valueName":"search_term_string"}}],"inLanguage":"pt-PT"},{"@type":"Person","@id":"https:\/\/portaltela.pt\/#\/schema\/person\/c4278d4a6028830caff9ee44b42d32ed","name":"Telinha","image":{"@type":"ImageObject","inLanguage":"pt-PT","@id":"https:\/\/portaltela.pt\/s.01k8rhncp4jt1\/2025\/11\/talking-bot-125x125.png","url":"https:\/\/portaltela.pt\/s.01k8rhncp4jt1\/2025\/11\/talking-bot-125x125.png","contentUrl":"https:\/\/portaltela.pt\/s.01k8rhncp4jt1\/2025\/11\/talking-bot-125x125.png","caption":"Telinha"},"sameAs":["https:\/\/portaltela.pt\/"],"url":"https:\/\/portaltela.pt\/por\/367410592786\/"}]}},"_links":{"self":[{"href":"https:\/\/portaltela.pt\/api\/wp\/v2\/posts\/412508","targetHints":{"allow":["GET"]}}],"collection":[{"href":"https:\/\/portaltela.pt\/api\/wp\/v2\/posts"}],"about":[{"href":"https:\/\/portaltela.pt\/api\/wp\/v2\/types\/post"}],"author":[{"embeddable":true,"href":"https:\/\/portaltela.pt\/api\/wp\/v2\/users\/2"}],"replies":[{"embeddable":true,"href":"https:\/\/portaltela.pt\/api\/wp\/v2\/comments?post=412508"}],"version-history":[{"count":0,"href":"https:\/\/portaltela.pt\/api\/wp\/v2\/posts\/412508\/revisions"}],"wp:featuredmedia":[{"embeddable":true,"href":"https:\/\/portaltela.pt\/api\/wp\/v2\/media\/412514"}],"wp:attachment":[{"href":"https:\/\/portaltela.pt\/api\/wp\/v2\/media?parent=412508"}],"wp:term":[{"taxonomy":"category","embeddable":true,"href":"https:\/\/portaltela.pt\/api\/wp\/v2\/categories?post=412508"},{"taxonomy":"post_tag","embeddable":true,"href":"https:\/\/portaltela.pt\/api\/wp\/v2\/tags?post=412508"}],"curies":[{"name":"wp","href":"https:\/\/api.w.org\/{rel}","templated":true}]}}