{"id":412502,"date":"2026-03-16T16:33:36","date_gmt":"2026-03-16T19:33:36","guid":{"rendered":"https:\/\/portaltela.pt\/noticias\/2026\/03\/16\/meme-de-leonardo-dicaprio-nos-oscares-e-mais-um-na-colecao\/"},"modified":"2026-03-16T16:33:36","modified_gmt":"2026-03-16T19:33:36","slug":"meme-de-leonardo-dicaprio-nos-oscares-e-mais-um-na-colecao","status":"publish","type":"post","link":"https:\/\/portaltela.pt\/entretenimento\/2026\/03\/16\/meme-de-leonardo-dicaprio-nos-oscares-e-mais-um-na-colecao\/","title":{"rendered":"Meme de Leonardo DiCaprio nos \u00d3scares \u00e9 mais um na cole\u00e7\u00e3o"},"content":{"rendered":"<p>Leonardo DiCaprio voltou a ganhar um lugar nos memes da cerim\u00f3nia de \u00d3scares, desta vez com uma express\u00e3o captada durante a apresenta\u00e7\u00e3o. O momento foi registrado pela transmiss\u00e3o oficial e rapidamente ganhou peso nas redes.<\/p>\n<p>O apresentador Conan O\u2019Brien foi quem gerou o novo meme, ao verter humor sobre a express\u00e3o do ator durante a emiss\u00e3o. A cena tornou-se foco de partilha entre f\u00e3s e comentadores de cinema.<\/p>\n<p>DiCaprio j\u00e1 \u00e9 associado a uma s\u00e9rie de express\u00f5es virais ao longo dos anos, o que faz dele uma presen\u00e7a recorrente nas tend\u00eancias de memes relacionados aos \u00d3scares. O p\u00fablico continua a reagir de forma similar a epis\u00f3dios anteriores.<\/p>\n<h3>Memes de DiCaprio<\/h3>\n<p>A escolha da express\u00e3o alvo de memes varia a cada edi\u00e7\u00e3o, com f\u00e3s a partilhar compila\u00e7\u00f5es de momentos ic\u00f3nicos do ator. O fen\u00f3meno refor\u00e7a o papel da internet na cultura das cerim\u00f3nias.<\/p>\n<p>A cobertura da cerim\u00f3nia manteve o foco em n\u00fameros de audi\u00eancia, apresenta\u00e7\u00f5es e rea\u00e7\u00f5es do p\u00fablico, sem atribuir interpreta\u00e7\u00f5es pessoais ao ator. A p\u00e1gina de memes continua a acompanhar novas prolifer\u00f5es do momento.<\/p>\n","protected":false},"excerpt":{"rendered":"<ul>\n<li>O ator Leonardo DiCaprio, conhecido como \u201crei dos memes\u201d, voltou a gerar viralidade na cerim\u00f3nia dos \u00d3scares de domingo.<\/li>\n<li>O apresentador Conan O\u2019Brian criou mais um meme com uma das express\u00f5es do ator.<\/li>\n<li>O texto destaca que DiCaprio tem uma extensa galeria de express\u00f5es que j\u00e1 se tornou viral.<\/li>\n<li>A not\u00edcia foi publicada a 16 de mar\u00e7o de 2026 \u00e0s 19:33.<\/li>\n<li>O foco \u00e9 a popularidade cont\u00ednua das express\u00f5es de DiCaprio nas redes e no meio dos \u00d3scares.<\/li>\n<\/ul>\n","protected":false},"author":2,"featured_media":412505,"comment_status":"closed","ping_status":"closed","sticky":false,"template":"","format":"standard","meta":{"footnotes":""},"categories":[6675,12],"tags":[3259,112,78,2411,5661,88],"class_list":["post-412502","post","type-post","status-publish","format-standard","has-post-thumbnail","hentry","category-celebridades","category-entretenimento","tag-celebidades","tag-cinema","tag-famosos","tag-leonardo-dicaprio","tag-pessoas-publicas","tag-redes-sociais"],"yoast_head":"<!-- This site is optimized with the Yoast SEO plugin v27.2 - https:\/\/yoast.com\/product\/yoast-seo-wordpress\/ -->\n<title>Meme de Leonardo DiCaprio nos \u00d3scares \u00e9 mais um na cole\u00e7\u00e3o - Portal Tela Portugal<\/title>\n<meta name=\"robots\" content=\"index, follow, max-snippet:-1, max-image-preview:large, max-video-preview:-1\" \/>\n<meta property=\"og:locale\" content=\"pt_PT\" \/>\n<meta property=\"og:type\" content=\"article\" \/>\n<meta property=\"og:title\" content=\"Meme de Leonardo DiCaprio nos \u00d3scares \u00e9 mais um na cole\u00e7\u00e3o - Portal Tela Portugal\" \/>\n<meta property=\"og:description\" content=\"O ator Leonardo DiCaprio, conhecido como \u201crei dos memes\u201d, voltou a gerar viralidade na cerim\u00f3nia dos \u00d3scares de domingo. O apresentador Conan O\u2019Brian criou mais um meme com uma das express\u00f5es do ator. O texto destaca que DiCaprio tem uma extensa galeria de express\u00f5es que j\u00e1 se tornou viral. A not\u00edcia foi publicada a 16 de mar\u00e7o de 2026 \u00e0s 19:33. O foco \u00e9 a popularidade cont\u00ednua das express\u00f5es de DiCaprio nas redes e no meio dos \u00d3scares.\" \/>\n<meta property=\"og:url\" content=\"https:\/\/portaltela.pt\/noticias\/2026\/03\/16\/meme-de-leonardo-dicaprio-nos-oscares-e-mais-um-na-colecao\/\" \/>\n<meta property=\"og:site_name\" content=\"Portal Tela Portugal\" \/>\n<meta property=\"article:published_time\" content=\"2026-03-16T19:33:36+00:00\" \/>\n<meta name=\"author\" content=\"Telinha\" \/>\n<meta name=\"twitter:card\" content=\"summary_large_image\" \/>\n<meta name=\"twitter:label1\" content=\"Escrito por\" \/>\n\t<meta name=\"twitter:data1\" content=\"Telinha\" \/>\n\t<meta name=\"twitter:label2\" content=\"Tempo estimado de leitura\" \/>\n\t<meta name=\"twitter:data2\" content=\"1 minuto\" \/>\n<script type=\"application\/ld+json\" class=\"yoast-schema-graph\">{\"@context\":\"https:\/\/schema.org\",\"@graph\":[{\"@type\":\"Article\",\"@id\":\"https:\/\/portaltela.pt\/noticias\/2026\/03\/16\/meme-de-leonardo-dicaprio-nos-oscares-e-mais-um-na-colecao\/#article\",\"isPartOf\":{\"@id\":\"https:\/\/portaltela.pt\/noticias\/2026\/03\/16\/meme-de-leonardo-dicaprio-nos-oscares-e-mais-um-na-colecao\/\"},\"author\":{\"name\":\"Telinha\",\"@id\":\"https:\/\/portaltela.pt\/#\/schema\/person\/c4278d4a6028830caff9ee44b42d32ed\"},\"headline\":\"Meme de Leonardo DiCaprio nos \u00d3scares \u00e9 mais um na cole\u00e7\u00e3o\",\"datePublished\":\"2026-03-16T19:33:36+00:00\",\"mainEntityOfPage\":{\"@id\":\"https:\/\/portaltela.pt\/noticias\/2026\/03\/16\/meme-de-leonardo-dicaprio-nos-oscares-e-mais-um-na-colecao\/\"},\"wordCount\":216,\"image\":{\"@id\":\"https:\/\/portaltela.pt\/noticias\/2026\/03\/16\/meme-de-leonardo-dicaprio-nos-oscares-e-mais-um-na-colecao\/#primaryimage\"},\"thumbnailUrl\":\"https:\/\/portaltela.pt\/s.01k8rhncp4jt1\/2026\/03\/img_1280x722uu2026-03-16-19-30-53-2272819.jpg\",\"keywords\":[\"celebidades\",\"cinema\",\"famosos\",\"Leonardo DiCaprio\",\"pessoas p\u00fablicas\",\"redes sociais\"],\"articleSection\":[\"Celebridades\",\"Entretenimento\"],\"inLanguage\":\"pt-PT\"},{\"@type\":\"WebPage\",\"@id\":\"https:\/\/portaltela.pt\/noticias\/2026\/03\/16\/meme-de-leonardo-dicaprio-nos-oscares-e-mais-um-na-colecao\/\",\"url\":\"https:\/\/portaltela.pt\/noticias\/2026\/03\/16\/meme-de-leonardo-dicaprio-nos-oscares-e-mais-um-na-colecao\/\",\"name\":\"Meme de Leonardo DiCaprio nos \u00d3scares \u00e9 mais um na cole\u00e7\u00e3o - Portal Tela Portugal\",\"isPartOf\":{\"@id\":\"https:\/\/portaltela.pt\/#website\"},\"primaryImageOfPage\":{\"@id\":\"https:\/\/portaltela.pt\/noticias\/2026\/03\/16\/meme-de-leonardo-dicaprio-nos-oscares-e-mais-um-na-colecao\/#primaryimage\"},\"image\":{\"@id\":\"https:\/\/portaltela.pt\/noticias\/2026\/03\/16\/meme-de-leonardo-dicaprio-nos-oscares-e-mais-um-na-colecao\/#primaryimage\"},\"thumbnailUrl\":\"https:\/\/portaltela.pt\/s.01k8rhncp4jt1\/2026\/03\/img_1280x722uu2026-03-16-19-30-53-2272819.jpg\",\"datePublished\":\"2026-03-16T19:33:36+00:00\",\"author\":{\"@id\":\"https:\/\/portaltela.pt\/#\/schema\/person\/c4278d4a6028830caff9ee44b42d32ed\"},\"breadcrumb\":{\"@id\":\"https:\/\/portaltela.pt\/noticias\/2026\/03\/16\/meme-de-leonardo-dicaprio-nos-oscares-e-mais-um-na-colecao\/#breadcrumb\"},\"inLanguage\":\"pt-PT\",\"potentialAction\":[{\"@type\":\"ReadAction\",\"target\":[\"https:\/\/portaltela.pt\/noticias\/2026\/03\/16\/meme-de-leonardo-dicaprio-nos-oscares-e-mais-um-na-colecao\/\"]}]},{\"@type\":\"ImageObject\",\"inLanguage\":\"pt-PT\",\"@id\":\"https:\/\/portaltela.pt\/noticias\/2026\/03\/16\/meme-de-leonardo-dicaprio-nos-oscares-e-mais-um-na-colecao\/#primaryimage\",\"url\":\"https:\/\/portaltela.pt\/s.01k8rhncp4jt1\/2026\/03\/img_1280x722uu2026-03-16-19-30-53-2272819.jpg\",\"contentUrl\":\"https:\/\/portaltela.pt\/s.01k8rhncp4jt1\/2026\/03\/img_1280x722uu2026-03-16-19-30-53-2272819.jpg\",\"width\":796,\"height\":448,\"caption\":\"Photo\"},{\"@type\":\"BreadcrumbList\",\"@id\":\"https:\/\/portaltela.pt\/noticias\/2026\/03\/16\/meme-de-leonardo-dicaprio-nos-oscares-e-mais-um-na-colecao\/#breadcrumb\",\"itemListElement\":[{\"@type\":\"ListItem\",\"position\":1,\"name\":\"In\u00edcio\",\"item\":\"https:\/\/portaltela.pt\/\"},{\"@type\":\"ListItem\",\"position\":2,\"name\":\"Meme de Leonardo DiCaprio nos \u00d3scares \u00e9 mais um na cole\u00e7\u00e3o\"}]},{\"@type\":\"WebSite\",\"@id\":\"https:\/\/portaltela.pt\/#website\",\"url\":\"https:\/\/portaltela.pt\/\",\"name\":\"Portal Tela Portugal\",\"description\":\"\",\"potentialAction\":[{\"@type\":\"SearchAction\",\"target\":{\"@type\":\"EntryPoint\",\"urlTemplate\":\"https:\/\/portaltela.pt\/?s={search_term_string}\"},\"query-input\":{\"@type\":\"PropertyValueSpecification\",\"valueRequired\":true,\"valueName\":\"search_term_string\"}}],\"inLanguage\":\"pt-PT\"},{\"@type\":\"Person\",\"@id\":\"https:\/\/portaltela.pt\/#\/schema\/person\/c4278d4a6028830caff9ee44b42d32ed\",\"name\":\"Telinha\",\"image\":{\"@type\":\"ImageObject\",\"inLanguage\":\"pt-PT\",\"@id\":\"https:\/\/portaltela.pt\/s.01k8rhncp4jt1\/2025\/11\/talking-bot-125x125.png\",\"url\":\"https:\/\/portaltela.pt\/s.01k8rhncp4jt1\/2025\/11\/talking-bot-125x125.png\",\"contentUrl\":\"https:\/\/portaltela.pt\/s.01k8rhncp4jt1\/2025\/11\/talking-bot-125x125.png\",\"caption\":\"Telinha\"},\"sameAs\":[\"https:\/\/portaltela.pt\/\"],\"url\":\"https:\/\/portaltela.pt\/por\/367410592786\/\"}]}<\/script>\n<!-- \/ Yoast SEO plugin. -->","yoast_head_json":{"title":"Meme de Leonardo DiCaprio nos \u00d3scares \u00e9 mais um na cole\u00e7\u00e3o - Portal Tela Portugal","robots":{"index":"index","follow":"follow","max-snippet":"max-snippet:-1","max-image-preview":"max-image-preview:large","max-video-preview":"max-video-preview:-1"},"og_locale":"pt_PT","og_type":"article","og_title":"Meme de Leonardo DiCaprio nos \u00d3scares \u00e9 mais um na cole\u00e7\u00e3o - Portal Tela Portugal","og_description":"O ator Leonardo DiCaprio, conhecido como \u201crei dos memes\u201d, voltou a gerar viralidade na cerim\u00f3nia dos \u00d3scares de domingo. O apresentador Conan O\u2019Brian criou mais um meme com uma das express\u00f5es do ator. O texto destaca que DiCaprio tem uma extensa galeria de express\u00f5es que j\u00e1 se tornou viral. A not\u00edcia foi publicada a 16 de mar\u00e7o de 2026 \u00e0s 19:33. O foco \u00e9 a popularidade cont\u00ednua das express\u00f5es de DiCaprio nas redes e no meio dos \u00d3scares.","og_url":"https:\/\/portaltela.pt\/noticias\/2026\/03\/16\/meme-de-leonardo-dicaprio-nos-oscares-e-mais-um-na-colecao\/","og_site_name":"Portal Tela Portugal","article_published_time":"2026-03-16T19:33:36+00:00","author":"Telinha","twitter_card":"summary_large_image","twitter_misc":{"Escrito por":"Telinha","Tempo estimado de leitura":"1 minuto"},"schema":{"@context":"https:\/\/schema.org","@graph":[{"@type":"Article","@id":"https:\/\/portaltela.pt\/noticias\/2026\/03\/16\/meme-de-leonardo-dicaprio-nos-oscares-e-mais-um-na-colecao\/#article","isPartOf":{"@id":"https:\/\/portaltela.pt\/noticias\/2026\/03\/16\/meme-de-leonardo-dicaprio-nos-oscares-e-mais-um-na-colecao\/"},"author":{"name":"Telinha","@id":"https:\/\/portaltela.pt\/#\/schema\/person\/c4278d4a6028830caff9ee44b42d32ed"},"headline":"Meme de Leonardo DiCaprio nos \u00d3scares \u00e9 mais um na cole\u00e7\u00e3o","datePublished":"2026-03-16T19:33:36+00:00","mainEntityOfPage":{"@id":"https:\/\/portaltela.pt\/noticias\/2026\/03\/16\/meme-de-leonardo-dicaprio-nos-oscares-e-mais-um-na-colecao\/"},"wordCount":216,"image":{"@id":"https:\/\/portaltela.pt\/noticias\/2026\/03\/16\/meme-de-leonardo-dicaprio-nos-oscares-e-mais-um-na-colecao\/#primaryimage"},"thumbnailUrl":"https:\/\/portaltela.pt\/s.01k8rhncp4jt1\/2026\/03\/img_1280x722uu2026-03-16-19-30-53-2272819.jpg","keywords":["celebidades","cinema","famosos","Leonardo DiCaprio","pessoas p\u00fablicas","redes sociais"],"articleSection":["Celebridades","Entretenimento"],"inLanguage":"pt-PT"},{"@type":"WebPage","@id":"https:\/\/portaltela.pt\/noticias\/2026\/03\/16\/meme-de-leonardo-dicaprio-nos-oscares-e-mais-um-na-colecao\/","url":"https:\/\/portaltela.pt\/noticias\/2026\/03\/16\/meme-de-leonardo-dicaprio-nos-oscares-e-mais-um-na-colecao\/","name":"Meme de Leonardo DiCaprio nos \u00d3scares \u00e9 mais um na cole\u00e7\u00e3o - Portal Tela Portugal","isPartOf":{"@id":"https:\/\/portaltela.pt\/#website"},"primaryImageOfPage":{"@id":"https:\/\/portaltela.pt\/noticias\/2026\/03\/16\/meme-de-leonardo-dicaprio-nos-oscares-e-mais-um-na-colecao\/#primaryimage"},"image":{"@id":"https:\/\/portaltela.pt\/noticias\/2026\/03\/16\/meme-de-leonardo-dicaprio-nos-oscares-e-mais-um-na-colecao\/#primaryimage"},"thumbnailUrl":"https:\/\/portaltela.pt\/s.01k8rhncp4jt1\/2026\/03\/img_1280x722uu2026-03-16-19-30-53-2272819.jpg","datePublished":"2026-03-16T19:33:36+00:00","author":{"@id":"https:\/\/portaltela.pt\/#\/schema\/person\/c4278d4a6028830caff9ee44b42d32ed"},"breadcrumb":{"@id":"https:\/\/portaltela.pt\/noticias\/2026\/03\/16\/meme-de-leonardo-dicaprio-nos-oscares-e-mais-um-na-colecao\/#breadcrumb"},"inLanguage":"pt-PT","potentialAction":[{"@type":"ReadAction","target":["https:\/\/portaltela.pt\/noticias\/2026\/03\/16\/meme-de-leonardo-dicaprio-nos-oscares-e-mais-um-na-colecao\/"]}]},{"@type":"ImageObject","inLanguage":"pt-PT","@id":"https:\/\/portaltela.pt\/noticias\/2026\/03\/16\/meme-de-leonardo-dicaprio-nos-oscares-e-mais-um-na-colecao\/#primaryimage","url":"https:\/\/portaltela.pt\/s.01k8rhncp4jt1\/2026\/03\/img_1280x722uu2026-03-16-19-30-53-2272819.jpg","contentUrl":"https:\/\/portaltela.pt\/s.01k8rhncp4jt1\/2026\/03\/img_1280x722uu2026-03-16-19-30-53-2272819.jpg","width":796,"height":448,"caption":"Photo"},{"@type":"BreadcrumbList","@id":"https:\/\/portaltela.pt\/noticias\/2026\/03\/16\/meme-de-leonardo-dicaprio-nos-oscares-e-mais-um-na-colecao\/#breadcrumb","itemListElement":[{"@type":"ListItem","position":1,"name":"In\u00edcio","item":"https:\/\/portaltela.pt\/"},{"@type":"ListItem","position":2,"name":"Meme de Leonardo DiCaprio nos \u00d3scares \u00e9 mais um na cole\u00e7\u00e3o"}]},{"@type":"WebSite","@id":"https:\/\/portaltela.pt\/#website","url":"https:\/\/portaltela.pt\/","name":"Portal Tela Portugal","description":"","potentialAction":[{"@type":"SearchAction","target":{"@type":"EntryPoint","urlTemplate":"https:\/\/portaltela.pt\/?s={search_term_string}"},"query-input":{"@type":"PropertyValueSpecification","valueRequired":true,"valueName":"search_term_string"}}],"inLanguage":"pt-PT"},{"@type":"Person","@id":"https:\/\/portaltela.pt\/#\/schema\/person\/c4278d4a6028830caff9ee44b42d32ed","name":"Telinha","image":{"@type":"ImageObject","inLanguage":"pt-PT","@id":"https:\/\/portaltela.pt\/s.01k8rhncp4jt1\/2025\/11\/talking-bot-125x125.png","url":"https:\/\/portaltela.pt\/s.01k8rhncp4jt1\/2025\/11\/talking-bot-125x125.png","contentUrl":"https:\/\/portaltela.pt\/s.01k8rhncp4jt1\/2025\/11\/talking-bot-125x125.png","caption":"Telinha"},"sameAs":["https:\/\/portaltela.pt\/"],"url":"https:\/\/portaltela.pt\/por\/367410592786\/"}]}},"_links":{"self":[{"href":"https:\/\/portaltela.pt\/api\/wp\/v2\/posts\/412502","targetHints":{"allow":["GET"]}}],"collection":[{"href":"https:\/\/portaltela.pt\/api\/wp\/v2\/posts"}],"about":[{"href":"https:\/\/portaltela.pt\/api\/wp\/v2\/types\/post"}],"author":[{"embeddable":true,"href":"https:\/\/portaltela.pt\/api\/wp\/v2\/users\/2"}],"replies":[{"embeddable":true,"href":"https:\/\/portaltela.pt\/api\/wp\/v2\/comments?post=412502"}],"version-history":[{"count":0,"href":"https:\/\/portaltela.pt\/api\/wp\/v2\/posts\/412502\/revisions"}],"wp:featuredmedia":[{"embeddable":true,"href":"https:\/\/portaltela.pt\/api\/wp\/v2\/media\/412505"}],"wp:attachment":[{"href":"https:\/\/portaltela.pt\/api\/wp\/v2\/media?parent=412502"}],"wp:term":[{"taxonomy":"category","embeddable":true,"href":"https:\/\/portaltela.pt\/api\/wp\/v2\/categories?post=412502"},{"taxonomy":"post_tag","embeddable":true,"href":"https:\/\/portaltela.pt\/api\/wp\/v2\/tags?post=412502"}],"curies":[{"name":"wp","href":"https:\/\/api.w.org\/{rel}","templated":true}]}}