{"id":412497,"date":"2026-03-16T16:25:29","date_gmt":"2026-03-16T19:25:29","guid":{"rendered":"https:\/\/portaltela.pt\/noticias\/2026\/03\/16\/bolsonaro-transferido-para-unidade-semi-intensiva-apos-melhoria-de-saude\/"},"modified":"2026-03-16T16:25:29","modified_gmt":"2026-03-16T19:25:29","slug":"bolsonaro-transferido-para-unidade-semi-intensiva-apos-melhoria-de-saude","status":"publish","type":"post","link":"https:\/\/portaltela.pt\/noticias\/politica\/2026\/03\/16\/bolsonaro-transferido-para-unidade-semi-intensiva-apos-melhoria-de-saude\/","title":{"rendered":"Bolsonaro transferido para unidade semi-intensiva ap\u00f3s melhoria de sa\u00fade"},"content":{"rendered":"<p>Jair Bolsonaro foi transferido para uma unidade de cuidados semi-intensivos ap\u00f3s apresentar melhoria no estado de sa\u00fade nas \u00faltimas 24 horas, anunciou a esposa Michelle Bolsonaro.<\/p>\n<p>Exames recentes indicaram redu\u00e7\u00e3o da inflama\u00e7\u00e3o associada \u00e0 pneumonia que levou \u00e0 hospitaliza\u00e7\u00e3o. O ex-presidente, de 70 anos, estava internado na unidade de cuidados intensivos do hospital DF Star, em Bras\u00edlia, desde sexta-feira, segundo a ag\u00eancia Associated Press.<\/p>\n<p>Numa publica\u00e7\u00e3o nas redes sociais, Michelle Bolsonaro mostrou-se otimista quanto \u00e0 recupera\u00e7\u00e3o. Continuamos confiantes de que ele tamb\u00e9m ir\u00e1 superar este momento, escreveu.<\/p>\n<h3>Evolu\u00e7\u00e3o cl\u00ednica e contexto hospitalar<\/h3>\n<p>O hospital DF Star informou, no domingo, que a fun\u00e7\u00e3o renal do ex-presidente melhorou, mantendo-se sob vigil\u00e2ncia devido \u00e0 pneumonia. Na altura, a institui\u00e7\u00e3o n\u00e3o confirmou oficialmente a transfer\u00eancia para uma unidade semi-intensiva.<\/p>\n<p>Jair Bolsonaro foi levado ao hospital na sexta-feira a partir da pris\u00e3o onde cumpre uma pena de 27 anos por alegada participa\u00e7\u00e3o numa tentativa de golpe de Estado em 2023.<\/p>\n<p>O antigo chefe de Estado tinha sido previamente transferido da sede local da pol\u00edcia federal para uma cela maior em janeiro. Familiares e aliados t\u00eam solicitado ao Supremo Tribunal Federal que permita cumprir a pena em regime de pris\u00e3o domicili\u00e1ria.<\/p>\n<p>Desde que foi esfaqueado durante um com\u00edcio de campanha antes das elei\u00e7\u00f5es de 2018, Bolsonaro tem passado por v\u00e1rios epis\u00f3dios de hospitaliza\u00e7\u00e3o.<\/p>\n","protected":false},"excerpt":{"rendered":"<ul>\n<li>Jair Bolsonaro foi transferido para uma unidade semi\u2011intensiva de um hospital em Bras\u00edlia, ap\u00f3s melhoria no estado de sa\u00fade.<\/li>\n<li>Michelle Bolsonaro afirmou que exames indicaram redu\u00e7\u00e3o da inflama\u00e7\u00e3o associada \u00e0 pneumonia.<\/li>\n<li>O ex\u2011presidente, de 70 anos, estava internado na unidade de cuidados intensivos desde sexta\u2011-feira; o hospital DF Star tinha, anteriormente, indicado melhorias na fun\u00e7\u00e3o renal.<\/li>\n<li>Bolsonaro permanece sob vigil\u00e2ncia m\u00e9dica, com o estado de sa\u00fade a ser monitorizado.<\/li>\n<li>No plano pol\u00edtico, o senador Fl\u00e1vio Bolsonaro \u00e9 apontado como poss\u00edvel candidato \u00e0s elei\u00e7\u00f5es deste ano; o ex\u2011chefe de Estado tem condena\u00e7\u00f5es em outros casos, que ele contesta.<\/li>\n<\/ul>\n","protected":false},"author":2,"featured_media":412498,"comment_status":"closed","ping_status":"closed","sticky":false,"template":"","format":"standard","meta":{"footnotes":""},"categories":[1,5],"tags":[2547,633,1907,2832,30,4343],"class_list":["post-412497","post","type-post","status-publish","format-standard","has-post-thumbnail","hentry","category-noticias","category-politica","tag-brasil","tag-hospital","tag-pneumonias","tag-politica","tag-presidente","tag-prisoes"],"yoast_head":"<!-- This site is optimized with the Yoast SEO plugin v27.2 - https:\/\/yoast.com\/product\/yoast-seo-wordpress\/ -->\n<title>Bolsonaro transferido para unidade semi-intensiva ap\u00f3s melhoria de sa\u00fade - Portal Tela Portugal<\/title>\n<meta name=\"robots\" content=\"index, follow, max-snippet:-1, max-image-preview:large, max-video-preview:-1\" \/>\n<meta property=\"og:locale\" content=\"pt_PT\" \/>\n<meta property=\"og:type\" content=\"article\" \/>\n<meta property=\"og:title\" content=\"Bolsonaro transferido para unidade semi-intensiva ap\u00f3s melhoria de sa\u00fade - Portal Tela Portugal\" \/>\n<meta property=\"og:description\" content=\"Jair Bolsonaro foi transferido para uma unidade semi\u2011intensiva de um hospital em Bras\u00edlia, ap\u00f3s melhoria no estado de sa\u00fade. Michelle Bolsonaro afirmou que exames indicaram redu\u00e7\u00e3o da inflama\u00e7\u00e3o associada \u00e0 pneumonia. O ex\u2011presidente, de 70 anos, estava internado na unidade de cuidados intensivos desde sexta\u2011-feira; o hospital DF Star tinha, anteriormente, indicado melhorias na fun\u00e7\u00e3o renal. Bolsonaro permanece sob vigil\u00e2ncia m\u00e9dica, com o estado de sa\u00fade a ser monitorizado. No plano pol\u00edtico, o senador Fl\u00e1vio Bolsonaro \u00e9 apontado como poss\u00edvel candidato \u00e0s elei\u00e7\u00f5es deste ano; o ex\u2011chefe de Estado tem condena\u00e7\u00f5es em outros casos, que ele contesta.\" \/>\n<meta property=\"og:url\" content=\"https:\/\/portaltela.pt\/noticias\/2026\/03\/16\/bolsonaro-transferido-para-unidade-semi-intensiva-apos-melhoria-de-saude\/\" \/>\n<meta property=\"og:site_name\" content=\"Portal Tela Portugal\" \/>\n<meta property=\"article:published_time\" content=\"2026-03-16T19:25:29+00:00\" \/>\n<meta name=\"author\" content=\"Telinha\" \/>\n<meta name=\"twitter:card\" content=\"summary_large_image\" \/>\n<meta name=\"twitter:label1\" content=\"Escrito por\" \/>\n\t<meta name=\"twitter:data1\" content=\"Telinha\" \/>\n\t<meta name=\"twitter:label2\" content=\"Tempo estimado de leitura\" \/>\n\t<meta name=\"twitter:data2\" content=\"1 minuto\" \/>\n<script type=\"application\/ld+json\" class=\"yoast-schema-graph\">{\"@context\":\"https:\/\/schema.org\",\"@graph\":[{\"@type\":\"Article\",\"@id\":\"https:\/\/portaltela.pt\/noticias\/2026\/03\/16\/bolsonaro-transferido-para-unidade-semi-intensiva-apos-melhoria-de-saude\/#article\",\"isPartOf\":{\"@id\":\"https:\/\/portaltela.pt\/noticias\/2026\/03\/16\/bolsonaro-transferido-para-unidade-semi-intensiva-apos-melhoria-de-saude\/\"},\"author\":{\"name\":\"Telinha\",\"@id\":\"https:\/\/portaltela.pt\/#\/schema\/person\/c4278d4a6028830caff9ee44b42d32ed\"},\"headline\":\"Bolsonaro transferido para unidade semi-intensiva ap\u00f3s melhoria de sa\u00fade\",\"datePublished\":\"2026-03-16T19:25:29+00:00\",\"mainEntityOfPage\":{\"@id\":\"https:\/\/portaltela.pt\/noticias\/2026\/03\/16\/bolsonaro-transferido-para-unidade-semi-intensiva-apos-melhoria-de-saude\/\"},\"wordCount\":247,\"image\":{\"@id\":\"https:\/\/portaltela.pt\/noticias\/2026\/03\/16\/bolsonaro-transferido-para-unidade-semi-intensiva-apos-melhoria-de-saude\/#primaryimage\"},\"thumbnailUrl\":\"https:\/\/portaltela.pt\/s.01k8rhncp4jt1\/2026\/03\/img_1500x1000uu2026-01-15-22-20-20-2260503.jpg\",\"keywords\":[\"Brasil\",\"hospital\",\"pneumonias\",\"pol\u00edtica\",\"presidente\",\"pris\u00f5es\"],\"articleSection\":[\"Not\u00edcias\",\"Pol\u00edtica\"],\"inLanguage\":\"pt-PT\"},{\"@type\":\"WebPage\",\"@id\":\"https:\/\/portaltela.pt\/noticias\/2026\/03\/16\/bolsonaro-transferido-para-unidade-semi-intensiva-apos-melhoria-de-saude\/\",\"url\":\"https:\/\/portaltela.pt\/noticias\/2026\/03\/16\/bolsonaro-transferido-para-unidade-semi-intensiva-apos-melhoria-de-saude\/\",\"name\":\"Bolsonaro transferido para unidade semi-intensiva ap\u00f3s melhoria de sa\u00fade - Portal Tela Portugal\",\"isPartOf\":{\"@id\":\"https:\/\/portaltela.pt\/#website\"},\"primaryImageOfPage\":{\"@id\":\"https:\/\/portaltela.pt\/noticias\/2026\/03\/16\/bolsonaro-transferido-para-unidade-semi-intensiva-apos-melhoria-de-saude\/#primaryimage\"},\"image\":{\"@id\":\"https:\/\/portaltela.pt\/noticias\/2026\/03\/16\/bolsonaro-transferido-para-unidade-semi-intensiva-apos-melhoria-de-saude\/#primaryimage\"},\"thumbnailUrl\":\"https:\/\/portaltela.pt\/s.01k8rhncp4jt1\/2026\/03\/img_1500x1000uu2026-01-15-22-20-20-2260503.jpg\",\"datePublished\":\"2026-03-16T19:25:29+00:00\",\"author\":{\"@id\":\"https:\/\/portaltela.pt\/#\/schema\/person\/c4278d4a6028830caff9ee44b42d32ed\"},\"breadcrumb\":{\"@id\":\"https:\/\/portaltela.pt\/noticias\/2026\/03\/16\/bolsonaro-transferido-para-unidade-semi-intensiva-apos-melhoria-de-saude\/#breadcrumb\"},\"inLanguage\":\"pt-PT\",\"potentialAction\":[{\"@type\":\"ReadAction\",\"target\":[\"https:\/\/portaltela.pt\/noticias\/2026\/03\/16\/bolsonaro-transferido-para-unidade-semi-intensiva-apos-melhoria-de-saude\/\"]}]},{\"@type\":\"ImageObject\",\"inLanguage\":\"pt-PT\",\"@id\":\"https:\/\/portaltela.pt\/noticias\/2026\/03\/16\/bolsonaro-transferido-para-unidade-semi-intensiva-apos-melhoria-de-saude\/#primaryimage\",\"url\":\"https:\/\/portaltela.pt\/s.01k8rhncp4jt1\/2026\/03\/img_1500x1000uu2026-01-15-22-20-20-2260503.jpg\",\"contentUrl\":\"https:\/\/portaltela.pt\/s.01k8rhncp4jt1\/2026\/03\/img_1500x1000uu2026-01-15-22-20-20-2260503.jpg\",\"width\":796,\"height\":448,\"caption\":\"Jair Bolsonaro\"},{\"@type\":\"BreadcrumbList\",\"@id\":\"https:\/\/portaltela.pt\/noticias\/2026\/03\/16\/bolsonaro-transferido-para-unidade-semi-intensiva-apos-melhoria-de-saude\/#breadcrumb\",\"itemListElement\":[{\"@type\":\"ListItem\",\"position\":1,\"name\":\"In\u00edcio\",\"item\":\"https:\/\/portaltela.pt\/\"},{\"@type\":\"ListItem\",\"position\":2,\"name\":\"Bolsonaro transferido para unidade semi-intensiva ap\u00f3s melhoria de sa\u00fade\"}]},{\"@type\":\"WebSite\",\"@id\":\"https:\/\/portaltela.pt\/#website\",\"url\":\"https:\/\/portaltela.pt\/\",\"name\":\"Portal Tela Portugal\",\"description\":\"\",\"potentialAction\":[{\"@type\":\"SearchAction\",\"target\":{\"@type\":\"EntryPoint\",\"urlTemplate\":\"https:\/\/portaltela.pt\/?s={search_term_string}\"},\"query-input\":{\"@type\":\"PropertyValueSpecification\",\"valueRequired\":true,\"valueName\":\"search_term_string\"}}],\"inLanguage\":\"pt-PT\"},{\"@type\":\"Person\",\"@id\":\"https:\/\/portaltela.pt\/#\/schema\/person\/c4278d4a6028830caff9ee44b42d32ed\",\"name\":\"Telinha\",\"image\":{\"@type\":\"ImageObject\",\"inLanguage\":\"pt-PT\",\"@id\":\"https:\/\/portaltela.pt\/s.01k8rhncp4jt1\/2025\/11\/talking-bot-125x125.png\",\"url\":\"https:\/\/portaltela.pt\/s.01k8rhncp4jt1\/2025\/11\/talking-bot-125x125.png\",\"contentUrl\":\"https:\/\/portaltela.pt\/s.01k8rhncp4jt1\/2025\/11\/talking-bot-125x125.png\",\"caption\":\"Telinha\"},\"sameAs\":[\"https:\/\/portaltela.pt\/\"],\"url\":\"https:\/\/portaltela.pt\/por\/367410592786\/\"}]}<\/script>\n<!-- \/ Yoast SEO plugin. -->","yoast_head_json":{"title":"Bolsonaro transferido para unidade semi-intensiva ap\u00f3s melhoria de sa\u00fade - Portal Tela Portugal","robots":{"index":"index","follow":"follow","max-snippet":"max-snippet:-1","max-image-preview":"max-image-preview:large","max-video-preview":"max-video-preview:-1"},"og_locale":"pt_PT","og_type":"article","og_title":"Bolsonaro transferido para unidade semi-intensiva ap\u00f3s melhoria de sa\u00fade - Portal Tela Portugal","og_description":"Jair Bolsonaro foi transferido para uma unidade semi\u2011intensiva de um hospital em Bras\u00edlia, ap\u00f3s melhoria no estado de sa\u00fade. Michelle Bolsonaro afirmou que exames indicaram redu\u00e7\u00e3o da inflama\u00e7\u00e3o associada \u00e0 pneumonia. O ex\u2011presidente, de 70 anos, estava internado na unidade de cuidados intensivos desde sexta\u2011-feira; o hospital DF Star tinha, anteriormente, indicado melhorias na fun\u00e7\u00e3o renal. Bolsonaro permanece sob vigil\u00e2ncia m\u00e9dica, com o estado de sa\u00fade a ser monitorizado. No plano pol\u00edtico, o senador Fl\u00e1vio Bolsonaro \u00e9 apontado como poss\u00edvel candidato \u00e0s elei\u00e7\u00f5es deste ano; o ex\u2011chefe de Estado tem condena\u00e7\u00f5es em outros casos, que ele contesta.","og_url":"https:\/\/portaltela.pt\/noticias\/2026\/03\/16\/bolsonaro-transferido-para-unidade-semi-intensiva-apos-melhoria-de-saude\/","og_site_name":"Portal Tela Portugal","article_published_time":"2026-03-16T19:25:29+00:00","author":"Telinha","twitter_card":"summary_large_image","twitter_misc":{"Escrito por":"Telinha","Tempo estimado de leitura":"1 minuto"},"schema":{"@context":"https:\/\/schema.org","@graph":[{"@type":"Article","@id":"https:\/\/portaltela.pt\/noticias\/2026\/03\/16\/bolsonaro-transferido-para-unidade-semi-intensiva-apos-melhoria-de-saude\/#article","isPartOf":{"@id":"https:\/\/portaltela.pt\/noticias\/2026\/03\/16\/bolsonaro-transferido-para-unidade-semi-intensiva-apos-melhoria-de-saude\/"},"author":{"name":"Telinha","@id":"https:\/\/portaltela.pt\/#\/schema\/person\/c4278d4a6028830caff9ee44b42d32ed"},"headline":"Bolsonaro transferido para unidade semi-intensiva ap\u00f3s melhoria de sa\u00fade","datePublished":"2026-03-16T19:25:29+00:00","mainEntityOfPage":{"@id":"https:\/\/portaltela.pt\/noticias\/2026\/03\/16\/bolsonaro-transferido-para-unidade-semi-intensiva-apos-melhoria-de-saude\/"},"wordCount":247,"image":{"@id":"https:\/\/portaltela.pt\/noticias\/2026\/03\/16\/bolsonaro-transferido-para-unidade-semi-intensiva-apos-melhoria-de-saude\/#primaryimage"},"thumbnailUrl":"https:\/\/portaltela.pt\/s.01k8rhncp4jt1\/2026\/03\/img_1500x1000uu2026-01-15-22-20-20-2260503.jpg","keywords":["Brasil","hospital","pneumonias","pol\u00edtica","presidente","pris\u00f5es"],"articleSection":["Not\u00edcias","Pol\u00edtica"],"inLanguage":"pt-PT"},{"@type":"WebPage","@id":"https:\/\/portaltela.pt\/noticias\/2026\/03\/16\/bolsonaro-transferido-para-unidade-semi-intensiva-apos-melhoria-de-saude\/","url":"https:\/\/portaltela.pt\/noticias\/2026\/03\/16\/bolsonaro-transferido-para-unidade-semi-intensiva-apos-melhoria-de-saude\/","name":"Bolsonaro transferido para unidade semi-intensiva ap\u00f3s melhoria de sa\u00fade - Portal Tela Portugal","isPartOf":{"@id":"https:\/\/portaltela.pt\/#website"},"primaryImageOfPage":{"@id":"https:\/\/portaltela.pt\/noticias\/2026\/03\/16\/bolsonaro-transferido-para-unidade-semi-intensiva-apos-melhoria-de-saude\/#primaryimage"},"image":{"@id":"https:\/\/portaltela.pt\/noticias\/2026\/03\/16\/bolsonaro-transferido-para-unidade-semi-intensiva-apos-melhoria-de-saude\/#primaryimage"},"thumbnailUrl":"https:\/\/portaltela.pt\/s.01k8rhncp4jt1\/2026\/03\/img_1500x1000uu2026-01-15-22-20-20-2260503.jpg","datePublished":"2026-03-16T19:25:29+00:00","author":{"@id":"https:\/\/portaltela.pt\/#\/schema\/person\/c4278d4a6028830caff9ee44b42d32ed"},"breadcrumb":{"@id":"https:\/\/portaltela.pt\/noticias\/2026\/03\/16\/bolsonaro-transferido-para-unidade-semi-intensiva-apos-melhoria-de-saude\/#breadcrumb"},"inLanguage":"pt-PT","potentialAction":[{"@type":"ReadAction","target":["https:\/\/portaltela.pt\/noticias\/2026\/03\/16\/bolsonaro-transferido-para-unidade-semi-intensiva-apos-melhoria-de-saude\/"]}]},{"@type":"ImageObject","inLanguage":"pt-PT","@id":"https:\/\/portaltela.pt\/noticias\/2026\/03\/16\/bolsonaro-transferido-para-unidade-semi-intensiva-apos-melhoria-de-saude\/#primaryimage","url":"https:\/\/portaltela.pt\/s.01k8rhncp4jt1\/2026\/03\/img_1500x1000uu2026-01-15-22-20-20-2260503.jpg","contentUrl":"https:\/\/portaltela.pt\/s.01k8rhncp4jt1\/2026\/03\/img_1500x1000uu2026-01-15-22-20-20-2260503.jpg","width":796,"height":448,"caption":"Jair Bolsonaro"},{"@type":"BreadcrumbList","@id":"https:\/\/portaltela.pt\/noticias\/2026\/03\/16\/bolsonaro-transferido-para-unidade-semi-intensiva-apos-melhoria-de-saude\/#breadcrumb","itemListElement":[{"@type":"ListItem","position":1,"name":"In\u00edcio","item":"https:\/\/portaltela.pt\/"},{"@type":"ListItem","position":2,"name":"Bolsonaro transferido para unidade semi-intensiva ap\u00f3s melhoria de sa\u00fade"}]},{"@type":"WebSite","@id":"https:\/\/portaltela.pt\/#website","url":"https:\/\/portaltela.pt\/","name":"Portal Tela Portugal","description":"","potentialAction":[{"@type":"SearchAction","target":{"@type":"EntryPoint","urlTemplate":"https:\/\/portaltela.pt\/?s={search_term_string}"},"query-input":{"@type":"PropertyValueSpecification","valueRequired":true,"valueName":"search_term_string"}}],"inLanguage":"pt-PT"},{"@type":"Person","@id":"https:\/\/portaltela.pt\/#\/schema\/person\/c4278d4a6028830caff9ee44b42d32ed","name":"Telinha","image":{"@type":"ImageObject","inLanguage":"pt-PT","@id":"https:\/\/portaltela.pt\/s.01k8rhncp4jt1\/2025\/11\/talking-bot-125x125.png","url":"https:\/\/portaltela.pt\/s.01k8rhncp4jt1\/2025\/11\/talking-bot-125x125.png","contentUrl":"https:\/\/portaltela.pt\/s.01k8rhncp4jt1\/2025\/11\/talking-bot-125x125.png","caption":"Telinha"},"sameAs":["https:\/\/portaltela.pt\/"],"url":"https:\/\/portaltela.pt\/por\/367410592786\/"}]}},"_links":{"self":[{"href":"https:\/\/portaltela.pt\/api\/wp\/v2\/posts\/412497","targetHints":{"allow":["GET"]}}],"collection":[{"href":"https:\/\/portaltela.pt\/api\/wp\/v2\/posts"}],"about":[{"href":"https:\/\/portaltela.pt\/api\/wp\/v2\/types\/post"}],"author":[{"embeddable":true,"href":"https:\/\/portaltela.pt\/api\/wp\/v2\/users\/2"}],"replies":[{"embeddable":true,"href":"https:\/\/portaltela.pt\/api\/wp\/v2\/comments?post=412497"}],"version-history":[{"count":0,"href":"https:\/\/portaltela.pt\/api\/wp\/v2\/posts\/412497\/revisions"}],"wp:featuredmedia":[{"embeddable":true,"href":"https:\/\/portaltela.pt\/api\/wp\/v2\/media\/412498"}],"wp:attachment":[{"href":"https:\/\/portaltela.pt\/api\/wp\/v2\/media?parent=412497"}],"wp:term":[{"taxonomy":"category","embeddable":true,"href":"https:\/\/portaltela.pt\/api\/wp\/v2\/categories?post=412497"},{"taxonomy":"post_tag","embeddable":true,"href":"https:\/\/portaltela.pt\/api\/wp\/v2\/tags?post=412497"}],"curies":[{"name":"wp","href":"https:\/\/api.w.org\/{rel}","templated":true}]}}