{"id":412486,"date":"2026-03-16T16:23:00","date_gmt":"2026-03-16T19:23:00","guid":{"rendered":"https:\/\/portaltela.pt\/noticias\/2026\/03\/16\/carneiro-aguarda-conversa-com-montenegro-sobre-orgaos-externos-do-parlamento\/"},"modified":"2026-03-16T16:23:00","modified_gmt":"2026-03-16T19:23:00","slug":"carneiro-aguarda-conversa-com-montenegro-sobre-orgaos-externos-do-parlamento","status":"publish","type":"post","link":"https:\/\/portaltela.pt\/noticias\/politica\/2026\/03\/16\/carneiro-aguarda-conversa-com-montenegro-sobre-orgaos-externos-do-parlamento\/","title":{"rendered":"Carneiro aguarda conversa com Montenegro sobre \u00f3rg\u00e3os externos do parlamento"},"content":{"rendered":"<p>Carneiro aguarda uma conversa com Montenegro sobre os \u00f3rg\u00e3os externos do parlamento. O objetivo \u00e9 esclarecer compet\u00eancias e fun\u00e7\u00f5es desses \u00f3rg\u00e3os, segundo a informa\u00e7\u00e3o dispon\u00edvel publicamente.<\/p>\n<p>N\u00e3o foram divulgados detalhes adicionais sobre o conte\u00fado da reuni\u00e3o. O texto completo da mat\u00e9ria est\u00e1 acess\u00edvel apenas para subscritores.<\/p>\n","protected":false},"excerpt":{"rendered":"<ul>\n<li>Carneiro aguarda conversa com Montenegro sobre os \u00f3rg\u00e3os externos do parlamento.<\/li>\n<li>O conte\u00fado completo da not\u00edcia est\u00e1 dispon\u00edvel apenas para subscritores.<\/li>\n<li>A pauta envolve a discuss\u00e3o sobre a atua\u00e7\u00e3o dos \u00f3rg\u00e3os externos do parlamento.<\/li>\n<li>N\u00e3o h\u00e1 indica\u00e7\u00e3o de data ou hor\u00e1rio para a reuni\u00e3o.<\/li>\n<\/ul>\n","protected":false},"author":2,"featured_media":412490,"comment_status":"closed","ping_status":"closed","sticky":false,"template":"","format":"standard","meta":{"footnotes":""},"categories":[1,5],"tags":[168,6178,34,5563,610,2832],"class_list":["post-412486","post","type-post","status-publish","format-standard","has-post-thumbnail","hentry","category-noticias","category-politica","tag-administracao-publica","tag-assuntos-constitucionais","tag-governo","tag-informacao-publica","tag-organizacao-publica","tag-politica"],"yoast_head":"<!-- This site is optimized with the Yoast SEO plugin v27.2 - https:\/\/yoast.com\/product\/yoast-seo-wordpress\/ -->\n<title>Carneiro aguarda conversa com Montenegro sobre \u00f3rg\u00e3os externos do parlamento - Portal Tela Portugal<\/title>\n<meta name=\"robots\" content=\"index, follow, max-snippet:-1, max-image-preview:large, max-video-preview:-1\" \/>\n<meta property=\"og:locale\" content=\"pt_PT\" \/>\n<meta property=\"og:type\" content=\"article\" \/>\n<meta property=\"og:title\" content=\"Carneiro aguarda conversa com Montenegro sobre \u00f3rg\u00e3os externos do parlamento - Portal Tela Portugal\" \/>\n<meta property=\"og:description\" content=\"Carneiro aguarda conversa com Montenegro sobre os \u00f3rg\u00e3os externos do parlamento. O conte\u00fado completo da not\u00edcia est\u00e1 dispon\u00edvel apenas para subscritores. A pauta envolve a discuss\u00e3o sobre a atua\u00e7\u00e3o dos \u00f3rg\u00e3os externos do parlamento. N\u00e3o h\u00e1 indica\u00e7\u00e3o de data ou hor\u00e1rio para a reuni\u00e3o.\" \/>\n<meta property=\"og:url\" content=\"https:\/\/portaltela.pt\/noticias\/2026\/03\/16\/carneiro-aguarda-conversa-com-montenegro-sobre-orgaos-externos-do-parlamento\/\" \/>\n<meta property=\"og:site_name\" content=\"Portal Tela Portugal\" \/>\n<meta property=\"article:published_time\" content=\"2026-03-16T19:23:00+00:00\" \/>\n<meta name=\"author\" content=\"Telinha\" \/>\n<meta name=\"twitter:card\" content=\"summary_large_image\" \/>\n<meta name=\"twitter:label1\" content=\"Escrito por\" \/>\n\t<meta name=\"twitter:data1\" content=\"Telinha\" \/>\n<script type=\"application\/ld+json\" class=\"yoast-schema-graph\">{\"@context\":\"https:\/\/schema.org\",\"@graph\":[{\"@type\":\"Article\",\"@id\":\"https:\/\/portaltela.pt\/noticias\/2026\/03\/16\/carneiro-aguarda-conversa-com-montenegro-sobre-orgaos-externos-do-parlamento\/#article\",\"isPartOf\":{\"@id\":\"https:\/\/portaltela.pt\/noticias\/2026\/03\/16\/carneiro-aguarda-conversa-com-montenegro-sobre-orgaos-externos-do-parlamento\/\"},\"author\":{\"name\":\"Telinha\",\"@id\":\"https:\/\/portaltela.pt\/#\/schema\/person\/c4278d4a6028830caff9ee44b42d32ed\"},\"headline\":\"Carneiro aguarda conversa com Montenegro sobre \u00f3rg\u00e3os externos do parlamento\",\"datePublished\":\"2026-03-16T19:23:00+00:00\",\"mainEntityOfPage\":{\"@id\":\"https:\/\/portaltela.pt\/noticias\/2026\/03\/16\/carneiro-aguarda-conversa-com-montenegro-sobre-orgaos-externos-do-parlamento\/\"},\"wordCount\":67,\"image\":{\"@id\":\"https:\/\/portaltela.pt\/noticias\/2026\/03\/16\/carneiro-aguarda-conversa-com-montenegro-sobre-orgaos-externos-do-parlamento\/#primaryimage\"},\"thumbnailUrl\":\"https:\/\/portaltela.pt\/s.01k8rhncp4jt1\/2026\/03\/CACHE_780X1200_ANALOG_WATERMARKED_46723860_3895868_10032026012049.jpg\",\"keywords\":[\"administra\u00e7\u00e3o p\u00fablica\",\"Assuntos Constitucionais\",\"governo\",\"informa\u00e7\u00e3o p\u00fablica\",\"organiza\u00e7\u00e3o p\u00fablica\",\"pol\u00edtica\"],\"articleSection\":[\"Not\u00edcias\",\"Pol\u00edtica\"],\"inLanguage\":\"pt-PT\"},{\"@type\":\"WebPage\",\"@id\":\"https:\/\/portaltela.pt\/noticias\/2026\/03\/16\/carneiro-aguarda-conversa-com-montenegro-sobre-orgaos-externos-do-parlamento\/\",\"url\":\"https:\/\/portaltela.pt\/noticias\/2026\/03\/16\/carneiro-aguarda-conversa-com-montenegro-sobre-orgaos-externos-do-parlamento\/\",\"name\":\"Carneiro aguarda conversa com Montenegro sobre \u00f3rg\u00e3os externos do parlamento - Portal Tela Portugal\",\"isPartOf\":{\"@id\":\"https:\/\/portaltela.pt\/#website\"},\"primaryImageOfPage\":{\"@id\":\"https:\/\/portaltela.pt\/noticias\/2026\/03\/16\/carneiro-aguarda-conversa-com-montenegro-sobre-orgaos-externos-do-parlamento\/#primaryimage\"},\"image\":{\"@id\":\"https:\/\/portaltela.pt\/noticias\/2026\/03\/16\/carneiro-aguarda-conversa-com-montenegro-sobre-orgaos-externos-do-parlamento\/#primaryimage\"},\"thumbnailUrl\":\"https:\/\/portaltela.pt\/s.01k8rhncp4jt1\/2026\/03\/CACHE_780X1200_ANALOG_WATERMARKED_46723860_3895868_10032026012049.jpg\",\"datePublished\":\"2026-03-16T19:23:00+00:00\",\"author\":{\"@id\":\"https:\/\/portaltela.pt\/#\/schema\/person\/c4278d4a6028830caff9ee44b42d32ed\"},\"breadcrumb\":{\"@id\":\"https:\/\/portaltela.pt\/noticias\/2026\/03\/16\/carneiro-aguarda-conversa-com-montenegro-sobre-orgaos-externos-do-parlamento\/#breadcrumb\"},\"inLanguage\":\"pt-PT\",\"potentialAction\":[{\"@type\":\"ReadAction\",\"target\":[\"https:\/\/portaltela.pt\/noticias\/2026\/03\/16\/carneiro-aguarda-conversa-com-montenegro-sobre-orgaos-externos-do-parlamento\/\"]}]},{\"@type\":\"ImageObject\",\"inLanguage\":\"pt-PT\",\"@id\":\"https:\/\/portaltela.pt\/noticias\/2026\/03\/16\/carneiro-aguarda-conversa-com-montenegro-sobre-orgaos-externos-do-parlamento\/#primaryimage\",\"url\":\"https:\/\/portaltela.pt\/s.01k8rhncp4jt1\/2026\/03\/CACHE_780X1200_ANALOG_WATERMARKED_46723860_3895868_10032026012049.jpg\",\"contentUrl\":\"https:\/\/portaltela.pt\/s.01k8rhncp4jt1\/2026\/03\/CACHE_780X1200_ANALOG_WATERMARKED_46723860_3895868_10032026012049.jpg\",\"width\":768,\"height\":493,\"caption\":\"Photo\"},{\"@type\":\"BreadcrumbList\",\"@id\":\"https:\/\/portaltela.pt\/noticias\/2026\/03\/16\/carneiro-aguarda-conversa-com-montenegro-sobre-orgaos-externos-do-parlamento\/#breadcrumb\",\"itemListElement\":[{\"@type\":\"ListItem\",\"position\":1,\"name\":\"In\u00edcio\",\"item\":\"https:\/\/portaltela.pt\/\"},{\"@type\":\"ListItem\",\"position\":2,\"name\":\"Carneiro aguarda conversa com Montenegro sobre \u00f3rg\u00e3os externos do parlamento\"}]},{\"@type\":\"WebSite\",\"@id\":\"https:\/\/portaltela.pt\/#website\",\"url\":\"https:\/\/portaltela.pt\/\",\"name\":\"Portal Tela Portugal\",\"description\":\"\",\"potentialAction\":[{\"@type\":\"SearchAction\",\"target\":{\"@type\":\"EntryPoint\",\"urlTemplate\":\"https:\/\/portaltela.pt\/?s={search_term_string}\"},\"query-input\":{\"@type\":\"PropertyValueSpecification\",\"valueRequired\":true,\"valueName\":\"search_term_string\"}}],\"inLanguage\":\"pt-PT\"},{\"@type\":\"Person\",\"@id\":\"https:\/\/portaltela.pt\/#\/schema\/person\/c4278d4a6028830caff9ee44b42d32ed\",\"name\":\"Telinha\",\"image\":{\"@type\":\"ImageObject\",\"inLanguage\":\"pt-PT\",\"@id\":\"https:\/\/portaltela.pt\/s.01k8rhncp4jt1\/2025\/11\/talking-bot-125x125.png\",\"url\":\"https:\/\/portaltela.pt\/s.01k8rhncp4jt1\/2025\/11\/talking-bot-125x125.png\",\"contentUrl\":\"https:\/\/portaltela.pt\/s.01k8rhncp4jt1\/2025\/11\/talking-bot-125x125.png\",\"caption\":\"Telinha\"},\"sameAs\":[\"https:\/\/portaltela.pt\/\"],\"url\":\"https:\/\/portaltela.pt\/por\/367410592786\/\"}]}<\/script>\n<!-- \/ Yoast SEO plugin. -->","yoast_head_json":{"title":"Carneiro aguarda conversa com Montenegro sobre \u00f3rg\u00e3os externos do parlamento - Portal Tela Portugal","robots":{"index":"index","follow":"follow","max-snippet":"max-snippet:-1","max-image-preview":"max-image-preview:large","max-video-preview":"max-video-preview:-1"},"og_locale":"pt_PT","og_type":"article","og_title":"Carneiro aguarda conversa com Montenegro sobre \u00f3rg\u00e3os externos do parlamento - Portal Tela Portugal","og_description":"Carneiro aguarda conversa com Montenegro sobre os \u00f3rg\u00e3os externos do parlamento. O conte\u00fado completo da not\u00edcia est\u00e1 dispon\u00edvel apenas para subscritores. A pauta envolve a discuss\u00e3o sobre a atua\u00e7\u00e3o dos \u00f3rg\u00e3os externos do parlamento. N\u00e3o h\u00e1 indica\u00e7\u00e3o de data ou hor\u00e1rio para a reuni\u00e3o.","og_url":"https:\/\/portaltela.pt\/noticias\/2026\/03\/16\/carneiro-aguarda-conversa-com-montenegro-sobre-orgaos-externos-do-parlamento\/","og_site_name":"Portal Tela Portugal","article_published_time":"2026-03-16T19:23:00+00:00","author":"Telinha","twitter_card":"summary_large_image","twitter_misc":{"Escrito por":"Telinha"},"schema":{"@context":"https:\/\/schema.org","@graph":[{"@type":"Article","@id":"https:\/\/portaltela.pt\/noticias\/2026\/03\/16\/carneiro-aguarda-conversa-com-montenegro-sobre-orgaos-externos-do-parlamento\/#article","isPartOf":{"@id":"https:\/\/portaltela.pt\/noticias\/2026\/03\/16\/carneiro-aguarda-conversa-com-montenegro-sobre-orgaos-externos-do-parlamento\/"},"author":{"name":"Telinha","@id":"https:\/\/portaltela.pt\/#\/schema\/person\/c4278d4a6028830caff9ee44b42d32ed"},"headline":"Carneiro aguarda conversa com Montenegro sobre \u00f3rg\u00e3os externos do parlamento","datePublished":"2026-03-16T19:23:00+00:00","mainEntityOfPage":{"@id":"https:\/\/portaltela.pt\/noticias\/2026\/03\/16\/carneiro-aguarda-conversa-com-montenegro-sobre-orgaos-externos-do-parlamento\/"},"wordCount":67,"image":{"@id":"https:\/\/portaltela.pt\/noticias\/2026\/03\/16\/carneiro-aguarda-conversa-com-montenegro-sobre-orgaos-externos-do-parlamento\/#primaryimage"},"thumbnailUrl":"https:\/\/portaltela.pt\/s.01k8rhncp4jt1\/2026\/03\/CACHE_780X1200_ANALOG_WATERMARKED_46723860_3895868_10032026012049.jpg","keywords":["administra\u00e7\u00e3o p\u00fablica","Assuntos Constitucionais","governo","informa\u00e7\u00e3o p\u00fablica","organiza\u00e7\u00e3o p\u00fablica","pol\u00edtica"],"articleSection":["Not\u00edcias","Pol\u00edtica"],"inLanguage":"pt-PT"},{"@type":"WebPage","@id":"https:\/\/portaltela.pt\/noticias\/2026\/03\/16\/carneiro-aguarda-conversa-com-montenegro-sobre-orgaos-externos-do-parlamento\/","url":"https:\/\/portaltela.pt\/noticias\/2026\/03\/16\/carneiro-aguarda-conversa-com-montenegro-sobre-orgaos-externos-do-parlamento\/","name":"Carneiro aguarda conversa com Montenegro sobre \u00f3rg\u00e3os externos do parlamento - Portal Tela Portugal","isPartOf":{"@id":"https:\/\/portaltela.pt\/#website"},"primaryImageOfPage":{"@id":"https:\/\/portaltela.pt\/noticias\/2026\/03\/16\/carneiro-aguarda-conversa-com-montenegro-sobre-orgaos-externos-do-parlamento\/#primaryimage"},"image":{"@id":"https:\/\/portaltela.pt\/noticias\/2026\/03\/16\/carneiro-aguarda-conversa-com-montenegro-sobre-orgaos-externos-do-parlamento\/#primaryimage"},"thumbnailUrl":"https:\/\/portaltela.pt\/s.01k8rhncp4jt1\/2026\/03\/CACHE_780X1200_ANALOG_WATERMARKED_46723860_3895868_10032026012049.jpg","datePublished":"2026-03-16T19:23:00+00:00","author":{"@id":"https:\/\/portaltela.pt\/#\/schema\/person\/c4278d4a6028830caff9ee44b42d32ed"},"breadcrumb":{"@id":"https:\/\/portaltela.pt\/noticias\/2026\/03\/16\/carneiro-aguarda-conversa-com-montenegro-sobre-orgaos-externos-do-parlamento\/#breadcrumb"},"inLanguage":"pt-PT","potentialAction":[{"@type":"ReadAction","target":["https:\/\/portaltela.pt\/noticias\/2026\/03\/16\/carneiro-aguarda-conversa-com-montenegro-sobre-orgaos-externos-do-parlamento\/"]}]},{"@type":"ImageObject","inLanguage":"pt-PT","@id":"https:\/\/portaltela.pt\/noticias\/2026\/03\/16\/carneiro-aguarda-conversa-com-montenegro-sobre-orgaos-externos-do-parlamento\/#primaryimage","url":"https:\/\/portaltela.pt\/s.01k8rhncp4jt1\/2026\/03\/CACHE_780X1200_ANALOG_WATERMARKED_46723860_3895868_10032026012049.jpg","contentUrl":"https:\/\/portaltela.pt\/s.01k8rhncp4jt1\/2026\/03\/CACHE_780X1200_ANALOG_WATERMARKED_46723860_3895868_10032026012049.jpg","width":768,"height":493,"caption":"Photo"},{"@type":"BreadcrumbList","@id":"https:\/\/portaltela.pt\/noticias\/2026\/03\/16\/carneiro-aguarda-conversa-com-montenegro-sobre-orgaos-externos-do-parlamento\/#breadcrumb","itemListElement":[{"@type":"ListItem","position":1,"name":"In\u00edcio","item":"https:\/\/portaltela.pt\/"},{"@type":"ListItem","position":2,"name":"Carneiro aguarda conversa com Montenegro sobre \u00f3rg\u00e3os externos do parlamento"}]},{"@type":"WebSite","@id":"https:\/\/portaltela.pt\/#website","url":"https:\/\/portaltela.pt\/","name":"Portal Tela Portugal","description":"","potentialAction":[{"@type":"SearchAction","target":{"@type":"EntryPoint","urlTemplate":"https:\/\/portaltela.pt\/?s={search_term_string}"},"query-input":{"@type":"PropertyValueSpecification","valueRequired":true,"valueName":"search_term_string"}}],"inLanguage":"pt-PT"},{"@type":"Person","@id":"https:\/\/portaltela.pt\/#\/schema\/person\/c4278d4a6028830caff9ee44b42d32ed","name":"Telinha","image":{"@type":"ImageObject","inLanguage":"pt-PT","@id":"https:\/\/portaltela.pt\/s.01k8rhncp4jt1\/2025\/11\/talking-bot-125x125.png","url":"https:\/\/portaltela.pt\/s.01k8rhncp4jt1\/2025\/11\/talking-bot-125x125.png","contentUrl":"https:\/\/portaltela.pt\/s.01k8rhncp4jt1\/2025\/11\/talking-bot-125x125.png","caption":"Telinha"},"sameAs":["https:\/\/portaltela.pt\/"],"url":"https:\/\/portaltela.pt\/por\/367410592786\/"}]}},"_links":{"self":[{"href":"https:\/\/portaltela.pt\/api\/wp\/v2\/posts\/412486","targetHints":{"allow":["GET"]}}],"collection":[{"href":"https:\/\/portaltela.pt\/api\/wp\/v2\/posts"}],"about":[{"href":"https:\/\/portaltela.pt\/api\/wp\/v2\/types\/post"}],"author":[{"embeddable":true,"href":"https:\/\/portaltela.pt\/api\/wp\/v2\/users\/2"}],"replies":[{"embeddable":true,"href":"https:\/\/portaltela.pt\/api\/wp\/v2\/comments?post=412486"}],"version-history":[{"count":0,"href":"https:\/\/portaltela.pt\/api\/wp\/v2\/posts\/412486\/revisions"}],"wp:featuredmedia":[{"embeddable":true,"href":"https:\/\/portaltela.pt\/api\/wp\/v2\/media\/412490"}],"wp:attachment":[{"href":"https:\/\/portaltela.pt\/api\/wp\/v2\/media?parent=412486"}],"wp:term":[{"taxonomy":"category","embeddable":true,"href":"https:\/\/portaltela.pt\/api\/wp\/v2\/categories?post=412486"},{"taxonomy":"post_tag","embeddable":true,"href":"https:\/\/portaltela.pt\/api\/wp\/v2\/tags?post=412486"}],"curies":[{"name":"wp","href":"https:\/\/api.w.org\/{rel}","templated":true}]}}