{"id":412474,"date":"2026-03-16T16:14:50","date_gmt":"2026-03-16T19:14:50","guid":{"rendered":"https:\/\/portaltela.pt\/noticias\/2026\/03\/16\/arsenal-e-leverkusen-entram-confiantes-no-jogo\/"},"modified":"2026-03-16T16:14:50","modified_gmt":"2026-03-16T19:14:50","slug":"arsenal-e-leverkusen-entram-confiantes-no-jogo","status":"publish","type":"post","link":"https:\/\/portaltela.pt\/desporto\/futebol\/2026\/03\/16\/arsenal-e-leverkusen-entram-confiantes-no-jogo\/","title":{"rendered":"Arsenal e Leverkusen entram confiantes no jogo"},"content":{"rendered":"<p>O Arsenal empatou 1-1 com o Bayer Leverkusen na Alemanha, num duelo da fase de grupos que molda a perspetiva europeia da equipa. O resultado mant\u00e9m a equipa de Londres em posi\u00e7\u00e3o de vantagem para a segunda m\u00e3o em casa.<\/p>\n<p>A contar para a Liga dos Campe\u00f5es, a igualdade surge numa eliminat\u00f3ria em que a lideran\u00e7a do campeonato nacional tamb\u00e9m aparece em foco. A vit\u00f3ria parcial encodeia a confian\u00e7a da equipa de Mikel Arteta, que v\u00ea a passagem aos quartos como um objetivo pr\u00f3ximo.<\/p>\n<p>Max Dowman, com 16 anos e 73 dias, tornou-se no jogador mais jovem a marcar na Premier League ao longo do fim de semana. Arteta expressou orgulho pelo feito, real\u00e7ando que o momento \u00e9 passado e o foco est\u00e1 no pr\u00f3ximo desafio.<\/p>\n<h3>Desempenho e perspetivas<\/h3>\n<p>O treinador reiterou que o Leverkusen est\u00e1 bem preparado e com uma estrutura s\u00f3lida, o que exige prepara\u00e7\u00e3o cuidadosa para o duelo de retorno em casa. A equipa mant\u00e9m a lideran\u00e7a da Premier League por nove pontos, reagindo de forma pragm\u00e1tica ao jogo europeu.<\/p>\n<p>A leitura de Arteta aponta para a necessidade de manter o foco, desde j\u00e1, na pr\u00f3xima fase da competi\u00e7\u00e3o nacional e no equil\u00edbrio entre ambi\u00e7\u00e3o e rigor t\u00e1tico. O Arsenal segue determinado a capitalizar este momento de boa forma.<\/p>\n","protected":false},"excerpt":{"rendered":"<ul>\n<li>O Arsenal empatou 1-1 com o Bayer Leverkusen na Alemanha e fica melhor colocado para a segunda m\u00e3o em Inglaterra.<\/li>\n<li>A vantagem do l\u00edder da Premier League aumentou para nove pontos ap\u00f3s o fim de semana.<\/li>\n<li>O t\u00e9cnico Mikel Arteta elogiou o advers\u00e1rio e manteve o foco no objetivo da equipa, refor\u00e7ando a confian\u00e7a no t\u00edtulo.<\/li>\n<li>Max Dowman, com 16 anos e 73 dias, tornou-se o mais jovem a marcar na Premier League, tratando-se de um feito destacado por Arteta.<\/li>\n<\/ul>\n","protected":false},"author":2,"featured_media":412481,"comment_status":"closed","ping_status":"closed","sticky":false,"template":"","format":"standard","meta":{"footnotes":""},"categories":[21,24],"tags":[3577,60,5433,32,3338,3369],"class_list":["post-412474","post","type-post","status-publish","format-standard","has-post-thumbnail","hentry","category-desporto","category-futebol","tag-champions-league","tag-esportes","tag-esportes-internacionais","tag-futebol","tag-futebol-internacional","tag-premier-league"],"yoast_head":"<!-- This site is optimized with the Yoast SEO plugin v27.2 - https:\/\/yoast.com\/product\/yoast-seo-wordpress\/ -->\n<title>Arsenal e Leverkusen entram confiantes no jogo - Portal Tela Portugal<\/title>\n<meta name=\"robots\" content=\"index, follow, max-snippet:-1, max-image-preview:large, max-video-preview:-1\" \/>\n<meta property=\"og:locale\" content=\"pt_PT\" \/>\n<meta property=\"og:type\" content=\"article\" \/>\n<meta property=\"og:title\" content=\"Arsenal e Leverkusen entram confiantes no jogo - Portal Tela Portugal\" \/>\n<meta property=\"og:description\" content=\"O Arsenal empatou 1-1 com o Bayer Leverkusen na Alemanha e fica melhor colocado para a segunda m\u00e3o em Inglaterra. A vantagem do l\u00edder da Premier League aumentou para nove pontos ap\u00f3s o fim de semana. O t\u00e9cnico Mikel Arteta elogiou o advers\u00e1rio e manteve o foco no objetivo da equipa, refor\u00e7ando a confian\u00e7a no t\u00edtulo. Max Dowman, com 16 anos e 73 dias, tornou-se o mais jovem a marcar na Premier League, tratando-se de um feito destacado por Arteta.\" \/>\n<meta property=\"og:url\" content=\"https:\/\/portaltela.pt\/noticias\/2026\/03\/16\/arsenal-e-leverkusen-entram-confiantes-no-jogo\/\" \/>\n<meta property=\"og:site_name\" content=\"Portal Tela Portugal\" \/>\n<meta property=\"article:published_time\" content=\"2026-03-16T19:14:50+00:00\" \/>\n<meta name=\"author\" content=\"Telinha\" \/>\n<meta name=\"twitter:card\" content=\"summary_large_image\" \/>\n<meta name=\"twitter:label1\" content=\"Escrito por\" \/>\n\t<meta name=\"twitter:data1\" content=\"Telinha\" \/>\n\t<meta name=\"twitter:label2\" content=\"Tempo estimado de leitura\" \/>\n\t<meta name=\"twitter:data2\" content=\"1 minuto\" \/>\n<script type=\"application\/ld+json\" class=\"yoast-schema-graph\">{\"@context\":\"https:\/\/schema.org\",\"@graph\":[{\"@type\":\"Article\",\"@id\":\"https:\/\/portaltela.pt\/noticias\/2026\/03\/16\/arsenal-e-leverkusen-entram-confiantes-no-jogo\/#article\",\"isPartOf\":{\"@id\":\"https:\/\/portaltela.pt\/noticias\/2026\/03\/16\/arsenal-e-leverkusen-entram-confiantes-no-jogo\/\"},\"author\":{\"name\":\"Telinha\",\"@id\":\"https:\/\/portaltela.pt\/#\/schema\/person\/c4278d4a6028830caff9ee44b42d32ed\"},\"headline\":\"Arsenal e Leverkusen entram confiantes no jogo\",\"datePublished\":\"2026-03-16T19:14:50+00:00\",\"mainEntityOfPage\":{\"@id\":\"https:\/\/portaltela.pt\/noticias\/2026\/03\/16\/arsenal-e-leverkusen-entram-confiantes-no-jogo\/\"},\"wordCount\":238,\"image\":{\"@id\":\"https:\/\/portaltela.pt\/noticias\/2026\/03\/16\/arsenal-e-leverkusen-entram-confiantes-no-jogo\/#primaryimage\"},\"thumbnailUrl\":\"https:\/\/portaltela.pt\/s.01k8rhncp4jt1\/2026\/03\/img_920x518uu2025-04-20-10-56-45-2357416.jpg\",\"keywords\":[\"Champions League\",\"esportes\",\"esportes internacionais\",\"futebol\",\"futebol internacional\",\"Premier League\"],\"articleSection\":[\"Desporto\",\"Futebol\"],\"inLanguage\":\"pt-PT\"},{\"@type\":\"WebPage\",\"@id\":\"https:\/\/portaltela.pt\/noticias\/2026\/03\/16\/arsenal-e-leverkusen-entram-confiantes-no-jogo\/\",\"url\":\"https:\/\/portaltela.pt\/noticias\/2026\/03\/16\/arsenal-e-leverkusen-entram-confiantes-no-jogo\/\",\"name\":\"Arsenal e Leverkusen entram confiantes no jogo - Portal Tela Portugal\",\"isPartOf\":{\"@id\":\"https:\/\/portaltela.pt\/#website\"},\"primaryImageOfPage\":{\"@id\":\"https:\/\/portaltela.pt\/noticias\/2026\/03\/16\/arsenal-e-leverkusen-entram-confiantes-no-jogo\/#primaryimage\"},\"image\":{\"@id\":\"https:\/\/portaltela.pt\/noticias\/2026\/03\/16\/arsenal-e-leverkusen-entram-confiantes-no-jogo\/#primaryimage\"},\"thumbnailUrl\":\"https:\/\/portaltela.pt\/s.01k8rhncp4jt1\/2026\/03\/img_920x518uu2025-04-20-10-56-45-2357416.jpg\",\"datePublished\":\"2026-03-16T19:14:50+00:00\",\"author\":{\"@id\":\"https:\/\/portaltela.pt\/#\/schema\/person\/c4278d4a6028830caff9ee44b42d32ed\"},\"breadcrumb\":{\"@id\":\"https:\/\/portaltela.pt\/noticias\/2026\/03\/16\/arsenal-e-leverkusen-entram-confiantes-no-jogo\/#breadcrumb\"},\"inLanguage\":\"pt-PT\",\"potentialAction\":[{\"@type\":\"ReadAction\",\"target\":[\"https:\/\/portaltela.pt\/noticias\/2026\/03\/16\/arsenal-e-leverkusen-entram-confiantes-no-jogo\/\"]}]},{\"@type\":\"ImageObject\",\"inLanguage\":\"pt-PT\",\"@id\":\"https:\/\/portaltela.pt\/noticias\/2026\/03\/16\/arsenal-e-leverkusen-entram-confiantes-no-jogo\/#primaryimage\",\"url\":\"https:\/\/portaltela.pt\/s.01k8rhncp4jt1\/2026\/03\/img_920x518uu2025-04-20-10-56-45-2357416.jpg\",\"contentUrl\":\"https:\/\/portaltela.pt\/s.01k8rhncp4jt1\/2026\/03\/img_920x518uu2025-04-20-10-56-45-2357416.jpg\",\"width\":796,\"height\":448,\"caption\":\"Mikel Arteta quer chegar longe na Champions\"},{\"@type\":\"BreadcrumbList\",\"@id\":\"https:\/\/portaltela.pt\/noticias\/2026\/03\/16\/arsenal-e-leverkusen-entram-confiantes-no-jogo\/#breadcrumb\",\"itemListElement\":[{\"@type\":\"ListItem\",\"position\":1,\"name\":\"In\u00edcio\",\"item\":\"https:\/\/portaltela.pt\/\"},{\"@type\":\"ListItem\",\"position\":2,\"name\":\"Arsenal e Leverkusen entram confiantes no jogo\"}]},{\"@type\":\"WebSite\",\"@id\":\"https:\/\/portaltela.pt\/#website\",\"url\":\"https:\/\/portaltela.pt\/\",\"name\":\"Portal Tela Portugal\",\"description\":\"\",\"potentialAction\":[{\"@type\":\"SearchAction\",\"target\":{\"@type\":\"EntryPoint\",\"urlTemplate\":\"https:\/\/portaltela.pt\/?s={search_term_string}\"},\"query-input\":{\"@type\":\"PropertyValueSpecification\",\"valueRequired\":true,\"valueName\":\"search_term_string\"}}],\"inLanguage\":\"pt-PT\"},{\"@type\":\"Person\",\"@id\":\"https:\/\/portaltela.pt\/#\/schema\/person\/c4278d4a6028830caff9ee44b42d32ed\",\"name\":\"Telinha\",\"image\":{\"@type\":\"ImageObject\",\"inLanguage\":\"pt-PT\",\"@id\":\"https:\/\/portaltela.pt\/s.01k8rhncp4jt1\/2025\/11\/talking-bot-125x125.png\",\"url\":\"https:\/\/portaltela.pt\/s.01k8rhncp4jt1\/2025\/11\/talking-bot-125x125.png\",\"contentUrl\":\"https:\/\/portaltela.pt\/s.01k8rhncp4jt1\/2025\/11\/talking-bot-125x125.png\",\"caption\":\"Telinha\"},\"sameAs\":[\"https:\/\/portaltela.pt\/\"],\"url\":\"https:\/\/portaltela.pt\/por\/367410592786\/\"}]}<\/script>\n<!-- \/ Yoast SEO plugin. -->","yoast_head_json":{"title":"Arsenal e Leverkusen entram confiantes no jogo - Portal Tela Portugal","robots":{"index":"index","follow":"follow","max-snippet":"max-snippet:-1","max-image-preview":"max-image-preview:large","max-video-preview":"max-video-preview:-1"},"og_locale":"pt_PT","og_type":"article","og_title":"Arsenal e Leverkusen entram confiantes no jogo - Portal Tela Portugal","og_description":"O Arsenal empatou 1-1 com o Bayer Leverkusen na Alemanha e fica melhor colocado para a segunda m\u00e3o em Inglaterra. A vantagem do l\u00edder da Premier League aumentou para nove pontos ap\u00f3s o fim de semana. O t\u00e9cnico Mikel Arteta elogiou o advers\u00e1rio e manteve o foco no objetivo da equipa, refor\u00e7ando a confian\u00e7a no t\u00edtulo. Max Dowman, com 16 anos e 73 dias, tornou-se o mais jovem a marcar na Premier League, tratando-se de um feito destacado por Arteta.","og_url":"https:\/\/portaltela.pt\/noticias\/2026\/03\/16\/arsenal-e-leverkusen-entram-confiantes-no-jogo\/","og_site_name":"Portal Tela Portugal","article_published_time":"2026-03-16T19:14:50+00:00","author":"Telinha","twitter_card":"summary_large_image","twitter_misc":{"Escrito por":"Telinha","Tempo estimado de leitura":"1 minuto"},"schema":{"@context":"https:\/\/schema.org","@graph":[{"@type":"Article","@id":"https:\/\/portaltela.pt\/noticias\/2026\/03\/16\/arsenal-e-leverkusen-entram-confiantes-no-jogo\/#article","isPartOf":{"@id":"https:\/\/portaltela.pt\/noticias\/2026\/03\/16\/arsenal-e-leverkusen-entram-confiantes-no-jogo\/"},"author":{"name":"Telinha","@id":"https:\/\/portaltela.pt\/#\/schema\/person\/c4278d4a6028830caff9ee44b42d32ed"},"headline":"Arsenal e Leverkusen entram confiantes no jogo","datePublished":"2026-03-16T19:14:50+00:00","mainEntityOfPage":{"@id":"https:\/\/portaltela.pt\/noticias\/2026\/03\/16\/arsenal-e-leverkusen-entram-confiantes-no-jogo\/"},"wordCount":238,"image":{"@id":"https:\/\/portaltela.pt\/noticias\/2026\/03\/16\/arsenal-e-leverkusen-entram-confiantes-no-jogo\/#primaryimage"},"thumbnailUrl":"https:\/\/portaltela.pt\/s.01k8rhncp4jt1\/2026\/03\/img_920x518uu2025-04-20-10-56-45-2357416.jpg","keywords":["Champions League","esportes","esportes internacionais","futebol","futebol internacional","Premier League"],"articleSection":["Desporto","Futebol"],"inLanguage":"pt-PT"},{"@type":"WebPage","@id":"https:\/\/portaltela.pt\/noticias\/2026\/03\/16\/arsenal-e-leverkusen-entram-confiantes-no-jogo\/","url":"https:\/\/portaltela.pt\/noticias\/2026\/03\/16\/arsenal-e-leverkusen-entram-confiantes-no-jogo\/","name":"Arsenal e Leverkusen entram confiantes no jogo - Portal Tela Portugal","isPartOf":{"@id":"https:\/\/portaltela.pt\/#website"},"primaryImageOfPage":{"@id":"https:\/\/portaltela.pt\/noticias\/2026\/03\/16\/arsenal-e-leverkusen-entram-confiantes-no-jogo\/#primaryimage"},"image":{"@id":"https:\/\/portaltela.pt\/noticias\/2026\/03\/16\/arsenal-e-leverkusen-entram-confiantes-no-jogo\/#primaryimage"},"thumbnailUrl":"https:\/\/portaltela.pt\/s.01k8rhncp4jt1\/2026\/03\/img_920x518uu2025-04-20-10-56-45-2357416.jpg","datePublished":"2026-03-16T19:14:50+00:00","author":{"@id":"https:\/\/portaltela.pt\/#\/schema\/person\/c4278d4a6028830caff9ee44b42d32ed"},"breadcrumb":{"@id":"https:\/\/portaltela.pt\/noticias\/2026\/03\/16\/arsenal-e-leverkusen-entram-confiantes-no-jogo\/#breadcrumb"},"inLanguage":"pt-PT","potentialAction":[{"@type":"ReadAction","target":["https:\/\/portaltela.pt\/noticias\/2026\/03\/16\/arsenal-e-leverkusen-entram-confiantes-no-jogo\/"]}]},{"@type":"ImageObject","inLanguage":"pt-PT","@id":"https:\/\/portaltela.pt\/noticias\/2026\/03\/16\/arsenal-e-leverkusen-entram-confiantes-no-jogo\/#primaryimage","url":"https:\/\/portaltela.pt\/s.01k8rhncp4jt1\/2026\/03\/img_920x518uu2025-04-20-10-56-45-2357416.jpg","contentUrl":"https:\/\/portaltela.pt\/s.01k8rhncp4jt1\/2026\/03\/img_920x518uu2025-04-20-10-56-45-2357416.jpg","width":796,"height":448,"caption":"Mikel Arteta quer chegar longe na Champions"},{"@type":"BreadcrumbList","@id":"https:\/\/portaltela.pt\/noticias\/2026\/03\/16\/arsenal-e-leverkusen-entram-confiantes-no-jogo\/#breadcrumb","itemListElement":[{"@type":"ListItem","position":1,"name":"In\u00edcio","item":"https:\/\/portaltela.pt\/"},{"@type":"ListItem","position":2,"name":"Arsenal e Leverkusen entram confiantes no jogo"}]},{"@type":"WebSite","@id":"https:\/\/portaltela.pt\/#website","url":"https:\/\/portaltela.pt\/","name":"Portal Tela Portugal","description":"","potentialAction":[{"@type":"SearchAction","target":{"@type":"EntryPoint","urlTemplate":"https:\/\/portaltela.pt\/?s={search_term_string}"},"query-input":{"@type":"PropertyValueSpecification","valueRequired":true,"valueName":"search_term_string"}}],"inLanguage":"pt-PT"},{"@type":"Person","@id":"https:\/\/portaltela.pt\/#\/schema\/person\/c4278d4a6028830caff9ee44b42d32ed","name":"Telinha","image":{"@type":"ImageObject","inLanguage":"pt-PT","@id":"https:\/\/portaltela.pt\/s.01k8rhncp4jt1\/2025\/11\/talking-bot-125x125.png","url":"https:\/\/portaltela.pt\/s.01k8rhncp4jt1\/2025\/11\/talking-bot-125x125.png","contentUrl":"https:\/\/portaltela.pt\/s.01k8rhncp4jt1\/2025\/11\/talking-bot-125x125.png","caption":"Telinha"},"sameAs":["https:\/\/portaltela.pt\/"],"url":"https:\/\/portaltela.pt\/por\/367410592786\/"}]}},"_links":{"self":[{"href":"https:\/\/portaltela.pt\/api\/wp\/v2\/posts\/412474","targetHints":{"allow":["GET"]}}],"collection":[{"href":"https:\/\/portaltela.pt\/api\/wp\/v2\/posts"}],"about":[{"href":"https:\/\/portaltela.pt\/api\/wp\/v2\/types\/post"}],"author":[{"embeddable":true,"href":"https:\/\/portaltela.pt\/api\/wp\/v2\/users\/2"}],"replies":[{"embeddable":true,"href":"https:\/\/portaltela.pt\/api\/wp\/v2\/comments?post=412474"}],"version-history":[{"count":0,"href":"https:\/\/portaltela.pt\/api\/wp\/v2\/posts\/412474\/revisions"}],"wp:featuredmedia":[{"embeddable":true,"href":"https:\/\/portaltela.pt\/api\/wp\/v2\/media\/412481"}],"wp:attachment":[{"href":"https:\/\/portaltela.pt\/api\/wp\/v2\/media?parent=412474"}],"wp:term":[{"taxonomy":"category","embeddable":true,"href":"https:\/\/portaltela.pt\/api\/wp\/v2\/categories?post=412474"},{"taxonomy":"post_tag","embeddable":true,"href":"https:\/\/portaltela.pt\/api\/wp\/v2\/tags?post=412474"}],"curies":[{"name":"wp","href":"https:\/\/api.w.org\/{rel}","templated":true}]}}