{"id":412469,"date":"2026-03-16T16:16:58","date_gmt":"2026-03-16T19:16:58","guid":{"rendered":"https:\/\/portaltela.pt\/noticias\/2026\/03\/16\/comercio-ue-eua-mantem-se-firme-apesar-das-tarifas-diz-estudo\/"},"modified":"2026-03-16T16:16:58","modified_gmt":"2026-03-16T19:16:58","slug":"comercio-ue-eua-mantem-se-firme-apesar-das-tarifas-diz-estudo","status":"publish","type":"post","link":"https:\/\/portaltela.pt\/noticias\/economia\/2026\/03\/16\/comercio-ue-eua-mantem-se-firme-apesar-das-tarifas-diz-estudo\/","title":{"rendered":"Com\u00e9rcio UE-EUA mant\u00e9m-se firme apesar das tarifas, diz estudo"},"content":{"rendered":"<p>O com\u00e9rcio de mercadorias entre EUA e UE manteve-se robusto em 2025, atingindo 1,05 mil milh\u00f5es de d\u00f3lares, segundo a AmCham. O estudo sublinha a profunda interdepend\u00eancia entre os dois blocos, apesar das tens\u00f5es pol\u00edticas.<\/p>\n<p>O d\u00e9fice de bens dos EUA com a UE caiu 7% em 2025, apesar das tarifas aplicadas pela Administra\u00e7\u00e3o. O relat\u00f3rio exp\u00f5e a persistente exposi\u00e7\u00e3o econ\u00f3mica entre os parceiros e a import\u00e2ncia de manter negocia\u00e7\u00f5es.<\/p>\n<p>As rela\u00e7\u00f5es ficaram marcadas por acordos e desacordos recentes, incluindo tens\u00f5es ap\u00f3s decis\u00f5es judiciais que levaram a investiga\u00e7\u00f5es adicionais. O documento analisa o impacto econ\u00f3mico de uma dissocia\u00e7\u00e3o hipot\u00e9tica.<\/p>\n<h3>Com\u00e9rcio bilateral e balan\u00e7as<\/h3>\n<p>Em 2025, os EUA exportaram 414 mil milh\u00f5es de d\u00f3lares para a UE e importaram 633 mil milh\u00f5es, gerando um d\u00e9fice de 219 mil milh\u00f5es. O d\u00e9fice ficou 7% abaixo do de 2024, ainda que o objetivo fosse reduzi-lo via tarifas.<\/p>\n<p>A janela de com\u00e9rcio inclui servi\u00e7os, que reduzem o d\u00e9fice global quando considerados. O relat\u00f3rio aponta que o d\u00e9fice total de bens e servi\u00e7os chegou a 150 mil milh\u00f5es, ainda assim menor que o valor apenas de bens.<\/p>\n<h3>Investimento e la\u00e7os de mercado<\/h3>\n<p>Os autores indicam que o investimento estrangeiro refor\u00e7a os la\u00e7os entre as partes. A UE e os EUA respondem por mais de metade do IDE rec\u00edproco entre si.<\/p>\n<p>Entre 2009 e 2025, a Europa foi respons\u00e1vel por 56% do IDE dos EUA a n\u00edvel mundial. Em 2024, a quota europeia do IDE nos EUA manteve-se em 56%. Os EUA s\u00e3o, em termos de IDE, a principal fonte na UE.<\/p>\n","protected":false},"excerpt":{"rendered":"<ul>\n<li>Em 2025, o com\u00e9rcio de mercadorias entre os EUA e a UE atingiu um recorde de 1,05 mil milh\u00f5es de d\u00f3lares, segundo a AmCham.<\/li>\n<li>O d\u00e9fice de bens dos EUA com a UE diminuiu 7% em 2025, apesar das tarifas impostas pela Administra\u00e7\u00e3o.<\/li>\n<li>O acordo de 2024 entre a UE e os EUA permanece congelado, com investiga\u00e7\u00f5es americanas ap\u00f3s uma decis\u00e3o do Supremo Tribunal em fevereiro.<\/li>\n<li>Em 2025, os EUA exportaram 414 mil milh\u00f5es de d\u00f3lares para a UE e importaram 633 mil milh\u00f5es, resultando num d\u00e9fice de 219 mil milh\u00f5es; incluindo servi\u00e7os, o d\u00e9fice global foi de 150 mil milh\u00f5es.<\/li>\n<li>O investimento estrangeiro indica la\u00e7os fortes: a UE e os EUA representam mais de metade do IDE m\u00fatuo; entre 2009 e 2025, a Europa respondeu por 56% do IDE dos EUA, e 2024 registou 56% do IDE na UE por benefici\u00e1rio efetivo final.<\/li>\n<\/ul>\n","protected":false},"author":2,"featured_media":412478,"comment_status":"closed","ping_status":"closed","sticky":false,"template":"","format":"standard","meta":{"footnotes":""},"categories":[2,6735],"tags":[3368,28,3861,2156,27],"class_list":["post-412469","post","type-post","status-publish","format-standard","has-post-thumbnail","hentry","category-economia","category-negocios","tag-comercio-internacional","tag-economia","tag-economia-internacional","tag-investimento-direto-estrangeiro","tag-relacoes-internacionais"],"yoast_head":"<!-- This site is optimized with the Yoast SEO plugin v27.2 - https:\/\/yoast.com\/product\/yoast-seo-wordpress\/ -->\n<title>Com\u00e9rcio UE-EUA mant\u00e9m-se firme apesar das tarifas, diz estudo - Portal Tela Portugal<\/title>\n<meta name=\"robots\" content=\"index, follow, max-snippet:-1, max-image-preview:large, max-video-preview:-1\" \/>\n<meta property=\"og:locale\" content=\"pt_PT\" \/>\n<meta property=\"og:type\" content=\"article\" \/>\n<meta property=\"og:title\" content=\"Com\u00e9rcio UE-EUA mant\u00e9m-se firme apesar das tarifas, diz estudo - Portal Tela Portugal\" \/>\n<meta property=\"og:description\" content=\"Em 2025, o com\u00e9rcio de mercadorias entre os EUA e a UE atingiu um recorde de 1,05 mil milh\u00f5es de d\u00f3lares, segundo a AmCham. O d\u00e9fice de bens dos EUA com a UE diminuiu 7% em 2025, apesar das tarifas impostas pela Administra\u00e7\u00e3o. O acordo de 2024 entre a UE e os EUA permanece congelado, com investiga\u00e7\u00f5es americanas ap\u00f3s uma decis\u00e3o do Supremo Tribunal em fevereiro. Em 2025, os EUA exportaram 414 mil milh\u00f5es de d\u00f3lares para a UE e importaram 633 mil milh\u00f5es, resultando num d\u00e9fice de 219 mil milh\u00f5es; incluindo servi\u00e7os, o d\u00e9fice global foi de 150 mil milh\u00f5es. O investimento estrangeiro indica la\u00e7os fortes: a UE e os EUA representam mais de metade do IDE m\u00fatuo; entre 2009 e 2025, a Europa respondeu por 56% do IDE dos EUA, e 2024 registou 56% do IDE na UE por benefici\u00e1rio efetivo final.\" \/>\n<meta property=\"og:url\" content=\"https:\/\/portaltela.pt\/noticias\/2026\/03\/16\/comercio-ue-eua-mantem-se-firme-apesar-das-tarifas-diz-estudo\/\" \/>\n<meta property=\"og:site_name\" content=\"Portal Tela Portugal\" \/>\n<meta property=\"article:published_time\" content=\"2026-03-16T19:16:58+00:00\" \/>\n<meta name=\"author\" content=\"Telinha\" \/>\n<meta name=\"twitter:card\" content=\"summary_large_image\" \/>\n<meta name=\"twitter:label1\" content=\"Escrito por\" \/>\n\t<meta name=\"twitter:data1\" content=\"Telinha\" \/>\n\t<meta name=\"twitter:label2\" content=\"Tempo estimado de leitura\" \/>\n\t<meta name=\"twitter:data2\" content=\"1 minuto\" \/>\n<script type=\"application\/ld+json\" class=\"yoast-schema-graph\">{\"@context\":\"https:\/\/schema.org\",\"@graph\":[{\"@type\":\"Article\",\"@id\":\"https:\/\/portaltela.pt\/noticias\/2026\/03\/16\/comercio-ue-eua-mantem-se-firme-apesar-das-tarifas-diz-estudo\/#article\",\"isPartOf\":{\"@id\":\"https:\/\/portaltela.pt\/noticias\/2026\/03\/16\/comercio-ue-eua-mantem-se-firme-apesar-das-tarifas-diz-estudo\/\"},\"author\":{\"name\":\"Telinha\",\"@id\":\"https:\/\/portaltela.pt\/#\/schema\/person\/c4278d4a6028830caff9ee44b42d32ed\"},\"headline\":\"Com\u00e9rcio UE-EUA mant\u00e9m-se firme apesar das tarifas, diz estudo\",\"datePublished\":\"2026-03-16T19:16:58+00:00\",\"mainEntityOfPage\":{\"@id\":\"https:\/\/portaltela.pt\/noticias\/2026\/03\/16\/comercio-ue-eua-mantem-se-firme-apesar-das-tarifas-diz-estudo\/\"},\"wordCount\":295,\"image\":{\"@id\":\"https:\/\/portaltela.pt\/noticias\/2026\/03\/16\/comercio-ue-eua-mantem-se-firme-apesar-das-tarifas-diz-estudo\/#primaryimage\"},\"thumbnailUrl\":\"https:\/\/portaltela.pt\/s.01k8rhncp4jt1\/2026\/03\/1536x864_cmsv2_95ed80de-c127-5443-9f54-0ac665cebc01-9687169.jpg\",\"keywords\":[\"com\u00e9rcio internacional\",\"economia\",\"economia internacional\",\"Investimento Direto Estrangeiro\",\"rela\u00e7\u00f5es internacionais\"],\"articleSection\":[\"Economia\",\"Neg\u00f3cios\"],\"inLanguage\":\"pt-PT\"},{\"@type\":\"WebPage\",\"@id\":\"https:\/\/portaltela.pt\/noticias\/2026\/03\/16\/comercio-ue-eua-mantem-se-firme-apesar-das-tarifas-diz-estudo\/\",\"url\":\"https:\/\/portaltela.pt\/noticias\/2026\/03\/16\/comercio-ue-eua-mantem-se-firme-apesar-das-tarifas-diz-estudo\/\",\"name\":\"Com\u00e9rcio UE-EUA mant\u00e9m-se firme apesar das tarifas, diz estudo - Portal Tela Portugal\",\"isPartOf\":{\"@id\":\"https:\/\/portaltela.pt\/#website\"},\"primaryImageOfPage\":{\"@id\":\"https:\/\/portaltela.pt\/noticias\/2026\/03\/16\/comercio-ue-eua-mantem-se-firme-apesar-das-tarifas-diz-estudo\/#primaryimage\"},\"image\":{\"@id\":\"https:\/\/portaltela.pt\/noticias\/2026\/03\/16\/comercio-ue-eua-mantem-se-firme-apesar-das-tarifas-diz-estudo\/#primaryimage\"},\"thumbnailUrl\":\"https:\/\/portaltela.pt\/s.01k8rhncp4jt1\/2026\/03\/1536x864_cmsv2_95ed80de-c127-5443-9f54-0ac665cebc01-9687169.jpg\",\"datePublished\":\"2026-03-16T19:16:58+00:00\",\"author\":{\"@id\":\"https:\/\/portaltela.pt\/#\/schema\/person\/c4278d4a6028830caff9ee44b42d32ed\"},\"breadcrumb\":{\"@id\":\"https:\/\/portaltela.pt\/noticias\/2026\/03\/16\/comercio-ue-eua-mantem-se-firme-apesar-das-tarifas-diz-estudo\/#breadcrumb\"},\"inLanguage\":\"pt-PT\",\"potentialAction\":[{\"@type\":\"ReadAction\",\"target\":[\"https:\/\/portaltela.pt\/noticias\/2026\/03\/16\/comercio-ue-eua-mantem-se-firme-apesar-das-tarifas-diz-estudo\/\"]}]},{\"@type\":\"ImageObject\",\"inLanguage\":\"pt-PT\",\"@id\":\"https:\/\/portaltela.pt\/noticias\/2026\/03\/16\/comercio-ue-eua-mantem-se-firme-apesar-das-tarifas-diz-estudo\/#primaryimage\",\"url\":\"https:\/\/portaltela.pt\/s.01k8rhncp4jt1\/2026\/03\/1536x864_cmsv2_95ed80de-c127-5443-9f54-0ac665cebc01-9687169.jpg\",\"contentUrl\":\"https:\/\/portaltela.pt\/s.01k8rhncp4jt1\/2026\/03\/1536x864_cmsv2_95ed80de-c127-5443-9f54-0ac665cebc01-9687169.jpg\",\"width\":796,\"height\":448,\"caption\":\"Contentores s\u00e3o armazenados num terminal de carga em Frankfurt, Alemanha, segunda-feira, 23 de fevereiro de 2026.\"},{\"@type\":\"BreadcrumbList\",\"@id\":\"https:\/\/portaltela.pt\/noticias\/2026\/03\/16\/comercio-ue-eua-mantem-se-firme-apesar-das-tarifas-diz-estudo\/#breadcrumb\",\"itemListElement\":[{\"@type\":\"ListItem\",\"position\":1,\"name\":\"In\u00edcio\",\"item\":\"https:\/\/portaltela.pt\/\"},{\"@type\":\"ListItem\",\"position\":2,\"name\":\"Com\u00e9rcio UE-EUA mant\u00e9m-se firme apesar das tarifas, diz estudo\"}]},{\"@type\":\"WebSite\",\"@id\":\"https:\/\/portaltela.pt\/#website\",\"url\":\"https:\/\/portaltela.pt\/\",\"name\":\"Portal Tela Portugal\",\"description\":\"\",\"potentialAction\":[{\"@type\":\"SearchAction\",\"target\":{\"@type\":\"EntryPoint\",\"urlTemplate\":\"https:\/\/portaltela.pt\/?s={search_term_string}\"},\"query-input\":{\"@type\":\"PropertyValueSpecification\",\"valueRequired\":true,\"valueName\":\"search_term_string\"}}],\"inLanguage\":\"pt-PT\"},{\"@type\":\"Person\",\"@id\":\"https:\/\/portaltela.pt\/#\/schema\/person\/c4278d4a6028830caff9ee44b42d32ed\",\"name\":\"Telinha\",\"image\":{\"@type\":\"ImageObject\",\"inLanguage\":\"pt-PT\",\"@id\":\"https:\/\/portaltela.pt\/s.01k8rhncp4jt1\/2025\/11\/talking-bot-125x125.png\",\"url\":\"https:\/\/portaltela.pt\/s.01k8rhncp4jt1\/2025\/11\/talking-bot-125x125.png\",\"contentUrl\":\"https:\/\/portaltela.pt\/s.01k8rhncp4jt1\/2025\/11\/talking-bot-125x125.png\",\"caption\":\"Telinha\"},\"sameAs\":[\"https:\/\/portaltela.pt\/\"],\"url\":\"https:\/\/portaltela.pt\/por\/367410592786\/\"}]}<\/script>\n<!-- \/ Yoast SEO plugin. -->","yoast_head_json":{"title":"Com\u00e9rcio UE-EUA mant\u00e9m-se firme apesar das tarifas, diz estudo - Portal Tela Portugal","robots":{"index":"index","follow":"follow","max-snippet":"max-snippet:-1","max-image-preview":"max-image-preview:large","max-video-preview":"max-video-preview:-1"},"og_locale":"pt_PT","og_type":"article","og_title":"Com\u00e9rcio UE-EUA mant\u00e9m-se firme apesar das tarifas, diz estudo - Portal Tela Portugal","og_description":"Em 2025, o com\u00e9rcio de mercadorias entre os EUA e a UE atingiu um recorde de 1,05 mil milh\u00f5es de d\u00f3lares, segundo a AmCham. O d\u00e9fice de bens dos EUA com a UE diminuiu 7% em 2025, apesar das tarifas impostas pela Administra\u00e7\u00e3o. O acordo de 2024 entre a UE e os EUA permanece congelado, com investiga\u00e7\u00f5es americanas ap\u00f3s uma decis\u00e3o do Supremo Tribunal em fevereiro. Em 2025, os EUA exportaram 414 mil milh\u00f5es de d\u00f3lares para a UE e importaram 633 mil milh\u00f5es, resultando num d\u00e9fice de 219 mil milh\u00f5es; incluindo servi\u00e7os, o d\u00e9fice global foi de 150 mil milh\u00f5es. O investimento estrangeiro indica la\u00e7os fortes: a UE e os EUA representam mais de metade do IDE m\u00fatuo; entre 2009 e 2025, a Europa respondeu por 56% do IDE dos EUA, e 2024 registou 56% do IDE na UE por benefici\u00e1rio efetivo final.","og_url":"https:\/\/portaltela.pt\/noticias\/2026\/03\/16\/comercio-ue-eua-mantem-se-firme-apesar-das-tarifas-diz-estudo\/","og_site_name":"Portal Tela Portugal","article_published_time":"2026-03-16T19:16:58+00:00","author":"Telinha","twitter_card":"summary_large_image","twitter_misc":{"Escrito por":"Telinha","Tempo estimado de leitura":"1 minuto"},"schema":{"@context":"https:\/\/schema.org","@graph":[{"@type":"Article","@id":"https:\/\/portaltela.pt\/noticias\/2026\/03\/16\/comercio-ue-eua-mantem-se-firme-apesar-das-tarifas-diz-estudo\/#article","isPartOf":{"@id":"https:\/\/portaltela.pt\/noticias\/2026\/03\/16\/comercio-ue-eua-mantem-se-firme-apesar-das-tarifas-diz-estudo\/"},"author":{"name":"Telinha","@id":"https:\/\/portaltela.pt\/#\/schema\/person\/c4278d4a6028830caff9ee44b42d32ed"},"headline":"Com\u00e9rcio UE-EUA mant\u00e9m-se firme apesar das tarifas, diz estudo","datePublished":"2026-03-16T19:16:58+00:00","mainEntityOfPage":{"@id":"https:\/\/portaltela.pt\/noticias\/2026\/03\/16\/comercio-ue-eua-mantem-se-firme-apesar-das-tarifas-diz-estudo\/"},"wordCount":295,"image":{"@id":"https:\/\/portaltela.pt\/noticias\/2026\/03\/16\/comercio-ue-eua-mantem-se-firme-apesar-das-tarifas-diz-estudo\/#primaryimage"},"thumbnailUrl":"https:\/\/portaltela.pt\/s.01k8rhncp4jt1\/2026\/03\/1536x864_cmsv2_95ed80de-c127-5443-9f54-0ac665cebc01-9687169.jpg","keywords":["com\u00e9rcio internacional","economia","economia internacional","Investimento Direto Estrangeiro","rela\u00e7\u00f5es internacionais"],"articleSection":["Economia","Neg\u00f3cios"],"inLanguage":"pt-PT"},{"@type":"WebPage","@id":"https:\/\/portaltela.pt\/noticias\/2026\/03\/16\/comercio-ue-eua-mantem-se-firme-apesar-das-tarifas-diz-estudo\/","url":"https:\/\/portaltela.pt\/noticias\/2026\/03\/16\/comercio-ue-eua-mantem-se-firme-apesar-das-tarifas-diz-estudo\/","name":"Com\u00e9rcio UE-EUA mant\u00e9m-se firme apesar das tarifas, diz estudo - Portal Tela Portugal","isPartOf":{"@id":"https:\/\/portaltela.pt\/#website"},"primaryImageOfPage":{"@id":"https:\/\/portaltela.pt\/noticias\/2026\/03\/16\/comercio-ue-eua-mantem-se-firme-apesar-das-tarifas-diz-estudo\/#primaryimage"},"image":{"@id":"https:\/\/portaltela.pt\/noticias\/2026\/03\/16\/comercio-ue-eua-mantem-se-firme-apesar-das-tarifas-diz-estudo\/#primaryimage"},"thumbnailUrl":"https:\/\/portaltela.pt\/s.01k8rhncp4jt1\/2026\/03\/1536x864_cmsv2_95ed80de-c127-5443-9f54-0ac665cebc01-9687169.jpg","datePublished":"2026-03-16T19:16:58+00:00","author":{"@id":"https:\/\/portaltela.pt\/#\/schema\/person\/c4278d4a6028830caff9ee44b42d32ed"},"breadcrumb":{"@id":"https:\/\/portaltela.pt\/noticias\/2026\/03\/16\/comercio-ue-eua-mantem-se-firme-apesar-das-tarifas-diz-estudo\/#breadcrumb"},"inLanguage":"pt-PT","potentialAction":[{"@type":"ReadAction","target":["https:\/\/portaltela.pt\/noticias\/2026\/03\/16\/comercio-ue-eua-mantem-se-firme-apesar-das-tarifas-diz-estudo\/"]}]},{"@type":"ImageObject","inLanguage":"pt-PT","@id":"https:\/\/portaltela.pt\/noticias\/2026\/03\/16\/comercio-ue-eua-mantem-se-firme-apesar-das-tarifas-diz-estudo\/#primaryimage","url":"https:\/\/portaltela.pt\/s.01k8rhncp4jt1\/2026\/03\/1536x864_cmsv2_95ed80de-c127-5443-9f54-0ac665cebc01-9687169.jpg","contentUrl":"https:\/\/portaltela.pt\/s.01k8rhncp4jt1\/2026\/03\/1536x864_cmsv2_95ed80de-c127-5443-9f54-0ac665cebc01-9687169.jpg","width":796,"height":448,"caption":"Contentores s\u00e3o armazenados num terminal de carga em Frankfurt, Alemanha, segunda-feira, 23 de fevereiro de 2026."},{"@type":"BreadcrumbList","@id":"https:\/\/portaltela.pt\/noticias\/2026\/03\/16\/comercio-ue-eua-mantem-se-firme-apesar-das-tarifas-diz-estudo\/#breadcrumb","itemListElement":[{"@type":"ListItem","position":1,"name":"In\u00edcio","item":"https:\/\/portaltela.pt\/"},{"@type":"ListItem","position":2,"name":"Com\u00e9rcio UE-EUA mant\u00e9m-se firme apesar das tarifas, diz estudo"}]},{"@type":"WebSite","@id":"https:\/\/portaltela.pt\/#website","url":"https:\/\/portaltela.pt\/","name":"Portal Tela Portugal","description":"","potentialAction":[{"@type":"SearchAction","target":{"@type":"EntryPoint","urlTemplate":"https:\/\/portaltela.pt\/?s={search_term_string}"},"query-input":{"@type":"PropertyValueSpecification","valueRequired":true,"valueName":"search_term_string"}}],"inLanguage":"pt-PT"},{"@type":"Person","@id":"https:\/\/portaltela.pt\/#\/schema\/person\/c4278d4a6028830caff9ee44b42d32ed","name":"Telinha","image":{"@type":"ImageObject","inLanguage":"pt-PT","@id":"https:\/\/portaltela.pt\/s.01k8rhncp4jt1\/2025\/11\/talking-bot-125x125.png","url":"https:\/\/portaltela.pt\/s.01k8rhncp4jt1\/2025\/11\/talking-bot-125x125.png","contentUrl":"https:\/\/portaltela.pt\/s.01k8rhncp4jt1\/2025\/11\/talking-bot-125x125.png","caption":"Telinha"},"sameAs":["https:\/\/portaltela.pt\/"],"url":"https:\/\/portaltela.pt\/por\/367410592786\/"}]}},"_links":{"self":[{"href":"https:\/\/portaltela.pt\/api\/wp\/v2\/posts\/412469","targetHints":{"allow":["GET"]}}],"collection":[{"href":"https:\/\/portaltela.pt\/api\/wp\/v2\/posts"}],"about":[{"href":"https:\/\/portaltela.pt\/api\/wp\/v2\/types\/post"}],"author":[{"embeddable":true,"href":"https:\/\/portaltela.pt\/api\/wp\/v2\/users\/2"}],"replies":[{"embeddable":true,"href":"https:\/\/portaltela.pt\/api\/wp\/v2\/comments?post=412469"}],"version-history":[{"count":0,"href":"https:\/\/portaltela.pt\/api\/wp\/v2\/posts\/412469\/revisions"}],"wp:featuredmedia":[{"embeddable":true,"href":"https:\/\/portaltela.pt\/api\/wp\/v2\/media\/412478"}],"wp:attachment":[{"href":"https:\/\/portaltela.pt\/api\/wp\/v2\/media?parent=412469"}],"wp:term":[{"taxonomy":"category","embeddable":true,"href":"https:\/\/portaltela.pt\/api\/wp\/v2\/categories?post=412469"},{"taxonomy":"post_tag","embeddable":true,"href":"https:\/\/portaltela.pt\/api\/wp\/v2\/tags?post=412469"}],"curies":[{"name":"wp","href":"https:\/\/api.w.org\/{rel}","templated":true}]}}