{"id":412449,"date":"2026-03-16T15:53:00","date_gmt":"2026-03-16T18:53:00","guid":{"rendered":"https:\/\/portaltela.pt\/noticias\/2026\/03\/16\/normalidade-e-outras-fabulas\/"},"modified":"2026-03-16T15:53:00","modified_gmt":"2026-03-16T18:53:00","slug":"normalidade-e-outras-fabulas","status":"publish","type":"post","link":"https:\/\/portaltela.pt\/noticias\/2026\/03\/16\/normalidade-e-outras-fabulas\/","title":{"rendered":"Normalidade e outras f\u00e1bulas"},"content":{"rendered":"<p>O texto analisa a ideia de normalidade por meio de situa\u00e7\u00f5es cotidianas e lembran\u00e7as. Em tom contemplativo, questiona se existe uma normalidade est\u00e1vel ou apenas narrativas que criamos para interpretar a vida. A autora usa imagens e situa\u00e7\u00f5es para explorar esse conceito.<\/p>\n<p>Durante um lanche com amigos, uma casa de sub\u00farbio serve de cen\u00e1rio para contrastar apar\u00eancias e ordem com o caos poss\u00edvel. Um casal, formado em Ci\u00eancias Exatas, mant\u00e9m a vida organizada, com fam\u00edlia t\u00edpica, mas o espa\u00e7o de trabalho revela uma acumula\u00e7\u00e3o de objetos variados que desafia a ideia de normalidade.<\/p>\n<p>Eis aqui um segundo elemento: uma conversa com um amigo cujo casamento de 16 anos terminou recentemente, a 35.000 p\u00e9s, durante um voo de regresso de f\u00e9rias. A not\u00edcia \u00e9 recebida como um choque, ainda que ele tente manter um sorriso. O epis\u00f3dio ilustra o contraste entre expectativa est\u00e1vel e mudan\u00e7as s\u00fabitas.<\/p>\n<h3>Reflex\u00f5es sobre normalidade<\/h3>\n<p>Ao longo do encontro, a autora observa como o que parece normal pode esconder desordem interna ou mudan\u00e7as profundas. O casal exemplar contrasta com a turbul\u00eancia emocional de quem encara uma separa\u00e7\u00e3o, revelando que as narrativas de normalidade podem ser fr\u00e1geis.<\/p>\n<p>O texto descreve ainda a rea\u00e7\u00e3o de cada um: o amigo que anuncia a separa\u00e7\u00e3o mant\u00e9m a postura serena, inclusive ao comentar ter encontrado algu\u00e9m no Tinder, enquanto busca avan\u00e7ar na vida. A narrativa usa humor suave para retratar a gest\u00e3o de emo\u00e7\u00f5es intensas.<\/p>\n<p>A autora reflete sobre a ideia de que a normalidade pode ser uma ilus\u00e3o criada para evitar o desconforto da mudan\u00e7a. A situa\u00e7\u00e3o de avi\u00e3o e a met\u00e1fora de p\u00e1ra-quedas aparecem como imagens de prepara\u00e7\u00e3o para lidar com o inesperado.<\/p>\n<p>No conjunto, o relato sugere que o valor das f\u00e1bulas est\u00e1 na fun\u00e7\u00e3o de nos apaziguar diante de quedas e turbul\u00eancias. A busca pela &#8220;normalidade&#8221; aparece como um impulso humano, mesmo quando a realidade contradiz essa no\u00e7\u00e3o.<\/p>\n","protected":false},"excerpt":{"rendered":"<ul>\n<li>A autora questiona a normalidade, sugerindo que \u00e9 uma fal\u00e1cia e que todos, mesmo adultos, podem acreditar em f\u00e1bulas.<\/li>\n<li>Durante um lanche com amigos, entra numa casa de sub\u00farbio organizad\u00edssima, mas com um caos de objetos espalhados que contrastam com a apar\u00eancia polida dos anfitri\u00f5es.<\/li>\n<li>Um dos amigos, casado h\u00e1 dezasseis anos, termina abruptamente o casamento tr\u00eas semanas antes, durante o regresso de f\u00e9rias na Rep\u00fablica Dominicana, a trinta e cinco mil p\u00e9s de altitude.<\/li>\n<li>Outro amigo, que parece bem, comenta que conheceu algu\u00e9m no Tinder e quer seguir em frente, apresentando um sorriso confiante enquanto fala de retomar a \u201cnormalidade\u201d.<\/li>\n<li>A autora reflete sobre o poder das f\u00e1bulas, o luto pelo que ainda pode surgir no futuro e a ideia de normalidade numa vida marcada pela imprevisibilidade.<\/li>\n<\/ul>\n","protected":false},"author":2,"featured_media":412455,"comment_status":"closed","ping_status":"closed","sticky":false,"template":"","format":"standard","meta":{"footnotes":""},"categories":[1],"tags":[145,77,2894,106,2318,1196],"class_list":["post-412449","post","type-post","status-publish","format-standard","has-post-thumbnail","hentry","category-noticias","tag-cultura","tag-curiosidades","tag-filosofia","tag-literatura","tag-sociedade","tag-vida-privada"],"yoast_head":"<!-- This site is optimized with the Yoast SEO plugin v27.2 - https:\/\/yoast.com\/product\/yoast-seo-wordpress\/ -->\n<title>Normalidade e outras f\u00e1bulas - Portal Tela Portugal<\/title>\n<meta name=\"robots\" content=\"index, follow, max-snippet:-1, max-image-preview:large, max-video-preview:-1\" \/>\n<meta property=\"og:locale\" content=\"pt_PT\" \/>\n<meta property=\"og:type\" content=\"article\" \/>\n<meta property=\"og:title\" content=\"Normalidade e outras f\u00e1bulas - Portal Tela Portugal\" \/>\n<meta property=\"og:description\" content=\"A autora questiona a normalidade, sugerindo que \u00e9 uma fal\u00e1cia e que todos, mesmo adultos, podem acreditar em f\u00e1bulas. Durante um lanche com amigos, entra numa casa de sub\u00farbio organizad\u00edssima, mas com um caos de objetos espalhados que contrastam com a apar\u00eancia polida dos anfitri\u00f5es. Um dos amigos, casado h\u00e1 dezasseis anos, termina abruptamente o casamento tr\u00eas semanas antes, durante o regresso de f\u00e9rias na Rep\u00fablica Dominicana, a trinta e cinco mil p\u00e9s de altitude. Outro amigo, que parece bem, comenta que conheceu algu\u00e9m no Tinder e quer seguir em frente, apresentando um sorriso confiante enquanto fala de retomar a \u201cnormalidade\u201d. A autora reflete sobre o poder das f\u00e1bulas, o luto pelo que ainda pode surgir no futuro e a ideia de normalidade numa vida marcada pela imprevisibilidade.\" \/>\n<meta property=\"og:url\" content=\"https:\/\/portaltela.pt\/noticias\/2026\/03\/16\/normalidade-e-outras-fabulas\/\" \/>\n<meta property=\"og:site_name\" content=\"Portal Tela Portugal\" \/>\n<meta property=\"article:published_time\" content=\"2026-03-16T18:53:00+00:00\" \/>\n<meta name=\"author\" content=\"Telinha\" \/>\n<meta name=\"twitter:card\" content=\"summary_large_image\" \/>\n<meta name=\"twitter:label1\" content=\"Escrito por\" \/>\n\t<meta name=\"twitter:data1\" content=\"Telinha\" \/>\n\t<meta name=\"twitter:label2\" content=\"Tempo estimado de leitura\" \/>\n\t<meta name=\"twitter:data2\" content=\"2 minutos\" \/>\n<script type=\"application\/ld+json\" class=\"yoast-schema-graph\">{\"@context\":\"https:\/\/schema.org\",\"@graph\":[{\"@type\":\"Article\",\"@id\":\"https:\/\/portaltela.pt\/noticias\/2026\/03\/16\/normalidade-e-outras-fabulas\/#article\",\"isPartOf\":{\"@id\":\"https:\/\/portaltela.pt\/noticias\/2026\/03\/16\/normalidade-e-outras-fabulas\/\"},\"author\":{\"name\":\"Telinha\",\"@id\":\"https:\/\/portaltela.pt\/#\/schema\/person\/c4278d4a6028830caff9ee44b42d32ed\"},\"headline\":\"Normalidade e outras f\u00e1bulas\",\"datePublished\":\"2026-03-16T18:53:00+00:00\",\"mainEntityOfPage\":{\"@id\":\"https:\/\/portaltela.pt\/noticias\/2026\/03\/16\/normalidade-e-outras-fabulas\/\"},\"wordCount\":356,\"image\":{\"@id\":\"https:\/\/portaltela.pt\/noticias\/2026\/03\/16\/normalidade-e-outras-fabulas\/#primaryimage\"},\"thumbnailUrl\":\"https:\/\/portaltela.pt\/s.01k8rhncp4jt1\/2026\/03\/2074635.jpg\",\"keywords\":[\"cultura\",\"curiosidades\",\"filosofia\",\"literatura\",\"sociedade\",\"Vida Privada\"],\"articleSection\":[\"Not\u00edcias\"],\"inLanguage\":\"pt-PT\"},{\"@type\":\"WebPage\",\"@id\":\"https:\/\/portaltela.pt\/noticias\/2026\/03\/16\/normalidade-e-outras-fabulas\/\",\"url\":\"https:\/\/portaltela.pt\/noticias\/2026\/03\/16\/normalidade-e-outras-fabulas\/\",\"name\":\"Normalidade e outras f\u00e1bulas - Portal Tela Portugal\",\"isPartOf\":{\"@id\":\"https:\/\/portaltela.pt\/#website\"},\"primaryImageOfPage\":{\"@id\":\"https:\/\/portaltela.pt\/noticias\/2026\/03\/16\/normalidade-e-outras-fabulas\/#primaryimage\"},\"image\":{\"@id\":\"https:\/\/portaltela.pt\/noticias\/2026\/03\/16\/normalidade-e-outras-fabulas\/#primaryimage\"},\"thumbnailUrl\":\"https:\/\/portaltela.pt\/s.01k8rhncp4jt1\/2026\/03\/2074635.jpg\",\"datePublished\":\"2026-03-16T18:53:00+00:00\",\"author\":{\"@id\":\"https:\/\/portaltela.pt\/#\/schema\/person\/c4278d4a6028830caff9ee44b42d32ed\"},\"breadcrumb\":{\"@id\":\"https:\/\/portaltela.pt\/noticias\/2026\/03\/16\/normalidade-e-outras-fabulas\/#breadcrumb\"},\"inLanguage\":\"pt-PT\",\"potentialAction\":[{\"@type\":\"ReadAction\",\"target\":[\"https:\/\/portaltela.pt\/noticias\/2026\/03\/16\/normalidade-e-outras-fabulas\/\"]}]},{\"@type\":\"ImageObject\",\"inLanguage\":\"pt-PT\",\"@id\":\"https:\/\/portaltela.pt\/noticias\/2026\/03\/16\/normalidade-e-outras-fabulas\/#primaryimage\",\"url\":\"https:\/\/portaltela.pt\/s.01k8rhncp4jt1\/2026\/03\/2074635.jpg\",\"contentUrl\":\"https:\/\/portaltela.pt\/s.01k8rhncp4jt1\/2026\/03\/2074635.jpg\",\"width\":796,\"height\":448,\"caption\":\"S\u00f3 queria retomar a normalidade\"},{\"@type\":\"BreadcrumbList\",\"@id\":\"https:\/\/portaltela.pt\/noticias\/2026\/03\/16\/normalidade-e-outras-fabulas\/#breadcrumb\",\"itemListElement\":[{\"@type\":\"ListItem\",\"position\":1,\"name\":\"In\u00edcio\",\"item\":\"https:\/\/portaltela.pt\/\"},{\"@type\":\"ListItem\",\"position\":2,\"name\":\"Normalidade e outras f\u00e1bulas\"}]},{\"@type\":\"WebSite\",\"@id\":\"https:\/\/portaltela.pt\/#website\",\"url\":\"https:\/\/portaltela.pt\/\",\"name\":\"Portal Tela Portugal\",\"description\":\"\",\"potentialAction\":[{\"@type\":\"SearchAction\",\"target\":{\"@type\":\"EntryPoint\",\"urlTemplate\":\"https:\/\/portaltela.pt\/?s={search_term_string}\"},\"query-input\":{\"@type\":\"PropertyValueSpecification\",\"valueRequired\":true,\"valueName\":\"search_term_string\"}}],\"inLanguage\":\"pt-PT\"},{\"@type\":\"Person\",\"@id\":\"https:\/\/portaltela.pt\/#\/schema\/person\/c4278d4a6028830caff9ee44b42d32ed\",\"name\":\"Telinha\",\"image\":{\"@type\":\"ImageObject\",\"inLanguage\":\"pt-PT\",\"@id\":\"https:\/\/portaltela.pt\/s.01k8rhncp4jt1\/2025\/11\/talking-bot-125x125.png\",\"url\":\"https:\/\/portaltela.pt\/s.01k8rhncp4jt1\/2025\/11\/talking-bot-125x125.png\",\"contentUrl\":\"https:\/\/portaltela.pt\/s.01k8rhncp4jt1\/2025\/11\/talking-bot-125x125.png\",\"caption\":\"Telinha\"},\"sameAs\":[\"https:\/\/portaltela.pt\/\"],\"url\":\"https:\/\/portaltela.pt\/por\/367410592786\/\"}]}<\/script>\n<!-- \/ Yoast SEO plugin. -->","yoast_head_json":{"title":"Normalidade e outras f\u00e1bulas - Portal Tela Portugal","robots":{"index":"index","follow":"follow","max-snippet":"max-snippet:-1","max-image-preview":"max-image-preview:large","max-video-preview":"max-video-preview:-1"},"og_locale":"pt_PT","og_type":"article","og_title":"Normalidade e outras f\u00e1bulas - Portal Tela Portugal","og_description":"A autora questiona a normalidade, sugerindo que \u00e9 uma fal\u00e1cia e que todos, mesmo adultos, podem acreditar em f\u00e1bulas. Durante um lanche com amigos, entra numa casa de sub\u00farbio organizad\u00edssima, mas com um caos de objetos espalhados que contrastam com a apar\u00eancia polida dos anfitri\u00f5es. Um dos amigos, casado h\u00e1 dezasseis anos, termina abruptamente o casamento tr\u00eas semanas antes, durante o regresso de f\u00e9rias na Rep\u00fablica Dominicana, a trinta e cinco mil p\u00e9s de altitude. Outro amigo, que parece bem, comenta que conheceu algu\u00e9m no Tinder e quer seguir em frente, apresentando um sorriso confiante enquanto fala de retomar a \u201cnormalidade\u201d. A autora reflete sobre o poder das f\u00e1bulas, o luto pelo que ainda pode surgir no futuro e a ideia de normalidade numa vida marcada pela imprevisibilidade.","og_url":"https:\/\/portaltela.pt\/noticias\/2026\/03\/16\/normalidade-e-outras-fabulas\/","og_site_name":"Portal Tela Portugal","article_published_time":"2026-03-16T18:53:00+00:00","author":"Telinha","twitter_card":"summary_large_image","twitter_misc":{"Escrito por":"Telinha","Tempo estimado de leitura":"2 minutos"},"schema":{"@context":"https:\/\/schema.org","@graph":[{"@type":"Article","@id":"https:\/\/portaltela.pt\/noticias\/2026\/03\/16\/normalidade-e-outras-fabulas\/#article","isPartOf":{"@id":"https:\/\/portaltela.pt\/noticias\/2026\/03\/16\/normalidade-e-outras-fabulas\/"},"author":{"name":"Telinha","@id":"https:\/\/portaltela.pt\/#\/schema\/person\/c4278d4a6028830caff9ee44b42d32ed"},"headline":"Normalidade e outras f\u00e1bulas","datePublished":"2026-03-16T18:53:00+00:00","mainEntityOfPage":{"@id":"https:\/\/portaltela.pt\/noticias\/2026\/03\/16\/normalidade-e-outras-fabulas\/"},"wordCount":356,"image":{"@id":"https:\/\/portaltela.pt\/noticias\/2026\/03\/16\/normalidade-e-outras-fabulas\/#primaryimage"},"thumbnailUrl":"https:\/\/portaltela.pt\/s.01k8rhncp4jt1\/2026\/03\/2074635.jpg","keywords":["cultura","curiosidades","filosofia","literatura","sociedade","Vida Privada"],"articleSection":["Not\u00edcias"],"inLanguage":"pt-PT"},{"@type":"WebPage","@id":"https:\/\/portaltela.pt\/noticias\/2026\/03\/16\/normalidade-e-outras-fabulas\/","url":"https:\/\/portaltela.pt\/noticias\/2026\/03\/16\/normalidade-e-outras-fabulas\/","name":"Normalidade e outras f\u00e1bulas - Portal Tela Portugal","isPartOf":{"@id":"https:\/\/portaltela.pt\/#website"},"primaryImageOfPage":{"@id":"https:\/\/portaltela.pt\/noticias\/2026\/03\/16\/normalidade-e-outras-fabulas\/#primaryimage"},"image":{"@id":"https:\/\/portaltela.pt\/noticias\/2026\/03\/16\/normalidade-e-outras-fabulas\/#primaryimage"},"thumbnailUrl":"https:\/\/portaltela.pt\/s.01k8rhncp4jt1\/2026\/03\/2074635.jpg","datePublished":"2026-03-16T18:53:00+00:00","author":{"@id":"https:\/\/portaltela.pt\/#\/schema\/person\/c4278d4a6028830caff9ee44b42d32ed"},"breadcrumb":{"@id":"https:\/\/portaltela.pt\/noticias\/2026\/03\/16\/normalidade-e-outras-fabulas\/#breadcrumb"},"inLanguage":"pt-PT","potentialAction":[{"@type":"ReadAction","target":["https:\/\/portaltela.pt\/noticias\/2026\/03\/16\/normalidade-e-outras-fabulas\/"]}]},{"@type":"ImageObject","inLanguage":"pt-PT","@id":"https:\/\/portaltela.pt\/noticias\/2026\/03\/16\/normalidade-e-outras-fabulas\/#primaryimage","url":"https:\/\/portaltela.pt\/s.01k8rhncp4jt1\/2026\/03\/2074635.jpg","contentUrl":"https:\/\/portaltela.pt\/s.01k8rhncp4jt1\/2026\/03\/2074635.jpg","width":796,"height":448,"caption":"S\u00f3 queria retomar a normalidade"},{"@type":"BreadcrumbList","@id":"https:\/\/portaltela.pt\/noticias\/2026\/03\/16\/normalidade-e-outras-fabulas\/#breadcrumb","itemListElement":[{"@type":"ListItem","position":1,"name":"In\u00edcio","item":"https:\/\/portaltela.pt\/"},{"@type":"ListItem","position":2,"name":"Normalidade e outras f\u00e1bulas"}]},{"@type":"WebSite","@id":"https:\/\/portaltela.pt\/#website","url":"https:\/\/portaltela.pt\/","name":"Portal Tela Portugal","description":"","potentialAction":[{"@type":"SearchAction","target":{"@type":"EntryPoint","urlTemplate":"https:\/\/portaltela.pt\/?s={search_term_string}"},"query-input":{"@type":"PropertyValueSpecification","valueRequired":true,"valueName":"search_term_string"}}],"inLanguage":"pt-PT"},{"@type":"Person","@id":"https:\/\/portaltela.pt\/#\/schema\/person\/c4278d4a6028830caff9ee44b42d32ed","name":"Telinha","image":{"@type":"ImageObject","inLanguage":"pt-PT","@id":"https:\/\/portaltela.pt\/s.01k8rhncp4jt1\/2025\/11\/talking-bot-125x125.png","url":"https:\/\/portaltela.pt\/s.01k8rhncp4jt1\/2025\/11\/talking-bot-125x125.png","contentUrl":"https:\/\/portaltela.pt\/s.01k8rhncp4jt1\/2025\/11\/talking-bot-125x125.png","caption":"Telinha"},"sameAs":["https:\/\/portaltela.pt\/"],"url":"https:\/\/portaltela.pt\/por\/367410592786\/"}]}},"_links":{"self":[{"href":"https:\/\/portaltela.pt\/api\/wp\/v2\/posts\/412449","targetHints":{"allow":["GET"]}}],"collection":[{"href":"https:\/\/portaltela.pt\/api\/wp\/v2\/posts"}],"about":[{"href":"https:\/\/portaltela.pt\/api\/wp\/v2\/types\/post"}],"author":[{"embeddable":true,"href":"https:\/\/portaltela.pt\/api\/wp\/v2\/users\/2"}],"replies":[{"embeddable":true,"href":"https:\/\/portaltela.pt\/api\/wp\/v2\/comments?post=412449"}],"version-history":[{"count":0,"href":"https:\/\/portaltela.pt\/api\/wp\/v2\/posts\/412449\/revisions"}],"wp:featuredmedia":[{"embeddable":true,"href":"https:\/\/portaltela.pt\/api\/wp\/v2\/media\/412455"}],"wp:attachment":[{"href":"https:\/\/portaltela.pt\/api\/wp\/v2\/media?parent=412449"}],"wp:term":[{"taxonomy":"category","embeddable":true,"href":"https:\/\/portaltela.pt\/api\/wp\/v2\/categories?post=412449"},{"taxonomy":"post_tag","embeddable":true,"href":"https:\/\/portaltela.pt\/api\/wp\/v2\/tags?post=412449"}],"curies":[{"name":"wp","href":"https:\/\/api.w.org\/{rel}","templated":true}]}}