{"id":412440,"date":"2026-03-16T15:57:35","date_gmt":"2026-03-16T18:57:35","guid":{"rendered":"https:\/\/portaltela.pt\/noticias\/2026\/03\/16\/bayern-munique-prepara-se-para-renovar-com-promessa-portuguesa\/"},"modified":"2026-03-16T15:57:35","modified_gmt":"2026-03-16T18:57:35","slug":"bayern-munique-prepara-se-para-renovar-com-promessa-portuguesa","status":"publish","type":"post","link":"https:\/\/portaltela.pt\/desporto\/futebol\/2026\/03\/16\/bayern-munique-prepara-se-para-renovar-com-promessa-portuguesa\/","title":{"rendered":"Bayern Munique prepara-se para renovar com promessa portuguesa"},"content":{"rendered":"<p>O Bayern de Munique est\u00e1 a preparar a renova\u00e7\u00e3o contratual de David Daiber, promessa portuguesa ainda jovem, para transformar o seu potencial em carreira profissional. A informa\u00e7\u00e3o \u00e9 avan\u00e7ada pela Sky Sports alem\u00e3, que aponta para um contrato profissional a m\u00e9dio prazo num jogador que j\u00e1 soma minutos na equipa principal.<\/p>\n<p>Segundo a publica\u00e7\u00e3o, o processo de renova\u00e7\u00e3o visa assegurar o futuro do jogador de 19 anos, que atua nos sub-19 e tem evolu\u00eddo de forma regular com a equipa principal, com perspectiva de empr\u00e9stimo para ganhar experi\u00eancia a alto n\u00edvel.<\/p>\n<h3>Contrato e futuro imediato<\/h3>\n<p>Daiber tem sido op\u00e7\u00e3o regular nos sub-19 na Youth League e estreou-se pela primeira equipa do Bayern nesta temporada. O atleta nasceu no Luxemburgo e representa Portugal nas camadas jovens.<\/p>\n<p>A estreia com presen\u00e7a efetiva ocorreu a 21 de dezembro, com 18 minutos na vit\u00f3ria por 4-0 em Heidenheim, pela Bundesliga. Em 6 de mar\u00e7o, completou 9 minutos na goleada por 4-1 frente ao Borussia M&#8217;Gladbach, no Allianz Arena.<\/p>\n<h3>Progresso e contexto t\u00e9cnico<\/h3>\n<p>A renova\u00e7\u00e3o poder\u00e1 vir acompanhada de um empr\u00e9stimo para amadurecer a  compara\u00e7\u00e3o com o plantel principal. A dire\u00e7\u00e3o do Bayern tem destacado o crescimento de Daiber, que j\u00e1 soma participa\u00e7\u00e3o em jogos-chave e demonstra boa adapta\u00e7\u00e3o ao estilo competitivo do clube.<\/p>\n","protected":false},"excerpt":{"rendered":"<ul>\n<li>O Bayern Munique prepara-se para renovar contrato com David Daiber, promessa portuguesa (internacional sub-19).<\/li>\n<li>A renova\u00e7\u00e3o seria a longo prazo, com possibilidade de empr\u00e9stimo ap\u00f3s a assinatura para lhe dar mais rodagem.<\/li>\n<li>Daiber tem sido op\u00e7\u00e3o regular nos sub-19 na Youth League e estreou-se pela equipa principal nesta temporada.<\/li>\n<li>No dia 21 de dezembro segurou 18 minutos na vit\u00f3ria por 4-0 sobre o Heidenheim, na Bundesliga.<\/li>\n<li>No dia 6 de mar\u00e7o contabilizou 9 minutos na goleada por 4-1 diante do Borussia M\u2019Gladbach, no Allianz Arena.<\/li>\n<\/ul>\n","protected":false},"author":2,"featured_media":412448,"comment_status":"closed","ping_status":"closed","sticky":false,"template":"","format":"standard","meta":{"footnotes":""},"categories":[21,24],"tags":[1720,1125,2457,32,3162,1014],"class_list":["post-412440","post","type-post","status-publish","format-standard","has-post-thumbnail","hentry","category-desporto","category-futebol","tag-bayern-munique","tag-contratos","tag-emprestimos","tag-futebol","tag-luxemburgo","tag-portugal"],"yoast_head":"<!-- This site is optimized with the Yoast SEO plugin v27.2 - https:\/\/yoast.com\/product\/yoast-seo-wordpress\/ -->\n<title>Bayern Munique prepara-se para renovar com promessa portuguesa - Portal Tela Portugal<\/title>\n<meta name=\"robots\" content=\"index, follow, max-snippet:-1, max-image-preview:large, max-video-preview:-1\" \/>\n<meta property=\"og:locale\" content=\"pt_PT\" \/>\n<meta property=\"og:type\" content=\"article\" \/>\n<meta property=\"og:title\" content=\"Bayern Munique prepara-se para renovar com promessa portuguesa - Portal Tela Portugal\" \/>\n<meta property=\"og:description\" content=\"O Bayern Munique prepara-se para renovar contrato com David Daiber, promessa portuguesa (internacional sub-19). A renova\u00e7\u00e3o seria a longo prazo, com possibilidade de empr\u00e9stimo ap\u00f3s a assinatura para lhe dar mais rodagem. Daiber tem sido op\u00e7\u00e3o regular nos sub-19 na Youth League e estreou-se pela equipa principal nesta temporada. No dia 21 de dezembro segurou 18 minutos na vit\u00f3ria por 4-0 sobre o Heidenheim, na Bundesliga. No dia 6 de mar\u00e7o contabilizou 9 minutos na goleada por 4-1 diante do Borussia M\u2019Gladbach, no Allianz Arena.\" \/>\n<meta property=\"og:url\" content=\"https:\/\/portaltela.pt\/noticias\/2026\/03\/16\/bayern-munique-prepara-se-para-renovar-com-promessa-portuguesa\/\" \/>\n<meta property=\"og:site_name\" content=\"Portal Tela Portugal\" \/>\n<meta property=\"article:published_time\" content=\"2026-03-16T18:57:35+00:00\" \/>\n<meta name=\"author\" content=\"Telinha\" \/>\n<meta name=\"twitter:card\" content=\"summary_large_image\" \/>\n<meta name=\"twitter:label1\" content=\"Escrito por\" \/>\n\t<meta name=\"twitter:data1\" content=\"Telinha\" \/>\n\t<meta name=\"twitter:label2\" content=\"Tempo estimado de leitura\" \/>\n\t<meta name=\"twitter:data2\" content=\"1 minuto\" \/>\n<script type=\"application\/ld+json\" class=\"yoast-schema-graph\">{\"@context\":\"https:\/\/schema.org\",\"@graph\":[{\"@type\":\"Article\",\"@id\":\"https:\/\/portaltela.pt\/noticias\/2026\/03\/16\/bayern-munique-prepara-se-para-renovar-com-promessa-portuguesa\/#article\",\"isPartOf\":{\"@id\":\"https:\/\/portaltela.pt\/noticias\/2026\/03\/16\/bayern-munique-prepara-se-para-renovar-com-promessa-portuguesa\/\"},\"author\":{\"name\":\"Telinha\",\"@id\":\"https:\/\/portaltela.pt\/#\/schema\/person\/c4278d4a6028830caff9ee44b42d32ed\"},\"headline\":\"Bayern Munique prepara-se para renovar com promessa portuguesa\",\"datePublished\":\"2026-03-16T18:57:35+00:00\",\"mainEntityOfPage\":{\"@id\":\"https:\/\/portaltela.pt\/noticias\/2026\/03\/16\/bayern-munique-prepara-se-para-renovar-com-promessa-portuguesa\/\"},\"wordCount\":233,\"image\":{\"@id\":\"https:\/\/portaltela.pt\/noticias\/2026\/03\/16\/bayern-munique-prepara-se-para-renovar-com-promessa-portuguesa\/#primaryimage\"},\"thumbnailUrl\":\"https:\/\/portaltela.pt\/s.01k8rhncp4jt1\/2026\/03\/img_920x518uu2025-12-21-21-33-40-2410673.jpg\",\"keywords\":[\"Bayern Munique\",\"contratos\",\"empr\u00e9stimos\",\"futebol\",\"Luxemburgo\",\"Portugal\"],\"articleSection\":[\"Desporto\",\"Futebol\"],\"inLanguage\":\"pt-PT\"},{\"@type\":\"WebPage\",\"@id\":\"https:\/\/portaltela.pt\/noticias\/2026\/03\/16\/bayern-munique-prepara-se-para-renovar-com-promessa-portuguesa\/\",\"url\":\"https:\/\/portaltela.pt\/noticias\/2026\/03\/16\/bayern-munique-prepara-se-para-renovar-com-promessa-portuguesa\/\",\"name\":\"Bayern Munique prepara-se para renovar com promessa portuguesa - Portal Tela Portugal\",\"isPartOf\":{\"@id\":\"https:\/\/portaltela.pt\/#website\"},\"primaryImageOfPage\":{\"@id\":\"https:\/\/portaltela.pt\/noticias\/2026\/03\/16\/bayern-munique-prepara-se-para-renovar-com-promessa-portuguesa\/#primaryimage\"},\"image\":{\"@id\":\"https:\/\/portaltela.pt\/noticias\/2026\/03\/16\/bayern-munique-prepara-se-para-renovar-com-promessa-portuguesa\/#primaryimage\"},\"thumbnailUrl\":\"https:\/\/portaltela.pt\/s.01k8rhncp4jt1\/2026\/03\/img_920x518uu2025-12-21-21-33-40-2410673.jpg\",\"datePublished\":\"2026-03-16T18:57:35+00:00\",\"author\":{\"@id\":\"https:\/\/portaltela.pt\/#\/schema\/person\/c4278d4a6028830caff9ee44b42d32ed\"},\"breadcrumb\":{\"@id\":\"https:\/\/portaltela.pt\/noticias\/2026\/03\/16\/bayern-munique-prepara-se-para-renovar-com-promessa-portuguesa\/#breadcrumb\"},\"inLanguage\":\"pt-PT\",\"potentialAction\":[{\"@type\":\"ReadAction\",\"target\":[\"https:\/\/portaltela.pt\/noticias\/2026\/03\/16\/bayern-munique-prepara-se-para-renovar-com-promessa-portuguesa\/\"]}]},{\"@type\":\"ImageObject\",\"inLanguage\":\"pt-PT\",\"@id\":\"https:\/\/portaltela.pt\/noticias\/2026\/03\/16\/bayern-munique-prepara-se-para-renovar-com-promessa-portuguesa\/#primaryimage\",\"url\":\"https:\/\/portaltela.pt\/s.01k8rhncp4jt1\/2026\/03\/img_920x518uu2025-12-21-21-33-40-2410673.jpg\",\"contentUrl\":\"https:\/\/portaltela.pt\/s.01k8rhncp4jt1\/2026\/03\/img_920x518uu2025-12-21-21-33-40-2410673.jpg\",\"width\":796,\"height\":448,\"caption\":\"David Daiber no jogo do Bayern com o Heidenheim\"},{\"@type\":\"BreadcrumbList\",\"@id\":\"https:\/\/portaltela.pt\/noticias\/2026\/03\/16\/bayern-munique-prepara-se-para-renovar-com-promessa-portuguesa\/#breadcrumb\",\"itemListElement\":[{\"@type\":\"ListItem\",\"position\":1,\"name\":\"In\u00edcio\",\"item\":\"https:\/\/portaltela.pt\/\"},{\"@type\":\"ListItem\",\"position\":2,\"name\":\"Bayern Munique prepara-se para renovar com promessa portuguesa\"}]},{\"@type\":\"WebSite\",\"@id\":\"https:\/\/portaltela.pt\/#website\",\"url\":\"https:\/\/portaltela.pt\/\",\"name\":\"Portal Tela Portugal\",\"description\":\"\",\"potentialAction\":[{\"@type\":\"SearchAction\",\"target\":{\"@type\":\"EntryPoint\",\"urlTemplate\":\"https:\/\/portaltela.pt\/?s={search_term_string}\"},\"query-input\":{\"@type\":\"PropertyValueSpecification\",\"valueRequired\":true,\"valueName\":\"search_term_string\"}}],\"inLanguage\":\"pt-PT\"},{\"@type\":\"Person\",\"@id\":\"https:\/\/portaltela.pt\/#\/schema\/person\/c4278d4a6028830caff9ee44b42d32ed\",\"name\":\"Telinha\",\"image\":{\"@type\":\"ImageObject\",\"inLanguage\":\"pt-PT\",\"@id\":\"https:\/\/portaltela.pt\/s.01k8rhncp4jt1\/2025\/11\/talking-bot-125x125.png\",\"url\":\"https:\/\/portaltela.pt\/s.01k8rhncp4jt1\/2025\/11\/talking-bot-125x125.png\",\"contentUrl\":\"https:\/\/portaltela.pt\/s.01k8rhncp4jt1\/2025\/11\/talking-bot-125x125.png\",\"caption\":\"Telinha\"},\"sameAs\":[\"https:\/\/portaltela.pt\/\"],\"url\":\"https:\/\/portaltela.pt\/por\/367410592786\/\"}]}<\/script>\n<!-- \/ Yoast SEO plugin. -->","yoast_head_json":{"title":"Bayern Munique prepara-se para renovar com promessa portuguesa - Portal Tela Portugal","robots":{"index":"index","follow":"follow","max-snippet":"max-snippet:-1","max-image-preview":"max-image-preview:large","max-video-preview":"max-video-preview:-1"},"og_locale":"pt_PT","og_type":"article","og_title":"Bayern Munique prepara-se para renovar com promessa portuguesa - Portal Tela Portugal","og_description":"O Bayern Munique prepara-se para renovar contrato com David Daiber, promessa portuguesa (internacional sub-19). A renova\u00e7\u00e3o seria a longo prazo, com possibilidade de empr\u00e9stimo ap\u00f3s a assinatura para lhe dar mais rodagem. Daiber tem sido op\u00e7\u00e3o regular nos sub-19 na Youth League e estreou-se pela equipa principal nesta temporada. No dia 21 de dezembro segurou 18 minutos na vit\u00f3ria por 4-0 sobre o Heidenheim, na Bundesliga. No dia 6 de mar\u00e7o contabilizou 9 minutos na goleada por 4-1 diante do Borussia M\u2019Gladbach, no Allianz Arena.","og_url":"https:\/\/portaltela.pt\/noticias\/2026\/03\/16\/bayern-munique-prepara-se-para-renovar-com-promessa-portuguesa\/","og_site_name":"Portal Tela Portugal","article_published_time":"2026-03-16T18:57:35+00:00","author":"Telinha","twitter_card":"summary_large_image","twitter_misc":{"Escrito por":"Telinha","Tempo estimado de leitura":"1 minuto"},"schema":{"@context":"https:\/\/schema.org","@graph":[{"@type":"Article","@id":"https:\/\/portaltela.pt\/noticias\/2026\/03\/16\/bayern-munique-prepara-se-para-renovar-com-promessa-portuguesa\/#article","isPartOf":{"@id":"https:\/\/portaltela.pt\/noticias\/2026\/03\/16\/bayern-munique-prepara-se-para-renovar-com-promessa-portuguesa\/"},"author":{"name":"Telinha","@id":"https:\/\/portaltela.pt\/#\/schema\/person\/c4278d4a6028830caff9ee44b42d32ed"},"headline":"Bayern Munique prepara-se para renovar com promessa portuguesa","datePublished":"2026-03-16T18:57:35+00:00","mainEntityOfPage":{"@id":"https:\/\/portaltela.pt\/noticias\/2026\/03\/16\/bayern-munique-prepara-se-para-renovar-com-promessa-portuguesa\/"},"wordCount":233,"image":{"@id":"https:\/\/portaltela.pt\/noticias\/2026\/03\/16\/bayern-munique-prepara-se-para-renovar-com-promessa-portuguesa\/#primaryimage"},"thumbnailUrl":"https:\/\/portaltela.pt\/s.01k8rhncp4jt1\/2026\/03\/img_920x518uu2025-12-21-21-33-40-2410673.jpg","keywords":["Bayern Munique","contratos","empr\u00e9stimos","futebol","Luxemburgo","Portugal"],"articleSection":["Desporto","Futebol"],"inLanguage":"pt-PT"},{"@type":"WebPage","@id":"https:\/\/portaltela.pt\/noticias\/2026\/03\/16\/bayern-munique-prepara-se-para-renovar-com-promessa-portuguesa\/","url":"https:\/\/portaltela.pt\/noticias\/2026\/03\/16\/bayern-munique-prepara-se-para-renovar-com-promessa-portuguesa\/","name":"Bayern Munique prepara-se para renovar com promessa portuguesa - Portal Tela Portugal","isPartOf":{"@id":"https:\/\/portaltela.pt\/#website"},"primaryImageOfPage":{"@id":"https:\/\/portaltela.pt\/noticias\/2026\/03\/16\/bayern-munique-prepara-se-para-renovar-com-promessa-portuguesa\/#primaryimage"},"image":{"@id":"https:\/\/portaltela.pt\/noticias\/2026\/03\/16\/bayern-munique-prepara-se-para-renovar-com-promessa-portuguesa\/#primaryimage"},"thumbnailUrl":"https:\/\/portaltela.pt\/s.01k8rhncp4jt1\/2026\/03\/img_920x518uu2025-12-21-21-33-40-2410673.jpg","datePublished":"2026-03-16T18:57:35+00:00","author":{"@id":"https:\/\/portaltela.pt\/#\/schema\/person\/c4278d4a6028830caff9ee44b42d32ed"},"breadcrumb":{"@id":"https:\/\/portaltela.pt\/noticias\/2026\/03\/16\/bayern-munique-prepara-se-para-renovar-com-promessa-portuguesa\/#breadcrumb"},"inLanguage":"pt-PT","potentialAction":[{"@type":"ReadAction","target":["https:\/\/portaltela.pt\/noticias\/2026\/03\/16\/bayern-munique-prepara-se-para-renovar-com-promessa-portuguesa\/"]}]},{"@type":"ImageObject","inLanguage":"pt-PT","@id":"https:\/\/portaltela.pt\/noticias\/2026\/03\/16\/bayern-munique-prepara-se-para-renovar-com-promessa-portuguesa\/#primaryimage","url":"https:\/\/portaltela.pt\/s.01k8rhncp4jt1\/2026\/03\/img_920x518uu2025-12-21-21-33-40-2410673.jpg","contentUrl":"https:\/\/portaltela.pt\/s.01k8rhncp4jt1\/2026\/03\/img_920x518uu2025-12-21-21-33-40-2410673.jpg","width":796,"height":448,"caption":"David Daiber no jogo do Bayern com o Heidenheim"},{"@type":"BreadcrumbList","@id":"https:\/\/portaltela.pt\/noticias\/2026\/03\/16\/bayern-munique-prepara-se-para-renovar-com-promessa-portuguesa\/#breadcrumb","itemListElement":[{"@type":"ListItem","position":1,"name":"In\u00edcio","item":"https:\/\/portaltela.pt\/"},{"@type":"ListItem","position":2,"name":"Bayern Munique prepara-se para renovar com promessa portuguesa"}]},{"@type":"WebSite","@id":"https:\/\/portaltela.pt\/#website","url":"https:\/\/portaltela.pt\/","name":"Portal Tela Portugal","description":"","potentialAction":[{"@type":"SearchAction","target":{"@type":"EntryPoint","urlTemplate":"https:\/\/portaltela.pt\/?s={search_term_string}"},"query-input":{"@type":"PropertyValueSpecification","valueRequired":true,"valueName":"search_term_string"}}],"inLanguage":"pt-PT"},{"@type":"Person","@id":"https:\/\/portaltela.pt\/#\/schema\/person\/c4278d4a6028830caff9ee44b42d32ed","name":"Telinha","image":{"@type":"ImageObject","inLanguage":"pt-PT","@id":"https:\/\/portaltela.pt\/s.01k8rhncp4jt1\/2025\/11\/talking-bot-125x125.png","url":"https:\/\/portaltela.pt\/s.01k8rhncp4jt1\/2025\/11\/talking-bot-125x125.png","contentUrl":"https:\/\/portaltela.pt\/s.01k8rhncp4jt1\/2025\/11\/talking-bot-125x125.png","caption":"Telinha"},"sameAs":["https:\/\/portaltela.pt\/"],"url":"https:\/\/portaltela.pt\/por\/367410592786\/"}]}},"_links":{"self":[{"href":"https:\/\/portaltela.pt\/api\/wp\/v2\/posts\/412440","targetHints":{"allow":["GET"]}}],"collection":[{"href":"https:\/\/portaltela.pt\/api\/wp\/v2\/posts"}],"about":[{"href":"https:\/\/portaltela.pt\/api\/wp\/v2\/types\/post"}],"author":[{"embeddable":true,"href":"https:\/\/portaltela.pt\/api\/wp\/v2\/users\/2"}],"replies":[{"embeddable":true,"href":"https:\/\/portaltela.pt\/api\/wp\/v2\/comments?post=412440"}],"version-history":[{"count":0,"href":"https:\/\/portaltela.pt\/api\/wp\/v2\/posts\/412440\/revisions"}],"wp:featuredmedia":[{"embeddable":true,"href":"https:\/\/portaltela.pt\/api\/wp\/v2\/media\/412448"}],"wp:attachment":[{"href":"https:\/\/portaltela.pt\/api\/wp\/v2\/media?parent=412440"}],"wp:term":[{"taxonomy":"category","embeddable":true,"href":"https:\/\/portaltela.pt\/api\/wp\/v2\/categories?post=412440"},{"taxonomy":"post_tag","embeddable":true,"href":"https:\/\/portaltela.pt\/api\/wp\/v2\/tags?post=412440"}],"curies":[{"name":"wp","href":"https:\/\/api.w.org\/{rel}","templated":true}]}}