{"id":412439,"date":"2026-03-16T15:59:37","date_gmt":"2026-03-16T18:59:37","guid":{"rendered":"https:\/\/portaltela.pt\/noticias\/2026\/03\/16\/tottenham-pretende-continuar-a-potenciar-callum-olusesi\/"},"modified":"2026-03-16T15:59:37","modified_gmt":"2026-03-16T18:59:37","slug":"tottenham-pretende-continuar-a-potenciar-callum-olusesi","status":"publish","type":"post","link":"https:\/\/portaltela.pt\/desporto\/futebol\/2026\/03\/16\/tottenham-pretende-continuar-a-potenciar-callum-olusesi\/","title":{"rendered":"Tottenham pretende continuar a potenciar Callum Olusesi"},"content":{"rendered":"<p>O Tottenham pretende continuar a potenciar Callum Olusesi, promessa da forma\u00e7\u00e3o londrina. O jovem m\u00e9dio tem 19 anos e j\u00e1 come\u00e7ou a mostrar o seu talento na equipa principal.<\/p>\n<p>Olusesi estreou-se na Premier League num empate a 1-1 frente ao Liverpool, marcando o in\u00edcio de uma carreira que surge com grande potencial. O Clube da capital brit\u00e2nica destaca o desempenho do jogador nas primeiras oportunidades.<\/p>\n<p>A not\u00edcia surge numa altura em que surgiu uma tentativa de resgate por parte do Torino, no mercado de janeiro, segundo informa\u00e7\u00f5es dispon\u00edveis. O Tottenham mant\u00e9m o foco na evolu\u00e7\u00e3o do atleta, com a inten\u00e7\u00e3o de que ele se torne decisivo para o plantel.<\/p>\n<p>Dentro da estrat\u00e9gia do clube, a aposta \u00e9 continuar a desenvolver Olusesi com minutos relevantes e progress\u00e3o gradual. O objetivo \u00e9 consolidar a adapta\u00e7\u00e3o do jovem ao n\u00edvel superior e \u00e0 liga inglesa.<\/p>\n<p>Em comunicado informal, o Tottenham n\u00e3o detalha prazos, mas refor\u00e7a a confian\u00e7a no talento que j\u00e1 demonstrou. A dire\u00e7\u00e3o do clube aponta para uma janela de progress\u00e3o sustentada, em conson\u00e2ncia com o seu modelo de forma\u00e7\u00e3o.<\/p>\n","protected":false},"excerpt":{"rendered":"<ul>\n<li>O Tottenham quer continuar a potenciar Callum Olusesi, m\u00e9dio ingl\u00eas de 19 anos.<\/li>\n<li>Olusesi estreou-se na Premier League no empate a 1-1 com o Liverpool.<\/li>\n<li>O Torino tentou resgatar o jogador no mercado de janeiro, conforme o Tottenham.<\/li>\n<li>O clube londrino pretende desenvolver o jogador, acreditando que pode tornar-se numa pe\u00e7a decisiva da equipa.<\/li>\n<li>O foco est\u00e1 no refor\u00e7ar o papel da academia e no futuro desdobramento do jovem no plantel principal.<\/li>\n<\/ul>\n","protected":false},"author":2,"featured_media":412444,"comment_status":"closed","ping_status":"closed","sticky":false,"template":"","format":"standard","meta":{"footnotes":""},"categories":[21,24],"tags":[1290,32,2844,3369,5653],"class_list":["post-412439","post","type-post","status-publish","format-standard","has-post-thumbnail","hentry","category-desporto","category-futebol","tag-formacao","tag-futebol","tag-jovens","tag-premier-league","tag-promessas"],"yoast_head":"<!-- This site is optimized with the Yoast SEO plugin v27.2 - https:\/\/yoast.com\/product\/yoast-seo-wordpress\/ -->\n<title>Tottenham pretende continuar a potenciar Callum Olusesi - Portal Tela Portugal<\/title>\n<meta name=\"robots\" content=\"index, follow, max-snippet:-1, max-image-preview:large, max-video-preview:-1\" \/>\n<meta property=\"og:locale\" content=\"pt_PT\" \/>\n<meta property=\"og:type\" content=\"article\" \/>\n<meta property=\"og:title\" content=\"Tottenham pretende continuar a potenciar Callum Olusesi - Portal Tela Portugal\" \/>\n<meta property=\"og:description\" content=\"O Tottenham quer continuar a potenciar Callum Olusesi, m\u00e9dio ingl\u00eas de 19 anos. Olusesi estreou-se na Premier League no empate a 1-1 com o Liverpool. O Torino tentou resgatar o jogador no mercado de janeiro, conforme o Tottenham. O clube londrino pretende desenvolver o jogador, acreditando que pode tornar-se numa pe\u00e7a decisiva da equipa. O foco est\u00e1 no refor\u00e7ar o papel da academia e no futuro desdobramento do jovem no plantel principal.\" \/>\n<meta property=\"og:url\" content=\"https:\/\/portaltela.pt\/noticias\/2026\/03\/16\/tottenham-pretende-continuar-a-potenciar-callum-olusesi\/\" \/>\n<meta property=\"og:site_name\" content=\"Portal Tela Portugal\" \/>\n<meta property=\"article:published_time\" content=\"2026-03-16T18:59:37+00:00\" \/>\n<meta name=\"author\" content=\"Telinha\" \/>\n<meta name=\"twitter:card\" content=\"summary_large_image\" \/>\n<meta name=\"twitter:label1\" content=\"Escrito por\" \/>\n\t<meta name=\"twitter:data1\" content=\"Telinha\" \/>\n\t<meta name=\"twitter:label2\" content=\"Tempo estimado de leitura\" \/>\n\t<meta name=\"twitter:data2\" content=\"1 minuto\" \/>\n<script type=\"application\/ld+json\" class=\"yoast-schema-graph\">{\"@context\":\"https:\/\/schema.org\",\"@graph\":[{\"@type\":\"Article\",\"@id\":\"https:\/\/portaltela.pt\/noticias\/2026\/03\/16\/tottenham-pretende-continuar-a-potenciar-callum-olusesi\/#article\",\"isPartOf\":{\"@id\":\"https:\/\/portaltela.pt\/noticias\/2026\/03\/16\/tottenham-pretende-continuar-a-potenciar-callum-olusesi\/\"},\"author\":{\"name\":\"Telinha\",\"@id\":\"https:\/\/portaltela.pt\/#\/schema\/person\/c4278d4a6028830caff9ee44b42d32ed\"},\"headline\":\"Tottenham pretende continuar a potenciar Callum Olusesi\",\"datePublished\":\"2026-03-16T18:59:37+00:00\",\"mainEntityOfPage\":{\"@id\":\"https:\/\/portaltela.pt\/noticias\/2026\/03\/16\/tottenham-pretende-continuar-a-potenciar-callum-olusesi\/\"},\"wordCount\":203,\"image\":{\"@id\":\"https:\/\/portaltela.pt\/noticias\/2026\/03\/16\/tottenham-pretende-continuar-a-potenciar-callum-olusesi\/#primaryimage\"},\"thumbnailUrl\":\"https:\/\/portaltela.pt\/s.01k8rhncp4jt1\/2026\/03\/img_920x518uu2026-03-16-18-59-20-2427450.jpg\",\"keywords\":[\"forma\u00e7\u00e3o\",\"futebol\",\"jovens\",\"Premier League\",\"promessas\"],\"articleSection\":[\"Desporto\",\"Futebol\"],\"inLanguage\":\"pt-PT\"},{\"@type\":\"WebPage\",\"@id\":\"https:\/\/portaltela.pt\/noticias\/2026\/03\/16\/tottenham-pretende-continuar-a-potenciar-callum-olusesi\/\",\"url\":\"https:\/\/portaltela.pt\/noticias\/2026\/03\/16\/tottenham-pretende-continuar-a-potenciar-callum-olusesi\/\",\"name\":\"Tottenham pretende continuar a potenciar Callum Olusesi - Portal Tela Portugal\",\"isPartOf\":{\"@id\":\"https:\/\/portaltela.pt\/#website\"},\"primaryImageOfPage\":{\"@id\":\"https:\/\/portaltela.pt\/noticias\/2026\/03\/16\/tottenham-pretende-continuar-a-potenciar-callum-olusesi\/#primaryimage\"},\"image\":{\"@id\":\"https:\/\/portaltela.pt\/noticias\/2026\/03\/16\/tottenham-pretende-continuar-a-potenciar-callum-olusesi\/#primaryimage\"},\"thumbnailUrl\":\"https:\/\/portaltela.pt\/s.01k8rhncp4jt1\/2026\/03\/img_920x518uu2026-03-16-18-59-20-2427450.jpg\",\"datePublished\":\"2026-03-16T18:59:37+00:00\",\"author\":{\"@id\":\"https:\/\/portaltela.pt\/#\/schema\/person\/c4278d4a6028830caff9ee44b42d32ed\"},\"breadcrumb\":{\"@id\":\"https:\/\/portaltela.pt\/noticias\/2026\/03\/16\/tottenham-pretende-continuar-a-potenciar-callum-olusesi\/#breadcrumb\"},\"inLanguage\":\"pt-PT\",\"potentialAction\":[{\"@type\":\"ReadAction\",\"target\":[\"https:\/\/portaltela.pt\/noticias\/2026\/03\/16\/tottenham-pretende-continuar-a-potenciar-callum-olusesi\/\"]}]},{\"@type\":\"ImageObject\",\"inLanguage\":\"pt-PT\",\"@id\":\"https:\/\/portaltela.pt\/noticias\/2026\/03\/16\/tottenham-pretende-continuar-a-potenciar-callum-olusesi\/#primaryimage\",\"url\":\"https:\/\/portaltela.pt\/s.01k8rhncp4jt1\/2026\/03\/img_920x518uu2026-03-16-18-59-20-2427450.jpg\",\"contentUrl\":\"https:\/\/portaltela.pt\/s.01k8rhncp4jt1\/2026\/03\/img_920x518uu2026-03-16-18-59-20-2427450.jpg\",\"width\":796,\"height\":448,\"caption\":\"Tottenham quer continuar a potenciar Callum Olusesi\"},{\"@type\":\"BreadcrumbList\",\"@id\":\"https:\/\/portaltela.pt\/noticias\/2026\/03\/16\/tottenham-pretende-continuar-a-potenciar-callum-olusesi\/#breadcrumb\",\"itemListElement\":[{\"@type\":\"ListItem\",\"position\":1,\"name\":\"In\u00edcio\",\"item\":\"https:\/\/portaltela.pt\/\"},{\"@type\":\"ListItem\",\"position\":2,\"name\":\"Tottenham pretende continuar a potenciar Callum Olusesi\"}]},{\"@type\":\"WebSite\",\"@id\":\"https:\/\/portaltela.pt\/#website\",\"url\":\"https:\/\/portaltela.pt\/\",\"name\":\"Portal Tela Portugal\",\"description\":\"\",\"potentialAction\":[{\"@type\":\"SearchAction\",\"target\":{\"@type\":\"EntryPoint\",\"urlTemplate\":\"https:\/\/portaltela.pt\/?s={search_term_string}\"},\"query-input\":{\"@type\":\"PropertyValueSpecification\",\"valueRequired\":true,\"valueName\":\"search_term_string\"}}],\"inLanguage\":\"pt-PT\"},{\"@type\":\"Person\",\"@id\":\"https:\/\/portaltela.pt\/#\/schema\/person\/c4278d4a6028830caff9ee44b42d32ed\",\"name\":\"Telinha\",\"image\":{\"@type\":\"ImageObject\",\"inLanguage\":\"pt-PT\",\"@id\":\"https:\/\/portaltela.pt\/s.01k8rhncp4jt1\/2025\/11\/talking-bot-125x125.png\",\"url\":\"https:\/\/portaltela.pt\/s.01k8rhncp4jt1\/2025\/11\/talking-bot-125x125.png\",\"contentUrl\":\"https:\/\/portaltela.pt\/s.01k8rhncp4jt1\/2025\/11\/talking-bot-125x125.png\",\"caption\":\"Telinha\"},\"sameAs\":[\"https:\/\/portaltela.pt\/\"],\"url\":\"https:\/\/portaltela.pt\/por\/367410592786\/\"}]}<\/script>\n<!-- \/ Yoast SEO plugin. -->","yoast_head_json":{"title":"Tottenham pretende continuar a potenciar Callum Olusesi - Portal Tela Portugal","robots":{"index":"index","follow":"follow","max-snippet":"max-snippet:-1","max-image-preview":"max-image-preview:large","max-video-preview":"max-video-preview:-1"},"og_locale":"pt_PT","og_type":"article","og_title":"Tottenham pretende continuar a potenciar Callum Olusesi - Portal Tela Portugal","og_description":"O Tottenham quer continuar a potenciar Callum Olusesi, m\u00e9dio ingl\u00eas de 19 anos. Olusesi estreou-se na Premier League no empate a 1-1 com o Liverpool. O Torino tentou resgatar o jogador no mercado de janeiro, conforme o Tottenham. O clube londrino pretende desenvolver o jogador, acreditando que pode tornar-se numa pe\u00e7a decisiva da equipa. O foco est\u00e1 no refor\u00e7ar o papel da academia e no futuro desdobramento do jovem no plantel principal.","og_url":"https:\/\/portaltela.pt\/noticias\/2026\/03\/16\/tottenham-pretende-continuar-a-potenciar-callum-olusesi\/","og_site_name":"Portal Tela Portugal","article_published_time":"2026-03-16T18:59:37+00:00","author":"Telinha","twitter_card":"summary_large_image","twitter_misc":{"Escrito por":"Telinha","Tempo estimado de leitura":"1 minuto"},"schema":{"@context":"https:\/\/schema.org","@graph":[{"@type":"Article","@id":"https:\/\/portaltela.pt\/noticias\/2026\/03\/16\/tottenham-pretende-continuar-a-potenciar-callum-olusesi\/#article","isPartOf":{"@id":"https:\/\/portaltela.pt\/noticias\/2026\/03\/16\/tottenham-pretende-continuar-a-potenciar-callum-olusesi\/"},"author":{"name":"Telinha","@id":"https:\/\/portaltela.pt\/#\/schema\/person\/c4278d4a6028830caff9ee44b42d32ed"},"headline":"Tottenham pretende continuar a potenciar Callum Olusesi","datePublished":"2026-03-16T18:59:37+00:00","mainEntityOfPage":{"@id":"https:\/\/portaltela.pt\/noticias\/2026\/03\/16\/tottenham-pretende-continuar-a-potenciar-callum-olusesi\/"},"wordCount":203,"image":{"@id":"https:\/\/portaltela.pt\/noticias\/2026\/03\/16\/tottenham-pretende-continuar-a-potenciar-callum-olusesi\/#primaryimage"},"thumbnailUrl":"https:\/\/portaltela.pt\/s.01k8rhncp4jt1\/2026\/03\/img_920x518uu2026-03-16-18-59-20-2427450.jpg","keywords":["forma\u00e7\u00e3o","futebol","jovens","Premier League","promessas"],"articleSection":["Desporto","Futebol"],"inLanguage":"pt-PT"},{"@type":"WebPage","@id":"https:\/\/portaltela.pt\/noticias\/2026\/03\/16\/tottenham-pretende-continuar-a-potenciar-callum-olusesi\/","url":"https:\/\/portaltela.pt\/noticias\/2026\/03\/16\/tottenham-pretende-continuar-a-potenciar-callum-olusesi\/","name":"Tottenham pretende continuar a potenciar Callum Olusesi - Portal Tela Portugal","isPartOf":{"@id":"https:\/\/portaltela.pt\/#website"},"primaryImageOfPage":{"@id":"https:\/\/portaltela.pt\/noticias\/2026\/03\/16\/tottenham-pretende-continuar-a-potenciar-callum-olusesi\/#primaryimage"},"image":{"@id":"https:\/\/portaltela.pt\/noticias\/2026\/03\/16\/tottenham-pretende-continuar-a-potenciar-callum-olusesi\/#primaryimage"},"thumbnailUrl":"https:\/\/portaltela.pt\/s.01k8rhncp4jt1\/2026\/03\/img_920x518uu2026-03-16-18-59-20-2427450.jpg","datePublished":"2026-03-16T18:59:37+00:00","author":{"@id":"https:\/\/portaltela.pt\/#\/schema\/person\/c4278d4a6028830caff9ee44b42d32ed"},"breadcrumb":{"@id":"https:\/\/portaltela.pt\/noticias\/2026\/03\/16\/tottenham-pretende-continuar-a-potenciar-callum-olusesi\/#breadcrumb"},"inLanguage":"pt-PT","potentialAction":[{"@type":"ReadAction","target":["https:\/\/portaltela.pt\/noticias\/2026\/03\/16\/tottenham-pretende-continuar-a-potenciar-callum-olusesi\/"]}]},{"@type":"ImageObject","inLanguage":"pt-PT","@id":"https:\/\/portaltela.pt\/noticias\/2026\/03\/16\/tottenham-pretende-continuar-a-potenciar-callum-olusesi\/#primaryimage","url":"https:\/\/portaltela.pt\/s.01k8rhncp4jt1\/2026\/03\/img_920x518uu2026-03-16-18-59-20-2427450.jpg","contentUrl":"https:\/\/portaltela.pt\/s.01k8rhncp4jt1\/2026\/03\/img_920x518uu2026-03-16-18-59-20-2427450.jpg","width":796,"height":448,"caption":"Tottenham quer continuar a potenciar Callum Olusesi"},{"@type":"BreadcrumbList","@id":"https:\/\/portaltela.pt\/noticias\/2026\/03\/16\/tottenham-pretende-continuar-a-potenciar-callum-olusesi\/#breadcrumb","itemListElement":[{"@type":"ListItem","position":1,"name":"In\u00edcio","item":"https:\/\/portaltela.pt\/"},{"@type":"ListItem","position":2,"name":"Tottenham pretende continuar a potenciar Callum Olusesi"}]},{"@type":"WebSite","@id":"https:\/\/portaltela.pt\/#website","url":"https:\/\/portaltela.pt\/","name":"Portal Tela Portugal","description":"","potentialAction":[{"@type":"SearchAction","target":{"@type":"EntryPoint","urlTemplate":"https:\/\/portaltela.pt\/?s={search_term_string}"},"query-input":{"@type":"PropertyValueSpecification","valueRequired":true,"valueName":"search_term_string"}}],"inLanguage":"pt-PT"},{"@type":"Person","@id":"https:\/\/portaltela.pt\/#\/schema\/person\/c4278d4a6028830caff9ee44b42d32ed","name":"Telinha","image":{"@type":"ImageObject","inLanguage":"pt-PT","@id":"https:\/\/portaltela.pt\/s.01k8rhncp4jt1\/2025\/11\/talking-bot-125x125.png","url":"https:\/\/portaltela.pt\/s.01k8rhncp4jt1\/2025\/11\/talking-bot-125x125.png","contentUrl":"https:\/\/portaltela.pt\/s.01k8rhncp4jt1\/2025\/11\/talking-bot-125x125.png","caption":"Telinha"},"sameAs":["https:\/\/portaltela.pt\/"],"url":"https:\/\/portaltela.pt\/por\/367410592786\/"}]}},"_links":{"self":[{"href":"https:\/\/portaltela.pt\/api\/wp\/v2\/posts\/412439","targetHints":{"allow":["GET"]}}],"collection":[{"href":"https:\/\/portaltela.pt\/api\/wp\/v2\/posts"}],"about":[{"href":"https:\/\/portaltela.pt\/api\/wp\/v2\/types\/post"}],"author":[{"embeddable":true,"href":"https:\/\/portaltela.pt\/api\/wp\/v2\/users\/2"}],"replies":[{"embeddable":true,"href":"https:\/\/portaltela.pt\/api\/wp\/v2\/comments?post=412439"}],"version-history":[{"count":0,"href":"https:\/\/portaltela.pt\/api\/wp\/v2\/posts\/412439\/revisions"}],"wp:featuredmedia":[{"embeddable":true,"href":"https:\/\/portaltela.pt\/api\/wp\/v2\/media\/412444"}],"wp:attachment":[{"href":"https:\/\/portaltela.pt\/api\/wp\/v2\/media?parent=412439"}],"wp:term":[{"taxonomy":"category","embeddable":true,"href":"https:\/\/portaltela.pt\/api\/wp\/v2\/categories?post=412439"},{"taxonomy":"post_tag","embeddable":true,"href":"https:\/\/portaltela.pt\/api\/wp\/v2\/tags?post=412439"}],"curies":[{"name":"wp","href":"https:\/\/api.w.org\/{rel}","templated":true}]}}